{"id":9686,"date":"2025-11-28T00:00:48","date_gmt":"2025-11-28T08:00:48","guid":{"rendered":"https:\/\/boswindor.com\/?p=9686"},"modified":"2026-01-13T06:22:37","modified_gmt":"2026-01-13T14:22:37","slug":"clerestory-window-meaning-benefits-styles-costs-project-ideas","status":"publish","type":"post","link":"https:\/\/boswindor.com\/hu\/clerestory-window-meaning-benefits-styles-costs-project-ideas\/","title":{"rendered":"Clerestory ablak: Jelent\u00e9s, el\u0151ny\u00f6k, st\u00edlusok, k\u00f6lts\u00e9gek \u00e9s projekt\u00f6tletek"},"content":{"rendered":"<h2 class=\"wp-block-heading\">Mi az a Clerestory ablak?<\/h2>\n\n\n\n<figure class=\"wp-block-image size-full\"><img fetchpriority=\"high\" decoding=\"async\" width=\"920\" height=\"502\" src=\"https:\/\/boswindor.com\/wp-content\/uploads\/2025\/01\/Custom-Shape-Clerestory-Windows.jpg\" alt=\"\" class=\"wp-image-1556\" srcset=\"https:\/\/boswindor.com\/wp-content\/uploads\/2025\/01\/Custom-Shape-Clerestory-Windows.jpg 920w, https:\/\/boswindor.com\/wp-content\/uploads\/2025\/01\/Custom-Shape-Clerestory-Windows-300x164.jpg 300w, https:\/\/boswindor.com\/wp-content\/uploads\/2025\/01\/Custom-Shape-Clerestory-Windows-768x419.jpg 768w, https:\/\/boswindor.com\/wp-content\/uploads\/2025\/01\/Custom-Shape-Clerestory-Windows-18x10.jpg 18w\" sizes=\"(max-width: 920px) 100vw, 920px\" \/><figcaption class=\"wp-element-caption\">Clerestory ablak<\/figcaption><\/figure>\n\n\n\n<p>A kl\u00edringablak (ejtsd: clear-story) egy f\u00fcgg\u0151leges ablak, amely magasan a falon helyezkedik el, \u00e1ltal\u00e1ban szemmagass\u00e1g felett \u00e9s a tet\u0151vonal k\u00f6zel\u00e9ben. A kil\u00e1t\u00e1st ny\u00fajt\u00f3 hagyom\u00e1nyos ablakokkal ellent\u00e9tben a kl\u00edringablak els\u0151dleges c\u00e9lja a k\u00f6rnyezeti term\u00e9szetes f\u00e9ny beenged\u00e9se, \u00e9s bizonyos esetekben a szell\u0151z\u00e9s biztos\u00edt\u00e1sa a mag\u00e1n\u00e9let vesz\u00e9lyeztet\u00e9se n\u00e9lk\u00fcl.<\/p>\n\n\n\n<p>T\u00f6rt\u00e9nelmileg ezek az ablakok alapvet\u0151 \u00e9p\u00edt\u00e9szeti elemek voltak az \u00f3kori egyiptomi templomokban \u00e9s a magas g\u00f3tikus templomokban, amelyeket a hatalmas bels\u0151 terek megvil\u00e1g\u00edt\u00e1s\u00e1ra haszn\u00e1ltak. Ma a modern lak\u00f3- \u00e9s kereskedelmi \u00e9p\u00edt\u00e9szet alapvet\u0151 elemei, \u00e9s h\u00edresek arr\u00f3l, hogy k\u00e9pesek \u00e1talak\u00edtani egy szoba hangulat\u00e1t \u00e9s energiahat\u00e9konys\u00e1g\u00e1t.<\/p>\n\n\n\n<p>At <a href=\"https:\/\/boswindor.com\/hu\/\">Boswindor<\/a>T\u00f6bb mint 25 \u00e9ves ablakgy\u00e1rt\u00e1si tapasztalattal rendelkez\u00fcnk, \u00e9s a kl\u00edm\u00e1s ablakokat az \u00e9p\u00edt\u00e9szeti sz\u00e9ps\u00e9g \u00e9s a praktikus funkci\u00f3 egyens\u00faly\u00e1nak egyik leghat\u00e9konyabb m\u00f3dj\u00e1nak tekintj\u00fck.<\/p>\n\n\n\n<h2 class=\"wp-block-heading\">A Clerestory Windows el\u0151nyei<\/h2>\n\n\n\n<p>Mi\u00e9rt v\u00e1lasszunk olyan ablakokat, amelyeken nem k\u00f6nny\u0171 kil\u00e1tni? Az el\u0151ny\u00f6k jelent\u0151sek, k\u00fcl\u00f6n\u00f6sen a vil\u00e1gos, k\u00e9nyelmes \u00e9s energiatakar\u00e9kos terek l\u00e9trehoz\u00e1sakor.<\/p>\n\n\n\n<h3 class=\"wp-block-heading\">1. Kiv\u00e1l\u00f3 \u201enappali megvil\u00e1g\u00edt\u00e1s\u201d (term\u00e9szetes f\u00e9ny)<\/h3>\n\n\n\n<p>A f\u0151 el\u0151ny a term\u00e9szetes besug\u00e1rz\u00e1s. Mivel ezek az ablakok magasan helyezkednek el, befogj\u00e1k a napf\u00e9nyt, \u00e9s m\u00e9lyen bevil\u00e1g\u00edtj\u00e1k a szob\u00e1ba, gyakran a mennyezetr\u0151l ver\u0151dve. Ez l\u00e1gy, diff\u00faz f\u00e9nyt hoz l\u00e9tre az eg\u00e9sz t\u00e9rben, ahelyett, hogy a padl\u00f3ra vet\u00fcl\u0151 k\u00f6zvetlen napf\u00e9ny er\u0151s t\u00f3cs\u00e1i lenn\u00e9nek. Olyan, mintha az \u00e9g egy darabj\u00e1t hozn\u00e1nk be a szob\u00e1ba.<\/p>\n\n\n\n<h3 class=\"wp-block-heading\">2. P\u00e1ratlan adatv\u00e9delem<\/h3>\n\n\n\n<p>A Clerestory ablakok t\u00f6k\u00e9letes megold\u00e1st jelentenek azokban a helyis\u00e9gekben, ahol f\u00e9nyre \u00e9s elszigetelts\u00e9gre is sz\u00fcks\u00e9g van. Magas elhelyezked\u00e9s\u00fcknek k\u00f6sz\u00f6nhet\u0151en a k\u00edv\u00fcl\u00e1ll\u00f3k szinte nem l\u00e1tnak be. Ide\u00e1lisak f\u00fcrd\u0151szob\u00e1kba, utc\u00e1ra n\u00e9z\u0151 h\u00e1l\u00f3szob\u00e1kba vagy szomsz\u00e9dok k\u00f6zel\u00e9ben tal\u00e1lhat\u00f3 otthonokba.<\/p>\n\n\n\n<h3 class=\"wp-block-heading\">3. Energiahat\u00e9konys\u00e1g \u00e9s passz\u00edv szell\u0151z\u00e9s<\/h3>\n\n\n\n<ul class=\"wp-block-list\">\n<li><strong>Vil\u00e1g\u00edt\u00e1si k\u00f6lts\u00e9gek:<\/strong> A term\u00e9szetes f\u00e9ny maxim\u00e1lis kihaszn\u00e1l\u00e1s\u00e1val jelent\u0151sen cs\u00f6kkentheted a mesters\u00e9ges vil\u00e1g\u00edt\u00e1st\u00f3l val\u00f3 f\u00fcgg\u00e9sedet, ez\u00e1ltal cs\u00f6kkentve a villanysz\u00e1ml\u00e1dat.<\/li>\n\n\n\n<li><strong>Passz\u00edv h\u0171t\u00e9s:<\/strong> Amikor nyithat\u00f3 (m\u0171k\u00f6dtethet\u0151) kialak\u00edt\u00e1s\u00faak, a kl\u00edm\u00e1s ablakok kiv\u00e1l\u00f3 passz\u00edv szell\u0151z\u00e9st biztos\u00edtanak. Ahogy a meleg leveg\u0151 felfel\u00e9 sz\u00e1ll, a magas ablakokon kereszt\u00fcl t\u00e1vozhat, h\u0171v\u00f6sebb, friss leveg\u0151t hozva be az alacsonyabb ny\u00edl\u00e1sokon kereszt\u00fcl. Ez a term\u00e9szetes l\u00e9g\u00e1raml\u00e1s cs\u00f6kkenti a l\u00e9gkondicion\u00e1l\u00e1s sz\u00fcks\u00e9gess\u00e9g\u00e9t a melegebb h\u00f3napokban.<\/li>\n<\/ul>\n\n\n\n<h3 class=\"wp-block-heading\">4. Eszt\u00e9tikai vonzer\u0151 \u00e9s t\u00e9r\u00e9rz\u00e9kel\u00e9s<\/h3>\n\n\n\n<p>A magas ablakok felfel\u00e9 vonzz\u00e1k a tekintetet, \u00edgy a mennyezet magasabbnak, a kisebb szob\u00e1k pedig t\u00e1gasabbnak \u00e9rz\u0151dnek. Emellett felszabad\u00edtj\u00e1k az als\u00f3 falfel\u00fcleteket, lehet\u0151v\u00e9 t\u00e9ve a m\u0171alkot\u00e1sok, szekr\u00e9nyek vagy b\u00fatorok elhelyez\u00e9s\u00e9t a napf\u00e9ny fel\u00e1ldoz\u00e1sa n\u00e9lk\u00fcl.<\/p>\n\n\n\n<p><strong>Gyors \u00f6sszehasonl\u00edt\u00e1s: El\u0151ny\u00f6k vs. Kih\u00edv\u00e1sok<\/strong><\/p>\n\n\n\n<figure class=\"wp-block-table is-style-stripes\"><table class=\"has-palette-color-5-background-color has-background has-fixed-layout\"><tbody><tr><td class=\"has-text-align-center\" data-align=\"center\">El\u0151ny\u00f6k (el\u0151ny\u00f6k)<\/td><td class=\"has-text-align-center\" data-align=\"center\">Kih\u00edv\u00e1sok (Szempontok)<\/td><\/tr><tr><td class=\"has-text-align-center\" data-align=\"center\">Kiv\u00e1l\u00f3 term\u00e9szetes f\u00e9ny t\u00fckr\u00f6z\u0151d\u00e9s n\u00e9lk\u00fcl<\/td><td class=\"has-text-align-center\" data-align=\"center\">A magass\u00e1g miatt nehezebb tiszt\u00edtani<\/td><\/tr><tr><td class=\"has-text-align-center\" data-align=\"center\">Kiv\u00e1l\u00f3 adatv\u00e9delem<\/td><td class=\"has-text-align-center\" data-align=\"center\">Magasabb telep\u00edt\u00e9si k\u00f6lts\u00e9gek (\u00e1llv\u00e1nyzatot ig\u00e9nyel)<\/td><\/tr><tr><td class=\"has-text-align-center\" data-align=\"center\">Jav\u00edtja a passz\u00edv szell\u0151z\u00e9st (ha m\u0171k\u00f6d\u0151k\u00e9pes)<\/td><td class=\"has-text-align-center\" data-align=\"center\">Nem megfelel\u0151 t\u00e1jol\u00e1s\/\u00e1rny\u00e9kol\u00e1s eset\u00e9n h\u0151n\u00f6veked\u00e9st okozhat<\/td><\/tr><tr><td class=\"has-text-align-center\" data-align=\"center\">T\u00e1gabbnak \u00e9rz\u0151dik a szob\u00e1kban<\/td><td class=\"has-text-align-center\" data-align=\"center\">A m\u0171k\u00f6dtethet\u0151 v\u00e1ltozatokhoz motoros vez\u00e9rl\u00e9sre lehet sz\u00fcks\u00e9g<\/td><\/tr><\/tbody><\/table><\/figure>\n\n\n\n<h2 class=\"wp-block-heading\">N\u00e9pszer\u0171 Clerestory ablakst\u00edlusok<\/h2>\n\n\n\n<figure class=\"wp-block-image size-full\"><img decoding=\"async\" width=\"1024\" height=\"576\" src=\"https:\/\/boswindor.com\/wp-content\/uploads\/2025\/11\/Clerestory-Window-4.jpg\" alt=\"\" class=\"wp-image-9699\" srcset=\"https:\/\/boswindor.com\/wp-content\/uploads\/2025\/11\/Clerestory-Window-4.jpg 1024w, https:\/\/boswindor.com\/wp-content\/uploads\/2025\/11\/Clerestory-Window-4-300x169.jpg 300w, https:\/\/boswindor.com\/wp-content\/uploads\/2025\/11\/Clerestory-Window-4-768x432.jpg 768w, https:\/\/boswindor.com\/wp-content\/uploads\/2025\/11\/Clerestory-Window-4-18x10.jpg 18w\" sizes=\"(max-width: 1024px) 100vw, 1024px\" \/><\/figure>\n\n\n\n<h3 class=\"wp-block-heading\">Eszt\u00e9tikai st\u00edlus szerint<\/h3>\n\n\n\n<ul class=\"wp-block-list\">\n<li><strong>Modern \u00e9s minimalista:<\/strong> Gyakran keret n\u00e9lk\u00fcli \u00fcveg vagy ultrav\u00e9kony alum\u00ednium keret jellemzi. Ezek \u00e1ltal\u00e1ban hossz\u00fa, folytonos \u00fcvegs\u00e1vokk\u00e9nt jelennek meg, amelyek a fels\u0151 falon futnak, kiemelve a v\u00edzszintes vonalakat \u00e9s maximaliz\u00e1lva a f\u00e9nybe\u00e1raml\u00e1st.<\/li>\n\n\n\n<li><strong>Hagyom\u00e1nyos \u00e9s klasszikus:<\/strong> R\u00e9gebbi otthonokban vagy klasszikus formatervez\u00e9s\u0171 helyis\u00e9gekben tal\u00e1lhat\u00f3k, ezek meleg sz\u00edn\u0171 fa kereteket, vastagabb szeg\u00e9lyeket vagy ak\u00e1r osztott f\u00e9nymint\u00e1kat (mantinokat) is haszn\u00e1lhatnak, hogy illeszkedjenek a megl\u00e9v\u0151 szekr\u00e9nyekhez vagy a t\u00f6rt\u00e9nelmi hiteless\u00e9ghez.<\/li>\n\n\n\n<li><strong>Egyedi alakzatok:<\/strong> Egyedi \u00e9p\u00edt\u00e9szeti megnyilv\u00e1nul\u00e1sok \u00e9rdek\u00e9ben a kl\u00edm\u00e1s ablakok trap\u00e9z alak\u00fara alak\u00edthat\u00f3k, hogy ferde tet\u0151vonalat, \u00edves form\u00e1kat vagy k\u00f6r alak\u00fa l\u0151r\u00e9seket k\u00f6vessenek, a projekt ig\u00e9nyeit\u0151l f\u00fcgg\u0151en.<\/li>\n<\/ul>\n\n\n\n<h3 class=\"wp-block-heading\">Funkci\u00f3 szerint: Fix vs. M\u0171k\u00f6dtethet\u0151<\/h3>\n\n\n\n<ul class=\"wp-block-list\">\n<li><strong>Jav\u00edtott ablakok a t\u00f6rl\u00e9shez:<\/strong> Ezek nem ny\u00edlnak. Egyszer\u0171bbek, megfizethet\u0151bbek, jobb szigetel\u00e9st (l\u00e9gt\u00f6m\u00f6rs\u00e9get) biztos\u00edtanak, \u00e9s kevesebb karbantart\u00e1st ig\u00e9nyelnek. Akkor a legjobbak, ha az els\u0151dleges c\u00e9l a f\u00e9ny.<\/li>\n\n\n\n<li><strong>M\u0171k\u00f6dtethet\u0151 Clerestory ablakok:<\/strong> Ezek szell\u0151ztet\u00e9s c\u00e9lj\u00e1b\u00f3l kinyithat\u00f3k. Gyakori t\u00edpusok:\n<ul class=\"wp-block-list\">\n<li><strong><a href=\"https:\/\/boswindor.com\/hu\/windows-types\/awning\/\">Napellenz\u0151 ablakok<\/a>:<\/strong> Fel\u00fcl zsan\u00e9ros \u00e9s kifel\u00e9 ny\u00edl\u00f3, \u00edgy kint tartja az es\u0151t, mik\u00f6zben beengedi a leveg\u0151t.<\/li>\n\n\n\n<li><strong>Garat ablakok:<\/strong> Alul csukl\u00f3s \u00e9s befel\u00e9 nyitott.<\/li>\n\n\n\n<li><em>Megjegyz\u00e9s: Magass\u00e1guk miatt a m\u0171k\u00f6dtethet\u0151 ablakokhoz gyakran rudakra vagy motoros rendszerekre van sz\u00fcks\u00e9g a k\u00f6nny\u0171 m\u0171k\u00f6dtet\u00e9shez.<\/em><\/li>\n<\/ul>\n<\/li>\n<\/ul>\n\n\n\n<h2 class=\"wp-block-heading\">Hogyan tervezz\u00fcnk \u00e9s v\u00e1lasszunk egy Clerestory ablakot<\/h2>\n\n\n\n<figure class=\"wp-block-image size-large\"><img decoding=\"async\" width=\"1024\" height=\"559\" src=\"https:\/\/boswindor.com\/wp-content\/uploads\/2025\/11\/Clerestory-Window-3-1024x559.png\" alt=\"\" class=\"wp-image-9700\" srcset=\"https:\/\/boswindor.com\/wp-content\/uploads\/2025\/11\/Clerestory-Window-3-1024x559.png 1024w, https:\/\/boswindor.com\/wp-content\/uploads\/2025\/11\/Clerestory-Window-3-300x164.png 300w, https:\/\/boswindor.com\/wp-content\/uploads\/2025\/11\/Clerestory-Window-3-768x419.png 768w, https:\/\/boswindor.com\/wp-content\/uploads\/2025\/11\/Clerestory-Window-3-18x10.png 18w, https:\/\/boswindor.com\/wp-content\/uploads\/2025\/11\/Clerestory-Window-3.png 1408w\" sizes=\"(max-width: 1024px) 100vw, 1024px\" \/><\/figure>\n\n\n\n<p>A sikeres megval\u00f3s\u00edt\u00e1s gondos tervez\u00e9st ig\u00e9nyel a c\u00e9l \u00e9s az ir\u00e1ny tekintet\u00e9ben.<\/p>\n\n\n\n<p><strong>1. Strat\u00e9giai elhelyez\u00e9s \u00e9s orient\u00e1ci\u00f3<\/strong><\/p>\n\n\n\n<ul class=\"wp-block-list\">\n<li><strong>D\u00e9li fekv\u00e9s\u0171 (\u00e9szaki f\u00e9ltek\u00e9n):<\/strong> A legegyenletesebb, leger\u0151sebb f\u00e9nyt biztos\u00edtja eg\u00e9sz nap, \u00e9s t\u00e9len hozz\u00e1j\u00e1rulhat a passz\u00edv napf\u0171t\u00e9shez.<\/li>\n\n\n\n<li><strong>\u00c9szaki fekv\u00e9s\u0171:<\/strong> L\u00e1gy, egyenletes, sz\u00f3rt f\u00e9nyt biztos\u00edt minim\u00e1lis h\u0151nyeres\u00e9ggel, ide\u00e1lis m\u0171v\u00e9szeti st\u00fadi\u00f3kba vagy irod\u00e1kba, ahol a t\u00fckr\u00f6z\u0151d\u00e9s nem k\u00edv\u00e1natos.<\/li>\n<\/ul>\n\n\n\n<p><strong>2. A megfelel\u0151 anyagok kiv\u00e1laszt\u00e1sa<\/strong> A magas ablakok eset\u00e9ben a tart\u00f3ss\u00e1g \u00e9s az alacsony karbantart\u00e1si ig\u00e9ny kulcsfontoss\u00e1g\u00fa.<\/p>\n\n\n\n<ul class=\"wp-block-list\">\n<li><strong>Keretek:<\/strong> Az alum\u00ednium a modern otthonok egyik legjobb v\u00e1laszt\u00e1sa szil\u00e1rds\u00e1ga, karcs\u00fa profilja \u00e9s id\u0151j\u00e1r\u00e1s\u00e1ll\u00f3s\u00e1ga miatt. A fa melegs\u00e9get biztos\u00edt, de t\u00f6bb karbantart\u00e1st ig\u00e9nyel.<\/li>\n\n\n\n<li><strong>\u00dcveg:<\/strong> A nagy teljes\u00edtm\u00e9ny\u0171 \u00fcveg elengedhetetlen. A t\u00e9li t\u00falzott h\u0151vesztes\u00e9g, illetve a ny\u00e1ri h\u0151n\u00f6veked\u00e9s megakad\u00e1lyoz\u00e1sa \u00e9rdek\u00e9ben dupla \u00fcvegez\u00e9st javaslunk Low-E bevonattal. Az olyan ter\u00fcleteken, mint a f\u00fcrd\u0151szob\u00e1k, a matt vagy textur\u00e1lt \u00fcveg extra r\u00e9teget biztos\u00edthat a mag\u00e1n\u00e9let v\u00e9delm\u00e9ben.<\/li>\n<\/ul>\n\n\n\n<p><strong>3. Gyakorlati alkalmaz\u00e1sok az otthonban<\/strong><\/p>\n\n\n\n<ul class=\"wp-block-list\">\n<li><strong>Nappali szob\u00e1k:<\/strong> A sz\u00f3rakoztat\u00f3 egys\u00e9gek feletti folyamatos sor a gy\u00fclekez\u0151helyek megvil\u00e1g\u00edt\u00e1s\u00e1ra.<\/li>\n\n\n\n<li><strong>Konyh\u00e1k:<\/strong> A fels\u0151 szekr\u00e9nyek f\u00f6l\u00e9 helyezve, hogy f\u00e9nyt hozzon a konyhapultra an\u00e9lk\u00fcl, hogy elveszne a t\u00e1rol\u00f3hely.<\/li>\n\n\n\n<li><strong>F\u00fcrd\u0151szob\u00e1k \u00e9s zuhanyz\u00f3k:<\/strong> Er\u0151s f\u00e9ny, amely garant\u00e1lja a teljes mag\u00e1n\u00e9letet.<\/li>\n\n\n\n<li><strong>H\u00e1l\u00f3szob\u00e1k:<\/strong> \u00c9bredj term\u00e9szetes reggeli f\u00e9nyre an\u00e9lk\u00fcl, hogy a szomsz\u00e9dok \u00e9szrevenn\u00e9nek.<\/li>\n<\/ul>\n\n\n\n<h2 class=\"wp-block-heading\">Mennyibe ker\u00fcl egy Clerestory ablak?<\/h2>\n\n\n\n<figure class=\"wp-block-image size-large\"><img loading=\"lazy\" decoding=\"async\" width=\"1024\" height=\"768\" src=\"https:\/\/boswindor.com\/wp-content\/uploads\/2025\/11\/Clerestory-Window-11-1024x768.jpg\" alt=\"\" class=\"wp-image-9701\" srcset=\"https:\/\/boswindor.com\/wp-content\/uploads\/2025\/11\/Clerestory-Window-11-1024x768.jpg 1024w, https:\/\/boswindor.com\/wp-content\/uploads\/2025\/11\/Clerestory-Window-11-300x225.jpg 300w, https:\/\/boswindor.com\/wp-content\/uploads\/2025\/11\/Clerestory-Window-11-768x576.jpg 768w, https:\/\/boswindor.com\/wp-content\/uploads\/2025\/11\/Clerestory-Window-11-1536x1152.jpg 1536w, https:\/\/boswindor.com\/wp-content\/uploads\/2025\/11\/Clerestory-Window-11-2048x1536.jpg 2048w, https:\/\/boswindor.com\/wp-content\/uploads\/2025\/11\/Clerestory-Window-11-16x12.jpg 16w\" sizes=\"(max-width: 1024px) 100vw, 1024px\" \/><\/figure>\n\n\n\n<p>A magas ablakok \u00e1ra \u00e1ltal\u00e1ban magasabb, mint a hagyom\u00e1nyos ablakok\u00e9, els\u0151sorban a magasban t\u00f6rt\u00e9n\u0151 be\u00e9p\u00edt\u00e9s bonyolults\u00e1ga miatt.<\/p>\n\n\n\n<p>A v\u00e9gs\u0151 \u00e1rat sz\u00e1mos t\u00e9nyez\u0151 befoly\u00e1solja:<\/p>\n\n\n\n<ul class=\"wp-block-list\">\n<li><strong>M\u00e9ret \u00e9s line\u00e1ris felv\u00e9tel:<\/strong> A hosszabb ablakp\u00e9ld\u00e1nyok term\u00e9szetesen t\u00f6bbe ker\u00fclnek.<\/li>\n\n\n\n<li><strong>M\u0171k\u00f6dtethet\u0151s\u00e9g:<\/strong> A nyithat\u00f3 ablakok bonyolultabb vasalatokat ig\u00e9nyelnek, \u00e9s dr\u00e1g\u00e1bbak, mint a fix \u00fcvegez\u00e9s\u0171ek.<\/li>\n\n\n\n<li><strong>Keret anyaga:<\/strong> Az alum\u00ednium \u00e9s a vinil \u00e1ltal\u00e1ban k\u00f6lts\u00e9ghat\u00e9konyabb, mint a burkolt fa.<\/li>\n\n\n\n<li><strong>\u00dcvegez\u00e9si lehet\u0151s\u00e9gek:<\/strong> A h\u00e1romr\u00e9teg\u0171 vagy speci\u00e1lis energiatakar\u00e9kos bevonatok n\u00f6velik a k\u00f6lts\u00e9geket.<\/li>\n\n\n\n<li><strong>Telep\u00edt\u00e9si hozz\u00e1f\u00e9r\u00e9s:<\/strong> Ha \u00e1llv\u00e1nyzatra vagy emel\u0151kre van sz\u00fcks\u00e9g, a munkaer\u0151k\u00f6lts\u00e9gek megn\u0151nek.<\/li>\n<\/ul>\n\n\n\n<p><strong>Becs\u00fclt k\u00f6lts\u00e9gtartom\u00e1nyok (csak anyagk\u00f6lts\u00e9gek, ipar\u00e1gi \u00e1tlagok alapj\u00e1n):<\/strong><\/p>\n\n\n\n<style>\n    \/* \u6837\u5f0f\u9694\u79bb\uff1a\u4ec5\u5f71\u54cd .clerestory- \u5f00\u5934\u7684\u5143\u7d20 *\/\n    .clerestory-table-container {\n        max-width: 800px;\n        margin: 20px auto;\n        background-color: #fff;\n        border-radius: 8px;\n        overflow: hidden;\n        box-shadow: 0 0 10px rgba(0, 0, 0, 0.1);\n        font-family: Arial, sans-serif; \/* \u786e\u4fdd\u5b57\u4f53\u4e00\u81f4 *\/\n    }\n    \n    .clerestory-table {\n        width: 100%;\n        border-collapse: collapse;\n        border-spacing: 0;\n        margin: 0; \/* \u9632\u6b62\u4e3b\u9898\u9ed8\u8ba4\u8fb9\u8ddd\u5e72\u6270 *\/\n    }\n    \n    .clerestory-table th, \n    .clerestory-table td {\n        padding: 12px 15px;\n        text-align: left;\n        border-bottom: 1px solid #eee;\n        line-height: 1.5;\n    }\n    \n    .clerestory-table th {\n        background-color: #f8f8f8;\n        font-weight: bold;\n        color: #333;\n        border-top: none;\n    }\n    \n    .clerestory-table tr:nth-child(even) {\n        background-color: #f9f9f9;\n    }\n    \n    .clerestory-table tr:hover {\n        background-color: #f1f1f1;\n    }\n    \n    .clerestory-window-type {\n        font-weight: bold;\n        color: #000;\n    }\n    \n    \/* \u79fb\u52a8\u7aef\u54cd\u5e94\u5f0f\u9002\u914d *\/\n    @media screen and (max-width: 600px) {\n        .clerestory-table-container {\n            box-shadow: none;\n            border-radius: 0;\n            margin: 10px auto;\n            width: 100%;\n        }\n        \n        .clerestory-table,\n        .clerestory-table thead,\n        .clerestory-table tbody,\n        .clerestory-table th,\n        .clerestory-table td,\n        .clerestory-table tr {\n            display: block;\n            width: 100%;\n        }\n        \n        \/* \u9690\u85cf\u8868\u5934\u4f46\u4fdd\u6301\u53ef\u8bbf\u95ee\u6027 *\/\n        .clerestory-table thead tr {\n            position: absolute;\n            top: -9999px;\n            left: -9999px;\n        }\n        \n        .clerestory-table tr {\n            margin-bottom: 15px;\n            border: 1px solid #ddd;\n            border-radius: 5px;\n            background-color: #fff !important; \/* \u5f3a\u5236\u79fb\u52a8\u7aef\u80cc\u666f\u4e3a\u767d\u8272 *\/\n        }\n        \n        .clerestory-table td {\n            border: none;\n            border-bottom: 1px solid #eee;\n            position: relative;\n            padding-left: 50%; \/* \u4e3a\u6807\u7b7e\u7559\u51fa\u7a7a\u95f4 *\/\n            text-align: right;\n        }\n\n        .clerestory-table td:last-child {\n            border-bottom: none;\n        }\n        \n        \/* \u79fb\u52a8\u7aef\u4f2a\u5143\u7d20\u6807\u7b7e\u751f\u6210 *\/\n        .clerestory-table td:before {\n            position: absolute;\n            top: 12px;\n            left: 15px;\n            width: 45%;\n            padding-right: 10px;\n            white-space: nowrap;\n            font-weight: bold;\n            text-align: left;\n            color: #555;\n        }\n        \n        \/* \u5bf9\u5e94\u6bcf\u5217\u7684\u6807\u9898 *\/\n        .clerestory-table td:nth-of-type(1):before { content: \"Window Type\"; }\n        .clerestory-table td:nth-of-type(2):before { content: \"Estimated Cost\"; }\n        .clerestory-table td:nth-of-type(3):before { content: \"Best Use Case\"; }\n    }\n<\/style>\n\n<div class=\"clerestory-table-container\">\n    <table class=\"clerestory-table\">\n        <thead>\n            <tr>\n                <th>Ablakt\u00edpus<\/th>\n                <th>Becs\u00fclt k\u00f6lts\u00e9g (n\u00e9gyzetl\u00e1bonk\u00e9nt)<\/th>\n                <th>Legjobb felhaszn\u00e1l\u00e1si eset<\/th>\n            <\/tr>\n        <\/thead>\n        <tbody>\n            <tr>\n                <td class=\"clerestory-window-type\">Fix (alum\u00ednium\/vinil)<\/td>\n                <td>50\u2013100 doll\u00e1r<\/td>\n                <td>K\u00f6lts\u00e9gk\u00edm\u00e9l\u0151 f\u00e9nybevitel<\/td>\n            <\/tr>\n            <tr>\n                <td class=\"clerestory-window-type\">M\u0171k\u00f6dtethet\u0151 (napellenz\u0151\/tet\u0151tet\u0151)<\/td>\n                <td>120\u2013250 doll\u00e1r felett<\/td>\n                <td>Szell\u0151ztet\u00e9si ig\u00e9nyek, magasabb mennyezet<\/td>\n            <\/tr>\n            <tr>\n                <td class=\"clerestory-window-type\">Egyedi\/\u00c9p\u00edt\u00e9szeti<\/td>\n                <td>Jelent\u0151sen v\u00e1ltozik<\/td>\n                <td>Egyedi form\u00e1j\u00fa tet\u0151k vagy luxus specifik\u00e1ci\u00f3k<\/td>\n            <\/tr>\n        <\/tbody>\n    <\/table>\n<\/div>\n\n\n\n<h2 class=\"wp-block-heading\">P\u00e9ld\u00e1k Clerestory ablakokkal rendelkez\u0151 projektekre<\/h2>\n\n\n\n<figure class=\"wp-block-image size-full\"><img loading=\"lazy\" decoding=\"async\" width=\"1024\" height=\"576\" src=\"https:\/\/boswindor.com\/wp-content\/uploads\/2025\/11\/Clerestory-Window-7.jpg\" alt=\"\" class=\"wp-image-9702\" srcset=\"https:\/\/boswindor.com\/wp-content\/uploads\/2025\/11\/Clerestory-Window-7.jpg 1024w, https:\/\/boswindor.com\/wp-content\/uploads\/2025\/11\/Clerestory-Window-7-300x169.jpg 300w, https:\/\/boswindor.com\/wp-content\/uploads\/2025\/11\/Clerestory-Window-7-768x432.jpg 768w, https:\/\/boswindor.com\/wp-content\/uploads\/2025\/11\/Clerestory-Window-7-18x10.jpg 18w\" sizes=\"(max-width: 1024px) 100vw, 1024px\" \/><\/figure>\n\n\n\n<p>Sok olyan projekten dolgoztam m\u00e1r, ahol toronyablakokat haszn\u00e1ltam. Az egyik csal\u00e1di h\u00e1zban a nappali el\u00fcls\u0151 fala felett magas toronyablakok sorakoztak. A napf\u00e9ny be\u00e1rasztotta a szob\u00e1t, vil\u00e1goss\u00e1 \u00e9s vid\u00e1mm\u00e1 t\u00e9ve azt. Egy m\u00e1sik projektben egy sz\u00e1lloda f\u00fcrd\u0151szob\u00e1iban haszn\u00e1lt toronyablakokat. Ez beengedte a f\u00e9nyt, de a vend\u00e9geknek megvolt a mag\u00e1n\u00e9let\u00fck.<\/p>\n\n\n\n<p>Az egyik \u00f3ce\u00e1nparti vill\u00e1ban nagy t\u00e9likert volt. A tet\u0151vonal k\u00f6zel\u00e9ben ablakokat helyezt\u00fcnk el, amelyek minden ir\u00e1nyb\u00f3l beengedt\u00e9k a napf\u00e9nyt. A t\u00e9r t\u00f6k\u00e9letes lett a n\u00f6v\u00e9nyek \u00fcltet\u00e9s\u00e9hez, olvas\u00e1shoz \u00e9s pihen\u00e9shez.<\/p>\n\n\n\n<p>Sok templomban haszn\u00e1lnak el\u0151szobaablakokat, hogy mindenki, aki bent van, \u00e9lvezhesse a napf\u00e9nyt k\u00fcl\u00f6nleges id\u0151szakokban. Minden p\u00e9ld\u00e1ban az el\u0151szobaablak nyitott\u00e1, melegg\u00e9 \u00e9s a term\u00e9szettel \u00f6sszekapcsoltt\u00e1 tette a teret.<\/p>\n\n\n\n<p>Irod\u00e1kban \u00e9s m\u0171v\u00e9szeti st\u00fadi\u00f3kban is dolgoztam m\u00e1r. A magas, keskeny ablakok lehet\u0151v\u00e9 teszik a dolgoz\u00f3k sz\u00e1m\u00e1ra, hogy koncentr\u00e1ljanak, b\u00e9k\u00e9ss\u00e9 t\u00e9ve a teret. Az ablakok beengedik a f\u00e9nyt an\u00e9lk\u00fcl, hogy t\u00fal sok zavar\u00f3 t\u00e9nyez\u0151 lenne a k\u00fclvil\u00e1gb\u00f3l.<\/p>\n\n\n\n<h2 class=\"wp-block-heading\">A Clerestory Windows gyakorlati alkalmaz\u00e1si forgat\u00f3k\u00f6nyvei<\/h2>\n\n\n\n<figure class=\"wp-block-image size-large\"><img loading=\"lazy\" decoding=\"async\" width=\"1024\" height=\"536\" src=\"https:\/\/boswindor.com\/wp-content\/uploads\/2025\/11\/Clerestory-Windows-for-Kitchen-1024x536.jpg\" alt=\"\" class=\"wp-image-9705\" srcset=\"https:\/\/boswindor.com\/wp-content\/uploads\/2025\/11\/Clerestory-Windows-for-Kitchen-1024x536.jpg 1024w, https:\/\/boswindor.com\/wp-content\/uploads\/2025\/11\/Clerestory-Windows-for-Kitchen-300x157.jpg 300w, https:\/\/boswindor.com\/wp-content\/uploads\/2025\/11\/Clerestory-Windows-for-Kitchen-768x402.jpg 768w, https:\/\/boswindor.com\/wp-content\/uploads\/2025\/11\/Clerestory-Windows-for-Kitchen-18x9.jpg 18w, https:\/\/boswindor.com\/wp-content\/uploads\/2025\/11\/Clerestory-Windows-for-Kitchen.jpg 1080w\" sizes=\"(max-width: 1024px) 100vw, 1024px\" \/><\/figure>\n\n\n\n<p>Amikor azt tervezem, hogy hol haszn\u00e1lok el\u0151szobai ablakokat, mindig figyelembe veszem, hogy milyen el\u0151ny\u00f6kkel j\u00e1rhatnak. A nappalikban a sok f\u00e9ny bar\u00e1ts\u00e1goss\u00e1 \u00e9s vil\u00e1goss\u00e1 teszi az \u00f6sszej\u00f6veteleket. Az el\u0151szobai ablakokkal rendelkez\u0151 h\u00e1l\u00f3szob\u00e1k pedig nyitottnak \u00e9rz\u0151dnek, m\u00e9g akkor is, ha kicsik.<\/p>\n\n\n\n<p>A konyh\u00e1kban a fel\u00fclr\u0151l besz\u0171r\u0151d\u0151 napf\u00e9ny seg\u00edt a f\u0151z\u00e9sben \u00e9s a tiszt\u00e1n l\u00e1t\u00e1sban sok l\u00e1mpa n\u00e9lk\u00fcl. A f\u00fcrd\u0151szob\u00e1kban egy emeletes ablak azt jelenti, hogy term\u00e9szetes f\u00e9nyben f\u00fcr\u00f6dhetek an\u00e9lk\u00fcl, hogy elvesz\u00edten\u00e9m a mag\u00e1n\u00e9letemet. Nagyobb \u00e9p\u00fcletekben, p\u00e9ld\u00e1ul sz\u00e1llod\u00e1kban vagy k\u00f6z\u00f6ss\u00e9gi terekben az emeletes ablakok a hossz\u00fa folyos\u00f3kat \u00e9s a nagy el\u0151csarnokokat h\u00edvogat\u00f3v\u00e1 \u00e9s term\u00e9szetes f\u00e9nnyel teliv\u00e9 tehetik.<\/p>\n\n\n\n<p>Irod\u00e1k, m\u0171v\u00e9szeti st\u00fadi\u00f3k \u00e9s tantermek egyar\u00e1nt haszn\u00e1lhatnak f\u00fcgg\u0151ablakokat produkt\u00edv, boldog terek kialak\u00edt\u00e1s\u00e1ra. \u00dcvegh\u00e1zakban vagy t\u00e9likertekben ezek az ablakok el\u0151seg\u00edtik a n\u00f6v\u00e9nyek n\u00f6veked\u00e9s\u00e9t, \u00e9s a k\u00f6rnyezetet term\u00e9szetk\u00f6zeliv\u00e9 var\u00e1zsolj\u00e1k.<\/p>\n\n\n\n<p>N\u00e9ha ajt\u00f3k f\u00f6l\u00e9, az \u00e9p\u00fclet mindk\u00e9t oldal\u00e1ra, vagy ak\u00e1r a tet\u0151re is haszn\u00e1lok fel\u00fclvil\u00e1g\u00edt\u00f3 rendszer r\u00e9szek\u00e9nt ablakokat. Ez a kialak\u00edt\u00e1s b\u00e1rmilyen unalmas helyet vil\u00e1gos, eg\u00e9szs\u00e9ges t\u00e9rr\u00e9 var\u00e1zsolhat.<\/p>\n\n\n\n<h2 class=\"wp-block-heading\">Mi\u00e9rt v\u00e1lassza a Boswindort a Clerestory Windows rendszerhez?<\/h2>\n\n\n\n<figure class=\"wp-block-image size-full\"><a href=\"https:\/\/boswindor.com\/hu\/\"><img loading=\"lazy\" decoding=\"async\" width=\"920\" height=\"380\" src=\"https:\/\/boswindor.com\/wp-content\/uploads\/2025\/07\/Boswindor.jpg\" alt=\"\" class=\"wp-image-7607\" srcset=\"https:\/\/boswindor.com\/wp-content\/uploads\/2025\/07\/Boswindor.jpg 920w, https:\/\/boswindor.com\/wp-content\/uploads\/2025\/07\/Boswindor-300x124.jpg 300w, https:\/\/boswindor.com\/wp-content\/uploads\/2025\/07\/Boswindor-768x317.jpg 768w, https:\/\/boswindor.com\/wp-content\/uploads\/2025\/07\/Boswindor-18x7.jpg 18w\" sizes=\"(max-width: 920px) 100vw, 920px\" \/><\/a><figcaption class=\"wp-element-caption\">A 3 legjobb egyedi ablak- \u00e9s ajt\u00f3gy\u00e1rt\u00f3 K\u00edn\u00e1b\u00f3l<\/figcaption><\/figure>\n\n\n\n<p>Mi a Boswindor vagyunk, egy k\u00ednai ajt\u00f3- \u00e9s ablakgy\u00e1rt\u00f3, t\u00f6bb mint 25 \u00e9ves tapasztalattal, amely vil\u00e1gszerte szolg\u00e1lja ki \u00fcgyfeleinket. T\u00f6r\u0151d\u00fcnk minden projekttel, \u00e9s mindig meghallgatjuk, hogy mit szeretn\u00e9nek \u00fcgyfeleink. Ak\u00e1r h\u00e1ztulajdonos, \u00e9p\u00edt\u0151ipari v\u00e1llalkoz\u00f3, \u00e9p\u00edt\u00e9sz vagy m\u00e9rn\u00f6k, id\u0151t sz\u00e1nunk arra, hogy meg\u00e9rts\u00fck az \u00d6n ig\u00e9nyeit.<\/p>\n\n\n\n<p>Csapatunk er\u0151s, gy\u00f6ny\u00f6r\u0171 anyagokat haszn\u00e1l, mint p\u00e9ld\u00e1ul \u00fcveg, fa \u00e9s alum\u00ednium. Mindig \u0151szint\u00e9k vagyunk azzal kapcsolatban, hogy mi m\u0171k\u00f6dik, mi biztons\u00e1gos \u00e9s mi n\u00e9z ki a legjobban. Minden term\u00e9k testreszabhat\u00f3. Azt szeretn\u00e9nk, hogy olyan ablaka legyen, amely illeszkedik a ter\u00e9hez, illik a st\u00edlus\u00e1hoz, \u00e9s sok \u00e9vig kitart.<\/p>\n\n\n\n<p>Mindenf\u00e9le \u00e9p\u00fclet ablakait ismerj\u00fck, a kis otthonokt\u00f3l a nagy sz\u00e1llod\u00e1kig, vill\u00e1kig \u00e9s vall\u00e1si \u00e9p\u00edtm\u00e9nyekig. \u00daj h\u00e1zakhoz modern, letisztult vonalvezet\u00e9s\u0171, vagy t\u00f6rt\u00e9nelmi \u00e9p\u00fcletekhez hagyom\u00e1nyos st\u00edlus\u00fa ablakokat k\u00e9sz\u00edt\u00fcnk. Munk\u00e1nk fokozza a bels\u0151 tereket, \u00e9rt\u00e9ket teremt, \u00e9s vil\u00e1gos, bar\u00e1ts\u00e1gos otthonokat teremt.<\/p>\n\n\n\n<h2 class=\"wp-block-heading\">GYIK a Clerestory Windowsr\u00f3l<\/h2>\n\n\n<div id=\"rank-math-faq\" class=\"rank-math-block\">\n<div class=\"rank-math-list\">\n<div id=\"faq-question-1764311887181\" class=\"rank-math-list-item\">\n<h3 class=\"rank-math-question\">T\u00fal sok h\u0151t engednek be a kl\u00edm\u00e1s ablakok?<\/h3>\n<div class=\"rank-math-answer\">\n\n<p>Nem, ha megfelel\u0151en vannak kialak\u00edtva alacsony energia\u00e1tereszt\u0151 k\u00e9pess\u00e9g\u0171 \u00fcveggel \u00e9s megfelel\u0151 t\u00e1jol\u00e1ssal. A d\u00e9li fekv\u00e9s\u0171 ablakokhoz \u00e1rny\u00e9kol\u00f3kra lehet sz\u00fcks\u00e9g, m\u00edg az \u00e9szaki fekv\u00e9s\u0171ek minim\u00e1lis h\u0151nyeres\u00e9ggel biztos\u00edtanak f\u00e9nyt.<\/p>\n\n<\/div>\n<\/div>\n<div id=\"faq-question-1764311906203\" class=\"rank-math-list-item\">\n<h3 class=\"rank-math-question\">Neh\u00e9z tiszt\u00edtani a kl\u00edm\u00e1s ablakokat?<\/h3>\n<div class=\"rank-math-answer\">\n\n<p>Igen, a magass\u00e1guk miatt. A megold\u00e1sok k\u00f6z\u00e9 tartoznak a teleszk\u00f3pos ny\u00e9llel ell\u00e1tott hosszabb\u00edt\u00f3 szersz\u00e1mok, a motoros tiszt\u00edt\u00f3szerek, a professzion\u00e1lis szolg\u00e1ltat\u00e1sok, vagy a be\u00e9p\u00edthet\u0151 kialak\u00edt\u00e1sok.<\/p>\n\n<\/div>\n<\/div>\n<div id=\"faq-question-1764311919892\" class=\"rank-math-list-item\">\n<h3 class=\"rank-math-question\">Mennyi a sz\u00e1ll\u00edt\u00e1si id\u0151 az egyedi megrendel\u00e9s\u0171 Clerestory ablakokra?<\/h3>\n<div class=\"rank-math-answer\">\n\n<p>\u00c1ltal\u00e1ban 4-6 h\u00e9t a gy\u00e1rt\u00f3t\u00f3l, a terv bonyolults\u00e1g\u00e1t\u00f3l \u00e9s az anyagokt\u00f3l f\u00fcgg\u0151en. A cs\u00facsid\u0151szakok \u00e9s a speci\u00e1lis \u00fcvegig\u00e9nyek miatt a sz\u00e1ll\u00edt\u00e1si id\u0151 4-8 h\u00e9tre is megn\u0151het.<\/p>\n\n<\/div>\n<\/div>\n<div id=\"faq-question-1764311964343\" class=\"rank-math-list-item\">\n<h3 class=\"rank-math-question\">Biztons\u00e1gosak a kl\u00edm\u00e1s ablakok?<\/h3>\n<div class=\"rank-math-answer\">\n\n<p>Igen. Magas elhelyez\u00e9s\u00fck fokozza a biztons\u00e1got, az \u00e9p\u00edt\u00e9si el\u0151\u00edr\u00e1sok pedig biztons\u00e1gi \u00fcveg haszn\u00e1lat\u00e1t \u00edrj\u00e1k el\u0151 a magasba \u00e9p\u00edtett ny\u00edl\u00e1sokhoz. A professzion\u00e1lis beszerel\u00e9s biztos\u00edtja a szerkezeti \u00e9ps\u00e9get \u00e9s az id\u0151j\u00e1r\u00e1s\u00e1ll\u00f3s\u00e1got.<\/p>\n\n<\/div>\n<\/div>\n<\/div>\n<\/div>\n\n\n<p><\/p>","protected":false},"excerpt":{"rendered":"<p>Nem biztos benne, hogy a magasan elhelyezett ablakok megfelel\u0151ek-e az \u00d6n otthon\u00e1ba? Ez az \u00e1tfog\u00f3 \u00fatmutat\u00f3 elmagyar\u00e1zza a magasan elhelyezett ablakok defin\u00edci\u00f3j\u00e1t, t\u00f6rt\u00e9net\u00e9t \u00e9s legfontosabb el\u0151nyeit. <\/p>\n<p>A term\u00e9szetes f\u00e9ny maximaliz\u00e1l\u00e1s\u00e1t\u00f3l kezdve a 2024-es k\u00f6lts\u00e9gbont\u00e1sok \u00e9s a telep\u00edt\u00e9si kih\u00edv\u00e1sok meg\u00e9rt\u00e9s\u00e9ig, a Boswindor szak\u00e9rt\u0151i megl\u00e1t\u00e1sokat k\u00edn\u00e1l egy vil\u00e1gosabb, priv\u00e1tabb t\u00e9r megtervez\u00e9s\u00e9hez.<\/p>","protected":false},"author":2,"featured_media":9698,"comment_status":"closed","ping_status":"open","sticky":false,"template":"","format":"standard","meta":{"footnotes":""},"categories":[10],"tags":[],"class_list":["post-9686","post","type-post","status-publish","format-standard","has-post-thumbnail","hentry","category-windows-doors"],"blocksy_meta":[],"_links":{"self":[{"href":"https:\/\/boswindor.com\/hu\/wp-json\/wp\/v2\/posts\/9686","targetHints":{"allow":["GET"]}}],"collection":[{"href":"https:\/\/boswindor.com\/hu\/wp-json\/wp\/v2\/posts"}],"about":[{"href":"https:\/\/boswindor.com\/hu\/wp-json\/wp\/v2\/types\/post"}],"author":[{"embeddable":true,"href":"https:\/\/boswindor.com\/hu\/wp-json\/wp\/v2\/users\/2"}],"replies":[{"embeddable":true,"href":"https:\/\/boswindor.com\/hu\/wp-json\/wp\/v2\/comments?post=9686"}],"version-history":[{"count":5,"href":"https:\/\/boswindor.com\/hu\/wp-json\/wp\/v2\/posts\/9686\/revisions"}],"predecessor-version":[{"id":10443,"href":"https:\/\/boswindor.com\/hu\/wp-json\/wp\/v2\/posts\/9686\/revisions\/10443"}],"wp:featuredmedia":[{"embeddable":true,"href":"https:\/\/boswindor.com\/hu\/wp-json\/wp\/v2\/media\/9698"}],"wp:attachment":[{"href":"https:\/\/boswindor.com\/hu\/wp-json\/wp\/v2\/media?parent=9686"}],"wp:term":[{"taxonomy":"category","embeddable":true,"href":"https:\/\/boswindor.com\/hu\/wp-json\/wp\/v2\/categories?post=9686"},{"taxonomy":"post_tag","embeddable":true,"href":"https:\/\/boswindor.com\/hu\/wp-json\/wp\/v2\/tags?post=9686"}],"curies":[{"name":"munkaf\u00fczet","href":"https:\/\/api.w.org\/{rel}","templated":true}]}}