{"id":8384,"date":"2025-09-01T18:15:27","date_gmt":"2025-09-02T02:15:27","guid":{"rendered":"https:\/\/boswindor.com\/?p=8384"},"modified":"2025-09-08T18:51:46","modified_gmt":"2025-09-09T02:51:46","slug":"best-types-of-windows-a-comprehensive-guide","status":"publish","type":"post","link":"https:\/\/boswindor.com\/hu\/best-types-of-windows-a-comprehensive-guide\/","title":{"rendered":"A legjobb ablakt\u00edpusok: \u00c1tfog\u00f3 \u00fatmutat\u00f3 a st\u00edlusokhoz \u00e9s a v\u00e1laszt\u00e1si lehet\u0151s\u00e9gekhez"},"content":{"rendered":"<h3 class=\"wp-block-heading\">Gyakori Windows t\u00edpusok<\/h3>\n\n\n\n<p>Az al\u00e1bbiakban felsoroljuk a k\u00fcl\u00f6nb\u00f6z\u0151 ablakt\u00edpusokat, amelyek k\u00f6z\u00fcl v\u00e1laszthat:<\/p>\n\n\n\n<h3 class=\"wp-block-heading\">Jav\u00edtott ablakok<\/h3>\n\n\n\n<figure class=\"wp-block-image size-full\"><img fetchpriority=\"high\" decoding=\"async\" width=\"920\" height=\"600\" src=\"https:\/\/boswindor.com\/wp-content\/uploads\/2025\/08\/Fixed-Windows.jpg\" alt=\"\" class=\"wp-image-8390\" srcset=\"https:\/\/boswindor.com\/wp-content\/uploads\/2025\/08\/Fixed-Windows.jpg 920w, https:\/\/boswindor.com\/wp-content\/uploads\/2025\/08\/Fixed-Windows-300x196.jpg 300w, https:\/\/boswindor.com\/wp-content\/uploads\/2025\/08\/Fixed-Windows-768x501.jpg 768w, https:\/\/boswindor.com\/wp-content\/uploads\/2025\/08\/Fixed-Windows-18x12.jpg 18w\" sizes=\"(max-width: 920px) 100vw, 920px\" \/><figcaption class=\"wp-element-caption\">Jav\u00edtott ablakok<\/figcaption><\/figure>\n\n\n\n<p>A fix ablakok \u00e9s a panor\u00e1maablakok nem nyithat\u00f3k vagy z\u00e1rhat\u00f3k. Els\u0151sorban a zavartalan kil\u00e1t\u00e1st \u00e9s a term\u00e9szetes f\u00e9nyt biztos\u00edtj\u00e1k. Mivel nincsenek mozg\u00f3 alkatr\u00e9szeik, nagyon kev\u00e9s karbantart\u00e1st ig\u00e9nyelnek, \u00e9s energiahat\u00e9konyak.<\/p>\n\n\n\n<p>A fix ablakokat \u00e1ltal\u00e1ban nappalikban, folyos\u00f3kon \u00e9s m\u00e1s olyan helyeken haszn\u00e1lj\u00e1k, ahol kil\u00e1t\u00e1sra \u00e9s f\u00e9nyre van sz\u00fcks\u00e9g, de szell\u0151z\u00e9sre nincs sz\u00fcks\u00e9g.&nbsp;<\/p>\n\n\n\n<h3 class=\"wp-block-heading\">Tol\u00f3ablakok<\/h3>\n\n\n\n<div class=\"wp-block-columns is-layout-flex wp-container-core-columns-is-layout-28f84493 wp-block-columns-is-layout-flex\">\n<div class=\"wp-block-column is-layout-flow wp-block-column-is-layout-flow\">\n<figure class=\"wp-block-image size-large\"><img decoding=\"async\" width=\"768\" height=\"1024\" src=\"https:\/\/boswindor.com\/wp-content\/uploads\/2025\/08\/Aluminum-Sliding-Windows-1-768x1024.jpg\" alt=\"\" class=\"wp-image-8392\" srcset=\"https:\/\/boswindor.com\/wp-content\/uploads\/2025\/08\/Aluminum-Sliding-Windows-1-768x1024.jpg 768w, https:\/\/boswindor.com\/wp-content\/uploads\/2025\/08\/Aluminum-Sliding-Windows-1-225x300.jpg 225w, https:\/\/boswindor.com\/wp-content\/uploads\/2025\/08\/Aluminum-Sliding-Windows-1-1152x1536.jpg 1152w, https:\/\/boswindor.com\/wp-content\/uploads\/2025\/08\/Aluminum-Sliding-Windows-1-1536x2048.jpg 1536w, https:\/\/boswindor.com\/wp-content\/uploads\/2025\/08\/Aluminum-Sliding-Windows-1-9x12.jpg 9w, https:\/\/boswindor.com\/wp-content\/uploads\/2025\/08\/Aluminum-Sliding-Windows-1.jpg 1728w\" sizes=\"(max-width: 768px) 100vw, 768px\" \/><figcaption class=\"wp-element-caption\">Alum\u00ednium tol\u00f3ablakok<\/figcaption><\/figure>\n<\/div>\n\n\n\n<div class=\"wp-block-column is-layout-flow wp-block-column-is-layout-flow\">\n<figure class=\"wp-block-image size-large\"><img decoding=\"async\" width=\"768\" height=\"1024\" src=\"https:\/\/boswindor.com\/wp-content\/uploads\/2025\/08\/Aluminum-Sliding-Windows-2-768x1024.jpg\" alt=\"\" class=\"wp-image-8393\" srcset=\"https:\/\/boswindor.com\/wp-content\/uploads\/2025\/08\/Aluminum-Sliding-Windows-2-768x1024.jpg 768w, https:\/\/boswindor.com\/wp-content\/uploads\/2025\/08\/Aluminum-Sliding-Windows-2-225x300.jpg 225w, https:\/\/boswindor.com\/wp-content\/uploads\/2025\/08\/Aluminum-Sliding-Windows-2-9x12.jpg 9w, https:\/\/boswindor.com\/wp-content\/uploads\/2025\/08\/Aluminum-Sliding-Windows-2.jpg 1080w\" sizes=\"(max-width: 768px) 100vw, 768px\" \/><figcaption class=\"wp-element-caption\">Alum\u00ednium tol\u00f3ablakok<\/figcaption><\/figure>\n<\/div>\n<\/div>\n\n\n\n<p>Az ilyen t\u00edpus\u00fa ablakok v\u00edzszintes ablakok, amelyek v\u00edzszintes s\u00edneken ny\u00edlnak \u00e9s z\u00e1r\u00f3dnak. Nagyon k\u00f6nnyen haszn\u00e1lhat\u00f3k, \u00e9s mindent tudnak, aminek egy ablaknak lennie kell, ha a leng\u0151ablakok t\u00fal sok helyet foglalnak el egy adott ter\u00fcleten. <a href=\"https:\/\/boswindor.com\/hu\/windows-types\/aluminum-sliding-window\/\" target=\"_blank\" rel=\"noreferrer noopener\">Tol\u00f3ablakok<\/a> nyitott \u00e1llapotban sz\u00e9les, akad\u00e1lytalan kil\u00e1t\u00e1st biztos\u00edt minden ir\u00e1nyba.<\/p>\n\n\n\n<p>Emellett j\u00f3 szell\u0151z\u00e9st is biztos\u00edtanak. A tol\u00f3ablakok gyakran megtal\u00e1lhat\u00f3k a modern otthonokban, irod\u00e1kban \u00e9s lak\u00e1sokban.&nbsp;<\/p>\n\n\n\n<h3 class=\"wp-block-heading\">Forg\u00f3ablakok&nbsp;<\/h3>\n\n\n\n<div class=\"wp-block-columns is-layout-flex wp-container-core-columns-is-layout-28f84493 wp-block-columns-is-layout-flex\">\n<div class=\"wp-block-column is-layout-flow wp-block-column-is-layout-flow\">\n<figure class=\"wp-block-image size-full\"><img loading=\"lazy\" decoding=\"async\" width=\"600\" height=\"800\" src=\"https:\/\/boswindor.com\/wp-content\/uploads\/2025\/08\/Pivoted-Windows.jpg\" alt=\"\" class=\"wp-image-8395\" srcset=\"https:\/\/boswindor.com\/wp-content\/uploads\/2025\/08\/Pivoted-Windows.jpg 600w, https:\/\/boswindor.com\/wp-content\/uploads\/2025\/08\/Pivoted-Windows-225x300.jpg 225w, https:\/\/boswindor.com\/wp-content\/uploads\/2025\/08\/Pivoted-Windows-9x12.jpg 9w\" sizes=\"(max-width: 600px) 100vw, 600px\" \/><figcaption class=\"wp-element-caption\">Forg\u00f3ablakok&nbsp;<\/figcaption><\/figure>\n<\/div>\n\n\n\n<div class=\"wp-block-column is-layout-flow wp-block-column-is-layout-flow\">\n<figure class=\"wp-block-image size-full\"><img loading=\"lazy\" decoding=\"async\" width=\"600\" height=\"800\" src=\"https:\/\/boswindor.com\/wp-content\/uploads\/2025\/08\/Pivot-Windows.jpg\" alt=\"\" class=\"wp-image-8396\" srcset=\"https:\/\/boswindor.com\/wp-content\/uploads\/2025\/08\/Pivot-Windows.jpg 600w, https:\/\/boswindor.com\/wp-content\/uploads\/2025\/08\/Pivot-Windows-225x300.jpg 225w, https:\/\/boswindor.com\/wp-content\/uploads\/2025\/08\/Pivot-Windows-9x12.jpg 9w\" sizes=\"(max-width: 600px) 100vw, 600px\" \/><figcaption class=\"wp-element-caption\">Forg\u00f3ablakok&nbsp;<\/figcaption><\/figure>\n<\/div>\n<\/div>\n\n\n\n<p>A forg\u00f3ablakok abban k\u00fcl\u00f6nb\u00f6znek, hogy v\u00edzszintesen vagy f\u00fcgg\u0151legesen a k\u00f6z\u00e9ppontjukt\u00f3l elfordulnak oly m\u00f3don, hogy nem oldalr\u00f3l ny\u00edlnak, mint egy hagyom\u00e1nyos ablak.<\/p>\n\n\n\n<p>B\u00e1r egyes billen\u0151ablakok r\u00f6gz\u00edtettek \u00e9s nem cs\u00fasznak el, a tervez\u0151nek figyelembe kell vennie a be\u00e9p\u00edt\u00e9s k\u00f6lts\u00e9g\/haszon hat\u00e1s\u00e1t a billen\u0151 \u00e9s a zsan\u00e9r k\u00f6z\u00f6tt.<\/p>\n\n\n\n<p>A billen\u0151 ablakok sokkal jobban szab\u00e1lyozhatj\u00e1k a szell\u0151z\u00e9s m\u00e9rt\u00e9k\u00e9t, tiszt\u00edt\u00e1shoz pedig az eg\u00e9sz egys\u00e9g teljesen vagy r\u00e9szben elforgathat\u00f3.<\/p>\n\n\n\n<h3 class=\"wp-block-heading\">K\u00e9tsz\u00e1rny\u00fa ablakok<\/h3>\n\n\n\n<div class=\"wp-block-columns is-layout-flex wp-container-core-columns-is-layout-28f84493 wp-block-columns-is-layout-flex\">\n<div class=\"wp-block-column is-layout-flow wp-block-column-is-layout-flow\">\n<figure class=\"wp-block-image size-large\"><img loading=\"lazy\" decoding=\"async\" width=\"768\" height=\"1024\" src=\"https:\/\/boswindor.com\/wp-content\/uploads\/2025\/07\/Double-Hung-Windows-Project-4-768x1024.jpg\" alt=\"\" class=\"wp-image-7327\" srcset=\"https:\/\/boswindor.com\/wp-content\/uploads\/2025\/07\/Double-Hung-Windows-Project-4-768x1024.jpg 768w, https:\/\/boswindor.com\/wp-content\/uploads\/2025\/07\/Double-Hung-Windows-Project-4-225x300.jpg 225w, https:\/\/boswindor.com\/wp-content\/uploads\/2025\/07\/Double-Hung-Windows-Project-4-9x12.jpg 9w, https:\/\/boswindor.com\/wp-content\/uploads\/2025\/07\/Double-Hung-Windows-Project-4.jpg 800w\" sizes=\"(max-width: 768px) 100vw, 768px\" \/><figcaption class=\"wp-element-caption\">K\u00e9tsz\u00e1rny\u00fa ablakok<\/figcaption><\/figure>\n<\/div>\n\n\n\n<div class=\"wp-block-column is-layout-flow wp-block-column-is-layout-flow\">\n<figure class=\"wp-block-image size-full\"><img loading=\"lazy\" decoding=\"async\" width=\"600\" height=\"800\" src=\"https:\/\/boswindor.com\/wp-content\/uploads\/2025\/06\/What-Exactly-is-a-Double-Hung-Window-1-1.jpg\" alt=\"\" class=\"wp-image-7210\" srcset=\"https:\/\/boswindor.com\/wp-content\/uploads\/2025\/06\/What-Exactly-is-a-Double-Hung-Window-1-1.jpg 600w, https:\/\/boswindor.com\/wp-content\/uploads\/2025\/06\/What-Exactly-is-a-Double-Hung-Window-1-1-225x300.jpg 225w, https:\/\/boswindor.com\/wp-content\/uploads\/2025\/06\/What-Exactly-is-a-Double-Hung-Window-1-1-9x12.jpg 9w\" sizes=\"(max-width: 600px) 100vw, 600px\" \/><figcaption class=\"wp-element-caption\">K\u00e9tsz\u00e1rny\u00fa ablakok<\/figcaption><\/figure>\n<\/div>\n<\/div>\n\n\n\n<p><a href=\"https:\/\/boswindor.com\/hu\/windows-types\/double-hung-window\/\" target=\"_blank\" rel=\"noreferrer noopener\">K\u00e9tsz\u00e1rny\u00fa ablakok<\/a> olyan ablakkeretek, amelyek f\u00fcgg\u0151legesen ny\u00edlnak, k\u00e9t sz\u00e1rny seg\u00edts\u00e9g\u00e9vel. Mivel mind az als\u00f3, mind a fels\u0151 sz\u00e1rny nyithat\u00f3, fel\u00fclr\u0151l vagy alulr\u00f3l is lehet\u0151s\u00e9g van szell\u0151z\u00e9sre, \u00e9s a h\u00e1zon bel\u00fcl is k\u00f6nnyen tiszt\u00edthat\u00f3k.<\/p>\n\n\n\n<p>A hagyom\u00e1nyos otthonok alapvet\u0151 ablakst\u00edlusa, a k\u00e9tsz\u00e1rny\u00fa ablakok is el\u00e9g sokoldal\u00faak ahhoz, hogy modern diz\u00e1jnnal is m\u0171k\u00f6djenek.<\/p>\n\n\n\n<h3 class=\"wp-block-heading\">Lamell\u00e1s ablakok<\/h3>\n\n\n\n<div class=\"wp-block-columns is-layout-flex wp-container-core-columns-is-layout-28f84493 wp-block-columns-is-layout-flex\">\n<div class=\"wp-block-column is-layout-flow wp-block-column-is-layout-flow\">\n<figure class=\"wp-block-image size-large\"><img loading=\"lazy\" decoding=\"async\" width=\"768\" height=\"1024\" src=\"https:\/\/boswindor.com\/wp-content\/uploads\/2025\/07\/Jalousie-Windows-Projects-2-768x1024.jpg\" alt=\"\" class=\"wp-image-7494\" srcset=\"https:\/\/boswindor.com\/wp-content\/uploads\/2025\/07\/Jalousie-Windows-Projects-2-768x1024.jpg 768w, https:\/\/boswindor.com\/wp-content\/uploads\/2025\/07\/Jalousie-Windows-Projects-2-225x300.jpg 225w, https:\/\/boswindor.com\/wp-content\/uploads\/2025\/07\/Jalousie-Windows-Projects-2-1152x1536.jpg 1152w, https:\/\/boswindor.com\/wp-content\/uploads\/2025\/07\/Jalousie-Windows-Projects-2-9x12.jpg 9w, https:\/\/boswindor.com\/wp-content\/uploads\/2025\/07\/Jalousie-Windows-Projects-2.jpg 1440w\" sizes=\"(max-width: 768px) 100vw, 768px\" \/><figcaption class=\"wp-element-caption\">Lamell\u00e1s ablakok<\/figcaption><\/figure>\n<\/div>\n\n\n\n<div class=\"wp-block-column is-layout-flow wp-block-column-is-layout-flow\">\n<figure class=\"wp-block-image size-large\"><img loading=\"lazy\" decoding=\"async\" width=\"768\" height=\"1024\" src=\"https:\/\/boswindor.com\/wp-content\/uploads\/2025\/07\/Jalousie-Windows-Projects-6-768x1024.jpg\" alt=\"\" class=\"wp-image-7498\" srcset=\"https:\/\/boswindor.com\/wp-content\/uploads\/2025\/07\/Jalousie-Windows-Projects-6-768x1024.jpg 768w, https:\/\/boswindor.com\/wp-content\/uploads\/2025\/07\/Jalousie-Windows-Projects-6-225x300.jpg 225w, https:\/\/boswindor.com\/wp-content\/uploads\/2025\/07\/Jalousie-Windows-Projects-6-9x12.jpg 9w, https:\/\/boswindor.com\/wp-content\/uploads\/2025\/07\/Jalousie-Windows-Projects-6.jpg 810w\" sizes=\"(max-width: 768px) 100vw, 768px\" \/><figcaption class=\"wp-element-caption\">Lamell\u00e1s ablakok<\/figcaption><\/figure>\n<\/div>\n<\/div>\n\n\n\n<p>T\u00f6bb v\u00edzszintes l\u00e9cb\u0151l \u00e1llnak, \u00e1ltal\u00e1ban \u00fcvegb\u0151l, f\u00e9mb\u0151l, f\u00e1b\u00f3l vagy m\u0171anyag keretb\u0151l. A l\u00e9cek elforgathat\u00f3k egy adott sz\u00f6gben a nyit\u00e1s vagy z\u00e1r\u00e1s \u00e9rdek\u00e9ben. A lamell\u00e1s ablakok kiv\u00e1l\u00f3an alkalmasak a szell\u0151z\u00e9sre \u00e9s a mag\u00e1n\u00e9let v\u00e9delm\u00e9re.<\/p>\n\n\n\n<p>K\u00f6nnyed\u00e9n engedik be a f\u00e9nyt \u00e9s a friss leveg\u0151t ferd\u00e9n, mik\u00f6zben \u00e1rny\u00e9kot adnak, vagy t\u00e1vol tartj\u00e1k az es\u0151t. Gyakran haszn\u00e1lj\u00e1k f\u00fcrd\u0151szob\u00e1kban vagy a konyhai mosogat\u00f3 felett.<\/p>\n\n\n\n<h3 class=\"wp-block-heading\">Ablakok<\/h3>\n\n\n\n<div class=\"wp-block-columns is-layout-flex wp-container-core-columns-is-layout-28f84493 wp-block-columns-is-layout-flex\">\n<div class=\"wp-block-column is-layout-flow wp-block-column-is-layout-flow\">\n<figure class=\"wp-block-image size-large\"><img loading=\"lazy\" decoding=\"async\" width=\"768\" height=\"1024\" src=\"https:\/\/boswindor.com\/wp-content\/uploads\/2025\/08\/Casement-Windows-1-768x1024.jpg\" alt=\"\" class=\"wp-image-8400\" srcset=\"https:\/\/boswindor.com\/wp-content\/uploads\/2025\/08\/Casement-Windows-1-768x1024.jpg 768w, https:\/\/boswindor.com\/wp-content\/uploads\/2025\/08\/Casement-Windows-1-225x300.jpg 225w, https:\/\/boswindor.com\/wp-content\/uploads\/2025\/08\/Casement-Windows-1-1152x1536.jpg 1152w, https:\/\/boswindor.com\/wp-content\/uploads\/2025\/08\/Casement-Windows-1-1536x2048.jpg 1536w, https:\/\/boswindor.com\/wp-content\/uploads\/2025\/08\/Casement-Windows-1-9x12.jpg 9w, https:\/\/boswindor.com\/wp-content\/uploads\/2025\/08\/Casement-Windows-1-scaled.jpg 1920w\" sizes=\"(max-width: 768px) 100vw, 768px\" \/><figcaption class=\"wp-element-caption\">Ablakok<\/figcaption><\/figure>\n<\/div>\n\n\n\n<div class=\"wp-block-column is-layout-flow wp-block-column-is-layout-flow\">\n<figure class=\"wp-block-image size-large\"><img loading=\"lazy\" decoding=\"async\" width=\"768\" height=\"1024\" src=\"https:\/\/boswindor.com\/wp-content\/uploads\/2025\/08\/Casement-Windows-2-768x1024.jpg\" alt=\"\" class=\"wp-image-8401\" srcset=\"https:\/\/boswindor.com\/wp-content\/uploads\/2025\/08\/Casement-Windows-2-768x1024.jpg 768w, https:\/\/boswindor.com\/wp-content\/uploads\/2025\/08\/Casement-Windows-2-225x300.jpg 225w, https:\/\/boswindor.com\/wp-content\/uploads\/2025\/08\/Casement-Windows-2-1152x1536.jpg 1152w, https:\/\/boswindor.com\/wp-content\/uploads\/2025\/08\/Casement-Windows-2-1536x2048.jpg 1536w, https:\/\/boswindor.com\/wp-content\/uploads\/2025\/08\/Casement-Windows-2-9x12.jpg 9w, https:\/\/boswindor.com\/wp-content\/uploads\/2025\/08\/Casement-Windows-2-scaled.jpg 1920w\" sizes=\"(max-width: 768px) 100vw, 768px\" \/><figcaption class=\"wp-element-caption\">Ablakok<\/figcaption><\/figure>\n<\/div>\n<\/div>\n\n\n\n<p>Egy <a href=\"https:\/\/boswindor.com\/hu\/windows-types\/casement-window\/\">tokos ablak<\/a> Az egyik oldalon zsan\u00e9ros (mint egy ajt\u00f3), \u00e9s teker\u0151karral vagy karral kifel\u00e9 ny\u00edlik. A tokos ablakok maxim\u00e1lis szell\u0151z\u00e9st biztos\u00edtanak, mivel a teljes ablakt\u00e1bla kiny\u00edlhat, \u00e9s ha a ny\u00edl\u00e1s nagyobb lenne, mint a panel, akkor a tokos ablak kinyithat\u00f3, hogy friss leveg\u0151 jusson be a helyis\u00e9gbe.\u00a0<\/p>\n\n\n\n<p>\u00c9rdekes m\u00f3don a tokos ablakok olyan sz\u00e1rnyal rendelkeznek, amely z\u00e1r\u00e1skor teljesen t\u00f6m\u00edt\u0151. Ez t\u00f6m\u00edtett szell\u0151z\u00e9st \u00e9s n\u00e9mi hangszigetel\u00e9st is biztos\u00edt.&nbsp;<\/p>\n\n\n\n<p>A tokos ablakok sok modern otthonban n\u00e9pszer\u0171ek, mivel maximaliz\u00e1lj\u00e1k a funkcionalit\u00e1st, mik\u00f6zben meg\u0151rzik az egyszer\u0171 profilt. A tokos ablakokat \u00e1ltal\u00e1ban olyan helyeken haszn\u00e1lj\u00e1k, ahol a legjobb kil\u00e1t\u00e1sra van sz\u00fcks\u00e9g akad\u00e1lymentesen, \u00e9s ahol a funkcionalit\u00e1s \u00e9s a k\u00f6nny\u0171 kezelhet\u0151s\u00e9g sz\u00e1m\u00edt.<\/p>\n\n\n\n<h3 class=\"wp-block-heading\">F\u00e9m ablakok<\/h3>\n\n\n\n<p>Az ilyen t\u00edpus\u00fa ablakok f\u00e9mkeretb\u0151l k\u00e9sz\u00fclnek, amely lehet ac\u00e9l vagy alum\u00ednium. A f\u00e9mkeretek kevesebb anyagot haszn\u00e1lnak, mint a fakeretek, \u00edgy t\u00f6bb \u00fcveg l\u00e1that\u00f3, ami nagyobb f\u00e9nyer\u0151t \u00e9s jobb megvil\u00e1g\u00edt\u00e1st jelent az \u00e9p\u00fcletben.&nbsp;<\/p>\n\n\n\n<p>A f\u00e9m ablakkeretek ellen\u00e1llnak a rothad\u00e1snak \u00e9s a termeszek fert\u0151z\u00e9s\u00e9nek, ami a hossz\u00fa t\u00e1v\u00fa funkcion\u00e1lis haszn\u00e1lat sor\u00e1n relev\u00e1ns lehet.&nbsp;<\/p>\n\n\n\n<p>Az alum\u00ednium ablakok k\u00f6nny\u0171ek, ellen\u00e1llnak a korr\u00f3zi\u00f3nak \u00e9s a rozsd\u00e1nak, \u00e9s tetsz\u0151leges sz\u00ednekkel porfesthet\u0151k, \u00edgy b\u00e1rmilyen \u00e9p\u00fclet st\u00edlus\u00e1hoz illeszkednek.&nbsp;<\/p>\n\n\n\n<h3 class=\"wp-block-heading\">Ablaksz\u00e1rnyak<\/h3>\n\n\n\n<div class=\"wp-block-columns is-layout-flex wp-container-core-columns-is-layout-28f84493 wp-block-columns-is-layout-flex\">\n<div class=\"wp-block-column is-layout-flow wp-block-column-is-layout-flow\">\n<figure class=\"wp-block-image size-full\"><img loading=\"lazy\" decoding=\"async\" width=\"600\" height=\"800\" src=\"https:\/\/boswindor.com\/wp-content\/uploads\/2025\/08\/Sash-Windows-1.jpg\" alt=\"\" class=\"wp-image-8403\" srcset=\"https:\/\/boswindor.com\/wp-content\/uploads\/2025\/08\/Sash-Windows-1.jpg 600w, https:\/\/boswindor.com\/wp-content\/uploads\/2025\/08\/Sash-Windows-1-225x300.jpg 225w, https:\/\/boswindor.com\/wp-content\/uploads\/2025\/08\/Sash-Windows-1-9x12.jpg 9w\" sizes=\"(max-width: 600px) 100vw, 600px\" \/><figcaption class=\"wp-element-caption\">Ablaksz\u00e1rnyak<\/figcaption><\/figure>\n<\/div>\n\n\n\n<div class=\"wp-block-column is-layout-flow wp-block-column-is-layout-flow\">\n<figure class=\"wp-block-image size-full\"><img loading=\"lazy\" decoding=\"async\" width=\"600\" height=\"800\" src=\"https:\/\/boswindor.com\/wp-content\/uploads\/2025\/08\/Sash-Windows-2.jpg\" alt=\"\" class=\"wp-image-8404\" srcset=\"https:\/\/boswindor.com\/wp-content\/uploads\/2025\/08\/Sash-Windows-2.jpg 600w, https:\/\/boswindor.com\/wp-content\/uploads\/2025\/08\/Sash-Windows-2-225x300.jpg 225w, https:\/\/boswindor.com\/wp-content\/uploads\/2025\/08\/Sash-Windows-2-9x12.jpg 9w\" sizes=\"(max-width: 600px) 100vw, 600px\" \/><figcaption class=\"wp-element-caption\">Ablaksz\u00e1rnyak<\/figcaption><\/figure>\n<\/div>\n<\/div>\n\n\n\n<p>A tol\u00f3ablakok \u00fcvegt\u00e1bl\u00e1ja fel \u00e9s le, illetve oldalir\u00e1nyban is mozgathat\u00f3. A leggyakoribb kialak\u00edt\u00e1s a k\u00e9tsz\u00e1rny\u00fa tol\u00f3ablak, amelynek als\u00f3 \u00e9s fels\u0151 sz\u00e1rnya egym\u00e1st\u00f3l f\u00fcggetlen\u00fcl mozog a jobb l\u00e9g\u00e1raml\u00e1s \u00e9rdek\u00e9ben.<\/p>\n\n\n\n<p>A tol\u00f3ablakok jellemz\u0151en sok otthonban hagyom\u00e1nyos v\u00e1laszt\u00e1snak sz\u00e1m\u00edtottak, \u00e9s nagyon gyakran megtal\u00e1lhat\u00f3k klasszikus vagy gyarmati st\u00edlus\u00fa otthonokban \u00e9s \u00e9p\u00edt\u00e9szeti tervekben.&nbsp;&nbsp;<\/p>\n\n\n\n<p>A tol\u00f3ablakok energiatakar\u00e9koss\u00e1gi tan\u00fas\u00edtv\u00e1nnyal rendelkeznek, megfelelnek a nemzeti ny\u00edl\u00e1sz\u00e1r\u00f3-min\u0151s\u00edt\u0151 tan\u00e1cs \u00e1ltal el\u0151\u00edrt szabv\u00e1nynak. Id\u0151tlens\u00e9g\u00fckr\u0151l \u00e9s praktikuss\u00e1gukr\u00f3l ismertek, amelyek sz\u00e9ps\u00e9get k\u00f6lcs\u00f6n\u00f6znek a r\u00e9gi \u00e9s az \u00faj otthonoknak egyar\u00e1nt.&nbsp;&nbsp;<\/p>\n\n\n\n<h3 class=\"wp-block-heading\">Napellenz\u0151 ablakok<\/h3>\n\n\n\n<div class=\"wp-block-columns is-layout-flex wp-container-core-columns-is-layout-28f84493 wp-block-columns-is-layout-flex\">\n<div class=\"wp-block-column is-layout-flow wp-block-column-is-layout-flow\">\n<figure class=\"wp-block-image size-full\"><img loading=\"lazy\" decoding=\"async\" width=\"600\" height=\"800\" src=\"https:\/\/boswindor.com\/wp-content\/uploads\/2025\/08\/Awning-Windows-1.jpg\" alt=\"\" class=\"wp-image-8406\" srcset=\"https:\/\/boswindor.com\/wp-content\/uploads\/2025\/08\/Awning-Windows-1.jpg 600w, https:\/\/boswindor.com\/wp-content\/uploads\/2025\/08\/Awning-Windows-1-225x300.jpg 225w, https:\/\/boswindor.com\/wp-content\/uploads\/2025\/08\/Awning-Windows-1-9x12.jpg 9w\" sizes=\"(max-width: 600px) 100vw, 600px\" \/><figcaption class=\"wp-element-caption\">Napellenz\u0151 ablakok<\/figcaption><\/figure>\n<\/div>\n\n\n\n<div class=\"wp-block-column is-layout-flow wp-block-column-is-layout-flow\">\n<figure class=\"wp-block-image size-full\"><img loading=\"lazy\" decoding=\"async\" width=\"600\" height=\"800\" src=\"https:\/\/boswindor.com\/wp-content\/uploads\/2025\/08\/Awning-Windows-2.jpg\" alt=\"\" class=\"wp-image-8407\" srcset=\"https:\/\/boswindor.com\/wp-content\/uploads\/2025\/08\/Awning-Windows-2.jpg 600w, https:\/\/boswindor.com\/wp-content\/uploads\/2025\/08\/Awning-Windows-2-225x300.jpg 225w, https:\/\/boswindor.com\/wp-content\/uploads\/2025\/08\/Awning-Windows-2-9x12.jpg 9w\" sizes=\"(max-width: 600px) 100vw, 600px\" \/><figcaption class=\"wp-element-caption\">Napellenz\u0151 ablakok<\/figcaption><\/figure>\n<\/div>\n<\/div>\n\n\n\n<p><a href=\"https:\/\/boswindor.com\/hu\/windows-types\/awning\/\" target=\"_blank\" rel=\"noreferrer noopener\">Napellenz\u0151 ablakok<\/a> Fel\u00fclr\u0151l zsan\u00e9rozhat\u00f3k \u00e9s alulr\u00f3l ny\u00edlnak, \u00edgy es\u0151 eset\u00e9n is biztos\u00edtj\u00e1k a szell\u0151z\u00e9st, \u00edgy nagyszer\u0171ek f\u00fcrd\u0151szob\u00e1kban, konyh\u00e1kban \u00e9s m\u00e1s olyan helyeken, ahol es\u0151 n\u00e9lk\u00fcl kell szell\u0151zni.<\/p>\n\n\n\n<p>Energiatakar\u00e9kos ablakok is, \u00e9s megfelel\u0151 mag\u00e1n\u00e9letet biztos\u00edtanak, mivel falra akasztva magasabbra helyezhet\u0151k.&nbsp;<\/p>\n\n\n\n<h3 class=\"wp-block-heading\">Egysz\u00e1rny\u00fa ablakok<\/h3>\n\n\n\n<p>Az egysz\u00e1rny\u00fa ablakoknak k\u00e9t sz\u00e1rnyuk van. Azonban csak az als\u00f3 sz\u00e1rny mozgathat\u00f3 fel \u00e9s le. A fels\u0151 sz\u00e1rny r\u00f6gz\u00edtett marad.<\/p>\n\n\n\n<p>K\u00f6nnyen kezelhet\u0151k, a legk\u00f6lts\u00e9ghat\u00e9konyabb st\u00edlus\u00faak k\u00f6z\u00e9 tartoznak, \u00e9s energiatakar\u00e9kos ablakokkal rendelkeznek. Mivel semmi sem cs\u00faszik el m\u00f6g\u00f6tt\u00fck, kevesebb a sz\u0171k \u00e1tj\u00e1r\u00f3, \u00edgy energiatakar\u00e9kos megold\u00e1st jelentenek.<\/p>\n\n\n\n<p>Kev\u00e9sb\u00e9 bonyolult nyit\u00f3- \u00e9s z\u00e1r\u00f3rendszer\u00fcknek k\u00f6sz\u00f6nhet\u0151en kisebb a kop\u00e1suk, ami kevesebb karbantart\u00e1st ig\u00e9nyel.&nbsp;<\/p>\n\n\n\n<h3 class=\"wp-block-heading\">\u00cdves ablakok<\/h3>\n\n\n\n<figure class=\"wp-block-image size-large\"><img loading=\"lazy\" decoding=\"async\" width=\"1024\" height=\"536\" src=\"https:\/\/boswindor.com\/wp-content\/uploads\/2024\/12\/Bay-Window-vs-Bow-Window-1-1024x536.jpg\" alt=\"\" class=\"wp-image-900\" srcset=\"https:\/\/boswindor.com\/wp-content\/uploads\/2024\/12\/Bay-Window-vs-Bow-Window-1-1024x536.jpg 1024w, https:\/\/boswindor.com\/wp-content\/uploads\/2024\/12\/Bay-Window-vs-Bow-Window-1-300x157.jpg 300w, https:\/\/boswindor.com\/wp-content\/uploads\/2024\/12\/Bay-Window-vs-Bow-Window-1-768x402.jpg 768w, https:\/\/boswindor.com\/wp-content\/uploads\/2024\/12\/Bay-Window-vs-Bow-Window-1-18x9.jpg 18w, https:\/\/boswindor.com\/wp-content\/uploads\/2024\/12\/Bay-Window-vs-Bow-Window-1.jpg 1200w\" sizes=\"(max-width: 1024px) 100vw, 1024px\" \/><\/figure>\n\n\n\n<p>A kiugr\u00f3 ablakok egy enyhe, kifel\u00e9 \u00edvelt ablakb\u00f3l \u00e1llnak, amely n\u00e9gy vagy t\u00f6bb, \u00f6sszekapcsolt ablakt\u00e1bl\u00e1t tartalmaz. A kiugr\u00f3 ablakok maxim\u00e1lis \u00fcvegfel\u00fcletet tesznek lehet\u0151v\u00e9, ami sz\u00e9lesebb, eleg\u00e1nsabb kil\u00e1t\u00e1st biztos\u00edt \u2013 \u00e9s rengeteg napf\u00e9nyt enged be, t\u00e1gasabb \u00e9rzetet keltve a helyis\u00e9gben.<\/p>\n\n\n\n<p>A t\u00f6bb panel t\u00f6bb term\u00e9szetes f\u00e9nyt biztos\u00edt. A kiugr\u00f3 ablakok gyakran tal\u00e1lhat\u00f3k a nappaliban vagy a h\u00e1l\u00f3szob\u00e1kban, hogy st\u00edlust \u00e9s nagyobb teret adjanak.<\/p>\n\n\n\n<h3 class=\"wp-block-heading\">Kiugr\u00f3 ablakok<\/h3>\n\n\n\n<p><a target=\"_blank\" rel=\"noreferrer noopener\" href=\"https:\/\/boswindor.com\/hu\/bay-window-vs-garden-window-best-option-for-your-home\/\">Kiugr\u00f3 ablakok<\/a> Az \u00e9p\u00fclet f\u0151 falain t\u00falny\u00fal\u00f3 ablakok egy kis, hangulatos zugot \u00e9s tov\u00e1bbi bels\u0151 teret hoznak l\u00e9tre. Az \u00f6b\u00f6l ablakai jellemz\u0151en h\u00e1rom vagy t\u00f6bb, az \u00e9p\u00fclett\u0151l elfel\u00e9 n\u00e9z\u0151 panelb\u0151l \u00e1llnak, ami extra f\u00e9nyt \u00e9s panor\u00e1m\u00e1s kil\u00e1t\u00e1st biztos\u00edt.<\/p>\n\n\n\n<p>Az \u00f6b\u00f6lablakok gyakran tal\u00e1lhat\u00f3k nappalikban vagy \u00e9tkez\u0151kben, mivel mindkett\u0151 st\u00edlust k\u00f6lcs\u00f6n\u00f6z, \u00e9s extra teret biztos\u00edt.<\/p>\n\n\n<style>.elementor-2365 .elementor-element.elementor-element-3666e33{margin-top:20px;margin-bottom:20px;}.elementor-2365 .elementor-element.elementor-element-0fc0e23 .elementor-cta__content{min-height:100px;text-align:center;}.elementor-2365 .elementor-element.elementor-element-0fc0e23 .elementor-cta__title{font-size:32px;}.elementor-2365 .elementor-element.elementor-element-0fc0e23 .elementor-cta__description{font-size:20px;}.elementor-2365 .elementor-element.elementor-element-0fc0e23 .elementor-cta__button{background-color:var( --e-global-color-primary );border-color:var( --e-global-color-7fada61e );}.elementor-2365 .elementor-element.elementor-element-0fc0e23 .elementor-cta__button:hover{color:var( --e-global-color-secondary );border-color:var( --e-global-color-secondary );}.elementor-2365 .elementor-element.elementor-element-0fc0e23 .elementor-cta .elementor-cta__bg, .elementor-2365 .elementor-element.elementor-element-0fc0e23 .elementor-cta .elementor-cta__bg-overlay{transition-duration:1500ms;}.elementor-2365 .elementor-element.elementor-element-0fc0e23 > .elementor-widget-container{box-shadow:0px 0px 10px 0px rgba(0,0,0,0.5);}@media(max-width:767px){.elementor-2365 .elementor-element.elementor-element-0fc0e23 .elementor-cta__content{min-height:100px;text-align:center;}}<\/style>\t\t<div data-elementor-type=\"container\" data-elementor-id=\"2365\" class=\"elementor elementor-2365\" data-elementor-settings=\"{&quot;ha_cmc_init_switcher&quot;:&quot;no&quot;}\" data-elementor-post-type=\"elementor_library\">\n\t\t\t\t\t\t<section class=\"elementor-section elementor-top-section elementor-element elementor-element-3666e33 ct-section-stretched elementor-section-boxed elementor-section-height-default elementor-section-height-default\" data-id=\"3666e33\" data-element_type=\"section\" data-e-type=\"section\" data-settings=\"{&quot;_ha_eqh_enable&quot;:false}\">\n\t\t\t\t\t\t<div class=\"elementor-container elementor-column-gap-default\">\n\t\t\t\t\t<div class=\"elementor-column elementor-col-100 elementor-top-column elementor-element elementor-element-250bb9c\" data-id=\"250bb9c\" data-element_type=\"column\" data-e-type=\"column\">\n\t\t\t<div class=\"elementor-widget-wrap elementor-element-populated\">\n\t\t\t\t\t\t<div class=\"elementor-element elementor-element-0fc0e23 elementor-cta--layout-image-right elementor-cta--mobile-layout-image-above elementor-cta--skin-classic elementor-animated-content elementor-bg-transform elementor-bg-transform-zoom-in elementor-widget elementor-widget-call-to-action\" data-id=\"0fc0e23\" data-element_type=\"widget\" data-e-type=\"widget\" data-widget_type=\"call-to-action.default\">\n\t\t\t\t<div class=\"elementor-widget-container\">\n\t\t\t\t\t\t\t<a class=\"elementor-cta\" href=\"https:\/\/boswindor.com\/hu\/contact-us\/\">\n\t\t\t\t\t<div class=\"elementor-cta__bg-wrapper\">\n\t\t\t\t<div class=\"elementor-cta__bg elementor-bg\" style=\"background-image: url(https:\/\/boswindor.com\/wp-content\/uploads\/2025\/02\/Aluminum-Window-Walls-for-Living-Room.jpg);\" role=\"img\" aria-label=\"Alum\u00ednium ablakfalak nappalihoz\"><\/div>\n\t\t\t\t<div class=\"elementor-cta__bg-overlay\"><\/div>\n\t\t\t<\/div>\n\t\t\t\t\t\t\t<div class=\"elementor-cta__content\">\n\t\t\t\t\n\t\t\t\t\t\t\t\t\t<h3 class=\"elementor-cta__title elementor-cta__content-item elementor-content-item\">\n\t\t\t\t\t\tBoswindor\t\t\t\t\t<\/h3>\n\t\t\t\t\n\t\t\t\t\t\t\t\t\t<div class=\"elementor-cta__description elementor-cta__content-item elementor-content-item\">\n\t\t\t\t\t\tA Boswindor teljes k\u00f6r\u0171 megold\u00e1sokat k\u00edn\u00e1l minden ablak- \u00e9s ajt\u00f3ig\u00e9ny\u00e9re, a kezdeti konzult\u00e1ci\u00f3t\u00f3l \u00e9s tervez\u00e9st\u0151l kezdve a gy\u00e1rt\u00e1son \u00e9s a kisz\u00e1ll\u00edt\u00e1son \u00e1t.\t\t\t\t\t<\/div>\n\t\t\t\t\n\t\t\t\t\t\t\t\t\t<div class=\"elementor-cta__button-wrapper elementor-cta__content-item elementor-content-item\">\n\t\t\t\t\t<span class=\"elementor-cta__button elementor-button elementor-size-\">\n\t\t\t\t\t\tK\u00c9RJEN \u00c1RAJ\u00c1NLATOT MOST\t\t\t\t\t<\/span>\n\t\t\t\t\t<\/div>\n\t\t\t\t\t\t\t<\/div>\n\t\t\t\t\t\t<\/a>\n\t\t\t\t\t\t<\/div>\n\t\t\t\t<\/div>\n\t\t\t\t\t<\/div>\n\t\t<\/div>\n\t\t\t\t\t<\/div>\n\t\t<\/section>\n\t\t\t\t<\/div>\n\t\t\n\n\n\n<h3 class=\"wp-block-heading\">Ventil\u00e1torok&nbsp;<\/h3>\n\n\n\n<p>Az ilyen t\u00edpus\u00fa ablakok \u00e1ltal\u00e1ban kis ny\u00edl\u00e1sok vagy kis ablakszerkezetek, amelyeket a f\u00e9ny helyett a leveg\u0151 keringet\u00e9s\u00e9re szerelnek be. A szell\u0151z\u0151ny\u00edl\u00e1sok lehet\u0151v\u00e9 teszik a leveg\u0151 mozg\u00e1s\u00e1t \u00e9s \u00e1raml\u00e1s\u00e1t.<\/p>\n\n\n\n<p>A szell\u0151z\u0151ny\u00edl\u00e1sok jellemz\u0151en ablakok, ajt\u00f3k f\u00f6l\u00e9 vagy a tet\u0151 szintj\u00e9re helyezhet\u0151k, hogy keringtess\u00e9k a leveg\u0151t, h\u0171v\u00f6sen tarts\u00e1k a t\u00e1rgyakat, vagy eloszlass\u00e1k a nedvess\u00e9get.<\/p>\n\n\n\n<p>A szell\u0151ztet\u0151k kulcsfontoss\u00e1g\u00faak a j\u00f3 leveg\u0151min\u0151s\u00e9g fenntart\u00e1s\u00e1ban otthon, vagy b\u00e1rmilyen ipari \u00e9p\u00edtett k\u00f6rnyezetben, vagy b\u00e1rmilyen t\u00edpus\u00fa nyitott t\u00e9rben.<\/p>\n\n\n\n<p>Tov\u00e1bbi ablakt\u00edpusok:<\/p>\n\n\n\n<ul class=\"wp-block-list\">\n<li>A f\u00e9lhold alak\u00fa ablakok eleg\u00e1ns \u00e9s egyedi diz\u00e1jnnal rendelkeznek.<\/li>\n\n\n\n<li>A fel\u00fclvil\u00e1g\u00edt\u00f3 ablakok ajt\u00f3k vagy m\u00e1s ablakok f\u00f6l\u00e9 is beilleszthet\u0151k, hogy biztos\u00edts\u00e1k a l\u00e9g\u00e1raml\u00e1st \u00e9s a term\u00e9szetes f\u00e9nyt a helyis\u00e9gben.<\/li>\n\n\n\n<li>A zsalug\u00e1terek v\u00edzszintes lamell\u00e1kkal rendelkeznek, amelyek tr\u00f3pusi b\u00e1jt \u00e9s szell\u0151z\u00e9st biztos\u00edtanak.<\/li>\n\n\n\n<li>Az \u00fcvegt\u00e9gla ablakok vastag t\u00f6mbb\u0151l k\u00e9sz\u00fclnek. Emellett biztos\u00edtj\u00e1k a mag\u00e1n\u00e9letet, mik\u00f6zben term\u00e9szetes f\u00e9nyt biztos\u00edtanak, a kerti ablakok pedig lehet\u0151v\u00e9 teszik a l\u00e9g\u00e1raml\u00e1st, mik\u00f6zben teret biztos\u00edtanak.<\/li>\n\n\n\n<li>A garat ablakai befel\u00e9 billennek, \u00edgy j\u00f3l alkalmasak a pincehelyis\u00e9gek l\u00e9g\u00e1raml\u00e1s\u00e1nak jav\u00edt\u00e1s\u00e1ra.<\/li>\n<\/ul>\n\n\n\n<h2 class=\"wp-block-heading\">Ablakt\u00edpusok kiv\u00e1laszt\u00e1si k\u00f6vetelm\u00e9nyei<\/h2>\n\n\n\n<figure class=\"wp-block-gallery has-nested-images columns-default is-cropped wp-block-gallery-1 is-layout-flex wp-block-gallery-is-layout-flex\">\n<figure class=\"wp-block-image size-large\"><img loading=\"lazy\" decoding=\"async\" width=\"375\" height=\"500\" data-id=\"8080\" src=\"https:\/\/boswindor.com\/wp-content\/uploads\/2025\/08\/Boswindor-with-Customers-1-rotated.jpg\" alt=\"\" class=\"wp-image-8080\" srcset=\"https:\/\/boswindor.com\/wp-content\/uploads\/2025\/08\/Boswindor-with-Customers-1-rotated.jpg 375w, https:\/\/boswindor.com\/wp-content\/uploads\/2025\/08\/Boswindor-with-Customers-1-225x300.jpg 225w, https:\/\/boswindor.com\/wp-content\/uploads\/2025\/08\/Boswindor-with-Customers-1-9x12.jpg 9w\" sizes=\"(max-width: 375px) 100vw, 375px\" \/><figcaption class=\"wp-element-caption\">Ausztr\u00e1l lakoss\u00e1gi projektek \u00fcgyfelei<\/figcaption><\/figure>\n\n\n\n<figure class=\"wp-block-image size-large\"><img loading=\"lazy\" decoding=\"async\" width=\"375\" height=\"500\" data-id=\"8079\" src=\"https:\/\/boswindor.com\/wp-content\/uploads\/2025\/08\/Boswindor-with-Customers-4-rotated.jpg\" alt=\"\" class=\"wp-image-8079\" srcset=\"https:\/\/boswindor.com\/wp-content\/uploads\/2025\/08\/Boswindor-with-Customers-4-rotated.jpg 375w, https:\/\/boswindor.com\/wp-content\/uploads\/2025\/08\/Boswindor-with-Customers-4-225x300.jpg 225w, https:\/\/boswindor.com\/wp-content\/uploads\/2025\/08\/Boswindor-with-Customers-4-9x12.jpg 9w\" sizes=\"(max-width: 375px) 100vw, 375px\" \/><figcaption class=\"wp-element-caption\">Ausztr\u00e1l lakoss\u00e1gi projektek \u00fcgyfelei<\/figcaption><\/figure>\n\n\n\n<figure class=\"wp-block-image size-large\"><img loading=\"lazy\" decoding=\"async\" width=\"281\" height=\"500\" data-id=\"8078\" src=\"https:\/\/boswindor.com\/wp-content\/uploads\/2025\/08\/Boswindor-with-Customers-3-rotated.jpg\" alt=\"\" class=\"wp-image-8078\" srcset=\"https:\/\/boswindor.com\/wp-content\/uploads\/2025\/08\/Boswindor-with-Customers-3-rotated.jpg 281w, https:\/\/boswindor.com\/wp-content\/uploads\/2025\/08\/Boswindor-with-Customers-3-169x300.jpg 169w, https:\/\/boswindor.com\/wp-content\/uploads\/2025\/08\/Boswindor-with-Customers-3-7x12.jpg 7w\" sizes=\"(max-width: 281px) 100vw, 281px\" \/><figcaption class=\"wp-element-caption\">Elef\u00e1ntcsontparti lak\u00f3\u00e9p\u00fclet-projekt \u00fcgyfele<\/figcaption><\/figure>\n\n\n\n<figure class=\"wp-block-image size-large\"><img loading=\"lazy\" decoding=\"async\" width=\"375\" height=\"500\" data-id=\"8077\" src=\"https:\/\/boswindor.com\/wp-content\/uploads\/2025\/08\/Boswindor-with-Customers-2-rotated.jpg\" alt=\"\" class=\"wp-image-8077\" srcset=\"https:\/\/boswindor.com\/wp-content\/uploads\/2025\/08\/Boswindor-with-Customers-2-rotated.jpg 375w, https:\/\/boswindor.com\/wp-content\/uploads\/2025\/08\/Boswindor-with-Customers-2-225x300.jpg 225w, https:\/\/boswindor.com\/wp-content\/uploads\/2025\/08\/Boswindor-with-Customers-2-9x12.jpg 9w\" sizes=\"(max-width: 375px) 100vw, 375px\" \/><figcaption class=\"wp-element-caption\">Ausztr\u00e1l kereskedelmi projekt \u00fcgyfelek<\/figcaption><\/figure>\n\n\n\n<figure class=\"wp-block-image size-large\"><img loading=\"lazy\" decoding=\"async\" width=\"768\" height=\"1024\" data-id=\"7820\" src=\"https:\/\/boswindor.com\/wp-content\/uploads\/2025\/08\/Boswindor-Doors-and-Windows-in-Dubai-Projects-5-768x1024.jpg\" alt=\"\" class=\"wp-image-7820\" srcset=\"https:\/\/boswindor.com\/wp-content\/uploads\/2025\/08\/Boswindor-Doors-and-Windows-in-Dubai-Projects-5-768x1023.jpg 768w, https:\/\/boswindor.com\/wp-content\/uploads\/2025\/08\/Boswindor-Doors-and-Windows-in-Dubai-Projects-5-225x300.jpg 225w, https:\/\/boswindor.com\/wp-content\/uploads\/2025\/08\/Boswindor-Doors-and-Windows-in-Dubai-Projects-5-9x12.jpg 9w, https:\/\/boswindor.com\/wp-content\/uploads\/2025\/08\/Boswindor-Doors-and-Windows-in-Dubai-Projects-5.jpg 800w\" sizes=\"(max-width: 768px) 100vw, 768px\" \/><figcaption class=\"wp-element-caption\">Boswindor ajt\u00f3k \u00e9s ablakok Dubaiban<\/figcaption><\/figure>\n\n\n\n<figure class=\"wp-block-image size-large\"><img loading=\"lazy\" decoding=\"async\" width=\"900\" height=\"675\" data-id=\"7823\" src=\"https:\/\/boswindor.com\/wp-content\/uploads\/2025\/08\/Boswindor-Doors-and-Windows-in-Dubai-Projects-8.jpg\" alt=\"\" class=\"wp-image-7823\" srcset=\"https:\/\/boswindor.com\/wp-content\/uploads\/2025\/08\/Boswindor-Doors-and-Windows-in-Dubai-Projects-8.jpg 900w, https:\/\/boswindor.com\/wp-content\/uploads\/2025\/08\/Boswindor-Doors-and-Windows-in-Dubai-Projects-8-300x225.jpg 300w, https:\/\/boswindor.com\/wp-content\/uploads\/2025\/08\/Boswindor-Doors-and-Windows-in-Dubai-Projects-8-768x576.jpg 768w, https:\/\/boswindor.com\/wp-content\/uploads\/2025\/08\/Boswindor-Doors-and-Windows-in-Dubai-Projects-8-16x12.jpg 16w\" sizes=\"(max-width: 900px) 100vw, 900px\" \/><figcaption class=\"wp-element-caption\">Boswindor ajt\u00f3k \u00e9s ablakok Dubaiban<\/figcaption><\/figure>\n<\/figure>\n\n\n\n<p>Az ablakok kiv\u00e1laszt\u00e1sa nem csup\u00e1n egy ny\u00edl\u00e1s eltakar\u00e1s\u00e1r\u00f3l sz\u00f3l a falban; arr\u00f3l is sz\u00f3l, hogy az ablakok hogyan befoly\u00e1solj\u00e1k a k\u00e9nyelmet, a biztons\u00e1got, az energiamegtakar\u00edt\u00e1st \u00e9s az \u00e9p\u00fclet \u00e1ltal\u00e1nos eszt\u00e9tik\u00e1j\u00e1t.<\/p>\n\n\n\n<p>Az al\u00e1bbiakban felsoroljuk az ablakt\u00edpusok kiv\u00e1laszt\u00e1s\u00e1hoz sz\u00fcks\u00e9ges k\u00f6vetelm\u00e9nyeket:<\/p>\n\n\n\n<h3 class=\"wp-block-heading\">Az ablak c\u00e9lja<\/h3>\n\n\n\n<p>Minden ablaknak megvan a maga funkci\u00f3ja. Egyes ablakok els\u0151sorban a f\u00e9ny beenged\u00e9s\u00e9re szolg\u00e1lnak (p\u00e9ld\u00e1ul a fix ablakok), m\u00edg m\u00e1sok a maxim\u00e1lis szell\u0151z\u00e9s biztos\u00edt\u00e1s\u00e1ra szolg\u00e1lnak (p\u00e9ld\u00e1ul a tokos vagy lamell\u00e1s ablakok).<\/p>\n\n\n\n<p>Egyes ablakok keretk\u00e9nt szolg\u00e1lhatnak egy k\u00fclt\u00e9ri kil\u00e1t\u00e1shoz vagy egy \u00e9p\u00edt\u00e9szeti elemhez (p\u00e9ld\u00e1ul kiugr\u00f3 ablakok vagy tet\u0151t\u00e9ri ablakok). Az ablak c\u00e9lj\u00e1nak meghat\u00e1roz\u00e1sa seg\u00edt biztos\u00edtani, hogy az ablak bet\u00f6ltse a rendeltet\u00e9s\u00e9t \u00e9s megfeleljen a tervez\u00e9si ig\u00e9nyeknek.<\/p>\n\n\n\n<h3 class=\"wp-block-heading\">Szell\u0151ztet\u00e9si ig\u00e9nyek<\/h3>\n\n\n\n<p>A szell\u0151z\u00e9s fontos a k\u00e9nyelem szempontj\u00e1b\u00f3l, k\u00fcl\u00f6n\u00f6sen meleg \u00e9ghajlaton. A nyithat\u00f3 ablakok tol\u00f3ablakokon, tol\u00f3ablakokon \u00e9s k\u00e9tsz\u00e1rny\u00fa ablakokon kereszt\u00fcl biztos\u00edtj\u00e1k a szell\u0151z\u00e9st, amelyek lehet\u0151v\u00e9 teszik a lak\u00f3 sz\u00e1m\u00e1ra, hogy a saj\u00e1t komfortszintj\u00e9nek megfelel\u0151en szab\u00e1lyozza a szell\u0151z\u00e9st.<\/p>\n\n\n\n<p>Ez friss, h\u0171v\u00f6s leveg\u0151t biztos\u00edthat, \u00e9s minimaliz\u00e1lhatja a belt\u00e9ri l\u00e9gkondicion\u00e1l\u00e1s okozta k\u00e1rokat \u00e9s a bels\u0151 h\u0151m\u00e9rs\u00e9kletet. Az ablakokat \u00fagy tervezze meg, hogy kiv\u00e1l\u00f3 szell\u0151z\u00e9st biztos\u00edtson, k\u00fcl\u00f6n\u00f6sen forr\u00f3 \u00e9s p\u00e1r\u00e1s helyeken, hogy minimaliz\u00e1lja a mechanikus h\u0171t\u00e9st\u0151l val\u00f3 f\u00fcgg\u00e9st.<\/p>\n\n\n\n<h3 class=\"wp-block-heading\">Vil\u00e1g\u00edt\u00e1si ig\u00e9nyek<\/h3>\n\n\n\n<p>Az ablakok jelentik a term\u00e9szetes f\u00e9ny els\u0151dleges forr\u00e1s\u00e1t minden t\u00e9rben. Min\u00e9l nagyobb az ablak, a tet\u0151ablak vagy a tet\u0151t\u00e9ri ablak, ann\u00e1l t\u00f6bb term\u00e9szetes f\u00e9ny jut be a t\u00e9rbe, ami seg\u00edt cs\u00f6kkenteni a villanyvil\u00e1g\u00edt\u00e1st a szob\u00e1ban, \u00e9s \u00e1ltal\u00e1noss\u00e1gban otthonos, bar\u00e1ts\u00e1gos hangulatot k\u00f6lcs\u00f6n\u00f6z b\u00e1rmely helyis\u00e9gnek.<\/p>\n\n\n\n<p>Ezenk\u00edv\u00fcl az ablakok t\u00e1jol\u00e1sa is meghat\u00e1rozza, hogy mennyi napf\u00e9ny jut be az \u00e9p\u00fcletbe, biztos\u00edtva az \u00e1ltal\u00e1nos f\u00e9nyer\u0151 \u00e9s az energiamegtakar\u00edt\u00e1s j\u00f3 egyens\u00faly\u00e1t.<\/p>\n\n\n\n<h3 class=\"wp-block-heading\">H\u0151- \u00e9s hangszigetel\u00e9s<\/h3>\n\n\n\n<p>Egy h\u0151hat\u00e9konyabb ablak jobb k\u00e9nyelmet biztos\u00edt az \u00e9p\u00fcletben. A dupla vagy tripla \u00fcvegez\u00e9s szigetel\u00e9st biztos\u00edt, ami azt jelenti, hogy a bels\u0151 kl\u00edma stabil marad, \u00e9s az energiasz\u00e1ml\u00e1k is elfogadhat\u00f3ak maradnak.<\/p>\n\n\n\n<p>Ez k\u00fcl\u00f6n\u00f6sen fontos melegebb vagy hidegebb \u00e9ghajlaton. A h\u0151szigetelt ablakok arra is haszn\u00e1lhat\u00f3k, hogy megakad\u00e1lyozz\u00e1k a nem k\u00edv\u00e1nt zajok bejut\u00e1s\u00e1t az \u00e9p\u00fcletbe.<\/p>\n\n\n\n<h3 class=\"wp-block-heading\">Eszt\u00e9tikai vonzer\u0151<\/h3>\n\n\n\n<p>Az ablakoknak van egy gyakorlati \u00e9s egy eszt\u00e9tikai funkci\u00f3juk is. Ebben az esetben az ablakok az \u00e9p\u00fclet karakter\u00e9t meghat\u00e1roz\u00f3 elemek. Az ablak form\u00e1j\u00e1nak, m\u00e9ret\u00e9nek \u00e9s st\u00edlus\u00e1nak illeszkednie kell az \u00e9p\u00fclet st\u00edlus\u00e1hoz.<\/p>\n\n\n\n<p>A legjobb ablakjellemz\u0151k seg\u00edthetnek egy kellemes j\u00e1rdaszeg\u00e9ly-jelleg megteremt\u00e9s\u00e9ben, ami viszont n\u00f6velheti a piack\u00e9pes \u00e9rt\u00e9ket.&nbsp;<\/p>\n\n\n\n<h3 class=\"wp-block-heading\">Tart\u00f3ss\u00e1g \u00e9s anyag<\/h3>\n\n\n\n<p>Az ablak anyaga hat\u00e1rozza meg az ablak \u00e9lettartam\u00e1t \u00e9s karbantart\u00e1s\u00e1t. A fa keretes ablakok sz\u00e9pek \u00e9s term\u00e9szetesen szigetelnek, de karbantart\u00e1st ig\u00e9nyelnek a rothad\u00e1s vagy a rovark\u00e1rok elker\u00fcl\u00e9se \u00e9rdek\u00e9ben. Az alum\u00ednium ablakok k\u00f6nny\u0171ek, id\u0151j\u00e1r\u00e1s\u00e1ll\u00f3ak \u00e9s kev\u00e9s karbantart\u00e1st ig\u00e9nyelnek, \u00edgy alkalmasak \u00faj, modern \u00e9p\u00fcletekbe val\u00f3k.&nbsp;<\/p>\n\n\n\n<p><a target=\"_blank\" rel=\"noreferrer noopener\" href=\"https:\/\/boswindor.com\/hu\/windows-types\/upvc-windows-manufacturer-china\/\">UPVC ablakok<\/a> Megfizethet\u0151ek, energiatakar\u00e9kosak \u00e9s tart\u00f3sak. Az ac\u00e9l ablakok szil\u00e1rdak \u00e9s biztons\u00e1gosak, \u00e9s sz\u00fcks\u00e9g lehet a rozsda elleni v\u00e9delemre.<\/p>\n\n\n\n<p>A megfelel\u0151 anyagv\u00e1laszt\u00e1s seg\u00edt abban, hogy az ablak ellen\u00e1lljon a helyi \u00e9ghajlatnak. A szakszer\u0171 beszerel\u00e9s abban is seg\u00edt, hogy az ablakok megfelel\u0151en illeszkedjenek, \u00e9s ne legyen l\u00e9gsziv\u00e1rg\u00e1s.<\/p>\n\n\n\n<h2 class=\"wp-block-heading\">K\u00f6vetkeztet\u00e9s<\/h2>\n\n\n\n<figure class=\"wp-block-image size-full\"><a href=\"https:\/\/boswindor.com\/hu\/contact-us\/\"><img loading=\"lazy\" decoding=\"async\" width=\"920\" height=\"450\" src=\"https:\/\/boswindor.com\/wp-content\/uploads\/2025\/08\/Boswindor-Doors-Windows-Manufacturer.jpg\" alt=\"\" class=\"wp-image-8026\" srcset=\"https:\/\/boswindor.com\/wp-content\/uploads\/2025\/08\/Boswindor-Doors-Windows-Manufacturer.jpg 920w, https:\/\/boswindor.com\/wp-content\/uploads\/2025\/08\/Boswindor-Doors-Windows-Manufacturer-300x147.jpg 300w, https:\/\/boswindor.com\/wp-content\/uploads\/2025\/08\/Boswindor-Doors-Windows-Manufacturer-768x376.jpg 768w, https:\/\/boswindor.com\/wp-content\/uploads\/2025\/08\/Boswindor-Doors-Windows-Manufacturer-18x9.jpg 18w\" sizes=\"(max-width: 920px) 100vw, 920px\" \/><\/a><figcaption class=\"wp-element-caption\">Boswindor A 3 legjobb egyedi ablak- \u00e9s ajt\u00f3gy\u00e1rt\u00f3 K\u00edn\u00e1b\u00f3l<\/figcaption><\/figure>\n\n\n\n<p>A megfelel\u0151 ablakt\u00edpusok kiv\u00e1laszt\u00e1sa nem csak a megjelen\u00e9sr\u0151l sz\u00f3l, hanem a term\u00e9szetes f\u00e9ny, a szell\u0151z\u00e9s, az energiahat\u00e9konys\u00e1g \u00e9s a diz\u00e1jn egyens\u00faly\u00e1r\u00f3l is. Az ide\u00e1lis ablak lehet hagyom\u00e1nyos st\u00edlus\u00fa tok, de modernebb fix, sarok- vagy tet\u0151ablak is. Egy megfelel\u0151 ablak megv\u00e1ltoztathatja b\u00e1rmely adott t\u00e9r funkci\u00f3j\u00e1t \u00e9s jelleg\u00e9t.&nbsp;<\/p>\n\n\n\n<p>Ha olyan ablakot szeretne, ami j\u00f3l n\u00e9z ki, energiatakar\u00e9kos, cser\u00e9lje ki az ablakokat, \u00e9s ami a legfontosabb, tart\u00f3s, <a href=\"https:\/\/boswindor.com\/hu\/\" target=\"_blank\" rel=\"noreferrer noopener\"><mark style=\"background-color:rgba(0, 0, 0, 0);color:#ff6900\" class=\"has-inline-color\">Boswindor<\/mark><\/a> j\u00f3 szempont. A versenyt\u00e1rsakhoz k\u00e9pest a Boswindor kiemelkedik a t\u00f6megb\u0151l.<\/p>\n\n\n\n<p>A Boswindor nemcsak a min\u0151s\u00e9gre \u00fcgyel, hanem teljes k\u00f6r\u0171 \u00e9lm\u00e9nyt is ny\u00fajt, amely mag\u00e1ban foglalja a gyors gy\u00e1rt\u00e1st, a testreszab\u00e1si lehet\u0151s\u00e9gek sz\u00e9les sk\u00e1l\u00e1j\u00e1t, a vil\u00e1g minden t\u00e1j\u00e1ra t\u00f6rt\u00e9n\u0151 sz\u00e1ll\u00edt\u00e1st \u00e9s a megb\u00edzhat\u00f3 \u00e9rt\u00e9kes\u00edt\u00e9s ut\u00e1ni szolg\u00e1ltat\u00e1st.<a href=\"https:\/\/boswindor.com\/hu\/contact-us\/\" target=\"_blank\" rel=\"noreferrer noopener\"><mark style=\"background-color:rgba(0, 0, 0, 0);color:#ff6900\" class=\"has-inline-color\">K\u00e9rjen ingyenes \u00e1raj\u00e1nlatot most<\/mark><\/a> hogy elkezdhess\u00fck.<\/p>","protected":false},"excerpt":{"rendered":"<p>Sokf\u00e9le ablak l\u00e9tezik, mindegyiknek megvannak a maga egyedi tulajdons\u00e1gai, el\u0151nyei \u00e9s eszt\u00e9tikai vonzereje. Egyes ablakt\u00edpusok kifel\u00e9 ny\u00edlnak a t\u00f6k\u00e9letes szell\u0151z\u00e9s \u00e9rdek\u00e9ben, m\u00edg m\u00e1sok fixek, amelyek akad\u00e1lytalan kil\u00e1t\u00e1st biztos\u00edtanak kevesebb karbantart\u00e1si ig\u00e9ny mellett.<\/p>\n<p>Ha \u00faj ablakokat szeretne v\u00e1lasztani, vagy a r\u00e9gieket lecser\u00e9lni, a k\u00fcl\u00f6nb\u00f6z\u0151 ablakst\u00edlusok ismerete seg\u00edt kiv\u00e1lasztani az otthon\u00e1ba ill\u0151t. Ez a cikk ismerteti a k\u00fcl\u00f6nb\u00f6z\u0151 ablakt\u00edpusokat, valamint az ablakt\u00edpusok kiv\u00e1laszt\u00e1s\u00e1nak k\u00f6vetelm\u00e9nyeit.<\/p>","protected":false},"author":3,"featured_media":8389,"comment_status":"open","ping_status":"open","sticky":false,"template":"","format":"standard","meta":{"footnotes":""},"categories":[10],"tags":[],"class_list":["post-8384","post","type-post","status-publish","format-standard","has-post-thumbnail","hentry","category-windows-doors"],"blocksy_meta":[],"_links":{"self":[{"href":"https:\/\/boswindor.com\/hu\/wp-json\/wp\/v2\/posts\/8384","targetHints":{"allow":["GET"]}}],"collection":[{"href":"https:\/\/boswindor.com\/hu\/wp-json\/wp\/v2\/posts"}],"about":[{"href":"https:\/\/boswindor.com\/hu\/wp-json\/wp\/v2\/types\/post"}],"author":[{"embeddable":true,"href":"https:\/\/boswindor.com\/hu\/wp-json\/wp\/v2\/users\/3"}],"replies":[{"embeddable":true,"href":"https:\/\/boswindor.com\/hu\/wp-json\/wp\/v2\/comments?post=8384"}],"version-history":[{"count":5,"href":"https:\/\/boswindor.com\/hu\/wp-json\/wp\/v2\/posts\/8384\/revisions"}],"predecessor-version":[{"id":8575,"href":"https:\/\/boswindor.com\/hu\/wp-json\/wp\/v2\/posts\/8384\/revisions\/8575"}],"wp:featuredmedia":[{"embeddable":true,"href":"https:\/\/boswindor.com\/hu\/wp-json\/wp\/v2\/media\/8389"}],"wp:attachment":[{"href":"https:\/\/boswindor.com\/hu\/wp-json\/wp\/v2\/media?parent=8384"}],"wp:term":[{"taxonomy":"category","embeddable":true,"href":"https:\/\/boswindor.com\/hu\/wp-json\/wp\/v2\/categories?post=8384"},{"taxonomy":"post_tag","embeddable":true,"href":"https:\/\/boswindor.com\/hu\/wp-json\/wp\/v2\/tags?post=8384"}],"curies":[{"name":"munkaf\u00fczet","href":"https:\/\/api.w.org\/{rel}","templated":true}]}}