{"id":8027,"date":"2025-08-25T22:25:37","date_gmt":"2025-08-26T06:25:37","guid":{"rendered":"https:\/\/boswindor.com\/?p=8027"},"modified":"2025-08-25T22:25:40","modified_gmt":"2025-08-26T06:25:40","slug":"bay-window-vs-garden-window-best-option-for-your-home","status":"publish","type":"post","link":"https:\/\/boswindor.com\/hu\/bay-window-vs-garden-window-best-option-for-your-home\/","title":{"rendered":"Bay Window vs Garden Window: A legjobb v\u00e1laszt\u00e1s otthonodba"},"content":{"rendered":"<h2 class=\"wp-block-heading\"><a><\/a>Az \u00f6b\u00f6l ablak\u00e1nak \u00e1ttekint\u00e9se<\/h2>\n\n\n\n<div class=\"wp-block-columns is-layout-flex wp-container-core-columns-is-layout-28f84493 wp-block-columns-is-layout-flex\">\n<div class=\"wp-block-column is-layout-flow wp-block-column-is-layout-flow\">\n<figure class=\"wp-block-image size-full\"><img fetchpriority=\"high\" decoding=\"async\" width=\"800\" height=\"999\" src=\"https:\/\/boswindor.com\/wp-content\/uploads\/2025\/08\/French-Style-Bay-Windows.jpg\" alt=\"\" class=\"wp-image-8031\" srcset=\"https:\/\/boswindor.com\/wp-content\/uploads\/2025\/08\/French-Style-Bay-Windows.jpg 800w, https:\/\/boswindor.com\/wp-content\/uploads\/2025\/08\/French-Style-Bay-Windows-240x300.jpg 240w, https:\/\/boswindor.com\/wp-content\/uploads\/2025\/08\/French-Style-Bay-Windows-768x959.jpg 768w, https:\/\/boswindor.com\/wp-content\/uploads\/2025\/08\/French-Style-Bay-Windows-10x12.jpg 10w\" sizes=\"(max-width: 800px) 100vw, 800px\" \/><figcaption class=\"wp-element-caption\">Francia st\u00edlus\u00fa ablakf\u00fclk\u00e9k<\/figcaption><\/figure>\n<\/div>\n\n\n\n<div class=\"wp-block-column is-layout-flow wp-block-column-is-layout-flow\">\n<figure class=\"wp-block-image size-full\"><img decoding=\"async\" width=\"800\" height=\"1000\" src=\"https:\/\/boswindor.com\/wp-content\/uploads\/2025\/08\/French-Style-Bay-Windows-2.jpg\" alt=\"\" class=\"wp-image-8032\" srcset=\"https:\/\/boswindor.com\/wp-content\/uploads\/2025\/08\/French-Style-Bay-Windows-2.jpg 800w, https:\/\/boswindor.com\/wp-content\/uploads\/2025\/08\/French-Style-Bay-Windows-2-240x300.jpg 240w, https:\/\/boswindor.com\/wp-content\/uploads\/2025\/08\/French-Style-Bay-Windows-2-768x960.jpg 768w, https:\/\/boswindor.com\/wp-content\/uploads\/2025\/08\/French-Style-Bay-Windows-2-10x12.jpg 10w\" sizes=\"(max-width: 800px) 100vw, 800px\" \/><figcaption class=\"wp-element-caption\">Francia st\u00edlus\u00fa ablakf\u00fclk\u00e9k<\/figcaption><\/figure>\n<\/div>\n<\/div>\n\n\n\n<p>Az \u00f6b\u00f6l ablaka egy sz\u00e9les ablak, amely egy k\u00f6z\u00e9ppontot egyes\u00edt mag\u00e1ban <a href=\"https:\/\/boswindor.com\/hu\/operable-window-vs-fixed-window-key-differences\/\">fix ablak<\/a> \u00e9s\u00a0<u><a href=\"https:\/\/boswindor.com\/hu\/windows-types\/casement-window\/\">tokos ablakok<\/a><\/u>\u00a0vagy <a href=\"https:\/\/boswindor.com\/hu\/windows-types\/double-hung-window\/\">dupla f\u00fcgg\u0151 ablakok<\/a> mindk\u00e9t oldalon. Ez az ablakt\u00edpus kiemelked\u0151en ki\u00e1ll a f\u0151 falakb\u00f3l, \u00e9s t\u00e1gas zugot hoz l\u00e9tre egy nagy k\u00f6zponti ablakkal \u00e9s k\u00e9t kisebb, ferde ablakkal.<\/p>\n\n\n\n<p>A kiugr\u00f3 ablakok nagy m\u00e9rete \u00e9s sz\u00f6gletes kialak\u00edt\u00e1sa panor\u00e1m\u00e1s kil\u00e1t\u00e1st ny\u00fajt\u00f3 ablak\u00fcl\u00e9seket hozhat l\u00e9tre. Ez a fajta ablak f\u00f3kuszpontot biztos\u00edt, \u00e9s \u00e9p\u00edt\u00e9szeti \u00e9rdekess\u00e9geket \u00e9s tov\u00e1bbi teret visz az \u00e9tkez\u0151be, a nappaliba vagy a h\u00e1l\u00f3szob\u00e1ba.<\/p>\n\n\n\n<p>Ezek az ablakok jobb szell\u0151z\u00e9st biztos\u00edtanak a k\u00e9t kisebb, ferde oldals\u00f3 ablaknak k\u00f6sz\u00f6nhet\u0151en. Ez\u00e9rt az \u00f6b\u00f6lablakok kiemelked\u0151 megold\u00e1st jelentenek, amelyek k\u00fcl\u00f6nb\u00f6z\u0151 c\u00e9lokra alkalmas f\u00fclk\u00e9t hoznak l\u00e9tre, bele\u00e9rtve a hangulatos olvas\u00f3sarkokat vagy reggeliz\u0151helyeket.<\/p>\n\n\n\n<h2 class=\"wp-block-heading\"><a><\/a>Az \u00f6b\u00f6l ablakok el\u0151nyei<\/h2>\n\n\n\n<figure class=\"wp-block-image size-full\"><img decoding=\"async\" width=\"920\" height=\"690\" src=\"https:\/\/boswindor.com\/wp-content\/uploads\/2025\/08\/Australia-Bay-Windows-1.jpg\" alt=\"\" class=\"wp-image-8034\" srcset=\"https:\/\/boswindor.com\/wp-content\/uploads\/2025\/08\/Australia-Bay-Windows-1.jpg 920w, https:\/\/boswindor.com\/wp-content\/uploads\/2025\/08\/Australia-Bay-Windows-1-300x225.jpg 300w, https:\/\/boswindor.com\/wp-content\/uploads\/2025\/08\/Australia-Bay-Windows-1-768x576.jpg 768w, https:\/\/boswindor.com\/wp-content\/uploads\/2025\/08\/Australia-Bay-Windows-1-16x12.jpg 16w\" sizes=\"(max-width: 920px) 100vw, 920px\" \/><figcaption class=\"wp-element-caption\">Ausztr\u00e1lia Bay Windows<\/figcaption><\/figure>\n\n\n\n<ul class=\"wp-block-list\">\n<li><strong>Eszt\u00e9tikai vonzalom:<\/strong>&nbsp;A kiugr\u00f3 ablakok jellegzetes \u00e9p\u00edt\u00e9szeti formatervez\u00e9ssel rendelkeznek, amelyek illeszkednek az \u00e9letst\u00edlusodhoz, \u00e9s n\u00f6velik otthonod vonzerej\u00e9t. F\u00f3kuszpontot k\u00e9peznek, ami n\u00f6veli az eszt\u00e9tikai harm\u00f3ni\u00e1t. K\u00e9t oldals\u00f3 ablakukkal a kiugr\u00f3 ablakok tov\u00e1bbi f\u00e9nyt engednek be a lak\u00f3t\u00e9rbe, ragyog\u00f3bb\u00e1 \u00e9s h\u00edvogat\u00f3bb\u00e1 t\u00e9ve azt.<\/li>\n\n\n\n<li><strong>Extra hely:<\/strong>&nbsp;Mivel a kiugr\u00f3 ablakok kifel\u00e9 ny\u00falnak, t\u00f6bb helyet biztos\u00edtanak a bemutat\u00f3tereknek vagy az extra \u00fcl\u0151helyeknek. \u00cdgy a kisebb helyis\u00e9gek nagyobbak \u00e9s k\u00e9nyelmesebbek lehetnek. A kiugr\u00f3 ablakok jellegzetes form\u00e1ja jav\u00edtja a szoba elrendez\u00e9s\u00e9t \u00e9s lehet\u0151v\u00e9 teszi a tervez\u00e9s rugalmass\u00e1g\u00e1t. Ezenk\u00edv\u00fcl \u00f6sszek\u00f6ti a h\u00e1z belsej\u00e9t a k\u00fclt\u00e9rrel, \u00e9s akad\u00e1lytalan kil\u00e1t\u00e1st biztos\u00edt.<\/li>\n\n\n\n<li><strong>Viszontelad\u00e1si \u00e9rt\u00e9k:<\/strong>&nbsp;A h\u00e1ztulajdonosok \u00e9s az \u00e9p\u00edt\u0151k gyakran v\u00e1lasztj\u00e1k a kiugr\u00f3 ablakokat, mivel ezek \u00e1ltal\u00e1ban t\u00f6bb vev\u0151t vonzanak. A kiugr\u00f3 ablakokkal rendelkez\u0151 h\u00e1zak gyakran n\u00f6velik az ingatlan \u00e9rt\u00e9k\u00e9t, \u00e9s gyorsabban elkelnek az eleg\u00e1ns st\u00edlus, a nagyobb t\u00e9r \u00e9s a term\u00e9szetes f\u00e9ny miatt.<\/li>\n\n\n\n<li><strong>Energiahat\u00e9konys\u00e1g:<\/strong>&nbsp;T\u00f6bbet sp\u00f3rolhatsz az energiasz\u00e1ml\u00e1kon, ha otthonodban kiugr\u00f3 ablakok vannak. A kiugr\u00f3 ablakok j\u00f3l struktur\u00e1ltak, \u00edgy sok napf\u00e9nyt engednek be a helyis\u00e9gbe, ez\u00e1ltal cs\u00f6kkentve a mesters\u00e9ges vil\u00e1g\u00edt\u00e1s sz\u00fcks\u00e9gess\u00e9g\u00e9t.<\/li>\n<\/ul>\n\n\n\n<h2 class=\"wp-block-heading\"><a><\/a>Az \u00f6b\u00f6l ablakainak h\u00e1tr\u00e1nyai<\/h2>\n\n\n\n<figure class=\"wp-block-image size-full\"><img loading=\"lazy\" decoding=\"async\" width=\"920\" height=\"690\" src=\"https:\/\/boswindor.com\/wp-content\/uploads\/2025\/08\/Australia-Bay-Windows-2.jpg\" alt=\"\" class=\"wp-image-8035\" srcset=\"https:\/\/boswindor.com\/wp-content\/uploads\/2025\/08\/Australia-Bay-Windows-2.jpg 920w, https:\/\/boswindor.com\/wp-content\/uploads\/2025\/08\/Australia-Bay-Windows-2-300x225.jpg 300w, https:\/\/boswindor.com\/wp-content\/uploads\/2025\/08\/Australia-Bay-Windows-2-768x576.jpg 768w, https:\/\/boswindor.com\/wp-content\/uploads\/2025\/08\/Australia-Bay-Windows-2-16x12.jpg 16w\" sizes=\"(max-width: 920px) 100vw, 920px\" \/><figcaption class=\"wp-element-caption\">Ausztr\u00e1lia Bay Windows<\/figcaption><\/figure>\n\n\n\n<ul class=\"wp-block-list\">\n<li><strong>Magasabb telep\u00edt\u00e9si k\u00f6lts\u00e9gek:<\/strong>&nbsp;Az \u00f6b\u00f6lablakok beszerel\u00e9se nem \u00e9ppen olcs\u00f3, mivel bonyolultabbak, egyedi kialak\u00edt\u00e1s\u00faak, \u00e9s a megfelel\u0151 beszerel\u00e9shez szak\u00e9rtelemre van sz\u00fcks\u00e9g. Hasonl\u00f3k\u00e9ppen, a szerkezeti \u00e1talak\u00edt\u00e1sok gyakran n\u00f6velik a munkak\u00f6lts\u00e9geket.<\/li>\n\n\n\n<li><strong>Karbantart\u00e1si k\u00f6vetelm\u00e9nyek:<\/strong>&nbsp;A hagyom\u00e1nyos ablakokkal ellent\u00e9tben a kiugr\u00f3 ablakok t\u00f6bb karbantart\u00e1st ig\u00e9nyelnek, mivel a szennyez\u0151d\u00e9s \u00e9s a t\u00f6rmel\u00e9k \u00e1ltal\u00e1ban a kib\u0151v\u00edtett ter\u00fcleten gy\u0171lik fel. A kiugr\u00f3 ablakok tiszt\u00edt\u00e1sa szakember seg\u00edts\u00e9g\u00e9t vagy speci\u00e1lis tiszt\u00edt\u00e1st ig\u00e9nyelhet, k\u00fcl\u00f6n\u00f6s figyelmet ford\u00edtva az ablak t\u00f6m\u00edt\u00e9seire \u00e9s illeszt\u00e9seire.<\/li>\n\n\n\n<li><strong>Elhelyezked\u00e9s:<\/strong>&nbsp;A kiugr\u00f3 ablakok rossz elhelyez\u00e9se megzavarja a helyis\u00e9g szabad \u00e1raml\u00e1s\u00e1t, ami sz\u0171k\u00f6ss\u00e9 \u00e9s egyenetlenn\u00e9 teszi azt. P\u00e9ld\u00e1ul a d\u00e9li fekv\u00e9s\u0171 kiugr\u00f3 ablakok sz\u00e9les k\u00f6rben elterjedt megold\u00e1st jelentenek a hidegebb \u00e9ghajlaton a passz\u00edv napf\u0171t\u00e9s megval\u00f3s\u00edt\u00e1s\u00e1ra. Azonban kisebb h\u00e1zakhoz, ahol alig van k\u00fclt\u00e9ri t\u00e9r, nem felt\u00e9tlen\u00fcl ide\u00e1lisak, mert t\u00fal sok meleget engedhetnek be a ny\u00e1ri napb\u00f3l.<\/li>\n\n\n\n<li><strong>Szerkezeti t\u00e1mogat\u00e1s:<\/strong>&nbsp;A kiugr\u00f3 ablak kiterjesztett ter\u00fclete gyakran tov\u00e1bbi k\u00fcls\u0151 al\u00e1t\u00e1maszt\u00e1st ig\u00e9nyel, ami n\u00f6velheti a munk\u00e1t \u00e9s bonyol\u00edthatja a folyamatot. K\u00f6vetkez\u00e9sk\u00e9ppen a kiugr\u00f3 ablak be\u00e9p\u00edt\u00e9se dr\u00e1g\u00e1bb\u00e1 v\u00e1lik.<\/li>\n<\/ul>\n\n\n\n<h2 class=\"wp-block-heading\"><a><\/a>A kerti ablak \u00e1ttekint\u00e9se<\/h2>\n\n\n\n<figure class=\"wp-block-image size-full\"><img loading=\"lazy\" decoding=\"async\" width=\"900\" height=\"675\" src=\"https:\/\/boswindor.com\/wp-content\/uploads\/2025\/08\/Garden-Windows-1.jpg\" alt=\"\" class=\"wp-image-8038\" srcset=\"https:\/\/boswindor.com\/wp-content\/uploads\/2025\/08\/Garden-Windows-1.jpg 900w, https:\/\/boswindor.com\/wp-content\/uploads\/2025\/08\/Garden-Windows-1-300x225.jpg 300w, https:\/\/boswindor.com\/wp-content\/uploads\/2025\/08\/Garden-Windows-1-768x576.jpg 768w, https:\/\/boswindor.com\/wp-content\/uploads\/2025\/08\/Garden-Windows-1-16x12.jpg 16w\" sizes=\"(max-width: 900px) 100vw, 900px\" \/><figcaption class=\"wp-element-caption\">Kerti ablakok<\/figcaption><\/figure>\n\n\n\n<p>A kerti ablak, amelyet n\u00e9ha \u00fcvegh\u00e1zhat\u00e1s\u00fa ablaknak is neveznek, egy kicsi, doboz alak\u00fa told\u00e1s, h\u00e1rom f\u00fcgg\u0151leges ablakt\u00e1bl\u00e1val \u00e9s egy ferde fels\u0151 ablakt\u00e1bl\u00e1val, amely 90 fokos doboz alak\u00fa r\u00e9st alkot a falb\u00f3l, \u00e9s az oldalakon \u00fcveggel van ell\u00e1tva, kiv\u00e9ve az alapot.<\/p>\n\n\n\n<p><a href=\"https:\/\/boswindor.com\/hu\/\"><mark style=\"background-color:rgba(0, 0, 0, 0);color:#ff6900\" class=\"has-inline-color\">Ablakgy\u00e1rt\u00f3k<\/mark><\/a>\u00a0K\u00e9sz\u00edtsen kerti ablakot egy nagyobb k\u00f6zponti ablakk\u00e9nt, amelyet oldals\u00f3 tokos ablakok szeg\u00e9lyeznek szell\u0151z\u0151ny\u00edl\u00e1sk\u00e9nt a megfelel\u0151 szell\u0151z\u00e9s \u00e9rdek\u00e9ben. Ez az eszt\u00e9tikus \u00e9s funkcion\u00e1lis kialak\u00edt\u00e1s egy miniat\u0171r \u00fcvegh\u00e1zhat\u00e1st biztos\u00edt, amely alkalmas szoban\u00f6v\u00e9nyek vagy friss f\u0171szern\u00f6v\u00e9nyek belt\u00e9ri termeszt\u00e9s\u00e9re, mik\u00f6zben fokozza a szoba hangulat\u00e1t.<\/p>\n\n\n\n<p>A legt\u00f6bb h\u00e1ztulajdonos \u00e9s v\u00e1llalkoz\u00f3 \u00e1ltal\u00e1ban a konyhai mosogat\u00f3 f\u00f6l\u00e9 szerel kerti ablakokat, ahol teljes m\u00e9rt\u00e9kben kihaszn\u00e1lhat\u00f3 a t\u00f6bb f\u00e9nyt biztos\u00edt\u00f3 k\u00e9pess\u00e9g\u00fck, \u00e9s k\u00f6nnyen beszerezhet\u0151k friss f\u0171szern\u00f6v\u00e9nyek a f\u0151z\u00e9shez. F\u00fcrd\u0151szob\u00e1kba is alkalmasak, mivel term\u00e9szetes f\u00e9nyt engednek be, \u00e9s bels\u0151 polcot k\u00e9peznek a d\u00edszt\u00e1rgyaknak.<\/p>\n\n\n\n<p>Tov\u00e1bb\u00e1 ezek az ablakok \u00e1ltal\u00e1ban fix \u00fcvegt\u00e1bl\u00e1kkal rendelkeznek, nyithat\u00f3 ablakokkal, amelyek folyamatos l\u00e9g\u00e1raml\u00e1st biztos\u00edtanak, m\u00edg a tetej\u00e9n l\u00e9v\u0151 kieg\u00e9sz\u00edt\u0151 \u00fcvegt\u00e1bla folyamatos napf\u00e9nyt enged be.<\/p>\n\n\n\n<h2 class=\"wp-block-heading\"><a><\/a>A kerti ablakok el\u0151nyei<\/h2>\n\n\n\n<figure class=\"wp-block-image size-full\"><img loading=\"lazy\" decoding=\"async\" width=\"900\" height=\"719\" src=\"https:\/\/boswindor.com\/wp-content\/uploads\/2025\/08\/Garden-Windows-3.jpg\" alt=\"\" class=\"wp-image-8039\" srcset=\"https:\/\/boswindor.com\/wp-content\/uploads\/2025\/08\/Garden-Windows-3.jpg 900w, https:\/\/boswindor.com\/wp-content\/uploads\/2025\/08\/Garden-Windows-3-300x240.jpg 300w, https:\/\/boswindor.com\/wp-content\/uploads\/2025\/08\/Garden-Windows-3-768x614.jpg 768w, https:\/\/boswindor.com\/wp-content\/uploads\/2025\/08\/Garden-Windows-3-15x12.jpg 15w\" sizes=\"(max-width: 900px) 100vw, 900px\" \/><figcaption class=\"wp-element-caption\">Kerti ablakok<\/figcaption><\/figure>\n\n\n\n<ul class=\"wp-block-list\">\n<li><strong>Naps\u00fct\u00f6tte hangulat:<\/strong>&nbsp;Egy kerti ablak szell\u0151ss\u00e9 \u00e9s ragyog\u00f3v\u00e1 var\u00e1zsolja a szob\u00e1t az\u00e1ltal, hogy egy kis k\u00fclvil\u00e1got hoz be a belt\u00e9rbe. A kerti ablakter\u00fclet egy semleges zug, ahol le\u00fclhet\u00fcnk \u00e9s \u00e9lvezhetj\u00fck a vid\u00e9ki kil\u00e1t\u00e1st az \u00e9v b\u00e1rmely szak\u00e1ban.<\/li>\n\n\n\n<li><strong>Term\u00e9szetes f\u00e9nyhez val\u00f3 hozz\u00e1f\u00e9r\u00e9s:<\/strong>&nbsp;Az \u00fcvegezett kerti ablakok b\u0151s\u00e9ges napf\u00e9nyt engednek be, vonz\u00f3bb \u00e9letteret teremtve a n\u00f6v\u00e9nykedvel\u0151k sz\u00e1m\u00e1ra. Ezenk\u00edv\u00fcl a k\u00f6zvetlen napf\u00e9ny el\u0151seg\u00edti a kisebb n\u00f6v\u00e9nyek eg\u00e9szs\u00e9ges n\u00f6veked\u00e9s\u00e9t a belt\u00e9rben.<\/li>\n\n\n\n<li><strong>Akad\u00e1lytalan l\u00e9g\u00e1raml\u00e1s:<\/strong>&nbsp;A kerti ablakokban tal\u00e1lhat\u00f3 m\u0171k\u00f6dtethet\u0151 oldals\u00f3 szell\u0151z\u0151k jobb szell\u0151z\u00e9st biztos\u00edtanak az\u00e1ltal, hogy k\u00fcl\u00f6nb\u00f6z\u0151 sz\u00f6gekb\u0151l beengedik a l\u00e1gy szell\u0151t otthon\u00e1ba. A fix \u00fcvegt\u00e1bl\u00e1kban l\u00e9v\u0151 nyithat\u00f3 ablakok megakad\u00e1lyozz\u00e1k az \u00e1llott leveg\u0151 felhalmoz\u00f3d\u00e1s\u00e1t, ami a szoban\u00f6v\u00e9nyek eg\u00e9szs\u00e9g\u00e9nek meg\u0151rz\u00e9se szempontj\u00e1b\u00f3l is j\u00f3t tesz.<\/li>\n\n\n\n<li><strong>Energiahat\u00e9konys\u00e1g:<\/strong>&nbsp;A kerti ablakok naps\u00fct\u00f6tte teret hoznak l\u00e9tre, cs\u00f6kkentve a mesters\u00e9ges vil\u00e1g\u00edt\u00e1s sz\u00fcks\u00e9gess\u00e9g\u00e9t. \u00dagy tervezt\u00e9k \u0151ket, hogy m\u00e9rs\u00e9kelt h\u0151m\u00e9rs\u00e9kletet tartsanak fenn a nappaliban, \u00edgy nem lesz sz\u00fcks\u00e9gtelen\u00fcl t\u00fal hideg vagy t\u00fal meleg.<\/li>\n<\/ul>\n\n\n\n<h2 class=\"wp-block-heading\"><a><\/a>A kerti ablakok h\u00e1tr\u00e1nyai<\/h2>\n\n\n\n<ul class=\"wp-block-list\">\n<li><strong>M\u00e9retkorl\u00e1toz\u00e1sok:<\/strong>&nbsp;A kerti ablakok kisebbek a kiugr\u00f3 ablakokhoz k\u00e9pest, \u00e9s nem lehet \u0151ket nagyobb\u00e1 tenni tov\u00e1bbi al\u00e1t\u00e1maszt\u00e1s n\u00e9lk\u00fcl, ami akad\u00e1lyozhatja a kil\u00e1t\u00e1st vagy korl\u00e1tozhatja a n\u00f6v\u00e9nyeknek helyet ad\u00f3 teret. Ezenk\u00edv\u00fcl a kerti ablakok nem felt\u00e9tlen\u00fcl ide\u00e1lis megold\u00e1st jelentenek olyan ter\u00fcleteken, ahol a kiugr\u00f3 ablakok eltakarj\u00e1k a napf\u00e9nyt, vagy keskeny \u00f6sv\u00e9nyeken vannak, mivel ezek az ablakok gyakran ki\u00e1llnak a h\u00e1zb\u00f3l.<\/li>\n\n\n\n<li><strong>Szelekt\u00edv alkalmaz\u00e1s:<\/strong>&nbsp;B\u00e1r a kerti ablakok a term\u00e9szetes f\u00e9ny fokoz\u00e1s\u00e1val fokozz\u00e1k otthonod eszt\u00e9tik\u00e1j\u00e1t, b\u00e1rmi, amit az ablakpolcra teszel a n\u00f6v\u00e9nyeken k\u00edv\u00fcl, nem felt\u00e9tlen\u00fcl illik oda. A d\u00edszt\u00e1rgyak a k\u00f6zvetlen napf\u00e9ny miatt kifakulhatnak vagy megs\u00e9r\u00fclhetnek, ami id\u0151vel fakul\u00e1st okozhat.<\/li>\n\n\n\n<li><strong>K\u00fclt\u00e9ri t\u00e9rbeli korl\u00e1toz\u00e1sok:<\/strong>&nbsp;A kerti ablakok a h\u00e1z k\u00fclsej\u00e9r\u0151l ny\u00falnak ki, \u00e9s speci\u00e1lis be\u00e9p\u00edt\u00e9si felt\u00e9teleket \u00e9s szerkezeti al\u00e1t\u00e1maszt\u00e1st ig\u00e9nyelnek. Ez\u00e9rt a kisebb k\u00fcls\u0151 terekkel rendelkez\u0151 otthonokban el\u0151fordulhat, hogy nem alkalmasak.<\/li>\n\n\n\n<li><strong>Karbantart\u00e1si ig\u00e9nyek:<\/strong>&nbsp;A kerti ablakokon gyakran gyorsan felhalmoz\u00f3dik a por \u00e9s a t\u00f6rmel\u00e9k. R\u00e1ad\u00e1sul a tiszt\u00edt\u00e1suk is kih\u00edv\u00e1st jelenthet, mivel gyakran t\u00f6bb \u00fcvegt\u00e1bl\u00e1val \u00e9s sz\u00f6gben \u00e9rkeznek.<\/li>\n<\/ul>\n\n\n\n<h2 class=\"wp-block-heading\"><a><\/a>Kiugr\u00f3 ablak vs. kerti ablak: Melyik ablakt\u00edpus a legjobb az otthonodba?<\/h2>\n\n\n\n<figure class=\"wp-block-image size-full\"><img loading=\"lazy\" decoding=\"async\" width=\"900\" height=\"900\" src=\"https:\/\/boswindor.com\/wp-content\/uploads\/2025\/08\/Garden-Windows-2.jpg\" alt=\"\" class=\"wp-image-8037\" srcset=\"https:\/\/boswindor.com\/wp-content\/uploads\/2025\/08\/Garden-Windows-2.jpg 900w, https:\/\/boswindor.com\/wp-content\/uploads\/2025\/08\/Garden-Windows-2-300x300.jpg 300w, https:\/\/boswindor.com\/wp-content\/uploads\/2025\/08\/Garden-Windows-2-150x150.jpg 150w, https:\/\/boswindor.com\/wp-content\/uploads\/2025\/08\/Garden-Windows-2-768x768.jpg 768w, https:\/\/boswindor.com\/wp-content\/uploads\/2025\/08\/Garden-Windows-2-12x12.jpg 12w\" sizes=\"(max-width: 900px) 100vw, 900px\" \/><figcaption class=\"wp-element-caption\">Kerti ablakok<\/figcaption><\/figure>\n\n\n\n<p>Miel\u0151tt okosan d\u00f6ntene a kerti \u00e9s a kiugr\u00f3 ablakok k\u00f6z\u00f6tt, figyelembe kell vennie a funkcionalit\u00e1st \u00e9s az \u00e9p\u00edt\u00e9szeti st\u00edlust, t\u00f6bbek k\u00f6z\u00f6tt.<\/p>\n\n\n\n<p>Az \u00f6b\u00f6lablakok \u00e9p\u00edt\u00e9szetileg \u00e9rdekesebb\u00e9 teszik a megl\u00e9v\u0151 \u00e9s az \u00faj ablakokat. Sz\u00e9les, h\u00e1romablakos kialak\u00edt\u00e1suk nyitotts\u00e1got \u00e9s finom eleganci\u00e1t k\u00f6lcs\u00f6n\u00f6z otthon\u00e1nak. A kifel\u00e9 ny\u00fal\u00f3 \u00e9s a t\u00f6bbr\u00e9teg\u0171 szerkezet tov\u00e1bbi \u00fcl\u0151helyeket biztos\u00edt, \u00e9s sz\u00e9les, akad\u00e1lytalan kil\u00e1t\u00e1st biztos\u00edt a k\u00fclt\u00e9rre, mik\u00f6zben t\u00f6bb term\u00e9szetes f\u00e9nyt enged be a bels\u0151 t\u00e9rbe.<\/p>\n\n\n\n<p>A st\u00edlusos \u00e9s energiatakar\u00e9kos megold\u00e1sok mellett praktikuss\u00e1got is biztos\u00edtanak minden zugban, extra t\u00e1rol\u00f3helyet, funkcionalit\u00e1st \u00e9s be\u00e9p\u00edtett \u00fcl\u0151helyeket biztos\u00edtva. Ezek az ablakok ide\u00e1lis v\u00e1laszt\u00e1st jelentenek a legt\u00f6bb \u00e9p\u00edt\u00e9szeti tervhez klasszikus kialak\u00edt\u00e1suknak k\u00f6sz\u00f6nhet\u0151en, amely ragyog\u00f3, st\u00edlusos hangulatot teremt az \u00e9tkez\u0151ben \u00e9s a nappaliban. Egy kiugr\u00f3 ablak lehet a megfelel\u0151 v\u00e1laszt\u00e1s, ha van egy holt t\u00e9r az otthon\u00e1ban, amely kor\u00e1bban nem volt hasznos. Seg\u00edt a c\u00e9lszer\u0171s\u00e9g n\u00f6vel\u00e9s\u00e9ben.<\/p>\n\n\n\n<p>A kerti ablakok t\u00f6k\u00e9letes v\u00e1laszt\u00e1st jelenthetnek sz\u00e1modra, ha szereted a term\u00e9szetet \u00e9s a term\u00e9szetes f\u00e9nyt behozni otthonodba, k\u00fcl\u00f6n\u00f6sen a konyh\u00e1ba \u00e9s a f\u00fcrd\u0151szob\u00e1ba. Ki\u00e1ll\u00f3 st\u00edlusukkal mini \u00fcvegh\u00e1zhat\u00e1st keltenek, helyet adva a f\u0171szern\u00f6v\u00e9nyeknek, szoban\u00f6v\u00e9nyeknek \u00e9s egy\u00e9b d\u00edszt\u00e1rgyaknak, mik\u00f6zben a napf\u00e9ny minden oldalr\u00f3l bet\u00f6lti a szob\u00e1t.<\/p>\n\n\n\n<p>Egy kerti ablak be\u00e9p\u00edt\u00e9se otthon\u00e1ba minden fill\u00e9rt meg\u00e9r, mivel tov\u00e1bbi funkcionalit\u00e1st biztos\u00edt. Ez mag\u00e1ban foglalja a bels\u0151 t\u00e9r megvil\u00e1g\u00edt\u00e1s\u00e1t, a bels\u0151 hangulat fokoz\u00e1s\u00e1t \u00e9s eleg\u00e1ns \u00e9p\u00edt\u00e9szeti elemek hozz\u00e1ad\u00e1s\u00e1t otthona k\u00fclsej\u00e9hez.<\/p>\n\n\n\n<h2 class=\"wp-block-heading\"><a><\/a>F\u0151bb tanuls\u00e1gok<\/h2>\n\n\n\n<figure class=\"wp-block-image size-full\"><a href=\"https:\/\/boswindor.com\/hu\/contact-us\/\"><img loading=\"lazy\" decoding=\"async\" width=\"920\" height=\"450\" src=\"https:\/\/boswindor.com\/wp-content\/uploads\/2025\/08\/Boswindor-Doors-Windows-Manufacturer.jpg\" alt=\"\" class=\"wp-image-8026\" srcset=\"https:\/\/boswindor.com\/wp-content\/uploads\/2025\/08\/Boswindor-Doors-Windows-Manufacturer.jpg 920w, https:\/\/boswindor.com\/wp-content\/uploads\/2025\/08\/Boswindor-Doors-Windows-Manufacturer-300x147.jpg 300w, https:\/\/boswindor.com\/wp-content\/uploads\/2025\/08\/Boswindor-Doors-Windows-Manufacturer-768x376.jpg 768w, https:\/\/boswindor.com\/wp-content\/uploads\/2025\/08\/Boswindor-Doors-Windows-Manufacturer-18x9.jpg 18w\" sizes=\"(max-width: 920px) 100vw, 920px\" \/><\/a><figcaption class=\"wp-element-caption\">Boswindor ajt\u00f3k \u00e9s ablakok gy\u00e1rt\u00f3ja K\u00edn\u00e1b\u00f3l<\/figcaption><\/figure>\n\n\n\n<p>A helyesen beszerelt kerti ablakok \u00e9s kiugr\u00f3 ablakok ide\u00e1lis befektet\u00e9sek, amelyek karaktert adnak otthon\u00e1nak, \u00e9s n\u00f6velik kifinomults\u00e1g\u00e1t \u00e9s \u00e9rt\u00e9k\u00e9t. Ezek a szell\u0151z\u0151ablakok vonz\u00f3 f\u00f3kuszpontot k\u00e9peznek, ami n\u00f6veli az eszt\u00e9tikai harm\u00f3ni\u00e1t \u00e9s az ingatlan \u00e9rt\u00e9k\u00e9t. M\u00edg a kiugr\u00f3 ablakok dr\u00e1mai \u00e9p\u00edt\u00e9szeti elemeket mutatnak be leny\u0171g\u00f6z\u0151 panor\u00e1m\u00e1val, a kerti ablakok azoknak a legjobbak, akik kis, kompakt kialak\u00edt\u00e1st keresnek, \u00e9s j\u00f3l illenek a n\u00f6v\u00e9nykedvel\u0151kh\u00f6z, akiknek miniat\u0171r \u00fcvegh\u00e1zhat\u00e1sra van sz\u00fcks\u00e9g\u00fck.<\/p>\n\n\n\n<p><a href=\"https:\/\/boswindor.com\/hu\/about-us\/\"><u><mark style=\"background-color:rgba(0, 0, 0, 0);color:#ff6900\" class=\"has-inline-color\">Boswindor<\/mark><\/u><\/a>\u00a0egy megb\u00edzhat\u00f3 ablak- \u00e9s ajt\u00f3gy\u00e1rt\u00f3, akire r\u00e1b\u00edzhatja a min\u0151s\u00e9gi \u00f6b\u00f6l- \u00e9s kerti ablakok be\u00e9p\u00edt\u00e9si t\u00e1mogat\u00e1si szolg\u00e1ltat\u00e1sait. Szakembereink k\u00e9szen \u00e1llnak a feladat elv\u00e9gz\u00e9s\u00e9re, ak\u00e1r nagyobb helyis\u00e9gekre, ak\u00e1r sok term\u00e9szetes f\u00e9nyre van sz\u00fcks\u00e9ge.<\/p>\n\n\n\n<p>Ablak\u00fcvegek \u00e9s keretek sz\u00e9les v\u00e1laszt\u00e9k\u00e1t k\u00edn\u00e1ljuk, \u00edgy minden ablakny\u00edl\u00e1shoz ill\u0151 st\u00edlust v\u00e1laszthat, \u00edgy t\u00f6k\u00e9letesen kieg\u00e9sz\u00edtve otthona \u00e9p\u00edt\u00e9szeti st\u00edlus\u00e1t.<\/p>\n\n\n\n<p>A Boswindor ablakainak hossz\u00fa list\u00e1ja eszt\u00e9tikus, megb\u00edzhat\u00f3 \u00e9s energiatakar\u00e9kos. Argong\u00e1zzal szigetelt \u00fcveget \u00e9s dupla \u00fcvegez\u00e9st haszn\u00e1lunk az ablakok h\u0151vesztes\u00e9g\u00e9nek cs\u00f6kkent\u00e9se \u00e9rdek\u00e9ben. Ne habozzon!<a href=\"https:\/\/boswindor.com\/hu\/contact-us\/\">\u00a0<u><mark style=\"background-color:rgba(0, 0, 0, 0);color:#ff6900\" class=\"has-inline-color\">Kapcsolat<\/mark><\/u><\/a>\u00a0alapvet\u0151 ablaktippek\u00e9rt ingyenes konzult\u00e1ci\u00f3t \u00e9s azonnali \u00e1raj\u00e1nlatot k\u00edn\u00e1lunk.<\/p>","protected":false},"excerpt":{"rendered":"<p>Otthonod ablakst\u00edlusa sokat seg\u00edthet abban, hogy a lak\u00f3tered az ig\u00e9nyeidnek megfelel\u0151en \u00e9s az \u00e9letst\u00edlusodhoz ill\u0151en alakuljon. Az \u00f6b\u00f6l ablak \u00e9s a kerti ablak a legjobb v\u00e1laszt\u00e1s, ha \u00faj ablakra van sz\u00fcks\u00e9ged, vagy a megl\u00e9v\u0151ket tervezed lecser\u00e9lni, \u00e9s szeretn\u00e9d be\u00e9p\u00edteni a term\u00e9szet hangulat\u00e1t otthonod bels\u0151 ter\u00e9be.<\/p>\n<p>Hab\u00e1r mind a kerti, mind a kiugr\u00f3 ablakok st\u00edlusos \u00e9s funkcion\u00e1lis \u00e9p\u00edt\u0151elemek, amelyek term\u00e9szetes f\u00e9nyt engednek be a lak\u00f3t\u00e9rbe, m\u00e1s, elt\u00e9r\u0151 c\u00e9lokat is szolg\u00e1lnak. <\/p>\n<p>Ez a szak\u00e9rt\u0151i \u00fatmutat\u00f3 a kiugr\u00f3 ablakokat \u00e9s a kerti ablakokat t\u00e1rgyalja, \u00e9s azt, hogy mit k\u00edn\u00e1lnak, hogy seg\u00edtsenek eld\u00f6nteni, melyik lenne a legmegfelel\u0151bb az \u00d6n ter\u00e9hez. K\u00e9nyelmesen helyezkedjen el, mik\u00f6zben belemer\u00fcl\u00fcnk a r\u00e9szletekbe!<\/p>","protected":false},"author":3,"featured_media":8030,"comment_status":"open","ping_status":"open","sticky":false,"template":"","format":"standard","meta":{"footnotes":""},"categories":[10],"tags":[],"class_list":["post-8027","post","type-post","status-publish","format-standard","has-post-thumbnail","hentry","category-windows-doors"],"blocksy_meta":[],"_links":{"self":[{"href":"https:\/\/boswindor.com\/hu\/wp-json\/wp\/v2\/posts\/8027","targetHints":{"allow":["GET"]}}],"collection":[{"href":"https:\/\/boswindor.com\/hu\/wp-json\/wp\/v2\/posts"}],"about":[{"href":"https:\/\/boswindor.com\/hu\/wp-json\/wp\/v2\/types\/post"}],"author":[{"embeddable":true,"href":"https:\/\/boswindor.com\/hu\/wp-json\/wp\/v2\/users\/3"}],"replies":[{"embeddable":true,"href":"https:\/\/boswindor.com\/hu\/wp-json\/wp\/v2\/comments?post=8027"}],"version-history":[{"count":5,"href":"https:\/\/boswindor.com\/hu\/wp-json\/wp\/v2\/posts\/8027\/revisions"}],"predecessor-version":[{"id":8076,"href":"https:\/\/boswindor.com\/hu\/wp-json\/wp\/v2\/posts\/8027\/revisions\/8076"}],"wp:featuredmedia":[{"embeddable":true,"href":"https:\/\/boswindor.com\/hu\/wp-json\/wp\/v2\/media\/8030"}],"wp:attachment":[{"href":"https:\/\/boswindor.com\/hu\/wp-json\/wp\/v2\/media?parent=8027"}],"wp:term":[{"taxonomy":"category","embeddable":true,"href":"https:\/\/boswindor.com\/hu\/wp-json\/wp\/v2\/categories?post=8027"},{"taxonomy":"post_tag","embeddable":true,"href":"https:\/\/boswindor.com\/hu\/wp-json\/wp\/v2\/tags?post=8027"}],"curies":[{"name":"munkaf\u00fczet","href":"https:\/\/api.w.org\/{rel}","templated":true}]}}