{"id":8002,"date":"2025-08-21T19:00:15","date_gmt":"2025-08-22T03:00:15","guid":{"rendered":"https:\/\/boswindor.com\/?p=8002"},"modified":"2025-08-21T19:00:17","modified_gmt":"2025-08-22T03:00:17","slug":"top-tips-to-control-condensation-and-maintain-comfortable-temperatures","status":"publish","type":"post","link":"https:\/\/boswindor.com\/hu\/top-tips-to-control-condensation-and-maintain-comfortable-temperatures\/","title":{"rendered":"Tippek a p\u00e1ralecsap\u00f3d\u00e1s szab\u00e1lyoz\u00e1s\u00e1hoz \u00e9s a k\u00e9nyelmes h\u0151m\u00e9rs\u00e9klet fenntart\u00e1s\u00e1hoz"},"content":{"rendered":"<h2 class=\"wp-block-heading\"><a><\/a>Mi a kondenz\u00e1ci\u00f3?<\/h2>\n\n\n\n<figure class=\"wp-block-image size-full\"><img fetchpriority=\"high\" decoding=\"async\" width=\"920\" height=\"450\" src=\"https:\/\/boswindor.com\/wp-content\/uploads\/2025\/08\/What-is-Condensation.jpg\" alt=\"\" class=\"wp-image-8011\" srcset=\"https:\/\/boswindor.com\/wp-content\/uploads\/2025\/08\/What-is-Condensation.jpg 920w, https:\/\/boswindor.com\/wp-content\/uploads\/2025\/08\/What-is-Condensation-300x147.jpg 300w, https:\/\/boswindor.com\/wp-content\/uploads\/2025\/08\/What-is-Condensation-768x376.jpg 768w, https:\/\/boswindor.com\/wp-content\/uploads\/2025\/08\/What-is-Condensation-18x9.jpg 18w\" sizes=\"(max-width: 920px) 100vw, 920px\" \/><figcaption class=\"wp-element-caption\">Mi a kondenz\u00e1ci\u00f3?<\/figcaption><\/figure>\n\n\n\n<p>A kondenz\u00e1ci\u00f3 a leveg\u0151ben l\u00e9v\u0151 v\u00edzg\u0151z \u00e1talakul\u00e1sa apr\u00f3 foly\u00e9kony cseppekk\u00e9, amikor hidegebb fel\u00fclettel tal\u00e1lkozik. Ez az\u00e9rt t\u00f6rt\u00e9nik, mert a meleg leveg\u0151 t\u00f6bb nedvess\u00e9get tartalmazhat, mint a nedves leveg\u0151. Ez\u00e9rt, amikor a meleg, nedves leveg\u0151 hidegebb fel\u00fclettel \u00e9rintkezik, a leveg\u0151 h\u0151t vesz\u00edt, \u00e9s m\u00e1r nem tudja az \u00f6sszes nedvess\u00e9g\u00e9t megtartani. A felesleges v\u00edzg\u0151z ezut\u00e1n l\u00e1that\u00f3 cseppek form\u00e1j\u00e1ban lerak\u00f3dik a fel\u00fcleten.<\/p>\n\n\n\n<p>A p\u00e1ralecsap\u00f3d\u00e1st megfigyelhetj\u00fck a mindennapi \u00e9letben. Erre p\u00e9lda, amikor forr\u00f3 zuhanyoz\u00e1s k\u00f6zben g\u0151z csap\u00f3dik ki a f\u00fcrd\u0151szobai t\u00fck\u00f6r\u00f6n. Ugyanez a p\u00e1ralecsap\u00f3d\u00e1s t\u00f6rt\u00e9nik egy jeges poh\u00e1r v\u00edzen is egy meleg szob\u00e1ban.<\/p>\n\n\n\n<p>A cseppek az \u00fcveg k\u00fcls\u0151 oldal\u00e1n k\u00e9pz\u0151dnek, mert a k\u00f6r\u00fcl\u00f6tte l\u00e9v\u0151 leveg\u0151 leh\u0171l, \u00e9s a nedvess\u00e9g kiszabadul. Otthon\u00e1ban a p\u00e1ralecsap\u00f3d\u00e1s gyakori, ha a belt\u00e9ri leveg\u0151 p\u00e1r\u00e1s, \u00e9s az ablak\u00fcveg sokkal hidegebb, mint a szobah\u0151m\u00e9rs\u00e9klet (azaz, amikor kint hideg van).<\/p>\n\n\n\n<h2 class=\"wp-block-heading\"><a><\/a>A kondenz\u00e1ci\u00f3 okai<\/h2>\n\n\n\n<figure class=\"wp-block-image size-full\"><img decoding=\"async\" width=\"920\" height=\"420\" src=\"https:\/\/boswindor.com\/wp-content\/uploads\/2025\/08\/Causes-of-Condensation.jpg\" alt=\"\" class=\"wp-image-8006\" srcset=\"https:\/\/boswindor.com\/wp-content\/uploads\/2025\/08\/Causes-of-Condensation.jpg 920w, https:\/\/boswindor.com\/wp-content\/uploads\/2025\/08\/Causes-of-Condensation-300x137.jpg 300w, https:\/\/boswindor.com\/wp-content\/uploads\/2025\/08\/Causes-of-Condensation-768x351.jpg 768w, https:\/\/boswindor.com\/wp-content\/uploads\/2025\/08\/Causes-of-Condensation-18x8.jpg 18w\" sizes=\"(max-width: 920px) 100vw, 920px\" \/><figcaption class=\"wp-element-caption\">A kondenz\u00e1ci\u00f3 okai<\/figcaption><\/figure>\n\n\n\n<p>A p\u00e1ralecsap\u00f3d\u00e1s f\u0151k\u00e9nt a t\u00falzott belt\u00e9ri nedvess\u00e9g, a t\u00fal kev\u00e9s l\u00e9g\u00e1raml\u00e1s \u00e9s a hideg fel\u00fcletek miatt k\u00f6vetkezik be. A kiv\u00e1lt\u00f3 okok felismer\u00e9s\u00e9vel elker\u00fclheti a t\u00falzott nedvess\u00e9get, \u00e9s seg\u00edthet abban, hogy otthona sz\u00e1razabb \u00e9s eg\u00e9szs\u00e9gesebb legyen. A f\u0151 okok a k\u00f6vetkez\u0151k:<\/p>\n\n\n\n<h3 class=\"wp-block-heading\"><a><\/a>F\u0151z\u00e9s \u00e9s v\u00edzforral\u00e1s<\/h3>\n\n\n\n<p>A konyh\u00e1ban rizs, b\u00e1rmilyen v\u00edz forral\u00e1sa vagy s\u00fct\u00e9s k\u00f6zben sok g\u0151z keletkezik. Ha a langyos leveg\u0151 nem t\u00e1vozik a helyis\u00e9gb\u0151l p\u00e1raelsz\u00edv\u00f3n vagy nyitott ablakon kereszt\u00fcl, akkor a g\u0151z bet\u00f6lti a h\u00e1zat, \u00e9s v\u00e9g\u00fcl, ha hideg fel\u00fclettel tal\u00e1lkozik, v\u00edzcseppekk\u00e9 csap\u00f3dik le.<\/p>\n\n\n\n<h3 class=\"wp-block-heading\"><a><\/a>F\u00fcrd\u00e9s \u00e9s zuhanyoz\u00e1s<\/h3>\n\n\n\n<p>A p\u00e1ratartalom m\u00e1sik jelent\u0151s forr\u00e1sa a f\u00fcrd\u0151szoba. Egy forr\u00f3 zuhany ak\u00e1r 2 liter v\u00edzg\u0151zt is kibocs\u00e1that a leveg\u0151be. Ha a ventil\u00e1torok nincsenek bekapcsolva, \u00e9s az ajt\u00f3k \u00e9s ablakok z\u00e1rva vannak, a nedves leveg\u0151 a f\u00fcrd\u0151szob\u00e1ban marad, \u00e9s visszat\u00e9r a fel\u00fcleteken, bele\u00e9rtve a nedves falakat \u00e9s a mennyezetet is, v\u00edz form\u00e1j\u00e1ban.<\/p>\n\n\n\n<h3 class=\"wp-block-heading\"><a><\/a>L\u00e9gz\u00e9s \u00e9s alv\u00e1s<\/h3>\n\n\n\n<p>Az emberi tev\u00e9kenys\u00e9g term\u00e9szetes m\u00f3don n\u00f6veli a leveg\u0151 nedvess\u00e9gtartalm\u00e1t. Minden ember k\u00f6r\u00fclbel\u00fcl 0,5 liter v\u00edzg\u0151zt l\u00e9legzik ki alv\u00e1s k\u00f6zben; a z\u00e1rt ajt\u00f3kkal \u00e9s ablakokkal rendelkez\u0151 h\u00e1l\u00f3szob\u00e1kban reggelre k\u00e9ts\u00e9gtelen\u00fcl bep\u00e1r\u00e1sodnak az ablakok.<\/p>\n\n\n\n<h3 class=\"wp-block-heading\"><a><\/a>Ruhasz\u00e1r\u00edt\u00e1s belt\u00e9rben<\/h3>\n\n\n\n<p>Az otthoni p\u00e1ratartalom n\u00f6vel\u00e9s\u00e9nek egyik leggyorsabb m\u00f3dja, ha a nedves ruh\u00e1kat belt\u00e9ren teregetj\u00fck ki. Egyetlen adag nedves ruha majdnem 2 liter nedvess\u00e9g elp\u00e1rolg\u00e1s\u00e1t jelentheti a leveg\u0151be. J\u00f3 k\u00fclt\u00e9ri l\u00e9g\u00e1raml\u00e1s n\u00e9lk\u00fcl ez p\u00e1ralecsap\u00f3d\u00e1st okoz, k\u00fcl\u00f6n\u00f6sen a hidegebb h\u00f3napokban, amikor a szabadban t\u00f6rt\u00e9n\u0151 sz\u00e1r\u00edt\u00e1s kev\u00e9sb\u00e9 kellemes.<\/p>\n\n\n\n<h3 class=\"wp-block-heading\"><a><\/a>&nbsp;Nem megfelel\u0151 szell\u0151z\u00e9s<\/h3>\n\n\n\n<p>Napjainkban sok otthon energiatakar\u00e9kosan van tervezve, ami azt jelenti, hogy l\u00e9gmentesek \u00e9s kiv\u00e1l\u00f3 szigetel\u00e9ssel rendelkeznek. Ez j\u00f3 a h\u0151 benntart\u00e1s\u00e1ra, de a p\u00e1ratartalomra is. Ha a szell\u0151z\u0151ny\u00edl\u00e1sokat, elsz\u00edv\u00f3kat vagy ablakokat nem nyitj\u00e1k\/haszn\u00e1lj\u00e1k rendszeresen, a nedvess\u00e9g felhalmoz\u00f3dik, \u00e9s nem tud elt\u00e1vozni, ami p\u00e1ralecsap\u00f3d\u00e1st eredm\u00e9nyez.<\/p>\n\n\n\n<h3 class=\"wp-block-heading\"><a><\/a>H\u0151m\u00e9rs\u00e9klet-ingadoz\u00e1sok hideg fel\u00fcleten<\/h3>\n\n\n\n<p>Amikor a meleg leveg\u0151 hidegebb fel\u00fcletekre (egyr\u00e9teg\u0171 ablakok, k\u00fcls\u0151 falak vagy csemp\u00e9zett padl\u00f3k) \u00e9ri, gyorsan leh\u0171l, \u00e9s v\u00edzcseppek k\u00e9pz\u0151dnek. Ez\u00e9rt jelent nagyobb probl\u00e9m\u00e1t a p\u00e1ralecsap\u00f3d\u00e1s t\u00e9len, amikor a k\u00fcls\u0151 h\u0151m\u00e9rs\u00e9klet l\u00e9nyegesen alacsonyabb, mint a belt\u00e9ren.<\/p>\n\n\n\n<h2 class=\"wp-block-heading\"><a><\/a>Hogyan lehet szab\u00e1lyozni \u00e9s elker\u00fclni a kondenz\u00e1ci\u00f3 kialakul\u00e1s\u00e1t?<\/h2>\n\n\n\n<figure class=\"wp-block-image size-full\"><img decoding=\"async\" width=\"920\" height=\"420\" src=\"https:\/\/boswindor.com\/wp-content\/uploads\/2025\/08\/Double-Glass-Windows-Reduces-Condensation.jpg\" alt=\"\" class=\"wp-image-8008\" srcset=\"https:\/\/boswindor.com\/wp-content\/uploads\/2025\/08\/Double-Glass-Windows-Reduces-Condensation.jpg 920w, https:\/\/boswindor.com\/wp-content\/uploads\/2025\/08\/Double-Glass-Windows-Reduces-Condensation-300x137.jpg 300w, https:\/\/boswindor.com\/wp-content\/uploads\/2025\/08\/Double-Glass-Windows-Reduces-Condensation-768x351.jpg 768w, https:\/\/boswindor.com\/wp-content\/uploads\/2025\/08\/Double-Glass-Windows-Reduces-Condensation-18x8.jpg 18w\" sizes=\"(max-width: 920px) 100vw, 920px\" \/><figcaption class=\"wp-element-caption\">A dupla \u00fcvegez\u00e9s\u0171 ablakok cs\u00f6kkentik a p\u00e1ralecsap\u00f3d\u00e1st<\/figcaption><\/figure>\n\n\n\n<p>A megfelel\u0151 l\u00e9p\u00e9sek megt\u00e9tel\u00e9vel cs\u00f6kkentheti vagy megel\u0151zheti a p\u00e1ralecsap\u00f3d\u00e1st. Mivel a p\u00e1ralecsap\u00f3d\u00e1s jellemz\u0151en a t\u00falzott nedvess\u00e9g \u00e9s a nem megfelel\u0151 szell\u0151z\u00e9s miatt k\u00f6vetkezik be, fontos, hogy ezt a k\u00e9t t\u00e9nyez\u0151t szab\u00e1lyozzuk.<\/p>\n\n\n\n<p>\u00cdme n\u00e9h\u00e1ny m\u00f3dszer, amellyel megel\u0151zheti a p\u00e1ralecsap\u00f3d\u00e1st otthon\u00e1ban:<\/p>\n\n\n\n<h3 class=\"wp-block-heading\"><a><\/a>N\u00f6velje a szell\u0151z\u00e9st<\/h3>\n\n\n\n<p>A meleg leveg\u0151 keringtet\u00e9se a h\u00e1z belsej\u00e9ben seg\u00edthet cs\u00f6kkenteni a nedvess\u00e9g felhalmoz\u00f3d\u00e1s\u00e1t. Az ablakok rendszeres nyitogat\u00e1sa otthon\u00e1ban (k\u00fcl\u00f6n\u00f6sen a konyh\u00e1ban, a f\u00fcrd\u0151szob\u00e1ban \u00e9s a mos\u00f3konyh\u00e1ban) lehet\u0151v\u00e9 teszi a nedvess\u00e9g t\u00e1voz\u00e1s\u00e1t.<\/p>\n\n\n\n<p>\u00c9rdemes lehet megfontolni elsz\u00edv\u00f3 ventil\u00e1torok \u00e9s\/vagy egy eg\u00e9sz h\u00e1zat lefed\u0151 szell\u0151ztet\u0151 rendszer telep\u00edt\u00e9s\u00e9t is az alacsonyabb relat\u00edv p\u00e1ratartalom \u00e9rdek\u00e9ben.<\/p>\n\n\n\n<h3 class=\"wp-block-heading\"><a><\/a>Korl\u00e1tozza a belt\u00e9ri p\u00e1ratartalmat<\/h3>\n\n\n\n<p>Egy teljes h\u00e1zat kiszolg\u00e1l\u00f3 h\u0171t\u0151k\u00f6zeges p\u00e1ramentes\u00edt\u0151 hat\u00e9konyan cs\u00f6kkentheti a belt\u00e9ri p\u00e1ratartalmat, ez\u00e1ltal cs\u00f6kkentve a leveg\u0151 teljes nedvess\u00e9gtartalm\u00e1t. Ha a belt\u00e9ri p\u00e1ratartalmat 60% alatt, v\u00e9gs\u0151 soron 30-50% tartom\u00e1nyban tartja, a legt\u00f6bb p\u00e1ralecsap\u00f3d\u00e1s nem fog bek\u00f6vetkezni az ablakszell\u0151z\u0151k\u00f6n \u00e9s a k\u00fcls\u0151 falakon.<\/p>\n\n\n<style>.elementor-6308 .elementor-element.elementor-element-3666e33{margin-top:20px;margin-bottom:20px;}.elementor-6308 .elementor-element.elementor-element-0fc0e23 .elementor-cta__content{min-height:100px;text-align:center;}.elementor-6308 .elementor-element.elementor-element-0fc0e23 .elementor-cta__title{font-size:32px;}.elementor-6308 .elementor-element.elementor-element-0fc0e23 .elementor-cta__description{font-size:22px;font-weight:500;}.elementor-6308 .elementor-element.elementor-element-0fc0e23 .elementor-cta__button{color:var( --e-global-color-7fada61e );background-color:var( --e-global-color-primary );border-color:var( --e-global-color-7fada61e );}.elementor-6308 .elementor-element.elementor-element-0fc0e23 .elementor-cta__button:hover{color:var( --e-global-color-secondary );border-color:var( --e-global-color-secondary );}.elementor-6308 .elementor-element.elementor-element-0fc0e23 .elementor-cta .elementor-cta__bg, .elementor-6308 .elementor-element.elementor-element-0fc0e23 .elementor-cta .elementor-cta__bg-overlay{transition-duration:1500ms;}.elementor-6308 .elementor-element.elementor-element-0fc0e23 > .elementor-widget-container{box-shadow:0px 0px 10px 0px rgba(0,0,0,0.5);}@media(max-width:767px){.elementor-6308 .elementor-element.elementor-element-0fc0e23 .elementor-cta__content{min-height:100px;text-align:center;}}<\/style>\t\t<div data-elementor-type=\"container\" data-elementor-id=\"6308\" class=\"elementor elementor-6308\" data-elementor-settings=\"{&quot;ha_cmc_init_switcher&quot;:&quot;no&quot;}\" data-elementor-post-type=\"elementor_library\">\n\t\t\t\t\t\t<section class=\"elementor-section elementor-top-section elementor-element elementor-element-3666e33 ct-section-stretched elementor-section-boxed elementor-section-height-default elementor-section-height-default\" data-id=\"3666e33\" data-element_type=\"section\" data-e-type=\"section\" data-settings=\"{&quot;_ha_eqh_enable&quot;:false}\">\n\t\t\t\t\t\t<div class=\"elementor-container elementor-column-gap-default\">\n\t\t\t\t\t<div class=\"elementor-column elementor-col-100 elementor-top-column elementor-element elementor-element-250bb9c\" data-id=\"250bb9c\" data-element_type=\"column\" data-e-type=\"column\">\n\t\t\t<div class=\"elementor-widget-wrap elementor-element-populated\">\n\t\t\t\t\t\t<div class=\"elementor-element elementor-element-0fc0e23 elementor-cta--layout-image-right elementor-cta--mobile-layout-image-above elementor-cta--skin-classic elementor-animated-content elementor-bg-transform elementor-bg-transform-zoom-in elementor-widget elementor-widget-call-to-action\" data-id=\"0fc0e23\" data-element_type=\"widget\" data-e-type=\"widget\" data-widget_type=\"call-to-action.default\">\n\t\t\t\t<div class=\"elementor-widget-container\">\n\t\t\t\t\t\t\t<a class=\"elementor-cta\" href=\"https:\/\/boswindor.com\/hu\/contact-us\/\">\n\t\t\t\t\t<div class=\"elementor-cta__bg-wrapper\">\n\t\t\t\t<div class=\"elementor-cta__bg elementor-bg\" style=\"background-image: url(https:\/\/boswindor.com\/wp-content\/uploads\/2025\/04\/Boswindor-Doors-Windows-Factory-10_\u526f\u672c.jpg);\" role=\"img\" aria-label=\"Boswindor Ajt\u00f3k Ablakgy\u00e1r (10)_\u526f\u672c\"><\/div>\n\t\t\t\t<div class=\"elementor-cta__bg-overlay\"><\/div>\n\t\t\t<\/div>\n\t\t\t\t\t\t\t<div class=\"elementor-cta__content\">\n\t\t\t\t\n\t\t\t\t\t\t\t\t\t<h3 class=\"elementor-cta__title elementor-cta__content-item elementor-content-item\">\n\t\t\t\t\t\tBoswindor\t\t\t\t\t<\/h3>\n\t\t\t\t\n\t\t\t\t\t\t\t\t\t<div class=\"elementor-cta__description elementor-cta__content-item elementor-content-item\">\n\t\t\t\t\t\tGy\u00e1ri ablakok \u00e9s ajt\u00f3k. Szeretne k\u00f6lts\u00e9geket megtakar\u00edtani? <p>Pr\u00e9mium min\u0151s\u00e9get kaphatsz olcs\u00f3bban. K\u00e9rj ingyenes \u00e1raj\u00e1nlatot m\u00e9g ma!\t\t\t\t\t<\/div>\n\t\t\t\t\n\t\t\t\t\t\t\t\t\t<div class=\"elementor-cta__button-wrapper elementor-cta__content-item elementor-content-item\">\n\t\t\t\t\t<span class=\"elementor-cta__button elementor-button elementor-size-\">\n\t\t\t\t\t\tK\u00c9RJEN \u00c1RAJ\u00c1NLATOT MOST\t\t\t\t\t<\/span>\n\t\t\t\t\t<\/div>\n\t\t\t\t\t\t\t<\/div>\n\t\t\t\t\t\t<\/a>\n\t\t\t\t\t\t<\/div>\n\t\t\t\t<\/div>\n\t\t\t\t\t<\/div>\n\t\t<\/div>\n\t\t\t\t\t<\/div>\n\t\t<\/section>\n\t\t\t\t<\/div>\n\t\t\n\n\n\n<h3 class=\"wp-block-heading\"><a><\/a>Belt\u00e9ri h\u0151m\u00e9rs\u00e9klet-szab\u00e1lyoz\u00e1s<\/h3>\n\n\n\n<p>A p\u00e1ralecsap\u00f3d\u00e1s akkor keletkezik, amikor a meleg leveg\u0151 hideg fel\u00fclettel \u00e9rintkezik. A harmatpont \u00e1lland\u00f3 h\u0151m\u00e9rs\u00e9klet\u00e9nek fenntart\u00e1sa belt\u00e9rben korl\u00e1tozza ezt a probl\u00e9m\u00e1t. A dupla \u00fcvegez\u00e9s\u0171 ablakok vagy a h\u0151szigetelt \u00fcveg melegebben tartja a hideg \u00fcvegfel\u00fcletet.<\/p>\n\n\n\n<h3 class=\"wp-block-heading\"><a><\/a>Cs\u00f6kkentse a nedvess\u00e9gforr\u00e1sokat &nbsp;<\/h3>\n\n\n\n<p>A f\u0151z\u00e9s, zuhanyoz\u00e1s \u00e9s ruh\u00e1k sz\u00e1r\u00edt\u00e1sa belt\u00e9rben mindennapos tev\u00e9kenys\u00e9gek, amelyek sor\u00e1n v\u00edzg\u0151z ker\u00fcl a meleg leveg\u0151be. A nedvess\u00e9g minimaliz\u00e1l\u00e1s\u00e1nak hat\u00e9kony m\u00f3djai k\u00f6z\u00e9 tartozik az ed\u00e9nyek letakar\u00e1sa f\u0151z\u00e9s k\u00f6zben, az \u00e9telek lefed\u00e9se, a szell\u0151z\u0151ny\u00edl\u00e1ssal ell\u00e1tott sz\u00e1r\u00edt\u00f3g\u00e9pek haszn\u00e1lata a szabadban, valamint a nedves fel\u00fcletek felt\u00f6rl\u00e9se a f\u00fcrd\u0151szob\u00e1ban.<\/p>\n\n\n\n<h3 class=\"wp-block-heading\"><a><\/a>Szigeteld otthonod &nbsp;<\/h3>\n\n\n\n<p>A k\u00fcls\u0151 falak, mennyezetek \u00e9s padl\u00f3k hangszigetel\u00e9se minim\u00e1lisra cs\u00f6kkenti a hideg fel\u00fcleteket, \u00e9s megsz\u00fcnteti azokat a fel\u00fcleteket, amelyeken p\u00e1ralecsap\u00f3d\u00e1s alakulhat ki. Az ablakok fejleszt\u00e9se, p\u00e9ld\u00e1ul a dupla \u00fcvegez\u00e9s\u0171 ablakok, k\u00fcl\u00f6n\u00f6sen hat\u00e9konyak lehetnek az ablakokon lerak\u00f3d\u00f3 p\u00e1ralecsap\u00f3d\u00e1s megsz\u00fcntet\u00e9s\u00e9ben.<\/p>\n\n\n\n<h3 class=\"wp-block-heading\"><a><\/a>J\u00f3 napi szok\u00e1sok kialak\u00edt\u00e1sa<\/h3>\n\n\n\n<p>Egy kis \u00e9letm\u00f3dbeli v\u00e1ltoztat\u00e1s sokat seg\u00edthet a p\u00e1ralecsap\u00f3d\u00e1s cs\u00f6kkent\u00e9s\u00e9ben. P\u00e9ld\u00e1ul, ha r\u00e9s van a b\u00fatorok \u00e9s a bels\u0151 falak k\u00f6z\u00f6tt, az jav\u00edtja a l\u00e9g\u00e1raml\u00e1st, m\u00edg ha az ablak tetej\u00e9n l\u00e9v\u0151 csepegtet\u0151 szell\u0151z\u0151ny\u00edl\u00e1sokat csak kicsit lejjebb helyezz\u00fck, az azt jelenti, hogy m\u00e9g z\u00e1rt ablak eset\u00e9n is folyamatos a l\u00e9g\u00e1raml\u00e1s a felesleges h\u0151vesztes\u00e9g n\u00e9lk\u00fcl.<\/p>\n\n\n\n<h2 class=\"wp-block-heading\"><a><\/a>K\u00f6vetkeztet\u00e9s<\/h2>\n\n\n\n<figure class=\"wp-block-image size-full\"><img loading=\"lazy\" decoding=\"async\" width=\"920\" height=\"380\" src=\"https:\/\/boswindor.com\/wp-content\/uploads\/2025\/07\/Boswindor.jpg\" alt=\"\" class=\"wp-image-7607\" srcset=\"https:\/\/boswindor.com\/wp-content\/uploads\/2025\/07\/Boswindor.jpg 920w, https:\/\/boswindor.com\/wp-content\/uploads\/2025\/07\/Boswindor-300x124.jpg 300w, https:\/\/boswindor.com\/wp-content\/uploads\/2025\/07\/Boswindor-768x317.jpg 768w, https:\/\/boswindor.com\/wp-content\/uploads\/2025\/07\/Boswindor-18x7.jpg 18w\" sizes=\"(max-width: 920px) 100vw, 920px\" \/><figcaption class=\"wp-element-caption\">Boswindor gy\u00e1ri k\u00f6zvetlen<\/figcaption><\/figure>\n\n\n\n<p>A p\u00e1ralecsap\u00f3d\u00e1s t\u00f6bb mint kellemetlens\u00e9g; al\u00e1\u00e1ssa a komfort\u00e9rzetet, el\u0151seg\u00edti a pen\u00e9sz \u00e9s a pen\u00e9szgomba n\u00f6veked\u00e9s\u00e9t, \u00e9s n\u00f6veli az energiak\u00f6lts\u00e9geket. A szell\u0151z\u00e9s, a p\u00e1ratartalom szab\u00e1lyoz\u00e1sa \u00e9s a jellemz\u0151en hideg fel\u00fcletek korszer\u0171s\u00edt\u00e9se jelent\u0151sen cs\u00f6kkenti a nedvess\u00e9get, \u00e9s eg\u00e9szs\u00e9gesebb \u00e9s energiahat\u00e9konyabb teret teremt.<\/p>\n\n\n\n<p><a href=\"https:\/\/boswindor.com\/hu\/\"><mark style=\"background-color:rgba(0, 0, 0, 0);color:#ff6900\" class=\"has-inline-color\">Boswindor <\/mark><\/a>meg\u00e9rti a j\u00f3 tervez\u00e9s fontoss\u00e1g\u00e1t, \u00e9s ugyanez vonatkozik az ajt\u00f3kra \u00e9s ablakokra is. PVC \u00e9s ... vezet\u0151 sz\u00e1ll\u00edt\u00f3jak\u00e9nt<a href=\"https:\/\/boswindor.com\/hu\/aluminum-doors-custom-solutions-designs-available\/\">\u00a0<u>alum\u00ednium ablak<\/u><\/a>\u00a0\u00e9s ajt\u00f3rendszerek ter\u00e9n a Boswindor olyan ajt\u00f3kat \u00e9s ablakokat k\u00edn\u00e1l, amelyek jav\u00edtj\u00e1k otthona eszt\u00e9tik\u00e1j\u00e1t, \u00e9s seg\u00edtenek a p\u00e1ralecsap\u00f3d\u00e1s szab\u00e1lyoz\u00e1s\u00e1ban is. Seg\u00edts\u00e9gre van sz\u00fcks\u00e9ge otthon\u00e1ban a p\u00e1ralecsap\u00f3d\u00e1s kezel\u00e9s\u00e9ben az ablakrendszerek optimaliz\u00e1l\u00e1s\u00e1val? <a href=\"https:\/\/boswindor.com\/hu\/contact-us\/\"><mark style=\"background-color:rgba(0, 0, 0, 0);color:#ff6900\" class=\"has-inline-color\">L\u00e9pjen kapcsolatba a Boswindorral m\u00e9g ma<\/mark><\/a>.<\/p>","protected":false},"excerpt":{"rendered":"<p>A p\u00e1ralecsap\u00f3d\u00e1s akkor k\u00f6vetkezik be, amikor a meleg, nedves leveg\u0151 hideg fel\u00fclettel \u00e9rintkezik, v\u00edzcseppeket k\u00e9pezve az ablakokon, falakon vagy mennyezeten. \u00c1rtalmatlannak t\u0171nhet, de a p\u00e1ralecsap\u00f3d\u00e1s nedves foltokat \u00e9s lepattogz\u00f3 tap\u00e9t\u00e1t okozhat, valamint pen\u00e9szk\u00e9pz\u0151d\u00e9shez is vezethet.<\/p>\n<p>Az otthoni p\u00e1ralecsap\u00f3d\u00e1s gyakori jelei az ablakokon l\u00e9v\u0151 p\u00e1ralecsap\u00f3d\u00e1s \u00e9s a k\u00fcls\u0151 falakon l\u00e9v\u0151 nedves pen\u00e9szgomba-sp\u00f3r\u00e1k. Ez s\u00falyosbodhat a rossz belt\u00e9ri szell\u0151z\u00e9s\u0171 vagy magasabb p\u00e1ratartalm\u00fa napokon.<\/p>\n<p>A p\u00e1ralecsap\u00f3d\u00e1s kezel\u00e9s\u00e9nek elsaj\u00e1t\u00edt\u00e1sa nemcsak otthona v\u00e9delm\u00e9ben seg\u00edthet, hanem a komfort\u00e9rzet jav\u00edt\u00e1s\u00e1ban \u00e9s energiahat\u00e9kony k\u00f6rnyezet megteremt\u00e9s\u00e9ben is.<\/p>","protected":false},"author":3,"featured_media":8005,"comment_status":"open","ping_status":"open","sticky":false,"template":"","format":"standard","meta":{"footnotes":""},"categories":[10],"tags":[],"class_list":["post-8002","post","type-post","status-publish","format-standard","has-post-thumbnail","hentry","category-windows-doors"],"blocksy_meta":[],"_links":{"self":[{"href":"https:\/\/boswindor.com\/hu\/wp-json\/wp\/v2\/posts\/8002","targetHints":{"allow":["GET"]}}],"collection":[{"href":"https:\/\/boswindor.com\/hu\/wp-json\/wp\/v2\/posts"}],"about":[{"href":"https:\/\/boswindor.com\/hu\/wp-json\/wp\/v2\/types\/post"}],"author":[{"embeddable":true,"href":"https:\/\/boswindor.com\/hu\/wp-json\/wp\/v2\/users\/3"}],"replies":[{"embeddable":true,"href":"https:\/\/boswindor.com\/hu\/wp-json\/wp\/v2\/comments?post=8002"}],"version-history":[{"count":5,"href":"https:\/\/boswindor.com\/hu\/wp-json\/wp\/v2\/posts\/8002\/revisions"}],"predecessor-version":[{"id":8015,"href":"https:\/\/boswindor.com\/hu\/wp-json\/wp\/v2\/posts\/8002\/revisions\/8015"}],"wp:featuredmedia":[{"embeddable":true,"href":"https:\/\/boswindor.com\/hu\/wp-json\/wp\/v2\/media\/8005"}],"wp:attachment":[{"href":"https:\/\/boswindor.com\/hu\/wp-json\/wp\/v2\/media?parent=8002"}],"wp:term":[{"taxonomy":"category","embeddable":true,"href":"https:\/\/boswindor.com\/hu\/wp-json\/wp\/v2\/categories?post=8002"},{"taxonomy":"post_tag","embeddable":true,"href":"https:\/\/boswindor.com\/hu\/wp-json\/wp\/v2\/tags?post=8002"}],"curies":[{"name":"munkaf\u00fczet","href":"https:\/\/api.w.org\/{rel}","templated":true}]}}