{"id":7979,"date":"2025-08-19T23:42:59","date_gmt":"2025-08-20T07:42:59","guid":{"rendered":"https:\/\/boswindor.com\/?p=7979"},"modified":"2025-08-19T23:43:02","modified_gmt":"2025-08-20T07:43:02","slug":"the-best-guide-to-understanding-spandrel-glass","status":"publish","type":"post","link":"https:\/\/boswindor.com\/hu\/the-best-guide-to-understanding-spandrel-glass\/","title":{"rendered":"A legjobb \u00fatmutat\u00f3 a parapet\u00fcveg meg\u00e9rt\u00e9s\u00e9hez: t\u00edpusok \u00e9s el\u0151ny\u00f6k"},"content":{"rendered":"<h2 class=\"wp-block-heading\"><a><\/a>Mi az a parapet\u00fcveg?<\/h2>\n\n\n\n<figure class=\"wp-block-image size-full\"><img fetchpriority=\"high\" decoding=\"async\" width=\"900\" height=\"500\" src=\"https:\/\/boswindor.com\/wp-content\/uploads\/2025\/08\/What-Is-Spandrel-Glass.jpg\" alt=\"\" class=\"wp-image-7984\" srcset=\"https:\/\/boswindor.com\/wp-content\/uploads\/2025\/08\/What-Is-Spandrel-Glass.jpg 900w, https:\/\/boswindor.com\/wp-content\/uploads\/2025\/08\/What-Is-Spandrel-Glass-300x167.jpg 300w, https:\/\/boswindor.com\/wp-content\/uploads\/2025\/08\/What-Is-Spandrel-Glass-768x427.jpg 768w, https:\/\/boswindor.com\/wp-content\/uploads\/2025\/08\/What-Is-Spandrel-Glass-18x10.jpg 18w\" sizes=\"(max-width: 900px) 100vw, 900px\" \/><figcaption class=\"wp-element-caption\">Mi az a parapet\u00fcveg?<\/figcaption><\/figure>\n\n\n\n<p>A parafa\u00fcveg egy speci\u00e1lis, nem \u00e1tl\u00e1tsz\u00f3 \u00fcvegpanel, amelyet arra terveztek, hogy elfedje a megl\u00e9v\u0151 szerkezeti elemeket, p\u00e9ld\u00e1ul a g\u00e9p\u00e9szeti berendez\u00e9seket, v\u00edzvezet\u00e9k-rendszereket, HVAC-rendszereket \u00e9s az \u00e9p\u00fclet padl\u00f3i, mennyezetei \u00e9s falai k\u00f6z\u00f6tt tal\u00e1lhat\u00f3 elektromos vezet\u00e9keket. M\u00edg a vizu\u00e1lis \u00fcveg \u00e1tl\u00e1tsz\u00f3 vagy enyh\u00e9n sz\u00ednezett, a parafa\u00fcveg egy teljesen \u00e1tl\u00e1tszatlan vagy sz\u00ednezett \u00e9p\u00edt\u00e9szeti \u00fcveg, amelyen kereszt\u00fcl senki sem l\u00e1that \u00e1t. Ez\u00e9rt gyakran haszn\u00e1lj\u00e1k f\u00fcgg\u00f6nyfalrendszerekben, hogy elrejts\u00e9k az \u00e9p\u00fclet nem ki\u00e1ll\u00edtott r\u00e9szeit vagy tartalm\u00e1t.<\/p>\n\n\n\n<p>A parapet\u00fcveg tart\u00f3s \u00e9s egys\u00e9ges megjelen\u00e9s\u0171, letisztult \u00e9s kifinomult fel\u00fcletet biztos\u00edt, amely legink\u00e1bb a kort\u00e1rs \u00e9p\u00edt\u00e9szeti tervekhez illik.<a href=\"https:\/\/boswindor.com\/hu\/best-10-windows-and-doors-company-in-uae\/\">\u00a0<\/a><u><a href=\"https:\/\/boswindor.com\/hu\/\"><mark style=\"background-color:rgba(0, 0, 0, 0);color:#ff6900\" class=\"has-inline-color\">Ablakgy\u00e1rt\u00f3k<\/mark><\/a><\/u>\u00a0gyakran bevonatra t\u00e1maszkodnak, hogy a parapet\u00fcveg \u00e1tl\u00e1tszatlann\u00e1 v\u00e1ljon.<\/p>\n\n\n\n<p>Ezenk\u00edv\u00fcl a gy\u00e1rt\u00f3k h\u0151kezelik \u00e9s testreszabj\u00e1k a k\u00fcls\u0151 \u00fcveg sz\u00edn\u00e9t, hogy dekorat\u00edv hat\u00e1st, kontrasztos jellemz\u0151ket \u00e9rjenek el, vagy hogy a parapet\u00fcveg panelek illeszkedjenek az ablakfalhoz. Ker\u00fclje azonban a parapet\u00fcveg olyan m\u00f3don t\u00f6rt\u00e9n\u0151 be\u00e9p\u00edt\u00e9s\u00e9t, amely lehet\u0151v\u00e9 teszi, hogy a mesters\u00e9ges vagy a napf\u00e9ny befedje a rejtett tartalmakat az ellenkez\u0151 oldalon.<\/p>\n\n\n\n<h2 class=\"wp-block-heading\"><a><\/a>Par\u00e1d\u00fcveg t\u00edpusai<\/h2>\n\n\n\n<p>A parafa\u00fcveg egy vonz\u00f3 \u00e9p\u00edt\u00e9szeti elem, amely sz\u00e1mos formatervez\u00e9si mint\u00e1val kompatibilis. A parafa\u00fcveg k\u00fcl\u00f6nb\u00f6z\u0151 t\u00edpusokban kaphat\u00f3. Azonban olyan v\u00e1ltoz\u00f3k, mint az \u00e9p\u00fclet kialak\u00edt\u00e1sa, a helyi \u00e9p\u00edt\u00e9si szab\u00e1lyzatok, a k\u00edv\u00e1nt eszt\u00e9tika \u00e9s a h\u0151szigetel\u00e9si k\u00f6vetelm\u00e9nyek hat\u00e1rozz\u00e1k meg a parafa\u00fcveg kiv\u00e1laszt\u00e1s\u00e1t. Az \u00e9p\u00fcletekben gyakran haszn\u00e1lt t\u00edpusok a k\u00f6vetkez\u0151k:<\/p>\n\n\n\n<h3 class=\"wp-block-heading\"><a><\/a>H\u00e1tlapra festett parapet\u00fcveg<\/h3>\n\n\n\n<figure class=\"wp-block-image size-full\"><img decoding=\"async\" width=\"900\" height=\"500\" src=\"https:\/\/boswindor.com\/wp-content\/uploads\/2025\/08\/Back-Painted-Spandrel-Glass.jpg\" alt=\"\" class=\"wp-image-7986\" srcset=\"https:\/\/boswindor.com\/wp-content\/uploads\/2025\/08\/Back-Painted-Spandrel-Glass.jpg 900w, https:\/\/boswindor.com\/wp-content\/uploads\/2025\/08\/Back-Painted-Spandrel-Glass-300x167.jpg 300w, https:\/\/boswindor.com\/wp-content\/uploads\/2025\/08\/Back-Painted-Spandrel-Glass-768x427.jpg 768w, https:\/\/boswindor.com\/wp-content\/uploads\/2025\/08\/Back-Painted-Spandrel-Glass-18x10.jpg 18w\" sizes=\"(max-width: 900px) 100vw, 900px\" \/><figcaption class=\"wp-element-caption\">H\u00e1tlapra festett parapet\u00fcveg<\/figcaption><\/figure>\n\n\n\n<p>Ez a legn\u00e9pszer\u0171bb parapet\u00fcveg, amelynek h\u00e1tulj\u00e1ra speci\u00e1lis fest\u00e9k- vagy zom\u00e1ncr\u00e9teget visznek fel, hogy \u00e1tl\u00e1tszatlann\u00e1 tegy\u00e9k. A k\u00fcls\u0151 r\u00e9sz sima \u00e9s f\u00e9nyes marad, m\u00edg a festett oldal bel\u00fcl marad. Ez a t\u00edpus\u00fa parapet\u00fcveg k\u00fcl\u00f6nb\u00f6z\u0151 sz\u00edn\u00e1rnyalatokban kaphat\u00f3, hogy megfeleljen az \u00e9p\u00fclet eszt\u00e9tikai k\u00f6vetelm\u00e9nyeinek, \u00e9s egys\u00e9ges, tart\u00f3s fel\u00fcletet biztos\u00edt.<\/p>\n\n\n\n<h3 class=\"wp-block-heading\"><a><\/a>Ker\u00e1mia fritt Spandrel \u00fcveg<\/h3>\n\n\n\n<p>Ez egy olyan t\u00edpus\u00fa, \u00fcvegr\u00e9szecsk\u00e9kb\u0151l k\u00e9sz\u00fclt, r\u00e1\u00e9getett bevonat, amelyet magas h\u0151m\u00e9rs\u00e9klet\u0171 \u00e9get\u00e9si elj\u00e1r\u00e1ssal olvasztanak az \u00fcveg fel\u00fclet\u00e9re a nagyobb tart\u00f3ss\u00e1g \u00e9rdek\u00e9ben. A gy\u00e1rt\u00f3k a frittbevonatot r\u00e9szleges mint\u00e1k vagy text\u00far\u00e1k hozz\u00e1ad\u00e1s\u00e1ra haszn\u00e1lj\u00e1k az \u00fcveg fel\u00fclet\u00e9re, \u00e9s tart\u00f3s fel\u00fcletet biztos\u00edtanak. A sz\u00ednt, a mint\u00e1t \u00e9s az \u00e1tl\u00e1tsz\u00f3s\u00e1got is testreszabhatja a tervez\u00e9si ig\u00e9nyeinek megfelel\u0151en.<\/p>\n\n\n\n<h3 class=\"wp-block-heading\"><a><\/a>Monolitikus parapet\u00fcveg<\/h3>\n\n\n\n<p>Ahogy a neve is sugallja, ez egyetlen \u00fcvegt\u00e1bla, amelyet \u00e1ltal\u00e1ban teljesen edzenek vagy h\u0151kezelnek a biztons\u00e1g \u00e9s az \u00e1tl\u00e1tsz\u00f3s\u00e1g fokoz\u00e1sa \u00e9rdek\u00e9ben. Sok gy\u00e1rt\u00f3 gyakran alkalmaz \u00e1tl\u00e1tsz\u00f3 bevonatot a f\u00e9ny blokkol\u00e1s\u00e1ra, \u00e9s vizu\u00e1lisan illeszkedik a parapethez m\u00e1s \u00fcvegt\u00e1bl\u00e1kkal, hogy elker\u00fclje az elt\u00e9r\u0151 paneleket.<\/p>\n\n\n\n<h3 class=\"wp-block-heading\"><a><\/a>Szigetelt parapet\u00fcveg<\/h3>\n\n\n\n<p>Ez a fajta parapet\u00fcveg k\u00e9t vagy t\u00f6bb \u00fcvegt\u00e1bl\u00e1b\u00f3l \u00e1ll, amelyeket egy t\u00e1vtart\u00f3val egyes\u00edtenek. A gy\u00e1rt\u00f3k az \u00fcveg bels\u0151 fel\u00fclet\u00e9t \u00e1tl\u00e1tszatlan anyaggal, p\u00e9ld\u00e1ul f\u00e9mbevonattal vagy ker\u00e1mia frittel vonj\u00e1k be, hogy el\u00e9rj\u00e9k a k\u00edv\u00e1nt \u00e1tl\u00e1tsz\u00f3s\u00e1gi szintet. Fokozott szigetel\u0151 tulajdons\u00e1gai lehet\u0151v\u00e9 teszik a nagyobb energiahat\u00e9konys\u00e1got a h\u0151vesztes\u00e9g cs\u00f6kkent\u00e9s\u00e9vel \u00e9s a kellemes belt\u00e9ri h\u0151m\u00e9rs\u00e9klet fenntart\u00e1s\u00e1val.<\/p>\n\n\n\n<h3 class=\"wp-block-heading\"><a><\/a>\u00c1rny\u00e9kdobozos parapet<\/h3>\n\n\n\n<p>A parapet\u00fcveg t\u00edpusa \u00e1tl\u00e1tsz\u00f3 vagy enyh\u00e9n sz\u00ednezett \u00fcveg, m\u00f6g\u00f6tte szigetelt \u00fcreggel vagy \u00e1tl\u00e1tszatlan panellel, p\u00e9ld\u00e1ul sz\u00ednes h\u00e1tlapokkal vagy f\u00f3li\u00e1val h\u00e1tlapolt szigetel\u00e9ssel. A megl\u00e9v\u0151 r\u00e9s m\u00e9lys\u00e9get \u00e9s vizu\u00e1lis \u00e9rdekess\u00e9get teremt, ami nagyobb rugalmass\u00e1got tesz lehet\u0151v\u00e9 a f\u00e9nyvisszaver\u0151d\u00e9s \u00e9s a sz\u00edn tekintet\u00e9ben.<\/p>\n\n\n\n<p>Fontos azonban, hogy az \u00e1rny\u00e9kdobozok gondosan kidolgozottak legyenek, \u00e9s megfelel\u0151 szell\u0151z\u00e9ssel rendelkezzenek, hogy elker\u00fclj\u00fck az olyan sz\u00f6v\u0151dm\u00e9nyeket, mint a p\u00e1r\u00e1sod\u00e1s \u00e9s a h\u0151 felhalmoz\u00f3d\u00e1sa.<\/p>\n\n\n\n<h2 class=\"wp-block-heading\"><a><\/a>Okok, ami\u00e9rt a parapet\u00fcveg a megfelel\u0151 \u00e9p\u00edt\u00e9szeti \u00fcveg az \u00d6n projektj\u00e9hez<\/h2>\n\n\n\n<div class=\"wp-block-columns is-layout-flex wp-container-core-columns-is-layout-28f84493 wp-block-columns-is-layout-flex\">\n<div class=\"wp-block-column is-layout-flow wp-block-column-is-layout-flow\">\n<figure class=\"wp-block-image size-full\"><img decoding=\"async\" width=\"506\" height=\"900\" src=\"https:\/\/boswindor.com\/wp-content\/uploads\/2025\/08\/Commercial-building-Spandrel-Glass-Project-1.jpg\" alt=\"\" class=\"wp-image-7988\" srcset=\"https:\/\/boswindor.com\/wp-content\/uploads\/2025\/08\/Commercial-building-Spandrel-Glass-Project-1.jpg 506w, https:\/\/boswindor.com\/wp-content\/uploads\/2025\/08\/Commercial-building-Spandrel-Glass-Project-1-169x300.jpg 169w, https:\/\/boswindor.com\/wp-content\/uploads\/2025\/08\/Commercial-building-Spandrel-Glass-Project-1-7x12.jpg 7w\" sizes=\"(max-width: 506px) 100vw, 506px\" \/><\/figure>\n<\/div>\n\n\n\n<div class=\"wp-block-column is-layout-flow wp-block-column-is-layout-flow\">\n<figure class=\"wp-block-image size-full\"><img loading=\"lazy\" decoding=\"async\" width=\"506\" height=\"900\" src=\"https:\/\/boswindor.com\/wp-content\/uploads\/2025\/08\/Commercial-building-Spandrel-Glass-Project-2.jpg\" alt=\"\" class=\"wp-image-7989\" srcset=\"https:\/\/boswindor.com\/wp-content\/uploads\/2025\/08\/Commercial-building-Spandrel-Glass-Project-2.jpg 506w, https:\/\/boswindor.com\/wp-content\/uploads\/2025\/08\/Commercial-building-Spandrel-Glass-Project-2-169x300.jpg 169w, https:\/\/boswindor.com\/wp-content\/uploads\/2025\/08\/Commercial-building-Spandrel-Glass-Project-2-7x12.jpg 7w\" sizes=\"(max-width: 506px) 100vw, 506px\" \/><figcaption class=\"wp-element-caption\">Boswindor kereskedelmi \u00e9p\u00fclet parapet \u00fcvegez\u00e9s projekt<\/figcaption><\/figure>\n<\/div>\n\n\n\n<div class=\"wp-block-column is-layout-flow wp-block-column-is-layout-flow\">\n<figure class=\"wp-block-image size-full\"><img loading=\"lazy\" decoding=\"async\" width=\"506\" height=\"900\" src=\"https:\/\/boswindor.com\/wp-content\/uploads\/2025\/08\/Commercial-building-Spandrel-Glass-Project-3.jpg\" alt=\"\" class=\"wp-image-7990\" srcset=\"https:\/\/boswindor.com\/wp-content\/uploads\/2025\/08\/Commercial-building-Spandrel-Glass-Project-3.jpg 506w, https:\/\/boswindor.com\/wp-content\/uploads\/2025\/08\/Commercial-building-Spandrel-Glass-Project-3-169x300.jpg 169w, https:\/\/boswindor.com\/wp-content\/uploads\/2025\/08\/Commercial-building-Spandrel-Glass-Project-3-7x12.jpg 7w\" sizes=\"(max-width: 506px) 100vw, 506px\" \/><\/figure>\n<\/div>\n<\/div>\n\n\n\n<p>\u00cdme n\u00e9h\u00e1ny el\u0151nye a parapet\u00fcveg haszn\u00e1lat\u00e1nak az \u00e9p\u00edt\u00e9si projektekben:<\/p>\n\n\n\n<h3 class=\"wp-block-heading\"><a><\/a>Tiszta \u00e9s egys\u00e9ges megjelen\u00e9s<\/h3>\n\n\n\n<p>A parapsandrel \u00fcvegez\u00e9s sz\u00e9les k\u00f6rben elterjedt a kereskedelmi \u00e9p\u00edt\u00e9si projektekben, mivel k\u00fcl\u00f6nb\u00f6z\u0151 sz\u00ednv\u00e1laszt\u00e9kban kaphat\u00f3k, \u00edgy kiemelked\u0151 v\u00e1laszt\u00e1st jelentenek a tervez\u0151k \u00e9s \u00e9p\u00edt\u00e9szek sz\u00e1m\u00e1ra, akik egyedi formatervez\u00e9si v\u00edzi\u00f3t szeretn\u00e9nek el\u00e9rni. A parapsandrel \u00fcveg minimalista jelleg\u00e9nek k\u00f6sz\u00f6nhet\u0151en vizu\u00e1lisan egys\u00e9ges \u00e9s rendk\u00edv\u00fcl funkcion\u00e1lis teljes \u00fcveghomlokzatot alkot, \u00e9s megfelel\u0151 be\u00e9p\u00edt\u00e9s eset\u00e9n a vizu\u00e1lis \u00fcveggel szab\u00e1lyozza az \u00e1tl\u00e1tsz\u00f3s\u00e1got.<\/p>\n\n\n\n<h3 class=\"wp-block-heading\"><a><\/a>Maszkolja a nem vonz\u00f3 \u00e9p\u00fcletelemeket<\/h3>\n\n\n\n<p>\u00c1ltal\u00e1ban a g\u00e9p\u00e9szeti berendez\u00e9seket, t\u00e1rol\u00f3egys\u00e9geket vagy padl\u00f3lapokat tal\u00e1lja az \u00e1tl\u00e1tszatlan vagy sz\u00ednezett \u00fcvegfel\u00fclet m\u00f6g\u00f6tt. Az \u00fcvegfalak vizu\u00e1lis sz\u0171r\u0151k\u00e9nt m\u0171k\u00f6dnek, amelyek elrejtik ezeket az \u00e9p\u00fcletszerkezeti rendszereket \u00e9s tereket, megakad\u00e1lyozva, hogy b\u00e1rmi befoly\u00e1solja a k\u00fcls\u0151 megjelen\u00e9st. S\u0151t, fokozz\u00e1k az \u00e9p\u00fclet \u00e1ltal\u00e1nos eszt\u00e9tikai megjelen\u00e9s\u00e9t az\u00e1ltal, hogy nagyobb priv\u00e1tszf\u00e9r\u00e1t biztos\u00edtanak a t\u00e1rol\u00f3terekben.<a href=\"https:\/\/boswindor.com\/hu\/creative-ways-to-hide-your-bathroom-door-designs\/\">&nbsp;<\/a><a href=\"https:\/\/boswindor.com\/hu\/creative-ways-to-hide-your-bathroom-door-designs\/\"><u>f\u00fcrd\u0151szob\u00e1k<\/u><\/a>, vagy konferenciatermekben, mik\u00f6zben beengedik a term\u00e9szetes f\u00e9nyt.<\/p>\n\n\n<style>.elementor-6308 .elementor-element.elementor-element-3666e33{margin-top:20px;margin-bottom:20px;}.elementor-6308 .elementor-element.elementor-element-0fc0e23 .elementor-cta__content{min-height:100px;text-align:center;}.elementor-6308 .elementor-element.elementor-element-0fc0e23 .elementor-cta__title{font-size:32px;}.elementor-6308 .elementor-element.elementor-element-0fc0e23 .elementor-cta__description{font-size:22px;font-weight:500;}.elementor-6308 .elementor-element.elementor-element-0fc0e23 .elementor-cta__button{color:var( --e-global-color-7fada61e );background-color:var( --e-global-color-primary );border-color:var( --e-global-color-7fada61e );}.elementor-6308 .elementor-element.elementor-element-0fc0e23 .elementor-cta__button:hover{color:var( --e-global-color-secondary );border-color:var( --e-global-color-secondary );}.elementor-6308 .elementor-element.elementor-element-0fc0e23 .elementor-cta .elementor-cta__bg, .elementor-6308 .elementor-element.elementor-element-0fc0e23 .elementor-cta .elementor-cta__bg-overlay{transition-duration:1500ms;}.elementor-6308 .elementor-element.elementor-element-0fc0e23 > .elementor-widget-container{box-shadow:0px 0px 10px 0px rgba(0,0,0,0.5);}@media(max-width:767px){.elementor-6308 .elementor-element.elementor-element-0fc0e23 .elementor-cta__content{min-height:100px;text-align:center;}}<\/style>\t\t<div data-elementor-type=\"container\" data-elementor-id=\"6308\" class=\"elementor elementor-6308\" data-elementor-settings=\"{&quot;ha_cmc_init_switcher&quot;:&quot;no&quot;}\" data-elementor-post-type=\"elementor_library\">\n\t\t\t\t\t\t<section class=\"elementor-section elementor-top-section elementor-element elementor-element-3666e33 ct-section-stretched elementor-section-boxed elementor-section-height-default elementor-section-height-default\" data-id=\"3666e33\" data-element_type=\"section\" data-e-type=\"section\" data-settings=\"{&quot;_ha_eqh_enable&quot;:false}\">\n\t\t\t\t\t\t<div class=\"elementor-container elementor-column-gap-default\">\n\t\t\t\t\t<div class=\"elementor-column elementor-col-100 elementor-top-column elementor-element elementor-element-250bb9c\" data-id=\"250bb9c\" data-element_type=\"column\" data-e-type=\"column\">\n\t\t\t<div class=\"elementor-widget-wrap elementor-element-populated\">\n\t\t\t\t\t\t<div class=\"elementor-element elementor-element-0fc0e23 elementor-cta--layout-image-right elementor-cta--mobile-layout-image-above elementor-cta--skin-classic elementor-animated-content elementor-bg-transform elementor-bg-transform-zoom-in elementor-widget elementor-widget-call-to-action\" data-id=\"0fc0e23\" data-element_type=\"widget\" data-e-type=\"widget\" data-widget_type=\"call-to-action.default\">\n\t\t\t\t<div class=\"elementor-widget-container\">\n\t\t\t\t\t\t\t<a class=\"elementor-cta\" href=\"https:\/\/boswindor.com\/hu\/contact-us\/\">\n\t\t\t\t\t<div class=\"elementor-cta__bg-wrapper\">\n\t\t\t\t<div class=\"elementor-cta__bg elementor-bg\" style=\"background-image: url(https:\/\/boswindor.com\/wp-content\/uploads\/2025\/04\/Boswindor-Doors-Windows-Factory-10_\u526f\u672c.jpg);\" role=\"img\" aria-label=\"Boswindor Ajt\u00f3k Ablakgy\u00e1r (10)_\u526f\u672c\"><\/div>\n\t\t\t\t<div class=\"elementor-cta__bg-overlay\"><\/div>\n\t\t\t<\/div>\n\t\t\t\t\t\t\t<div class=\"elementor-cta__content\">\n\t\t\t\t\n\t\t\t\t\t\t\t\t\t<h3 class=\"elementor-cta__title elementor-cta__content-item elementor-content-item\">\n\t\t\t\t\t\tBoswindor\t\t\t\t\t<\/h3>\n\t\t\t\t\n\t\t\t\t\t\t\t\t\t<div class=\"elementor-cta__description elementor-cta__content-item elementor-content-item\">\n\t\t\t\t\t\tGy\u00e1ri ablakok \u00e9s ajt\u00f3k. Szeretne k\u00f6lts\u00e9geket megtakar\u00edtani? <p>Pr\u00e9mium min\u0151s\u00e9get kaphatsz olcs\u00f3bban. K\u00e9rj ingyenes \u00e1raj\u00e1nlatot m\u00e9g ma!\t\t\t\t\t<\/div>\n\t\t\t\t\n\t\t\t\t\t\t\t\t\t<div class=\"elementor-cta__button-wrapper elementor-cta__content-item elementor-content-item\">\n\t\t\t\t\t<span class=\"elementor-cta__button elementor-button elementor-size-\">\n\t\t\t\t\t\tK\u00c9RJEN \u00c1RAJ\u00c1NLATOT MOST\t\t\t\t\t<\/span>\n\t\t\t\t\t<\/div>\n\t\t\t\t\t\t\t<\/div>\n\t\t\t\t\t\t<\/a>\n\t\t\t\t\t\t<\/div>\n\t\t\t\t<\/div>\n\t\t\t\t\t<\/div>\n\t\t<\/div>\n\t\t\t\t\t<\/div>\n\t\t<\/section>\n\t\t\t\t<\/div>\n\t\t\n\n\n\n<h3 class=\"wp-block-heading\"><a><\/a>H\u0151szigetel\u00e9s \u00e9s optim\u00e1lis energiahat\u00e9konys\u00e1g<\/h3>\n\n\n\n<p>A parapet\u00fcveg nemcsak az \u00e9p\u00fcletek k\u00fcls\u0151 megjelen\u00e9s\u00e9t jav\u00edtja, hanem az energiahat\u00e9konys\u00e1got is. Seg\u00edt cs\u00f6kkenteni az energiak\u00f6lts\u00e9geket az\u00e1ltal, hogy minimaliz\u00e1lja a h\u0171t\u0151rendszerekt\u0151l \u00e9s a mesters\u00e9ges f\u00e9nyt\u0151l val\u00f3 f\u00fcgg\u0151s\u00e9get. A bevonatos vagy sz\u00ednezett parapet\u00fcveg cs\u00f6kkenti a t\u00fckr\u00f6z\u0151d\u00e9st \u00e9s az \u00e9p\u00fcletbe bejut\u00f3 napenergia mennyis\u00e9g\u00e9t is. \u00cdgy az \u00e9p\u00fcletet k\u00e9nyelmesebb k\u00f6rnyezett\u00e9 alak\u00edtja.<\/p>\n\n\n\n<p>A h\u00e1z\u00e9p\u00edt\u0151k \u00e9s a v\u00e1llalkoz\u00f3k parap\u00edt\u00f3 \u00fcvegpaneleket haszn\u00e1lnak h\u00e1tfalakkal, h\u0151szigetel\u0151 panelekkel vagy szigetel\u00e9ssel a f\u00fcgg\u00f6nyfalrendszerekben a h\u0151vesztes\u00e9g minimaliz\u00e1l\u00e1sa \u00e9s az \u00e1ltal\u00e1nos R-\u00e9rt\u00e9kek n\u00f6vel\u00e9se \u00e9rdek\u00e9ben. A parap\u00edt\u00f3 \u00fcveg a h\u0151hidak cs\u00f6kkent\u00e9s\u00e9ben is seg\u00edt, k\u00fcl\u00f6n\u00f6sen ac\u00e9loszlopok vagy padl\u00f3vonalak k\u00f6r\u00fcl. Emiatt az \u00fcveg parap\u00edt\u00f3 panelek ma m\u00e1r szinte minden kereskedelmi \u00e9p\u00fclet alapvet\u0151 szerkezeti elemei.<\/p>\n\n\n\n<h3 class=\"wp-block-heading\"><a><\/a>T\u0171zbiztons\u00e1g \u00e9s el\u0151\u00edr\u00e1soknak val\u00f3 megfelel\u00e9s<\/h3>\n\n\n\n<p>\u00c1ltal\u00e1noss\u00e1gban elmondhat\u00f3, hogy a legt\u00f6bb \u00e9p\u00edt\u00e9si szab\u00e1lyzat nem \u00e9ghet\u0151 anyagok \u00e9s szerkezeti elemek haszn\u00e1lat\u00e1t \u00edrja el\u0151 az parapetfalak k\u00f6zel\u00e9ben. \u00cdgy t\u0171z\u00e1ll\u00f3 szerkezeti elemek, p\u00e9ld\u00e1ul szigetel\u00e9s, ac\u00e9lpanelek vagy bevizsg\u00e1lt nem \u00e9ghet\u0151 anyagok haszn\u00e1lata eset\u00e9n betarthat\u00f3k az \u00e9p\u00edt\u00e9si el\u0151\u00edr\u00e1sok. Ez egy extra v\u00e9d\u0151r\u00e9teget biztos\u00edt az \u00e9p\u00fclet megjelen\u00e9s\u00e9nek vesz\u00e9lyeztet\u00e9se n\u00e9lk\u00fcl.<\/p>\n\n\n\n<h2 class=\"wp-block-heading\"><a><\/a>Mi\u00e9rt kell edzett parapet\u00fcveget haszn\u00e1lni?<\/h2>\n\n\n\n<figure class=\"wp-block-image size-full\"><img loading=\"lazy\" decoding=\"async\" width=\"900\" height=\"500\" src=\"https:\/\/boswindor.com\/wp-content\/uploads\/2025\/08\/Tempered-Glass.jpg\" alt=\"\" class=\"wp-image-7992\" srcset=\"https:\/\/boswindor.com\/wp-content\/uploads\/2025\/08\/Tempered-Glass.jpg 900w, https:\/\/boswindor.com\/wp-content\/uploads\/2025\/08\/Tempered-Glass-300x167.jpg 300w, https:\/\/boswindor.com\/wp-content\/uploads\/2025\/08\/Tempered-Glass-768x427.jpg 768w, https:\/\/boswindor.com\/wp-content\/uploads\/2025\/08\/Tempered-Glass-18x10.jpg 18w\" sizes=\"(max-width: 900px) 100vw, 900px\" \/><figcaption class=\"wp-element-caption\">Edzett \u00fcveg<\/figcaption><\/figure>\n\n\n\n<p>Bizonyos m\u00e9rt\u00e9kig elengedhetetlen az edzett parapet\u00fcveg haszn\u00e1lata a nem l\u00e1that\u00f3 ter\u00fcleteken. Minden parapet\u00fcveg h\u0151kezel\u00e9se tart\u00f3ss\u00e1 \u00e9s rendeltet\u00e9sszer\u0171en m\u0171k\u00f6d\u0151k\u00e9pess\u00e9 teszi az \u00fcveget. Az edz\u00e9s figyelemre m\u00e9lt\u00f3 \u00fct\u00e9s\u00e1ll\u00f3s\u00e1gi tulajdons\u00e1gokat biztos\u00edt, amelyek ide\u00e1liss\u00e1 teszik \u00e9p\u00fcletek f\u00f6d\u00e9mv\u00e9geinek \u00e9s szell\u0151z\u0151ny\u00edl\u00e1sainak elrejt\u00e9s\u00e9re. Szinte b\u00e1rmilyen \u00fcvegopci\u00f3t v\u00e1laszthat, amely a legjobban megfelel a k\u00f6lts\u00e9gvet\u00e9s\u00e9nek \u00e9s az \u00e9p\u00fclet eszt\u00e9tikai ig\u00e9nyeinek.<\/p>\n\n\n\n<h2 class=\"wp-block-heading\"><a><\/a>F\u0151bb tanuls\u00e1gok<\/h2>\n\n\n\n<p>A parapet\u00fcveg egy n\u00e9pszer\u0171 \u00e9s funkcion\u00e1lis \u00e9p\u00edt\u00e9szeti elem, amely szerves szerepet j\u00e1tszik az \u00e9p\u00edt\u00e9si projektek eszt\u00e9tik\u00e1j\u00e1nak \u00e9s harm\u00f3ni\u00e1j\u00e1nak megteremt\u00e9s\u00e9ben. V\u00e9gtelen tervez\u00e9si megold\u00e1sokat k\u00edn\u00e1l, mivel a vizu\u00e1lis \u00fcveggel kombin\u00e1lva jellegzetes formai hat\u00e1sokat \u00e9rhet el, \u00e9s megfelel \u00e9p\u00edt\u00e9szeti projektje ig\u00e9nyeinek. Gondoljon a Boswindorra, ha professzion\u00e1lis seg\u00edts\u00e9gre van sz\u00fcks\u00e9ge a megfelel\u0151 parapet\u00fcveg kiv\u00e1laszt\u00e1s\u00e1ban, amely st\u00edlusosan illeszkedik az \u00e9p\u00fcletben l\u00e9v\u0151 vizu\u00e1lis \u00fcveghez, \u00e9s vizu\u00e1lisan kieg\u00e9sz\u00edti azt!<\/p>\n\n\n\n<figure class=\"wp-block-image size-large\"><a href=\"https:\/\/boswindor.com\/hu\/contact-us\/\"><img loading=\"lazy\" decoding=\"async\" width=\"1024\" height=\"427\" src=\"https:\/\/boswindor.com\/wp-content\/uploads\/2025\/07\/Boswindor-Factory-Direct-1024x427.jpg\" alt=\"\" class=\"wp-image-7640\" srcset=\"https:\/\/boswindor.com\/wp-content\/uploads\/2025\/07\/Boswindor-Factory-Direct-1024x427.jpg 1024w, https:\/\/boswindor.com\/wp-content\/uploads\/2025\/07\/Boswindor-Factory-Direct-300x125.jpg 300w, https:\/\/boswindor.com\/wp-content\/uploads\/2025\/07\/Boswindor-Factory-Direct-768x320.jpg 768w, https:\/\/boswindor.com\/wp-content\/uploads\/2025\/07\/Boswindor-Factory-Direct-18x8.jpg 18w, https:\/\/boswindor.com\/wp-content\/uploads\/2025\/07\/Boswindor-Factory-Direct.jpg 1200w\" sizes=\"(max-width: 1024px) 100vw, 1024px\" \/><\/a><figcaption class=\"wp-element-caption\">Boswindor gy\u00e1ri k\u00f6zvetlen<\/figcaption><\/figure>\n\n\n\n<p><a href=\"https:\/\/boswindor.com\/hu\/\"><u><mark style=\"background-color:rgba(0, 0, 0, 0);color:#ff6900\" class=\"has-inline-color\">Boswindor<\/mark><\/u><\/a>\u00a0egy vezet\u0151 \u00e9s megb\u00edzhat\u00f3 ablak- \u00e9s ajt\u00f3gy\u00e1rt\u00f3, amely kiv\u00e1l\u00f3 min\u0151s\u00e9g\u0171, pr\u00e9mium min\u0151s\u00e9g\u0171 parapsandrel h\u0151szigetel\u0151 \u00fcvegegys\u00e9gek gy\u00e1rt\u00e1s\u00e1ra specializ\u00e1l\u00f3dott. Term\u00e9kportf\u00f3li\u00f3nk bevonatos \u00e9s matt sz\u00ednes term\u00e9kek sokoldal\u00fa v\u00e1laszt\u00e9k\u00e1t tartalmazza, amelyek sz\u00e1mos megold\u00e1st k\u00edn\u00e1lnak az \u00d6n ig\u00e9nyeinek \u00e9s \u00e9p\u00edt\u00e9szeti st\u00edlus\u00e1nak megfelel\u0151 t\u00f6k\u00e9letes megjelen\u00e9s el\u00e9r\u00e9s\u00e9hez.<\/p>\n\n\n\n<p>P\u00e1ratlan, k\u00e9pzett szak\u00e9rt\u0151kb\u0151l \u00e1ll\u00f3 csapatunk m\u00e9lyrehat\u00f3an ismeri a parapet\u00fcvegek el\u0151nyeit az \u00d6n projektje szempontj\u00e1b\u00f3l, \u00e9s szak\u00e9rt\u0151i aj\u00e1nl\u00e1sokat tud adni.<a href=\"https:\/\/boswindor.com\/hu\/contact-us\/\">\u00a0<u><mark style=\"background-color:rgba(0, 0, 0, 0);color:#ff6900\" class=\"has-inline-color\">L\u00e9pjen kapcsolatba vel\u00fcnk most<\/mark><\/u><\/a>!<\/p>\n\n\n\n<h2 class=\"wp-block-heading\"><a><\/a>GYIK<\/h2>\n\n\n\n<h3 class=\"wp-block-heading\"><a><\/a>Hogyan gy\u00e1rtj\u00e1k a gy\u00e1rt\u00f3k a parapet\u00fcveget?<\/h3>\n\n\n\n<p>A parapet\u00fcveg gy\u00e1rt\u00e1sa n\u00e9h\u00e1ny l\u00e9p\u00e9sb\u0151l \u00e1ll. A gy\u00e1rt\u00f3 egy matt\u00edt\u00f3szert (gyakran szilikonb\u00f3l k\u00e9sz\u00fcltet) visz fel az \u00fcvegpanelek bels\u0151 fel\u00fclet\u00e9re, hogy megakad\u00e1lyozza a vizu\u00e1lis \u00e1tolvas\u00e1st. \u00cdgy a felhaszn\u00e1l\u00f3 d\u00f6nthet \u00fagy, hogy k\u00fcl\u00f6nf\u00e9le \u00fcvegpaneleket parapet\u00fcvegg\u00e9 alak\u00edt. Az edzett \u00fcveg, az \u00e1tl\u00e1tsz\u00f3 \u00fcveg, a sz\u00ednezett \u00fcveg \u00e9s az alacsony vastartalm\u00fa \u00fcveg a parapet\u00fcveg n\u00e9h\u00e1ny gyakori \u00fcvegv\u00e1laszt\u00e9ka. Az \u00fcveget gyakran h\u0151kezelik, hogy n\u00f6velj\u00e9k tart\u00f3ss\u00e1g\u00e1t \u00e9s a sz\u00e9lterhel\u00e9ssel, valamint a h\u0151fesz\u00fclts\u00e9ggel szembeni ellen\u00e1ll\u00e1s\u00e1t.<\/p>\n\n\n\n<h3 class=\"wp-block-heading\"><a><\/a>M\u0171k\u00f6dhet-e a parapet\u00fcveg a l\u00e1t\u00f3mez\u0151ben?<\/h3>\n\n\n\n<p>Nem, a parapet\u00fcveg nem alkalmas l\u00e1t\u00f3mez\u0151be. \u00c1tl\u00e1tszatlans\u00e1ga lehet\u0151v\u00e9 teszi a szerkezeti elemek elrejt\u00e9s\u00e9t, nagyobb mag\u00e1n\u00e9letet biztos\u00edt, \u00e9s eleg\u00e1nsabb\u00e1 teszi a homlokzatokat. A parapet\u00fcveg funkci\u00f3i ellentmondanak a l\u00e1t\u00f3mez\u0151 ig\u00e9nyeinek, mivel az embereknek a l\u00e1t\u00f3mez\u0151n kereszt\u00fcl kellene vak\u00edtaniuk.<\/p>","protected":false},"excerpt":{"rendered":"<p>A parapet\u00fcveg egyike a sz\u00e1mos \u00fcvegez\u00e9si lehet\u0151s\u00e9gnek, amely lehet\u0151v\u00e9 teszi modern \u00e9p\u00edt\u00e9si projektjei eszt\u00e9tikai \u00e9s funkcion\u00e1lis ig\u00e9nyeinek kiel\u00e9g\u00edt\u00e9s\u00e9t. Harmonikus kialak\u00edt\u00e1s\u00fa, \u00e9p\u00edt\u00e9szeti folytonoss\u00e1got \u00e9s eszt\u00e9tikai harm\u00f3ni\u00e1t k\u00edn\u00e1l, kiemelve kereskedelmi \u00e9p\u00fcleteit \u00e9s egyedi lak\u00f3\u00e9p\u00fcleteit.<\/p>\n<p>A parap\u00e1t\u00fcveg n\u00e9pszer\u0171 v\u00e1laszt\u00e1s az \u00e9p\u00edt\u0151k, kivitelez\u0151k \u00e9s h\u00e1ztulajdonosok k\u00f6r\u00e9ben a leg\u00fajabb technol\u00f3giai fejleszt\u00e9sek \u00e9s a sz\u00e1mos el\u0151nye miatt, bele\u00e9rtve a hangszigetel\u00e9st, a t\u0171zv\u00e9delmet, a h\u0151szigetel\u00e9st \u00e9s az \u00e9p\u00fcletbe integr\u00e1lt fotovoltaikus cell\u00e1kkal t\u00f6rt\u00e9n\u0151 \u00e1ramtermel\u00e9s k\u00e9pess\u00e9g\u00e9t.<\/p>\n<p>Ez a cikk a parapet\u00fcveget \u00e9s annak t\u00edpusait t\u00e1rgyalja. Olvasson tov\u00e1bb, hogy felfedezhesse a parapet\u00fcveg v\u00e1laszt\u00e1s\u00e1nak f\u0151bb el\u0151nyeit \u00e9p\u00edt\u00e9si projektjeihez. Mer\u00fclj\u00fcnk el a r\u00e9szletekben!<\/p>","protected":false},"author":3,"featured_media":7983,"comment_status":"open","ping_status":"open","sticky":false,"template":"","format":"standard","meta":{"footnotes":""},"categories":[10],"tags":[],"class_list":["post-7979","post","type-post","status-publish","format-standard","has-post-thumbnail","hentry","category-windows-doors"],"blocksy_meta":[],"_links":{"self":[{"href":"https:\/\/boswindor.com\/hu\/wp-json\/wp\/v2\/posts\/7979","targetHints":{"allow":["GET"]}}],"collection":[{"href":"https:\/\/boswindor.com\/hu\/wp-json\/wp\/v2\/posts"}],"about":[{"href":"https:\/\/boswindor.com\/hu\/wp-json\/wp\/v2\/types\/post"}],"author":[{"embeddable":true,"href":"https:\/\/boswindor.com\/hu\/wp-json\/wp\/v2\/users\/3"}],"replies":[{"embeddable":true,"href":"https:\/\/boswindor.com\/hu\/wp-json\/wp\/v2\/comments?post=7979"}],"version-history":[{"count":5,"href":"https:\/\/boswindor.com\/hu\/wp-json\/wp\/v2\/posts\/7979\/revisions"}],"predecessor-version":[{"id":7996,"href":"https:\/\/boswindor.com\/hu\/wp-json\/wp\/v2\/posts\/7979\/revisions\/7996"}],"wp:featuredmedia":[{"embeddable":true,"href":"https:\/\/boswindor.com\/hu\/wp-json\/wp\/v2\/media\/7983"}],"wp:attachment":[{"href":"https:\/\/boswindor.com\/hu\/wp-json\/wp\/v2\/media?parent=7979"}],"wp:term":[{"taxonomy":"category","embeddable":true,"href":"https:\/\/boswindor.com\/hu\/wp-json\/wp\/v2\/categories?post=7979"},{"taxonomy":"post_tag","embeddable":true,"href":"https:\/\/boswindor.com\/hu\/wp-json\/wp\/v2\/tags?post=7979"}],"curies":[{"name":"munkaf\u00fczet","href":"https:\/\/api.w.org\/{rel}","templated":true}]}}