{"id":7747,"date":"2025-08-04T22:14:06","date_gmt":"2025-08-05T06:14:06","guid":{"rendered":"https:\/\/boswindor.com\/?p=7747"},"modified":"2025-08-04T22:15:37","modified_gmt":"2025-08-05T06:15:37","slug":"double-glazed-windows-cost-in-australia-a-simple-guide","status":"publish","type":"post","link":"https:\/\/boswindor.com\/hu\/double-glazed-windows-cost-in-australia-a-simple-guide\/","title":{"rendered":"Dupla \u00fcvegez\u00e9s\u0171 ablakok \u00e1ra Ausztr\u00e1li\u00e1ban: egyszer\u0171 \u00fatmutat\u00f3"},"content":{"rendered":"<h2 class=\"wp-block-heading\"><a><\/a>Mik azok a dupla \u00fcvegez\u00e9s\u0171 ablakok?<\/h2>\n\n\n\n<figure class=\"wp-block-image size-full\"><img fetchpriority=\"high\" decoding=\"async\" width=\"920\" height=\"450\" src=\"https:\/\/boswindor.com\/wp-content\/uploads\/2025\/07\/What-Are-Double-Glazed-Windows.jpg\" alt=\"\" class=\"wp-image-7751\" srcset=\"https:\/\/boswindor.com\/wp-content\/uploads\/2025\/07\/What-Are-Double-Glazed-Windows.jpg 920w, https:\/\/boswindor.com\/wp-content\/uploads\/2025\/07\/What-Are-Double-Glazed-Windows-300x147.jpg 300w, https:\/\/boswindor.com\/wp-content\/uploads\/2025\/07\/What-Are-Double-Glazed-Windows-768x376.jpg 768w, https:\/\/boswindor.com\/wp-content\/uploads\/2025\/07\/What-Are-Double-Glazed-Windows-18x9.jpg 18w\" sizes=\"(max-width: 920px) 100vw, 920px\" \/><figcaption class=\"wp-element-caption\">Dupla \u00fcvegez\u00e9s\u0171 ablakok<\/figcaption><\/figure>\n\n\n\n<p>A dupla \u00fcvegez\u00e9s\u0171 ablakok k\u00e9t \u00fcvegt\u00e1bl\u00e1b\u00f3l \u00e1llnak, amelyeket egy t\u00e1vtart\u00f3 \u00e9s egy leveg\u0151vel vagy inert g\u00e1zzal t\u00f6lt\u00f6tt l\u00e9gmentes r\u00e9teg, leggyakrabban argon v\u00e1laszt el egym\u00e1st\u00f3l. Ez az elrendez\u00e9s egy szigetel\u0151r\u00e9teget hoz l\u00e9tre, amely sikeresen cs\u00f6kkenti a h\u0151\u00e1tad\u00e1st a h\u00e1z k\u00fclseje \u00e9s belseje k\u00f6z\u00f6tt. Az eredm\u00e9ny jobb h\u0151hat\u00e1sfok, kevesebb zajszennyez\u00e9s \u00e9s nagyobb energiamegtakar\u00edt\u00e1s.<\/p>\n\n\n\n<p>A r\u00e9gi t\u00edpus\u00fa, egyr\u00e9teg\u0171 ablakokkal \u00f6sszehasonl\u00edtva a dupla \u00fcvegez\u00e9s ny\u00e1ron h\u0171v\u00f6sebb, t\u00e9len pedig melegebb h\u00e1zakat biztos\u00edt. A k\u00e9t \u00fcvegt\u00e1bla k\u00f6z\u00f6tti r\u00e9s pufferz\u00f3nak\u00e9nt szolg\u00e1l, minimaliz\u00e1lva a f\u0171t\u00e9si \u00e9s h\u0171t\u00e9si k\u00f6lts\u00e9geket. Ez nemcsak k\u00e9nyelmesebb\u00e9 teszi a h\u00e1zat, hanem hossz\u00fa t\u00e1von energiamegtakar\u00edt\u00e1st is jelent.<\/p>\n\n\n\n<p>A dupla \u00fcvegez\u00e9s tov\u00e1bbi biztons\u00e1gi r\u00e9teget is ny\u00fajt. K\u00e9t \u00fcvegt\u00e1bl\u00e1t nehezebb bet\u00f6rni, mint egyetlent, \u00e9s a legt\u00f6bb dupla \u00fcvegez\u00e9s\u0171 egys\u00e9g lamin\u00e1lt vagy edzett \u00fcveggel van ell\u00e1tva. Ezenk\u00edv\u00fcl cs\u00f6kkenti a zajszennyez\u00e9st, ami t\u00f6k\u00e9letes, ha forgalmas utak, rep\u00fcl\u0151terek vagy v\u00e1rosk\u00f6zpontok k\u00f6zel\u00e9ben \u00e9l.<\/p>\n\n\n\n<p>Ausztr\u00e1lia \u00e9ghajlat\u00e1n, ahol az id\u0151j\u00e1r\u00e1s a perzsel\u0151 h\u0151s\u00e9gt\u0151l a fagyos sz\u00e9lig v\u00e1ltozhat a ter\u00fclett\u0151l f\u00fcgg\u0151en, a dupla \u00fcvegez\u00e9s\u0171 ablakok egyre n\u00e9pszer\u0171bbek, mint b\u00f6lcs hossz\u00fa t\u00e1v\u00fa befektet\u00e9s lak\u00f3- \u00e9s kereskedelmi l\u00e9tes\u00edtm\u00e9nyekben.<\/p>\n\n\n\n<h2 class=\"wp-block-heading\"><a><\/a>Mennyibe ker\u00fcl egy dupla \u00fcvegez\u00e9s\u0171 ablak Ausztr\u00e1li\u00e1ban?<\/h2>\n\n\n\n<div class=\"wp-block-columns is-layout-flex wp-container-core-columns-is-layout-28f84493 wp-block-columns-is-layout-flex\">\n<div class=\"wp-block-column is-layout-flow wp-block-column-is-layout-flow\">\n<iframe src=\"https:\/\/www.facebook.com\/plugins\/video.php?height=476&#038;href=https%3A%2F%2Fwww.facebook.com%2Fboswindor%2Fvideos%2F683767108032192%2F&#038;show_text=false&#038;width=267&#038;t=0\" width=\"267\" height=\"476\" style=\"border:none;overflow:hidden\" scrolling=\"no\" frameborder=\"0\" allowfullscreen=\"true\" allow=\"autoplay; clipboard-write; encrypted-media; picture-in-picture; web-share\"><\/iframe>\n<\/div>\n\n\n\n<div class=\"wp-block-column is-layout-flow wp-block-column-is-layout-flow\">\n<iframe src=\"https:\/\/www.facebook.com\/plugins\/video.php?height=476&#038;href=https%3A%2F%2Fwww.facebook.com%2Freel%2F1056813349740667%2F&#038;show_text=false&#038;width=267&#038;t=0\" width=\"267\" height=\"476\" style=\"border:none;overflow:hidden\" scrolling=\"no\" frameborder=\"0\" allowfullscreen=\"true\" allow=\"autoplay; clipboard-write; encrypted-media; picture-in-picture; web-share\"><\/iframe>\n<\/div>\n<\/div>\n\n\n\n<p>A dupla \u00fcvegez\u00e9s\u0171 ablakok j\u00f3 befektet\u00e9snek sz\u00e1m\u00edtanak, de az \u00e1r sz\u00e1mos v\u00e1ltoz\u00f3t\u00f3l f\u00fcgg\u0151en jelent\u0151sen elt\u00e9rhet. Az ausztr\u00e1liai h\u00e1ztulajdonosoknak jellemz\u0151en $400 \u00e9s $1500 k\u00f6z\u00f6tti \u00f6sszeget kell fizetni\u00fck ablakonk\u00e9nt.<\/p>\n\n\n\n<p>Az \u00faj dupla \u00fcvegez\u00e9s v\u00e9gs\u0151 \u00e1ra f\u0151k\u00e9nt az ablak m\u00e9ret\u00e9t\u0151l, a keret anyag\u00e1t\u00f3l, az \u00fcveg t\u00edpus\u00e1t\u00f3l \u00e9s a be\u00e9p\u00edt\u00e9s bonyolults\u00e1g\u00e1t\u00f3l f\u00fcgg. P\u00e9ld\u00e1ul egy kis fix ablak (kb. 600x600 mm) szabv\u00e1nyos alum\u00ednium vagy uPVC kerettel $400 \u00e9s $600 k\u00f6z\u00f6tti \u00e1rat produk\u00e1lhat.<\/p>\n\n\n\n<p>K\u00f6zepes m\u00e9ret\u0171<a href=\"https:\/\/boswindor.com\/hu\/awning-windows-benefits-styles-options\/\">&nbsp;<\/a><a href=\"https:\/\/boswindor.com\/hu\/awning-windows-benefits-styles-options\/\"><u>napellenz\u0151s ablakok<\/u><\/a>&nbsp;A tokos ablakok (kb. 1000x1000 mm) m\u00e9rete $600 \u00e9s $900 k\u00f6z\u00f6tt van. A nagyobb ablakok, p\u00e9ld\u00e1ul a tol\u00f3ablakok vagy a panor\u00e1maablakok m\u00e9rete $800 \u00e9s $1800 k\u00f6z\u00f6tt mozoghat, k\u00fcl\u00f6n\u00f6sen, ha a kialak\u00edt\u00e1s bonyolultabb, vagy egyedi gy\u00e1rt\u00e1st ig\u00e9nyel.<\/p>\n\n\n\n<p>Ha nagym\u00e9ret\u0171 ajt\u00f3kat, p\u00e9ld\u00e1ul franciaajt\u00f3kat vagy dupla \u00fcvegez\u00e9s\u0171, harmonikaajt\u00f3kat szerel be, a dupla \u00fcvegez\u00e9s k\u00f6lts\u00e9ge 1TP8\u20132000 \u00e9s 1TP8\u20135000 k\u00f6z\u00f6tt mozoghat. Ez a haszn\u00e1lt panelek sz\u00e1m\u00e1t\u00f3l \u00e9s a v\u00e1lasztott anyagokt\u00f3l f\u00fcgg\u0151en v\u00e1ltozik.<\/p>\n\n\n\n<p>A fa keretek vagy az energiatakar\u00e9kos megold\u00e1sok, mint p\u00e9ld\u00e1ul az alacsony emisszi\u00f3j\u00fa \u00fcveg vagy az argon g\u00e1zzal t\u00f6lt\u00f6tt t\u00e1bl\u00e1k, szint\u00e9n n\u00f6velhetik az \u00e1rat. A be\u00e9p\u00edt\u00e9si k\u00f6lts\u00e9geket is bele kell sz\u00e1molni, amelyek ablakonk\u00e9nt $150 \u00e9s $300 k\u00f6z\u00f6tt mozoghatnak, ha az nem r\u00e9sze az \u00e1raj\u00e1nlatnak.<\/p>\n\n\n\n<p>A nehezen megk\u00f6zel\u00edthet\u0151 h\u00e1zak, m\u0171eml\u00e9k \u00e9p\u00fcletek vagy nem szabv\u00e1nyos ablakny\u00edl\u00e1sok eset\u00e9ben magasabb munkad\u00edjak mer\u00fclhetnek fel. A szokatlan form\u00e1k vagy egyedi m\u00e9retek tov\u00e1bbi 20\u201340% k\u00f6lts\u00e9get jelenthetnek a tov\u00e1bbi anyagok \u00e9s a gy\u00e1rt\u00e1s \u00f6sszetetts\u00e9ge miatt.<\/p>\n\n\n\n<p>R\u00f6viden, b\u00e1r a dupla \u00fcvegez\u00e9s\u0171 standard ablakok kezdetben dr\u00e1g\u00e1bbak, mint az egyr\u00e9teg\u0171 ablakok, hossz\u00fa t\u00e1von p\u00e9nzt takar\u00edtanak meg a f\u0171t\u00e9si \u00e9s h\u0171t\u00e9si sz\u00e1ml\u00e1kon, \u00e9s n\u00f6velhetik otthona \u00e9rt\u00e9k\u00e9t.<\/p>\n\n\n\n<h2 class=\"wp-block-heading\"><a><\/a>A dupla \u00fcvegez\u00e9s\u0171 ablakok k\u00f6lts\u00e9g\u00e9t befoly\u00e1sol\u00f3 t\u00e9nyez\u0151k<\/h2>\n\n\n\n<div class=\"wp-block-columns is-layout-flex wp-container-core-columns-is-layout-28f84493 wp-block-columns-is-layout-flex\">\n<div class=\"wp-block-column is-layout-flow wp-block-column-is-layout-flow\">\n<figure class=\"wp-block-image size-large\"><img decoding=\"async\" width=\"768\" height=\"1024\" src=\"https:\/\/boswindor.com\/wp-content\/uploads\/2025\/07\/Custom-Curved-Window-2-768x1024.jpg\" alt=\"\" class=\"wp-image-7635\" srcset=\"https:\/\/boswindor.com\/wp-content\/uploads\/2025\/07\/Custom-Curved-Window-2-768x1024.jpg 768w, https:\/\/boswindor.com\/wp-content\/uploads\/2025\/07\/Custom-Curved-Window-2-225x300.jpg 225w, https:\/\/boswindor.com\/wp-content\/uploads\/2025\/07\/Custom-Curved-Window-2-9x12.jpg 9w, https:\/\/boswindor.com\/wp-content\/uploads\/2025\/07\/Custom-Curved-Window-2.jpg 800w\" sizes=\"(max-width: 768px) 100vw, 768px\" \/><figcaption class=\"wp-element-caption\">Egyedi \u00edvelt ablak<\/figcaption><\/figure>\n<\/div>\n\n\n\n<div class=\"wp-block-column is-layout-flow wp-block-column-is-layout-flow\">\n<figure class=\"wp-block-image size-large\"><img decoding=\"async\" width=\"768\" height=\"1024\" src=\"https:\/\/boswindor.com\/wp-content\/uploads\/2025\/07\/Custom-Curved-Window-768x1024.jpg\" alt=\"\" class=\"wp-image-7634\" srcset=\"https:\/\/boswindor.com\/wp-content\/uploads\/2025\/07\/Custom-Curved-Window-768x1024.jpg 768w, https:\/\/boswindor.com\/wp-content\/uploads\/2025\/07\/Custom-Curved-Window-225x300.jpg 225w, https:\/\/boswindor.com\/wp-content\/uploads\/2025\/07\/Custom-Curved-Window-9x12.jpg 9w, https:\/\/boswindor.com\/wp-content\/uploads\/2025\/07\/Custom-Curved-Window.jpg 800w\" sizes=\"(max-width: 768px) 100vw, 768px\" \/><figcaption class=\"wp-element-caption\">Egyedi \u00edvelt ablak<\/figcaption><\/figure>\n<\/div>\n<\/div>\n\n\n\n<p>Sz\u00e1mos t\u00e9nyez\u0151 befoly\u00e1solja, hogy mennyit fog fizetni a dupla \u00fcvegez\u00e9s\u0171 ablakok\u00e9rt Ausztr\u00e1li\u00e1ban:<\/p>\n\n\n\n<ul class=\"wp-block-list\">\n<li><strong>Ablakm\u00e9ret \u00e9s t\u00edpus:<\/strong>\u00a0A nagyobb ablakok vagy a speci\u00e1lisan kialak\u00edtott (p\u00e9ld\u00e1ul kiugr\u00f3 vagy \u00edves ablakok) dr\u00e1g\u00e1bbak. A gy\u00e1ri m\u00e9retek olcs\u00f3bbak \u00e9s k\u00f6nnyebben beszerelhet\u0151k.<\/li>\n\n\n\n<li><strong>Ablakkeret anyaga:<\/strong>\u00a0A m\u0171anyag (uPVC) jellemz\u0151en a legolcs\u00f3bb \u00e9s legenergiahat\u00e9konyabb. Az alum\u00ednium dupla \u00fcvegez\u00e9s\u0171 ablakkeretek tart\u00f3sabbak, de dr\u00e1g\u00e1bbak. A fakeretek hagyom\u00e1nyos megjelen\u00e9st k\u00f6lcs\u00f6n\u00f6znek, de dr\u00e1g\u00e1bbak \u00e9s t\u00f6bb karbantart\u00e1st ig\u00e9nyelnek.<\/li>\n\n\n\n<li><strong>\u00dcveg t\u00edpusa \u00e9s jellemz\u0151i:<\/strong>\u00a0Standard dupla \u00fcvegez\u00e9s<a href=\"https:\/\/boswindor.com\/hu\/top-window-styles-types-of-windows-for-your-home\/\">\u00a0<\/a><u><a href=\"https:\/\/boswindor.com\/hu\/windows-types\/\">ablakst\u00edlusok<\/a><\/u>\u00a0olcs\u00f3bbak, de az olyan funkci\u00f3k hozz\u00e1ad\u00e1sa, mint az alacsony emisszi\u00f3j\u00fa (low-E) bevonatok, az edzett biztons\u00e1gi \u00fcveg vagy a lamin\u00e1lt \u00fcveg, n\u00f6veli az \u00e1rat.<\/li>\n\n\n\n<li><strong>Ablakok sz\u00e1ma:<\/strong>\u00a0Min\u00e9l t\u00f6bb ablakot telep\u00edt vagy cser\u00e9l, ann\u00e1l nagyobb az \u00f6sszk\u00f6lts\u00e9g, b\u00e1r a nagy t\u00e9telben t\u00f6rt\u00e9n\u0151 v\u00e1s\u00e1rl\u00e1s kedvez\u0151bb egys\u00e9g\u00e1rakat eredm\u00e9nyezhet.<\/li>\n\n\n\n<li><strong>Telep\u00edt\u00e9si bonyolults\u00e1g:<\/strong>\u00a0Az ablakok cser\u00e9je r\u00e9gebbi h\u00e1zakban vagy nehezen el\u00e9rhet\u0151 helyeken n\u00f6velheti a munkak\u00f6lts\u00e9geket. Az \u00faj \u00e9p\u00edt\u00e9s \u00e1ltal\u00e1ban olcs\u00f3bb \u00e9s gyorsabban telep\u00edthet\u0151.<\/li>\n\n\n\n<li><strong>Elhelyezked\u00e9s:<\/strong>\u00a0A dupla \u00fcvegez\u00e9s k\u00f6lts\u00e9gei helysz\u00ednenk\u00e9nt elt\u00e9r\u0151ek lehetnek. P\u00e9ld\u00e1ul vid\u00e9ki ter\u00fcleteken vagy nagyv\u00e1rosokban, p\u00e9ld\u00e1ul Sydneyben vagy Melbourne-ben a be\u00e9p\u00edt\u00e9s megn\u00f6vekedett munkad\u00edjjal vagy sz\u00e1ll\u00edt\u00e1si k\u00f6lts\u00e9gekkel j\u00e1rhat.<\/li>\n<\/ul>\n\n\n\n<h2 class=\"wp-block-heading\"><a><\/a>Amit tudnia kell a dupla \u00fcvegez\u00e9s\u0171 ablakok kiv\u00e1laszt\u00e1sa el\u0151tt<\/h2>\n\n\n\n<figure class=\"wp-block-image size-large\"><img loading=\"lazy\" decoding=\"async\" width=\"1024\" height=\"427\" src=\"https:\/\/boswindor.com\/wp-content\/uploads\/2025\/07\/Boswindor-Factory-Direct-1024x427.jpg\" alt=\"\" class=\"wp-image-7640\" srcset=\"https:\/\/boswindor.com\/wp-content\/uploads\/2025\/07\/Boswindor-Factory-Direct-1024x427.jpg 1024w, https:\/\/boswindor.com\/wp-content\/uploads\/2025\/07\/Boswindor-Factory-Direct-300x125.jpg 300w, https:\/\/boswindor.com\/wp-content\/uploads\/2025\/07\/Boswindor-Factory-Direct-768x320.jpg 768w, https:\/\/boswindor.com\/wp-content\/uploads\/2025\/07\/Boswindor-Factory-Direct-18x8.jpg 18w, https:\/\/boswindor.com\/wp-content\/uploads\/2025\/07\/Boswindor-Factory-Direct.jpg 1200w\" sizes=\"(max-width: 1024px) 100vw, 1024px\" \/><figcaption class=\"wp-element-caption\">A Boswindor gy\u00e1r k\u00f6zvetlen alum\u00ednium ablakokat k\u00edn\u00e1l<\/figcaption><\/figure>\n\n\n\n<p>Amikor dupla \u00fcvegez\u00e9s\u0171 ablakokat v\u00e1s\u00e1rolunk, nem mindig arr\u00f3l van sz\u00f3, hogy olyasmit v\u00e1lasszunk, amir\u0151l \u00fagy gondoljuk, hogy vonz\u00f3nak t\u0171nik. Ezek egy hossz\u00fa t\u00e1v\u00fa megold\u00e1st jelentenek, amely hat\u00e1ssal van a k\u00e9nyelm\u00fcnkre, az energiasz\u00e1ml\u00e1inkra, s\u0151t m\u00e9g az ingatlanunk \u00e9rt\u00e9k\u00e9re is.<\/p>\n\n\n\n<p>\u00cdme n\u00e9h\u00e1ny alapvet\u0151 szempont, amire \u00e9rdemes odafigyelni d\u00f6nt\u00e9shozatal sor\u00e1n:<\/p>\n\n\n\n<h3 class=\"wp-block-heading\"><a><\/a>Keret Anyag<\/h3>\n\n\n\n<p>A keret fontos szerepet j\u00e1tszik a szigetel\u00e9sben \u00e9s az eszt\u00e9tik\u00e1ban. Az uPVC egy megfizethet\u0151, n\u00e9pszer\u0171 opci\u00f3, amely h\u0151hat\u00e9kony \u00e9s alacsony karbantart\u00e1st ig\u00e9nyel.<\/p>\n\n\n\n<p>Az alum\u00ednium keretek massz\u00edvak \u00e9s keskenyek, de h\u0151szigetel\u00e9s hi\u00e1ny\u00e1ban jobban vezethetik a h\u0151t. A fa keretek term\u00e9szetes szigetel\u00e9st \u00e9s sz\u00e9ps\u00e9get biztos\u00edtanak, de t\u00f6bb karbantart\u00e1st ig\u00e9nyelhetnek.<\/p>\n\n\n\n<h3 class=\"wp-block-heading\"><a><\/a>\u00dcveg t\u00edpusa \u00e9s t\u00e9rk\u00f6z\u00f6k<\/h3>\n\n\n\n<p>A dupla \u00fcvegez\u00e9s k\u00e9t \u00fcvegt\u00e1bl\u00e1b\u00f3l \u00e1ll, k\u00f6z\u00f6tt\u00fck egy r\u00e9s, amelyet jellemz\u0151en leveg\u0151vel vagy inert g\u00e1zzal t\u00f6ltenek meg. V\u00e1lasszon alacsony emisszi\u00f3j\u00fa (Low-E) \u00fcveget, amely speci\u00e1lis bevonattal rendelkezik a h\u0151 visszaver\u00e9s\u00e9re \u00e9s az energiahat\u00e9konys\u00e1g jav\u00edt\u00e1s\u00e1ra. Min\u00e9l nagyobb a r\u00e9s a t\u00e1bl\u00e1k k\u00f6z\u00f6tt (ide\u00e1lis esetben 12\u201320 mm), ann\u00e1l jobb a szigetel\u00e9s.<\/p>\n\n\n\n<h3 class=\"wp-block-heading\"><a><\/a>H\u0151- \u00e9s akusztikai teljes\u00edtm\u00e9ny<\/h3>\n\n\n\n<p>Keresd az ablak U-\u00e9rt\u00e9k\u00e9t (a h\u0151\u00e1tad\u00e1s besorol\u00e1sa). Min\u00e9l alacsonyabb, ann\u00e1l jobb a szigetel\u00e9s. Ha zajos \u00faton vagy hangos k\u00f6rny\u00e9ken tart\u00f3zkodsz, \u00e9rdekl\u0151dj a hang\u00e1tbocs\u00e1t\u00e1si oszt\u00e1lyr\u00f3l (STC) is. Bizonyos dupla \u00fcvegez\u00e9s\u0171 ablakok jelent\u0151sen blokkolj\u00e1k a hangot.<\/p>\n\n\n\n<h3 class=\"wp-block-heading\"><a><\/a>Tervez\u00e9s \u00e9s testreszab\u00e1s<\/h3>\n\n\n\n<p>Buk\u00f3-ny\u00edl\u00f3 ablakokra van sz\u00fcks\u00e9ge? Tol\u00f3panelekre? Speci\u00e1lis fel\u00fcletekre vagy sz\u00ednekre? Gy\u0151z\u0151dj\u00f6n meg r\u00f3la, hogy a besz\u00e1ll\u00edt\u00f3ja megfelel az \u00d6n st\u00edlus\u00e1nak \u00e9s \u00e9p\u00edt\u00e9szeti ig\u00e9nyeinek. Egyes keretst\u00edlusok \u00e9s fel\u00fcletek dr\u00e1g\u00e1bbak, de alkalmasabbak lehetnek otthona megjelen\u00e9s\u00e9nek \u00e9s hangulat\u00e1nak fokoz\u00e1s\u00e1ra.<\/p>\n\n\n\n<h3 class=\"wp-block-heading\"><a><\/a>Tan\u00fas\u00edtv\u00e1nyok \u00e9s garanci\u00e1k<\/h3>\n\n\n\n<p>A j\u00f3 gy\u00e1rt\u00f3k \u00e1ltal\u00e1ban 5-10 \u00e9v garanci\u00e1t v\u00e1llalnak. Azt is ellen\u0151rizd, hogy a term\u00e9k megfelel-e az ausztr\u00e1l szabv\u00e1nyoknak (pl. AS2047 ablakokhoz). A tan\u00fas\u00edtv\u00e1ny igazolja, hogy a term\u00e9ket a helyi k\u00f6r\u00fclm\u00e9nyekre val\u00f3 tekintettel tesztelt\u00e9k.<\/p>\n\n\n\n<h3 class=\"wp-block-heading\"><a><\/a>Telep\u00edt\u00e9si min\u0151s\u00e9g<\/h3>\n\n\n\n<p>M\u00e9g a kiv\u00e1l\u00f3 min\u0151s\u00e9g\u0171 ablakok sem fognak j\u00f3l m\u0171k\u00f6dni, ha nincsenek megfelel\u0151en beszerelve. V\u00e1lasszon tapasztalt \u00e9s enged\u00e9llyel rendelkez\u0151 szerel\u0151ket, akik ismerik a helyi \u00e9p\u00edt\u00e9si el\u0151\u00edr\u00e1sokat \u00e9s az \u00e9ghajlatot. A rossz beszerel\u00e9s huzatot, p\u00e1ralecsap\u00f3d\u00e1st vagy ak\u00e1r szerkezeti k\u00e1rosod\u00e1st okozhat.<\/p>\n\n\n\n<h2 class=\"wp-block-heading\"><a><\/a>Dupla \u00fcvegez\u00e9s vs. szimpla \u00fcvegez\u00e9s: meg\u00e9ri az \u00e1r\u00e1t?<\/h2>\n\n\n\n<div class=\"wp-block-columns is-layout-flex wp-container-core-columns-is-layout-28f84493 wp-block-columns-is-layout-flex\">\n<div class=\"wp-block-column is-layout-flow wp-block-column-is-layout-flow\">\n<figure class=\"wp-block-image size-large\"><img loading=\"lazy\" decoding=\"async\" width=\"768\" height=\"1024\" src=\"https:\/\/boswindor.com\/wp-content\/uploads\/2025\/07\/Windows-Australia-Certification-768x1024.jpg\" alt=\"\" class=\"wp-image-7757\" srcset=\"https:\/\/boswindor.com\/wp-content\/uploads\/2025\/07\/Windows-Australia-Certification-768x1024.jpg 768w, https:\/\/boswindor.com\/wp-content\/uploads\/2025\/07\/Windows-Australia-Certification-225x300.jpg 225w, https:\/\/boswindor.com\/wp-content\/uploads\/2025\/07\/Windows-Australia-Certification-9x12.jpg 9w, https:\/\/boswindor.com\/wp-content\/uploads\/2025\/07\/Windows-Australia-Certification.jpg 800w\" sizes=\"(max-width: 768px) 100vw, 768px\" \/><figcaption class=\"wp-element-caption\">Windows Ausztr\u00e1lia tan\u00fas\u00edtv\u00e1ny<\/figcaption><\/figure>\n<\/div>\n\n\n\n<div class=\"wp-block-column is-layout-flow wp-block-column-is-layout-flow\">\n<figure class=\"wp-block-image size-large\"><img loading=\"lazy\" decoding=\"async\" width=\"768\" height=\"1024\" src=\"https:\/\/boswindor.com\/wp-content\/uploads\/2025\/07\/Windows-Timber-Reveal-768x1024.jpg\" alt=\"\" class=\"wp-image-7758\" srcset=\"https:\/\/boswindor.com\/wp-content\/uploads\/2025\/07\/Windows-Timber-Reveal-768x1024.jpg 768w, https:\/\/boswindor.com\/wp-content\/uploads\/2025\/07\/Windows-Timber-Reveal-225x300.jpg 225w, https:\/\/boswindor.com\/wp-content\/uploads\/2025\/07\/Windows-Timber-Reveal-9x12.jpg 9w, https:\/\/boswindor.com\/wp-content\/uploads\/2025\/07\/Windows-Timber-Reveal.jpg 800w\" sizes=\"(max-width: 768px) 100vw, 768px\" \/><figcaption class=\"wp-element-caption\">Ablakok faanyag\u00e1nak felt\u00e1r\u00e1sa<\/figcaption><\/figure>\n<\/div>\n<\/div>\n\n\n\n<p>A dupla \u00fcvegez\u00e9s\u0171 ablakok kezdeti k\u00f6lts\u00e9ge magasabb, mint az egyr\u00e9teg\u0171 ablakok\u00e9, de hossz\u00fa t\u00e1von \u00e1ltal\u00e1ban meg\u00e9ri. A dupla \u00fcvegez\u00e9s sokkal jobb szigetel\u0151, k\u00e9t \u00fcvegt\u00e1bl\u00e1val \u00e9s egy l\u00e9gr\u00e9sszel, ami t\u00e9len melegebb\u00e9, ny\u00e1ron pedig h\u0171v\u00f6sebb\u00e9 teszi a h\u00e1zat. Ez cs\u00f6kkenti a f\u0171t\u0151- \u00e9s h\u0171t\u0151berendez\u00e9sek haszn\u00e1lat\u00e1t, ami hossz\u00fa t\u00e1von alacsonyabb energiasz\u00e1ml\u00e1kat jelent.<\/p>\n\n\n\n<p>A jobb energiahat\u00e9konys\u00e1g mellett a dupla \u00fcvegez\u00e9s a k\u00fcls\u0151 zajokat is kisz\u0171ri, ami t\u00f6k\u00e9letes a zajos vagy forgalmas helyeken tal\u00e1lhat\u00f3 ingatlanok sz\u00e1m\u00e1ra. Cs\u00f6kkenti a p\u00e1ralecsap\u00f3d\u00e1st \u00e9s jav\u00edtja a bels\u0151 komfortot. A biztons\u00e1g is el\u0151ny, mivel a dupla \u00fcvegez\u00e9s\u0171 ablakokat nehezebb bet\u00f6rni, \u00e9s \u00e1ltal\u00e1ban biztons\u00e1gosabb z\u00e1rakkal rendelkeznek.<\/p>\n\n\n\n<p>B\u00e1r az egyr\u00e9teg\u0171 \u00fcvegez\u00e9s\u0171 ablakok k\u00f6lts\u00e9ghat\u00e9konyak \u2013 egyetlen ablak \u00e1ra k\u00f6r\u00fclbel\u00fcl $150 \u00e9s $300 k\u00f6z\u00f6tt van, szemben a dupla \u00fcvegez\u00e9s $600 \u00e9s $1200 k\u00f6z\u00f6tti \u00e9rt\u00e9k\u00e9vel \u2013, nem k\u00edn\u00e1lnak hossz\u00fa t\u00e1v\u00fa el\u0151ny\u00f6ket az energiahat\u00e9konys\u00e1g, a k\u00e9nyelem \u00e9s az ingatlan \u00e9rt\u00e9ke tekintet\u00e9ben.<\/p>\n\n\n\n<p>Az ausztr\u00e1l h\u00e1ztulajdonosok t\u00f6bbs\u00e9ge sz\u00e1m\u00e1ra, k\u00fcl\u00f6n\u00f6sen azok sz\u00e1m\u00e1ra, akik sz\u00e9ls\u0151s\u00e9ges \u00e9ghajlaton vagy zajos k\u00fclv\u00e1rosokban \u00e9lnek, a dupla \u00fcvegez\u00e9s t\u00f6bbletk\u00f6lts\u00e9ge t\u00f6bb mint meg\u00e9ri.<\/p>\n\n\n\n<h2 class=\"wp-block-heading\"><a><\/a>K\u00f6vetkeztet\u00e9s<\/h2>\n\n\n<style>.elementor-7613 .elementor-element.elementor-element-3666e33{margin-top:20px;margin-bottom:20px;}.elementor-7613 .elementor-element.elementor-element-0fc0e23 .elementor-cta__content{min-height:100px;text-align:center;}.elementor-7613 .elementor-element.elementor-element-0fc0e23 .elementor-cta__bg-wrapper{min-height:310px;}.elementor-7613 .elementor-element.elementor-element-0fc0e23 .elementor-cta__title{font-size:32px;}.elementor-7613 .elementor-element.elementor-element-0fc0e23 .elementor-cta__title:not(:last-child){margin-bottom:25px;}.elementor-7613 .elementor-element.elementor-element-0fc0e23 .elementor-cta__description{font-size:22px;font-weight:600;}.elementor-7613 .elementor-element.elementor-element-0fc0e23 .elementor-cta__button{color:var( --e-global-color-7fada61e );background-color:var( --e-global-color-primary );border-color:var( --e-global-color-7fada61e );}.elementor-7613 .elementor-element.elementor-element-0fc0e23 .elementor-cta__button:hover{color:var( --e-global-color-secondary );border-color:var( --e-global-color-secondary );}.elementor-7613 .elementor-element.elementor-element-0fc0e23 .elementor-cta .elementor-cta__bg, .elementor-7613 .elementor-element.elementor-element-0fc0e23 .elementor-cta .elementor-cta__bg-overlay{transition-duration:1500ms;}.elementor-7613 .elementor-element.elementor-element-0fc0e23 > .elementor-widget-container{box-shadow:0px 0px 10px 0px rgba(0,0,0,0.5);}@media(max-width:767px){.elementor-7613 .elementor-element.elementor-element-0fc0e23 .elementor-cta__content{min-height:100px;text-align:center;}}<\/style>\t\t<div data-elementor-type=\"container\" data-elementor-id=\"7613\" class=\"elementor elementor-7613\" data-elementor-settings=\"{&quot;ha_cmc_init_switcher&quot;:&quot;no&quot;}\" data-elementor-post-type=\"elementor_library\">\n\t\t\t\t\t\t<section class=\"elementor-section elementor-top-section elementor-element elementor-element-3666e33 ct-section-stretched elementor-section-boxed elementor-section-height-default elementor-section-height-default\" data-id=\"3666e33\" data-element_type=\"section\" data-e-type=\"section\" data-settings=\"{&quot;_ha_eqh_enable&quot;:false}\">\n\t\t\t\t\t\t<div class=\"elementor-container elementor-column-gap-default\">\n\t\t\t\t\t<div class=\"elementor-column elementor-col-100 elementor-top-column elementor-element elementor-element-250bb9c\" data-id=\"250bb9c\" data-element_type=\"column\" data-e-type=\"column\">\n\t\t\t<div class=\"elementor-widget-wrap elementor-element-populated\">\n\t\t\t\t\t\t<div class=\"elementor-element elementor-element-0fc0e23 elementor-cta--layout-image-right elementor-cta--mobile-layout-image-above elementor-cta--skin-classic elementor-animated-content elementor-bg-transform elementor-bg-transform-zoom-in elementor-widget elementor-widget-call-to-action\" data-id=\"0fc0e23\" data-element_type=\"widget\" data-e-type=\"widget\" data-widget_type=\"call-to-action.default\">\n\t\t\t\t<div class=\"elementor-widget-container\">\n\t\t\t\t\t\t\t<a class=\"elementor-cta\" href=\"https:\/\/boswindor.com\/hu\/contact-us\/\">\n\t\t\t\t\t<div class=\"elementor-cta__bg-wrapper\">\n\t\t\t\t<div class=\"elementor-cta__bg elementor-bg\" style=\"background-image: url(https:\/\/boswindor.com\/wp-content\/uploads\/2025\/06\/Doors-Windows-in-Australia.jpg);\" role=\"img\" aria-label=\"Ajt\u00f3k \u00e9s ablakok Ausztr\u00e1li\u00e1ban\"><\/div>\n\t\t\t\t<div class=\"elementor-cta__bg-overlay\"><\/div>\n\t\t\t<\/div>\n\t\t\t\t\t\t\t<div class=\"elementor-cta__content\">\n\t\t\t\t\n\t\t\t\t\t\t\t\t\t<h3 class=\"elementor-cta__title elementor-cta__content-item elementor-content-item\">\n\t\t\t\t\t\tBoswindor\t\t\t\t\t<\/h3>\n\t\t\t\t\n\t\t\t\t\t\t\t\t\t<div class=\"elementor-cta__description elementor-cta__content-item elementor-content-item\">\n\t\t\t\t\t\tTan\u00fas\u00edtott nagy teljes\u00edtm\u00e9ny\u0171 ajt\u00f3k \u00e9s ablakok partnere Ausztr\u00e1li\u00e1ban. <\/br>Egyedi ajt\u00f3k \u00e9s ablakok k\u00f6zvetlen\u00fcl a gy\u00e1rb\u00f3l.\t\t\t\t\t<\/div>\n\t\t\t\t\n\t\t\t\t\t\t\t\t\t<div class=\"elementor-cta__button-wrapper elementor-cta__content-item elementor-content-item\">\n\t\t\t\t\t<span class=\"elementor-cta__button elementor-button elementor-size-\">\n\t\t\t\t\t\tK\u00c9RJEN \u00c1RAJ\u00c1NLATOT MOST\t\t\t\t\t<\/span>\n\t\t\t\t\t<\/div>\n\t\t\t\t\t\t\t<\/div>\n\t\t\t\t\t\t<\/a>\n\t\t\t\t\t\t<\/div>\n\t\t\t\t<\/div>\n\t\t\t\t\t<\/div>\n\t\t<\/div>\n\t\t\t\t\t<\/div>\n\t\t<\/section>\n\t\t\t\t<\/div>\n\t\t\n\n\n\n<p>A dupla \u00fcvegez\u00e9s\u0171 ablakokba val\u00f3 befektet\u00e9s egyszer\u0171en t\u00f6bbet jelent, mint puszt\u00e1n az \u00fcveg cser\u00e9je; jav\u00edtja otthona energiahat\u00e9konys\u00e1g\u00e1t, k\u00e9nyelm\u00e9t, biztons\u00e1g\u00e1t \u00e9s hossz\u00fa t\u00e1v\u00fa \u00e9rt\u00e9k\u00e9t. B\u00e1r a kezdeti k\u00f6lts\u00e9g \u00e1ltal\u00e1ban magasabbnak t\u0171nhet, mint az egyr\u00e9teg\u0171 \u00fcvegez\u00e9s, a cs\u00f6kkentett f\u0171t\u00e9si\/h\u0171t\u00e9si sz\u00e1ml\u00e1k, a zajcs\u00f6kkent\u00e9s \u00e9s a szigetel\u00e9s el\u0151nyei miatt a dupla \u00fcvegez\u00e9s okos d\u00f6nt\u00e9s a legt\u00f6bb ausztr\u00e1l h\u00e1ztulajdonos sz\u00e1m\u00e1ra.<\/p>\n\n\n\n<p>Ha egyedi, nagy teljes\u00edtm\u00e9ny\u0171 ablakokat \u00e9s ajt\u00f3kat keres, amelyek megfelelnek az ausztr\u00e1l szabv\u00e1nyoknak, <a href=\"https:\/\/boswindor.com\/hu\/\"><mark style=\"background-color:rgba(0, 0, 0, 0);color:#ff6900\" class=\"has-inline-color\">Boswindor<\/mark><\/a> itt van, hogy seg\u00edtsen. A Boswindort\u00f3l val\u00f3 beszerz\u00e9ssel a k\u00f6lts\u00e9gvet\u00e9s fel\u00e9t megtakar\u00edthatja. <a href=\"https:\/\/boswindor.com\/hu\/contact-us\/\"><mark style=\"background-color:rgba(0, 0, 0, 0);color:#ff6900\" class=\"has-inline-color\">Vegye fel vel\u00fcnk a kapcsolatot m\u00e9g ma, hogy t\u00f6bbet takar\u00edthasson meg.<\/mark><\/a><\/p>","protected":false},"excerpt":{"rendered":"<p>A dupla \u00fcvegez\u00e9s\u0171 ablakok gyakori v\u00e1laszt\u00e1snak sz\u00e1m\u00edtanak az energiahat\u00e9konys\u00e1g \u00e9s az otthoni k\u00e9nyelem szempontj\u00e1b\u00f3l az ausztr\u00e1l h\u00e1zakban. K\u00e9t \u00fcveglapb\u00f3l \u00e9s egy lez\u00e1rt l\u00e9gr\u00e9sb\u0151l (vagy g\u00e1zr\u00e9sb\u0151l) k\u00e9sz\u00fclnek. A hagyom\u00e1nyos egyr\u00e9teg\u0171 \u00fcvegez\u00e9sn\u00e9l j\u00f3val nagyobb szigetel\u00e9si el\u0151ny\u00f6ket k\u00edn\u00e1lnak. A dupla \u00fcvegez\u00e9s\u0171 ablakok t\u00e9len melegebb\u00e9, ny\u00e1ron h\u0171v\u00f6sebb\u00e9, \u00e9s eg\u00e9sz \u00e9vben csendesebb\u00e9 teszik a h\u00e1zat. Ez okos v\u00e1laszt\u00e1ss\u00e1 teszi \u0151ket Ausztr\u00e1lia v\u00e1ltozatos \u00e9ghajlat\u00e1n, Melbourne hideg reggeleit\u0151l Perth forr\u00f3 id\u0151j\u00e1r\u00e1s\u00e1ig.<\/p>\n<p>De mennyibe ker\u00fclnek a dupla \u00fcvegez\u00e9s\u0171 ablakok Ausztr\u00e1li\u00e1ban? Ez az a milli\u00f3 doll\u00e1ros k\u00e9rd\u00e9s, amit a legt\u00f6bb h\u00e1ztulajdonos tudni akar, amikor fel\u00faj\u00edt\u00e1st vagy \u00faj \u00e9p\u00edtkez\u00e9st tervez. Az igazs\u00e1g az, hogy nincs egyszer\u0171 v\u00e1lasz; az \u00e1rak az ablak m\u00e9ret\u00e9t\u0151l, az anyagokt\u00f3l, az \u00fcvegez\u00e9s t\u00edpus\u00e1t\u00f3l \u00e9s m\u00e9g a helysz\u00ednt\u0151l is f\u00fcgg\u0151en v\u00e1ltozhatnak.<\/p>\n<p>Ez a cikk lebontja az \u00e1tlagos \u00e1rat, a k\u00f6lts\u00e9geket befoly\u00e1sol\u00f3 sz\u00e1mos t\u00e9nyez\u0151t, valamint tippeket ad a dupla \u00fcvegez\u00e9s\u0171 ablakok v\u00e1s\u00e1rl\u00e1s\u00e1hoz Ausztr\u00e1li\u00e1ban.<\/p>","protected":false},"author":3,"featured_media":7750,"comment_status":"open","ping_status":"open","sticky":false,"template":"","format":"standard","meta":{"footnotes":""},"categories":[10],"tags":[],"class_list":["post-7747","post","type-post","status-publish","format-standard","has-post-thumbnail","hentry","category-windows-doors"],"blocksy_meta":[],"_links":{"self":[{"href":"https:\/\/boswindor.com\/hu\/wp-json\/wp\/v2\/posts\/7747","targetHints":{"allow":["GET"]}}],"collection":[{"href":"https:\/\/boswindor.com\/hu\/wp-json\/wp\/v2\/posts"}],"about":[{"href":"https:\/\/boswindor.com\/hu\/wp-json\/wp\/v2\/types\/post"}],"author":[{"embeddable":true,"href":"https:\/\/boswindor.com\/hu\/wp-json\/wp\/v2\/users\/3"}],"replies":[{"embeddable":true,"href":"https:\/\/boswindor.com\/hu\/wp-json\/wp\/v2\/comments?post=7747"}],"version-history":[{"count":5,"href":"https:\/\/boswindor.com\/hu\/wp-json\/wp\/v2\/posts\/7747\/revisions"}],"predecessor-version":[{"id":7762,"href":"https:\/\/boswindor.com\/hu\/wp-json\/wp\/v2\/posts\/7747\/revisions\/7762"}],"wp:featuredmedia":[{"embeddable":true,"href":"https:\/\/boswindor.com\/hu\/wp-json\/wp\/v2\/media\/7750"}],"wp:attachment":[{"href":"https:\/\/boswindor.com\/hu\/wp-json\/wp\/v2\/media?parent=7747"}],"wp:term":[{"taxonomy":"category","embeddable":true,"href":"https:\/\/boswindor.com\/hu\/wp-json\/wp\/v2\/categories?post=7747"},{"taxonomy":"post_tag","embeddable":true,"href":"https:\/\/boswindor.com\/hu\/wp-json\/wp\/v2\/tags?post=7747"}],"curies":[{"name":"munkaf\u00fczet","href":"https:\/\/api.w.org\/{rel}","templated":true}]}}