{"id":7645,"date":"2025-07-22T22:05:46","date_gmt":"2025-07-23T06:05:46","guid":{"rendered":"https:\/\/boswindor.com\/?p=7645"},"modified":"2025-07-23T17:51:03","modified_gmt":"2025-07-24T01:51:03","slug":"best-interior-door-manufacturers-china","status":"publish","type":"post","link":"https:\/\/boswindor.com\/hu\/best-interior-door-manufacturers-china\/","title":{"rendered":"A legjobb k\u00ednai belt\u00e9ri ajt\u00f3gy\u00e1rt\u00f3k: Min\u0151s\u00e9g \u00e9s v\u00e1ltozatoss\u00e1g ismertet\u00e9se"},"content":{"rendered":"<h2 class=\"wp-block-heading\"><a><\/a>A legjobb bels\u0151 ajt\u00f3 gy\u00e1rt\u00f3k K\u00edn\u00e1ban<\/h2>\n\n\n\n<p>Felfedezz\u00fck azon k\u00ednai m\u00e1rk\u00e1k list\u00e1j\u00e1t, amelyek kiv\u00e1l\u00f3 min\u0151s\u00e9g\u0171 belt\u00e9ri ajt\u00f3kat sz\u00e1ll\u00edtanak, amelyek kieg\u00e9sz\u00edtik lak\u00f3k\u00f6rnyezete vagy kereskedelmi tereinek \u00e9p\u00edt\u00e9szeti kialak\u00edt\u00e1s\u00e1t \u00e9s ig\u00e9nyeit:<\/p>\n\n\n\n<h3 class=\"wp-block-heading\"><a><\/a>KKD Group Kft.<\/h3>\n\n\n\n<figure class=\"wp-block-image size-full\"><img fetchpriority=\"high\" decoding=\"async\" width=\"920\" height=\"451\" src=\"https:\/\/boswindor.com\/wp-content\/uploads\/2025\/07\/KKD-Group-Co-Ltd.jpg\" alt=\"\" class=\"wp-image-7653\" srcset=\"https:\/\/boswindor.com\/wp-content\/uploads\/2025\/07\/KKD-Group-Co-Ltd.jpg 920w, https:\/\/boswindor.com\/wp-content\/uploads\/2025\/07\/KKD-Group-Co-Ltd-300x147.jpg 300w, https:\/\/boswindor.com\/wp-content\/uploads\/2025\/07\/KKD-Group-Co-Ltd-768x376.jpg 768w, https:\/\/boswindor.com\/wp-content\/uploads\/2025\/07\/KKD-Group-Co-Ltd-18x9.jpg 18w\" sizes=\"(max-width: 920px) 100vw, 920px\" \/><figcaption class=\"wp-element-caption\">KKD Group Kft.<\/figcaption><\/figure>\n\n\n\n<p><a href=\"https:\/\/www.kkddoors.com\/\" target=\"_blank\" rel=\"noopener\">KKD Group Kft.<\/a>A . egy kiemelked\u0151 belt\u00e9ri \u00e9s k\u00fclt\u00e9ri ajt\u00f3gy\u00e1rt\u00f3, amelynek sz\u00e9khelye Yongkangban, Zhejiang tartom\u00e1nyban, K\u00edn\u00e1ban tal\u00e1lhat\u00f3. A gy\u00e1rt\u00f3 2007-ben kezdte meg m\u0171k\u00f6d\u00e9s\u00e9t, \u00e9s cs\u00facstechnol\u00f3gi\u00e1j\u00e1ra, valamint er\u0151s csapat\u00e1ra t\u00e1maszkodva sz\u00e1mos min\u0151s\u00e9gi \u00e9s funkcion\u00e1lis ajt\u00f3t k\u00edn\u00e1l j\u00f3 \u00e1ron. A biztons\u00e1got \u00e9s az egyedi formatervez\u00e9st \u00f6tv\u00f6zik, \u00edgy st\u00edlusos, modern ajt\u00f3kat biztos\u00edtanak jelent\u0151s biztons\u00e1gi funkci\u00f3kkal \u00e9s vonz\u00f3 megjelen\u00e9ssel. A KKD Group k\u00fcl\u00f6nf\u00e9le m\u00e1rk\u00e1s belt\u00e9ri ajt\u00f3kat k\u00edn\u00e1l...<a href=\"https:\/\/boswindor.com\/hu\/understanding-standard-door-size-complete-guide\/\">\u00a0<u>k\u00fcl\u00f6nb\u00f6z\u0151 m\u00e9retek,<\/u><\/a>\u00a0anyagok, mint\u00e1k, fel\u00fcletek \u00e9s sz\u00ednv\u00e1laszt\u00e9k.<\/p>\n\n\n\n<p>A v\u00e1llalkoz\u00e1sok, a v\u00e1llalkoz\u00f3k \u00e9s a lak\u00e1stulajdonosok egyar\u00e1nt profit\u00e1lhatnak a KKD gyors gy\u00e1rt\u00e1si ciklusaib\u00f3l \u00e9s rugalmas minim\u00e1lis rendel\u00e9si mennyis\u00e9geib\u0151l. 6 gy\u00e1rt\u00f3b\u00e1zissal, robusztus gy\u00e1rt\u00f3csapattal, valamint modern berendez\u00e9sek teljes sk\u00e1l\u00e1j\u00e1val, automatiz\u00e1lt gy\u00e1rt\u00f3sorokkal \u00e9s gy\u00e1rt\u00e1stechnol\u00f3gi\u00e1val k\u00fcl\u00f6nf\u00e9le term\u00e9keket k\u00edn\u00e1l, t\u00f6bbek k\u00f6z\u00f6tt:<\/p>\n\n\n\n<ul class=\"wp-block-list\">\n<li>PVC ajt\u00f3k<\/li>\n\n\n\n<li>Melamin ajt\u00f3 HDF ajt\u00f3burkolattal<\/li>\n\n\n\n<li>T\u0171zg\u00e1tl\u00f3 ajt\u00f3k<\/li>\n\n\n\n<li>Ac\u00e9lajt\u00f3k<\/li>\n\n\n\n<li>Modern faajt\u00f3k<\/li>\n\n\n\n<li>Egyedi belt\u00e9ri ajt\u00f3 \u00e9s kieg\u00e9sz\u00edt\u0151k<\/li>\n\n\n\n<li>\u00dcvegbe \u00e9p\u00edtett ajt\u00f3k<\/li>\n<\/ul>\n\n\n\n<h3 class=\"wp-block-heading\"><a><\/a>Mexin<\/h3>\n\n\n\n<figure class=\"wp-block-image size-full\"><img decoding=\"async\" width=\"920\" height=\"454\" src=\"https:\/\/boswindor.com\/wp-content\/uploads\/2025\/07\/Mexin-Door.jpg\" alt=\"\" class=\"wp-image-7654\" srcset=\"https:\/\/boswindor.com\/wp-content\/uploads\/2025\/07\/Mexin-Door.jpg 920w, https:\/\/boswindor.com\/wp-content\/uploads\/2025\/07\/Mexin-Door-300x148.jpg 300w, https:\/\/boswindor.com\/wp-content\/uploads\/2025\/07\/Mexin-Door-768x379.jpg 768w, https:\/\/boswindor.com\/wp-content\/uploads\/2025\/07\/Mexin-Door-18x9.jpg 18w\" sizes=\"(max-width: 920px) 100vw, 920px\" \/><figcaption class=\"wp-element-caption\">Mexik\u00f3i ajt\u00f3<\/figcaption><\/figure>\n\n\n\n<p><a href=\"http:\/\/www.mexindoors.com\/\" target=\"_blank\" rel=\"noopener\">Mexin legjobb ajt\u00f3k<\/a> A k\u00ednai Csungkingban tal\u00e1lhat\u00f3 &amp; Windows Industry Co., Ltd. egy 1989-ben alap\u00edtott vezet\u0151 ajt\u00f3gy\u00e1rt\u00f3 v\u00e1llalat. A v\u00e1llalat funkcion\u00e1lis \u00e9s vonz\u00f3 ajt\u00f3k teljes v\u00e1laszt\u00e9k\u00e1nak gy\u00e1rt\u00e1s\u00e1ra \u00f6sszpontos\u00edt otthoni \u00e9s kereskedelmi terek sz\u00e1m\u00e1ra. Az USA-b\u00f3l, N\u00e9metorsz\u00e1gb\u00f3l \u00e9s Jap\u00e1nb\u00f3l sz\u00e1rmaz\u00f3 \u00e9lvonalbeli technol\u00f3gi\u00e1val a Mexin szem\u00e9lyre szabott ajt\u00f3kat sz\u00e1ll\u00edt, amelyek megfelelnek az \u00fcgyfelek preferenci\u00e1inak \u00e9s ig\u00e9nyeinek.<\/p>\n\n\n\n<p>35 \u00e9ves tapasztalattal rendelkez\u0151 gy\u00e1rt\u00f3k\u00e9nt kiv\u00e1l\u00f3an alkalmas t\u0171zg\u00e1tl\u00f3 ajt\u00f3k, kereskedelmi ajt\u00f3k, automata gar\u00e1zskapuk, valamint biztons\u00e1gi ajt\u00f3k apr\u00f3l\u00e9kos tervez\u00e9s\u00e9re \u00e9s gy\u00e1rt\u00e1s\u00e1ra. A Mexin Best Doors and Windows Industry biztons\u00e1gos \u00e9s tart\u00f3s ajt\u00f3kat k\u00edn\u00e1l kedvez\u0151 \u00e1ron, hogy kiel\u00e9g\u00edtse b\u00e1rmilyen ig\u00e9ny\u00e9t vagy preferenci\u00e1j\u00e1t, amikor ajt\u00f3t v\u00e1laszt az \u00d6n ter\u00e9be. A Mexin Doors glob\u00e1lis \u00e9rt\u00e9kes\u00edt\u00e9si h\u00e1l\u00f3zattal rendelkezik, amely exportra k\u00e9sz ajt\u00f3it Eur\u00f3p\u00e1ban, az Egyes\u00fclt \u00c1llamokban, a K\u00f6zel-Keleten \u00e9s D\u00e9l-\u00c1zsi\u00e1ban teszi el\u00e9rhet\u0151v\u00e9. F\u0151 term\u00e9keik a k\u00f6vetkez\u0151k:<\/p>\n\n\n\n<ul class=\"wp-block-list\">\n<li>T\u0171zg\u00e1tl\u00f3 ajt\u00f3k<\/li>\n\n\n\n<li>Melamin ajt\u00f3k<\/li>\n\n\n\n<li>Ac\u00e9lajt\u00f3k<\/li>\n\n\n\n<li>\u00dcvegezett ajt\u00f3k<\/li>\n\n\n\n<li>Villaajt\u00f3k<\/li>\n\n\n\n<li>Fa ajt\u00f3k<\/li>\n<\/ul>\n\n\n\n<h3 class=\"wp-block-heading\"><a><\/a>OPPEIN<\/h3>\n\n\n\n<figure class=\"wp-block-image size-full\"><img decoding=\"async\" width=\"920\" height=\"370\" src=\"https:\/\/boswindor.com\/wp-content\/uploads\/2025\/07\/OPPEIN.jpg\" alt=\"\" class=\"wp-image-7655\" srcset=\"https:\/\/boswindor.com\/wp-content\/uploads\/2025\/07\/OPPEIN.jpg 920w, https:\/\/boswindor.com\/wp-content\/uploads\/2025\/07\/OPPEIN-300x121.jpg 300w, https:\/\/boswindor.com\/wp-content\/uploads\/2025\/07\/OPPEIN-768x309.jpg 768w, https:\/\/boswindor.com\/wp-content\/uploads\/2025\/07\/OPPEIN-18x7.jpg 18w\" sizes=\"(max-width: 920px) 100vw, 920px\" \/><figcaption class=\"wp-element-caption\">OPPEIN<\/figcaption><\/figure>\n\n\n\n<p><a href=\"https:\/\/www.oppeinhome.com\/\" target=\"_blank\" rel=\"noopener\">OPPEIN Csoport<\/a> K\u00edna egyik kiemelked\u0151 \u00e9s vezet\u0151 glob\u00e1lis szekr\u00e9ny-, ablak- \u00e9s ajt\u00f3gy\u00e1rt\u00f3ja. A v\u00e1llalatot 1994-ben alap\u00edtott\u00e1k, \u00e9s m\u00e1ra vezet\u0151 gy\u00e1rt\u00f3v\u00e1 n\u0151tte ki mag\u00e1t, v\u00e1ltozatos portf\u00f3li\u00f3val, amelyet az olasz diz\u00e1jn kifinomults\u00e1ga \u00e9s az eur\u00f3pai min\u0151s\u00e9gi k\u00e9zm\u0171vess\u00e9g \u00f6tv\u00f6z\u00e9s\u00e9vel gondosan \u00f6ssze\u00e1ll\u00edtott.<\/p>\n\n\n\n<p>Ez a m\u00e1rka kiv\u00e1l\u00f3 v\u00e1laszt\u00e1s lak\u00e1stulajdonosok, tervez\u0151c\u00e9gek \u00e9s v\u00e1llalkoz\u00f3k sz\u00e1m\u00e1ra, akik kifinomult \u00e9s funkcion\u00e1lis lakberendez\u00e9si term\u00e9keket keresnek nagyszab\u00e1s\u00fa projektekhez \u00e9s az eg\u00e9sz h\u00e1z testreszab\u00e1s\u00e1hoz.<\/p>\n\n\n\n<p>Az OPPEIN a vil\u00e1g sz\u00ednpad\u00e1n a kiv\u00e1l\u00f3s\u00e1g \u00e9s a p\u00e1ratlan term\u00e9kmin\u0151s\u00e9g ir\u00e1nti rend\u00edthetetlen elk\u00f6telezetts\u00e9g\u00e9r\u0151l ismert. Az OPPEIN Csoport 5 gy\u00e1rt\u00f3b\u00e1zissal rendelkezik, amelyek naponta k\u00f6r\u00fclbel\u00fcl 800 belt\u00e9ri ajt\u00f3t, 1800 konyhaszekr\u00e9nyt, 550 f\u00fcrd\u0151szobaszekr\u00e9nyt \u00e9s 1800 konyhaszekr\u00e9nyt gy\u00e1rtanak.<\/p>\n\n\n\n<p>A v\u00e1llalat kiterjedt franchise-\u00e9rt\u00e9kes\u00edt\u00e9si rendszerrel b\u00fcszk\u00e9lkedhet, amely t\u00f6bb mint 8000 franchise-bemutat\u00f3termet foglal mag\u00e1ban vil\u00e1gszerte. A j\u00f6v\u0151 alak\u00edt\u00e1s\u00e1ra t\u00f6rekedve k\u00f6lcs\u00f6n\u00f6sen el\u0151ny\u00f6s egy\u00fcttm\u0171k\u00f6d\u00e9st tartanak fenn \u00e9p\u00edt\u00e9szekkel, fejleszt\u0151kkel, kivitelez\u0151kkel \u00e9s \u00e9p\u00edt\u0151ipari v\u00e1llalkoz\u00f3kkal, hogy glob\u00e1lis projekteket v\u00e1llaljanak. \u00cdme n\u00e9h\u00e1ny term\u00e9k\u00fck:<\/p>\n\n\n\n<ul class=\"wp-block-list\">\n<li>Alum\u00ednium ajt\u00f3k<\/li>\n\n\n\n<li>konyhaszekr\u00e9nyek<\/li>\n\n\n\n<li>Gardr\u00f3bok<\/li>\n\n\n\n<li>Egyedi b\u00fatorok<\/li>\n\n\n\n<li>Belt\u00e9ri ajt\u00f3k<\/li>\n\n\n\n<li>F\u00fcrd\u0151szobai term\u00e9kek<\/li>\n<\/ul>\n\n\n\n<h3 class=\"wp-block-heading\"><a><\/a>Panpan<\/h3>\n\n\n\n<figure class=\"wp-block-image size-full\"><img loading=\"lazy\" decoding=\"async\" width=\"920\" height=\"336\" src=\"https:\/\/boswindor.com\/wp-content\/uploads\/2025\/07\/Panpan.jpg\" alt=\"\" class=\"wp-image-7656\" srcset=\"https:\/\/boswindor.com\/wp-content\/uploads\/2025\/07\/Panpan.jpg 920w, https:\/\/boswindor.com\/wp-content\/uploads\/2025\/07\/Panpan-300x110.jpg 300w, https:\/\/boswindor.com\/wp-content\/uploads\/2025\/07\/Panpan-768x280.jpg 768w, https:\/\/boswindor.com\/wp-content\/uploads\/2025\/07\/Panpan-18x7.jpg 18w\" sizes=\"(max-width: 920px) 100vw, 920px\" \/><figcaption class=\"wp-element-caption\">Panpan<\/figcaption><\/figure>\n\n\n\n<p><a href=\"https:\/\/www.panpan-door.com\/\" target=\"_blank\" rel=\"noopener\">Panpan ajt\u00f3k<\/a> egy nagy teljes\u00edtm\u00e9ny\u0171 gy\u00e1rt\u00f3, amely high-tech, k\u00f6rnyezetbar\u00e1t \u00e9s biztons\u00e1gos faajt\u00f3k gy\u00e1rt\u00e1s\u00e1ra specializ\u00e1l\u00f3dott lakoss\u00e1gi \u00e9s kereskedelmi terek sz\u00e1m\u00e1ra. T\u00f6bb mint 20 \u00e9ves fenn\u00e1ll\u00e1s\u00e1val a Panpan Doors \u00fatt\u00f6r\u0151 \u00e9s kiemelked\u0151 vezet\u0151 szerepet t\u00f6lt be a k\u00ednai faajt\u00f3k piac\u00e1n. Emellett term\u00e9keik p\u00e1ratlan tart\u00f3ss\u00e1g\u00e1r\u00f3l \u00e9s biztons\u00e1g\u00e1r\u00f3l is h\u00edresek.<\/p>\n\n\n\n<p>Miut\u00e1n sz\u00e1mos ipar\u00e1gi d\u00edjat nyert, a Panpan Doors tov\u00e1bbra is kiemelked\u0151 v\u00e1laszt\u00e1s a k\u00ednai ipar\u00e1gban az eszt\u00e9tika \u00e9s a biztons\u00e1g k\u00fcl\u00f6nleges \u00f6tv\u00f6z\u00e9s\u00e9nek k\u00f6sz\u00f6nhet\u0151en. Ezenk\u00edv\u00fcl a m\u00e1rka megb\u00edzhat\u00f3 v\u00e1laszt\u00e1s azon \u00fczlettulajdonosok sz\u00e1m\u00e1ra, akik a k\u00f6rnyezetbar\u00e1t lamin\u00e1lt ajt\u00f3kat r\u00e9szes\u00edtik el\u0151nyben st\u00edlusuk \u00e9s fenntarthat\u00f3s\u00e1guk miatt.<\/p>\n\n\n\n<ul class=\"wp-block-list\">\n<li>Fa padl\u00f3k<\/li>\n\n\n\n<li>Alum\u00ednium\u00f6tv\u00f6zet ajt\u00f3k<\/li>\n\n\n\n<li>Egyedi tervez\u00e9s\u0171 ajt\u00f3k<\/li>\n\n\n\n<li>T\u0171zg\u00e1tl\u00f3 ajt\u00f3k<\/li>\n\n\n\n<li>Biztons\u00e1gos faajt\u00f3k<\/li>\n\n\n\n<li>Sima fal\u00fa ajt\u00f3<\/li>\n<\/ul>\n\n\n\n<h3 class=\"wp-block-heading\"><a><\/a>TATA faajt\u00f3<\/h3>\n\n\n\n<figure class=\"wp-block-image size-full\"><img loading=\"lazy\" decoding=\"async\" width=\"920\" height=\"414\" src=\"https:\/\/boswindor.com\/wp-content\/uploads\/2025\/07\/TATA-Wooden-Door.jpg\" alt=\"\" class=\"wp-image-7657\" srcset=\"https:\/\/boswindor.com\/wp-content\/uploads\/2025\/07\/TATA-Wooden-Door.jpg 920w, https:\/\/boswindor.com\/wp-content\/uploads\/2025\/07\/TATA-Wooden-Door-300x135.jpg 300w, https:\/\/boswindor.com\/wp-content\/uploads\/2025\/07\/TATA-Wooden-Door-768x346.jpg 768w, https:\/\/boswindor.com\/wp-content\/uploads\/2025\/07\/TATA-Wooden-Door-18x8.jpg 18w\" sizes=\"(max-width: 920px) 100vw, 920px\" \/><figcaption class=\"wp-element-caption\">TATA faajt\u00f3<\/figcaption><\/figure>\n\n\n\n<p><a href=\"https:\/\/www.tatadoor.hk\/\" target=\"_blank\" rel=\"noopener\">TaTa Tongchuang Ipari<\/a> A TATA ajt\u00f3k gy\u00e1rt\u00f3ja a &amp; Trade Co., Ltd. A c\u00e9g egy j\u00f3l ismert faajt\u00f3gy\u00e1rt\u00f3 Pekingben, K\u00edn\u00e1ban, amelyet 1999-ben alap\u00edtottak hat gy\u00e1rt\u00f3b\u00e1zison 29 m\u0171hellyel, \u00e9s \u00e9vente k\u00f6r\u00fclbel\u00fcl 5,4 milli\u00f3 ajt\u00f3garnit\u00far\u00e1t tud el\u0151\u00e1ll\u00edtani. Ez a belt\u00e9ri ajt\u00f3gy\u00e1rt\u00f3 kiv\u00e1l\u00f3 min\u0151s\u00e9g\u0171, egyedi term\u00e9kekre specializ\u00e1l\u00f3dott. A TATA ajt\u00f3k k\u00fcl\u00f6nb\u00f6z\u0151 faerezetekben \u00e9s sz\u00ednekben kaphat\u00f3k.<\/p>\n\n\n\n<p>A m\u00e1rka eredm\u00e9nyeit sz\u00e1mos ipar\u00e1gi d\u00edj is bizony\u00edtja, melyeket 45 fokos ferde m\u00e1gneses zajcs\u00f6kkent\u0151 ajt\u00f3j\u00e1\u00e9rt kapott. Ha egyszer\u0171 \u00e9s st\u00edlusos bels\u0151 ajt\u00f3ra van sz\u00fcks\u00e9ge, amely megfelel a v\u00e1rosi projektek k\u00f6vetelm\u00e9nyeinek, a TATA Doors a legjobb v\u00e1laszt\u00e1s az \u00d6n sz\u00e1m\u00e1ra. Ezenk\u00edv\u00fcl a legt\u00f6bb v\u00e1llalkoz\u00f3 \u00e9s nagykeresked\u0151 a TATA-t v\u00e1lasztja hatalmas termel\u00e9si kapacit\u00e1sa \u00e9s id\u0151ben t\u00f6rt\u00e9n\u0151 sz\u00e1ll\u00edt\u00e1sa miatt, ami lehet\u0151v\u00e9 teszi sz\u00e1mukra, hogy nagy projekteket v\u00e1llaljanak. A TATA Doors \u00e1ltal k\u00edn\u00e1lt term\u00e9kek sz\u00e9les v\u00e1laszt\u00e9ka a k\u00f6vetkez\u0151ket tartalmazza:<\/p>\n\n\n\n<ul class=\"wp-block-list\">\n<li>T\u0171zg\u00e1tl\u00f3 ajt\u00f3k<\/li>\n\n\n\n<li>Festett ajt\u00f3k<\/li>\n\n\n\n<li>Bej\u00e1rati ajt\u00f3k<\/li>\n\n\n\n<li>Tol\u00f3ajt\u00f3k<\/li>\n\n\n\n<li>F\u00e1jdalommentes ajt\u00f3k<\/li>\n\n\n\n<li>H\u00e1l\u00f3szoba-, f\u00fcrd\u0151szoba- \u00e9s konyhaajt\u00f3k<\/li>\n<\/ul>\n\n\n\n<h3 class=\"wp-block-heading\"><a><\/a>SIMTO ajt\u00f3k<\/h3>\n\n\n\n<figure class=\"wp-block-image size-full\"><img loading=\"lazy\" decoding=\"async\" width=\"920\" height=\"402\" src=\"https:\/\/boswindor.com\/wp-content\/uploads\/2025\/07\/SIMTO-Doors.jpg\" alt=\"\" class=\"wp-image-7658\" srcset=\"https:\/\/boswindor.com\/wp-content\/uploads\/2025\/07\/SIMTO-Doors.jpg 920w, https:\/\/boswindor.com\/wp-content\/uploads\/2025\/07\/SIMTO-Doors-300x131.jpg 300w, https:\/\/boswindor.com\/wp-content\/uploads\/2025\/07\/SIMTO-Doors-768x336.jpg 768w, https:\/\/boswindor.com\/wp-content\/uploads\/2025\/07\/SIMTO-Doors-18x8.jpg 18w\" sizes=\"(max-width: 920px) 100vw, 920px\" \/><figcaption class=\"wp-element-caption\">SIMTO ajt\u00f3k<\/figcaption><\/figure>\n\n\n\n<p><a href=\"https:\/\/www.simtodoor.com\/\" target=\"_blank\" rel=\"noopener\">SIMTO ajt\u00f3k<\/a> egy niche szak\u00e9rt\u0151 a k\u00fcl\u00f6nf\u00e9le t\u00edpus\u00fa belt\u00e9ri ajt\u00f3k gy\u00e1rt\u00e1s\u00e1ban, amelyek a k\u00fcl\u00f6nb\u00f6z\u0151 \u00fcgyfelek dinamikus ig\u00e9nyeit \u00e9s st\u00edlus\u00e1t el\u00e9g\u00edtik ki. Ez a modern k\u00ednai ajt\u00f3gy\u00e1rt\u00f3 1998-ban alakult, \u00e9s K\u00edna Zhejiang tartom\u00e1ny\u00e1nak Chengxi Ipari Z\u00f3n\u00e1j\u00e1ban tal\u00e1lhat\u00f3. Szakter\u00fclet\u00fck a lakoss\u00e1gi \u00e9s kereskedelmi projektek, t\u00f6bbek k\u00f6z\u00f6tt sz\u00e1llod\u00e1k, k\u00f3rh\u00e1zak, irod\u00e1k \u00e9s t\u00e1rsash\u00e1zak belt\u00e9ri \u00e9s k\u00fclt\u00e9ri ajt\u00f3inak kutat\u00e1sa \u00e9s gy\u00e1rt\u00e1sa. Ezek az ajt\u00f3k korr\u00f3zi\u00f3\u00e1ll\u00f3 \u00e9s k\u00f6rnyezetbar\u00e1t anyagokb\u00f3l, p\u00e9ld\u00e1ul ac\u00e9lb\u00f3l, \u00fcvegsz\u00e1lb\u00f3l \u00e9s f\u00e1b\u00f3l k\u00e9sz\u00fclnek. Emellett termesz\u00e1ll\u00f3ak, id\u0151j\u00e1r\u00e1s\u00e1ll\u00f3ak \u00e9s k\u00f6nnyen karbantarthat\u00f3k.<\/p>\n\n\n\n<p>A SIMTO b\u00fcszke szolg\u00e1ltat\u00e1sainak min\u0151s\u00e9g\u00e9re, versenyk\u00e9pes \u00e1raj\u00e1nlataira, a standard \u00e9s egyedi gy\u00e1rt\u00e1s\u00fa term\u00e9kek id\u0151ben t\u00f6rt\u00e9n\u0151 beszerz\u00e9s\u00e9re \u00e9s sz\u00e1ll\u00edt\u00e1s\u00e1ra, valamint a teljesen automatiz\u00e1lt gy\u00e1rt\u00f3sorra. Term\u00e9kpalett\u00e1juk a k\u00f6vetkez\u0151ket tartalmazza:<\/p>\n\n\n\n<ul class=\"wp-block-list\">\n<li>P\u00e1nc\u00e9lozott ajt\u00f3k<\/li>\n\n\n\n<li>T\u0171zg\u00e1tl\u00f3 ajt\u00f3<\/li>\n\n\n\n<li>Forg\u00f3ajt\u00f3k<\/li>\n\n\n\n<li>Ac\u00e9lajt\u00f3k<\/li>\n\n\n\n<li>Alum\u00ednium ajt\u00f3k<\/li>\n\n\n\n<li>Fa ajt\u00f3k<\/li>\n\n\n\n<li>WPC ajt\u00f3k<\/li>\n\n\n\n<li>\u00dcvegsz\u00e1las ajt\u00f3k<\/li>\n<\/ul>\n\n\n\n<h3 class=\"wp-block-heading\"><a><\/a>Erd\u0151f\u00e9nyes faipar<\/h3>\n\n\n\n<figure class=\"wp-block-image size-full\"><img loading=\"lazy\" decoding=\"async\" width=\"920\" height=\"429\" src=\"https:\/\/boswindor.com\/wp-content\/uploads\/2025\/07\/Forest-Bright-Wood-Industry.jpg\" alt=\"\" class=\"wp-image-7659\" srcset=\"https:\/\/boswindor.com\/wp-content\/uploads\/2025\/07\/Forest-Bright-Wood-Industry.jpg 920w, https:\/\/boswindor.com\/wp-content\/uploads\/2025\/07\/Forest-Bright-Wood-Industry-300x140.jpg 300w, https:\/\/boswindor.com\/wp-content\/uploads\/2025\/07\/Forest-Bright-Wood-Industry-768x358.jpg 768w, https:\/\/boswindor.com\/wp-content\/uploads\/2025\/07\/Forest-Bright-Wood-Industry-18x8.jpg 18w\" sizes=\"(max-width: 920px) 100vw, 920px\" \/><figcaption class=\"wp-element-caption\">Erd\u0151f\u00e9nyes faipar<\/figcaption><\/figure>\n\n\n\n<p><a href=\"https:\/\/www.forestbright.com\/\" target=\"_blank\" rel=\"noopener\">Erd\u0151f\u00e9nyes faipar<\/a> K\u00edna egyik vezet\u0151 ajt\u00f3gy\u00e1rt\u00f3ja. T\u00f6bb mint 10 \u00e9ve megb\u00edzhat\u00f3 n\u00e9v a pr\u00e9mium min\u0151s\u00e9g\u0171 \u00e9p\u00edt\u00e9szeti, lakoss\u00e1gi \u00e9s kereskedelmi faajt\u00f3k ter\u00e9n. Ezenk\u00edv\u00fcl a Forest Bright ajt\u00f3k gyakoriak a Hyatt, Marriott, Westin, Hilton, Sheraton \u00e9s Ritz-Carlton sz\u00e1llod\u00e1kban, valamint sz\u00e1mos m\u00e1s neves vend\u00e9gl\u00e1t\u00f3ipari ingatlanban.<\/p>\n\n\n\n<p>A Forest Bright Wood Industry a megfelel\u0151 v\u00e1laszt\u00e1s az \u00d6n sz\u00e1m\u00e1ra, ha teljesen testreszabhat\u00f3 ajt\u00f3kra van sz\u00fcks\u00e9ge. Szem\u00e9lyre szabott megold\u00e1sokat k\u00edn\u00e1lnak, amelyek lehet\u0151v\u00e9 teszik, hogy k\u00fcl\u00f6nb\u00f6z\u0151 sz\u00ednek, vasalatok, fel\u00fcletek \u00e9s st\u00edlusok k\u00f6z\u00fcl v\u00e1lasszon, \u00edgy egyedi ajt\u00f3tervez\u00e9st k\u00e9sz\u00edthet \u00d6nnek. Ez a m\u00e1rka havonta k\u00f6r\u00fclbel\u00fcl 10 000 ajt\u00f3t gy\u00e1rt, \u00e9s f\u0151k\u00e9nt Belgiumba, Kanad\u00e1ba, \u00cdrorsz\u00e1gba, Indi\u00e1ba, a K\u00f6zel-Keletre, az Egyes\u00fclt \u00c1llamokba \u00e9s az Egyes\u00fclt Kir\u00e1lys\u00e1gba export\u00e1l. F\u0151bb term\u00e9keik a k\u00f6vetkez\u0151k:<\/p>\n\n\n\n<ul class=\"wp-block-list\">\n<li>S\u00edkos fal\u00fa ajt\u00f3k<\/li>\n\n\n\n<li>Tol\u00f3ajt\u00f3k pajta<\/li>\n\n\n\n<li>T\u0171zg\u00e1tl\u00f3 faajt\u00f3k<\/li>\n\n\n\n<li>Fa ajt\u00f3k<\/li>\n\n\n\n<li>Egyedi tervez\u00e9s\u0171 ajt\u00f3k<\/li>\n<\/ul>\n\n\n\n<h3 class=\"wp-block-heading\"><a><\/a>Huahe Csoport<\/h3>\n\n\n\n<figure class=\"wp-block-image size-full\"><img loading=\"lazy\" decoding=\"async\" width=\"920\" height=\"433\" src=\"https:\/\/boswindor.com\/wp-content\/uploads\/2025\/07\/Huahe-Group.jpg\" alt=\"\" class=\"wp-image-7660\" srcset=\"https:\/\/boswindor.com\/wp-content\/uploads\/2025\/07\/Huahe-Group.jpg 920w, https:\/\/boswindor.com\/wp-content\/uploads\/2025\/07\/Huahe-Group-300x141.jpg 300w, https:\/\/boswindor.com\/wp-content\/uploads\/2025\/07\/Huahe-Group-768x361.jpg 768w, https:\/\/boswindor.com\/wp-content\/uploads\/2025\/07\/Huahe-Group-18x8.jpg 18w\" sizes=\"(max-width: 920px) 100vw, 920px\" \/><figcaption class=\"wp-element-caption\">Huahe Csoport<\/figcaption><\/figure>\n\n\n\n<p>A Huahe Group egy vezet\u0151 ajt\u00f3gy\u00e1rt\u00f3 v\u00e1llalat \u00e9s egy \u00f3ri\u00e1s a lakberendez\u00e9si ipar\u00e1gban. A c\u00e9get 1956-ban alap\u00edtott\u00e1k, sz\u00e9khelye K\u00edna Heilongjiang tartom\u00e1ny\u00e1ban, Qiqihar v\u00e1ros\u00e1ban tal\u00e1lhat\u00f3. H\u00edresek a hagyom\u00e1nyos famegmunk\u00e1l\u00e1s \u00e9s a modern anyagok, p\u00e9ld\u00e1ul az alum\u00ednium\u00f6tv\u00f6zet \u00e9s az \u00fcveg apr\u00f3l\u00e9kos \u00f6tv\u00f6z\u00e9s\u00e9r\u0151l, amelynek eredm\u00e9nyek\u00e9nt egyedi, teljes \u00e9rt\u00e9k\u0171 term\u00e9keket \u00e9s szem\u00e9lyre szabott megold\u00e1sokat hoznak l\u00e9tre.<\/p>\n\n\n\n<p>A Huahe Wooden Door Company vezet\u0151 szerepet t\u00f6lt be a k\u00fcl\u00f6nf\u00e9le, egyedi diz\u00e1jn\u00fa, pr\u00e9mium kateg\u00f3ri\u00e1s belt\u00e9ri ajt\u00f3k gy\u00e1rt\u00e1s\u00e1ban, amelyek a legjobb esetben is a k\u00ednai \u00e9s olasz st\u00edlust \u00f6tv\u00f6zik. A c\u00e9g a hiteles mil\u00e1n\u00f3i diz\u00e1jnnal rendelkez\u0151, pr\u00e9mium kateg\u00f3ri\u00e1s, t\u00f6m\u00f6rfa lakberendez\u00e9si t\u00e1rgyak gy\u00e1rt\u00e1s\u00e1ra specializ\u00e1l\u00f3dott. N\u00e9h\u00e1ny f\u0151 term\u00e9k\u00fck:<\/p>\n\n\n\n<ul class=\"wp-block-list\">\n<li>F\u00fcggesztett tol\u00f3ajt\u00f3k<\/li>\n\n\n\n<li>Ny\u00edl\u00f3ajt\u00f3k<\/li>\n\n\n\n<li>Tol\u00f3ajt\u00f3k<\/li>\n\n\n\n<li>Villaajt\u00f3k<\/li>\n\n\n\n<li>Fa ajt\u00f3k<\/li>\n\n\n\n<li>T\u0171zg\u00e1tl\u00f3 ajt\u00f3k<\/li>\n<\/ul>\n\n\n\n<h3 class=\"wp-block-heading\"><a><\/a>Phonpa<\/h3>\n\n\n\n<figure class=\"wp-block-image size-full\"><img loading=\"lazy\" decoding=\"async\" width=\"920\" height=\"373\" src=\"https:\/\/boswindor.com\/wp-content\/uploads\/2025\/07\/Phonpa.jpg\" alt=\"\" class=\"wp-image-7661\" srcset=\"https:\/\/boswindor.com\/wp-content\/uploads\/2025\/07\/Phonpa.jpg 920w, https:\/\/boswindor.com\/wp-content\/uploads\/2025\/07\/Phonpa-300x122.jpg 300w, https:\/\/boswindor.com\/wp-content\/uploads\/2025\/07\/Phonpa-768x311.jpg 768w, https:\/\/boswindor.com\/wp-content\/uploads\/2025\/07\/Phonpa-18x7.jpg 18w\" sizes=\"(max-width: 920px) 100vw, 920px\" \/><figcaption class=\"wp-element-caption\">Phonpa<\/figcaption><\/figure>\n\n\n\n<p>Foshan Huangpai Ajt\u00f3ipari Kft., m\u00e1s n\u00e9ven <a href=\"https:\/\/www.phonpacn.com\/\" target=\"_blank\" rel=\"noopener\">Phonpa<\/a>A 2007-ben alap\u00edtott c\u00e9get Foshanban, K\u00edna Guangdong tartom\u00e1ny\u00e1ban tal\u00e1lhat\u00f3 sz\u00e9khellyel alap\u00edtott\u00e1k. Ez az ikonikus k\u00ednai ajt\u00f3gy\u00e1rt\u00f3 m\u00e1rka min\u0151s\u00e9gi modern ajt\u00f3k teljes v\u00e1laszt\u00e9k\u00e1t \u00e9s id\u0151ben t\u00f6rt\u00e9n\u0151 sz\u00e1ll\u00edt\u00e1st k\u00edn\u00e1l. A Phonpa k\u00f6zismert nev\u00e9n az \u00c1zsiai Olimpiai Tan\u00e1cs hivatalos ablak- \u00e9s ajt\u00f3partnere. Ezenk\u00edv\u00fcl a m\u00e1rka a 2022-es hangcsoui \u00c1zsiai J\u00e1t\u00e9kok hivatalos ajt\u00f3- \u00e9s ablakbesz\u00e1ll\u00edt\u00f3ja lett.<\/p>\n\n\n\n<p>A hangszigetel\u00e9sben szerzett szak\u00e9rtelm\u00e9vel a Phonpa Doors ide\u00e1lis v\u00e1laszt\u00e1s kereskedelmi \u00e9s lakoss\u00e1gi projektjei sz\u00e1m\u00e1ra, ha pr\u00e9mium min\u0151s\u00e9g\u0171 alum\u00ednium hangszigetelt ajt\u00f3kra van sz\u00fcks\u00e9ge. Term\u00e9kpalett\u00e1juk a k\u00f6vetkez\u0151ket tartalmazza:<\/p>\n\n\n\n<ul class=\"wp-block-list\">\n<li>Fa ajt\u00f3k<\/li>\n\n\n\n<li>Ny\u00edl\u00f3ajt\u00f3k<\/li>\n\n\n\n<li>Tol\u00f3ajt\u00f3k<\/li>\n\n\n\n<li>Villaajt\u00f3k<\/li>\n\n\n\n<li>T\u0171zg\u00e1tl\u00f3 ajt\u00f3k<\/li>\n\n\n\n<li>F\u00fcgg\u0151ajt\u00f3k<\/li>\n<\/ul>\n\n\n\n<h3 class=\"wp-block-heading\"><a><\/a>GOLDEA<\/h3>\n\n\n\n<figure class=\"wp-block-image size-full\"><img loading=\"lazy\" decoding=\"async\" width=\"920\" height=\"376\" src=\"https:\/\/boswindor.com\/wp-content\/uploads\/2025\/07\/GOLDEA.jpg\" alt=\"\" class=\"wp-image-7662\" srcset=\"https:\/\/boswindor.com\/wp-content\/uploads\/2025\/07\/GOLDEA.jpg 920w, https:\/\/boswindor.com\/wp-content\/uploads\/2025\/07\/GOLDEA-300x123.jpg 300w, https:\/\/boswindor.com\/wp-content\/uploads\/2025\/07\/GOLDEA-768x314.jpg 768w, https:\/\/boswindor.com\/wp-content\/uploads\/2025\/07\/GOLDEA-18x7.jpg 18w\" sizes=\"(max-width: 920px) 100vw, 920px\" \/><figcaption class=\"wp-element-caption\">GOLDEA<\/figcaption><\/figure>\n\n\n\n<p>A Zhejiang Jindi Holding Group Co., Ltd., a gy\u00e1rt\u00f3ja <a href=\"https:\/\/www.goldea.com.cn\/\" target=\"_blank\" rel=\"noopener\">GOLDEA<\/a> A Doors v\u00e1llalatot 1986-ban alap\u00edtott\u00e1k, sz\u00e9khelye K\u00edna Zhejiang tartom\u00e1ny\u00e1ban, Hangzhou v\u00e1ros\u00e1ban tal\u00e1lhat\u00f3. Ez a c\u00e9g kiv\u00e1l\u00f3 min\u0151s\u00e9g\u0171, eur\u00f3pai kifinomults\u00e1g\u00fa belt\u00e9ri ajt\u00f3k \u00e9s f\u00fcrd\u0151szobab\u00fatorok gy\u00e1rt\u00e1s\u00e1ra specializ\u00e1l\u00f3dott. A GOLDEA arr\u00f3l ismert, hogy \u00fatt\u00f6r\u0151 szerepet j\u00e1tszott a lamin\u00e1lt ajt\u00f3k lakberendez\u00e9si alkalmaz\u00e1s\u00e1ban K\u00edn\u00e1ban.<\/p>\n\n\n\n<p>Ez a c\u00e9g tapasztalt francia szakembereket alkalmaz, akik fel\u00fcgyelik tervez\u0151csapat\u00e1t, k\u00fcl\u00f6n\u00f6sen az \u00fcgyfelek dinamikus ig\u00e9nyeinek kiel\u00e9g\u00edt\u00e9se \u00e9rdek\u00e9ben. A GOLDEA el\u0151nyben van versenyt\u00e1rsaival szemben a fejlett technol\u00f3gi\u00e1hoz \u00e9s az eur\u00f3pai g\u00e9pekhez val\u00f3 hozz\u00e1f\u00e9r\u00e9s\u00e9nek k\u00f6sz\u00f6nhet\u0151en, bele\u00e9rtve a n\u00e9met HOMAG-ot \u00e9s az olasz SCM-et, amelyek biztos\u00edtj\u00e1k minden egyes ajt\u00f3 prec\u00edzi\u00f3s gy\u00e1rt\u00e1s\u00e1t. Ezek a hatalmas k\u00e9pess\u00e9gek \u00e9s a legmodernebb technol\u00f3gia, valamint az \u00fcgyfelek ig\u00e9nyei ir\u00e1nti elk\u00f6telezetts\u00e9g teszi a GOLDEA-t m\u00e9lt\u00f3 partnerr\u00e9 a nagyszab\u00e1s\u00fa projektekhez. A GOLDEA m\u00e1rka f\u0151bb term\u00e9kei a k\u00f6vetkez\u0151k:<\/p>\n\n\n\n<ul class=\"wp-block-list\">\n<li>Fali panel<\/li>\n\n\n\n<li>Lamin\u00e1lt belt\u00e9ri ajt\u00f3k<\/li>\n\n\n\n<li>F\u00fcrd\u0151szoba-specifikus ajt\u00f3k \u00e9s szekr\u00e9nyek<\/li>\n\n\n\n<li>Egyedi tervez\u00e9s\u0171 ajt\u00f3<\/li>\n\n\n\n<li>T\u00f6m\u00f6rfa ajt\u00f3k<\/li>\n<\/ul>\n\n\n\n<h3 class=\"wp-block-heading\"><a><\/a>Boswindor<\/h3>\n\n\n\n<figure class=\"wp-block-image size-full\"><img loading=\"lazy\" decoding=\"async\" width=\"920\" height=\"380\" src=\"https:\/\/boswindor.com\/wp-content\/uploads\/2025\/07\/Boswindor.jpg\" alt=\"\" class=\"wp-image-7607\" srcset=\"https:\/\/boswindor.com\/wp-content\/uploads\/2025\/07\/Boswindor.jpg 920w, https:\/\/boswindor.com\/wp-content\/uploads\/2025\/07\/Boswindor-300x124.jpg 300w, https:\/\/boswindor.com\/wp-content\/uploads\/2025\/07\/Boswindor-768x317.jpg 768w, https:\/\/boswindor.com\/wp-content\/uploads\/2025\/07\/Boswindor-18x7.jpg 18w\" sizes=\"(max-width: 920px) 100vw, 920px\" \/><figcaption class=\"wp-element-caption\">Boswindor Gy\u00e1r<\/figcaption><\/figure>\n\n\n\n<p><a href=\"https:\/\/boswindor.com\/hu\/about-us\/\"><u><mark style=\"background-color:rgba(0, 0, 0, 0);color:#ff6900\" class=\"has-inline-color\">Boswindor<\/mark><\/u><\/a>\u00a0egy vezet\u0151 ablak- \u00e9s ajt\u00f3gy\u00e1rt\u00f3 \u00e9s gy\u00e1r Foshanban, Guangdongban, K\u00edn\u00e1ban. Modern v\u00e1llalkoz\u00e1sr\u00f3l van sz\u00f3, amely mindenf\u00e9le fa-, \u00fcveg- vagy f\u00e9majt\u00f3 tervez\u00e9s\u00e9re, gy\u00e1rt\u00e1s\u00e1ra \u00e9s sz\u00e1ll\u00edt\u00e1s\u00e1ra \u00f6sszpontos\u00edt. Ez az ablak- \u00e9s ajt\u00f3gy\u00e1rt\u00f3 25 \u00e9ves tapasztalat\u00e1ra, \u00e9lvonalbeli technol\u00f3gi\u00e1j\u00e1ra \u00e9s intelligens gy\u00e1rt\u00f3\u00fczem\u00e9re t\u00e1maszkodva minden projekt ig\u00e9nyeit k\u00e9pes kezelni, f\u00fcggetlen\u00fcl a m\u00e9ret\u00e9t\u0151l. A Boswindor egy olyan m\u00e1rka, amelyben meg\u00e9rdemli a bizalm\u00e1t, amikor egyedi ajt\u00f3megold\u00e1sokra van sz\u00fcks\u00e9ge, hogy ter\u00e9t gy\u00f6ny\u00f6r\u0171 \u00e9s k\u00e9nyelmes lak\u00f3k\u00f6rnyezett\u00e9 alak\u00edtsa.<\/p>\n\n\n\n<p>A Boswindor szakemberei a min\u0151s\u00e9get tekintik alapelv\u00fcknek, \u00e9s szigor\u00fa min\u0151s\u00e9gellen\u0151rz\u00e9si int\u00e9zked\u00e9seket alkalmaznak, amelyek garant\u00e1lj\u00e1k a vil\u00e1g minden t\u00e1j\u00e1ra sz\u00e1ll\u00edtott minden term\u00e9k \u00e1lland\u00f3 min\u0151s\u00e9g\u00e9t. Ezenk\u00edv\u00fcl a m\u00e1rka sz\u00e1mos nemzetk\u00f6zi tan\u00fas\u00edtv\u00e1nyt szerzett, t\u00f6bbek k\u00f6z\u00f6tt CE, NFRC, CSA \u00e9s Energy Star min\u0151s\u00edt\u00e9seket. \u00cdgy \u00e1tfog\u00f3 garanci\u00e1ikkal minden \u00fcgyf\u00e9l sz\u00e1m\u00e1ra nyugalmat \u00e9s a term\u00e9k hossz\u00fa \u00e9lettartam\u00e1ra vonatkoz\u00f3 bizonyoss\u00e1got biztos\u00edtanak. F\u0151 term\u00e9keik a k\u00f6vetkez\u0151k:<\/p>\n\n\n\n<ul class=\"wp-block-list\">\n<li>Franciaajt\u00f3<\/li>\n\n\n\n<li>Belt\u00e9ri faajt\u00f3<\/li>\n\n\n\n<li>Tokos ajt\u00f3k<\/li>\n\n\n\n<li>Gar\u00e1zskapuk<\/li>\n\n\n\n<li>Tol\u00f3ajt\u00f3k<\/li>\n\n\n\n<li>Harmonikaajt\u00f3k<\/li>\n<\/ul>\n\n\n\n<h2 class=\"wp-block-heading\"><a><\/a>K\u00f6vetkeztet\u00e9s<\/h2>\n\n\n\n<figure class=\"wp-block-image size-full\"><img loading=\"lazy\" decoding=\"async\" width=\"920\" height=\"360\" src=\"https:\/\/boswindor.com\/wp-content\/uploads\/2025\/07\/Boswindor-Interior-Door-Factory.jpg\" alt=\"\" class=\"wp-image-7665\" srcset=\"https:\/\/boswindor.com\/wp-content\/uploads\/2025\/07\/Boswindor-Interior-Door-Factory.jpg 920w, https:\/\/boswindor.com\/wp-content\/uploads\/2025\/07\/Boswindor-Interior-Door-Factory-300x117.jpg 300w, https:\/\/boswindor.com\/wp-content\/uploads\/2025\/07\/Boswindor-Interior-Door-Factory-768x301.jpg 768w, https:\/\/boswindor.com\/wp-content\/uploads\/2025\/07\/Boswindor-Interior-Door-Factory-18x7.jpg 18w\" sizes=\"(max-width: 920px) 100vw, 920px\" \/><figcaption class=\"wp-element-caption\">Boswindor belt\u00e9ri ajt\u00f3gy\u00e1r<\/figcaption><\/figure>\n\n\n\n<p>Felfedezt\u00fcnk n\u00e9h\u00e1nyat a<a href=\"https:\/\/boswindor.com\/hu\/top-interior-door-manufacturer\/\">\u00a0<u><mark style=\"background-color:rgba(0, 0, 0, 0);color:#ff6900\" class=\"has-inline-color\">legjobb belt\u00e9ri ajt\u00f3 gy\u00e1rt\u00f3k<\/mark><\/u><\/a>\u00a0er\u0151s h\u00edrn\u00e9vvel \u00e9s \u00fatt\u00f6r\u0151 term\u00e9kcsal\u00e1dokkal, amelyek m\u00e9rc\u00e9t \u00e1ll\u00edtottak fel, \u00e9s kitolt\u00e1k a diz\u00e1jn \u00e9s az innov\u00e1ci\u00f3 hat\u00e1rait az ipar\u00e1gban. Ez a bels\u0151\u00e9p\u00edt\u00e9szeti gy\u00e1rt\u00f3k list\u00e1ja seg\u00edt eligazodni a k\u00ednai ajt\u00f3gy\u00e1rt\u00f3k hatalmas piac\u00e1n, \u00e9s megalapozott d\u00f6nt\u00e9seket hozni, ak\u00e1r fel\u00faj\u00edt\u00e1si szobaajt\u00f3kkal foglalkozik, ak\u00e1r egy grandi\u00f3zus birtokot \u00e9p\u00edt, ak\u00e1r egy l\u00e1tk\u00e9pi sz\u00e1llod\u00e1t tervez.<\/p>\n\n\n\n<p>Amikor nagyszab\u00e1s\u00fa projektjei \u00e9s k\u00e9rd\u00e9sei kezel\u00e9s\u00e9hez egyablakos szolg\u00e1ltat\u00e1sra van sz\u00fcks\u00e9ge, gondoljon <a href=\"https:\/\/boswindor.com\/hu\/\"><mark style=\"background-color:rgba(0, 0, 0, 0);color:#ff6900\" class=\"has-inline-color\">Boswindor<\/mark><\/a>K\u00f6rnyezetbar\u00e1t ajt\u00f3kat \u00e9s megb\u00edzhat\u00f3, teljes h\u00e1zra kiterjed\u0151 testreszab\u00e1si megold\u00e1sokat k\u00edn\u00e1lunk, amelyek \u00f6sszhangban vannak az elk\u00e9pzel\u00e9seivel, hogy otthon\u00e1t \u00e1lomotthonn\u00e1 alak\u00edts\u00e1k, amely megfelel az \u00d6n st\u00edlus\u00e1nak \u00e9s ig\u00e9nyeinek.<a href=\"https:\/\/boswindor.com\/hu\/contact-us\/\">\u00a0<u><mark style=\"background-color:rgba(0, 0, 0, 0);color:#ff6900\" class=\"has-inline-color\">Kapcsolat<\/mark><\/u><\/a>\u00a0m\u00e9g ma egy z\u00f6kken\u0151mentes \u00e9s magas sz\u00ednvonal\u00fa, teljes h\u00e1zra kiterjed\u0151 testreszab\u00e1si \u00e9lm\u00e9ny\u00e9rt!<\/p>","protected":false},"excerpt":{"rendered":"<p>A bels\u0151 ajt\u00f3k alapvet\u0151 elemek, amelyek seg\u00edtenek \u00e1talak\u00edtani az egyes lak\u00f3tereket vagy kereskedelmi projekteket, \u00e9s olyan k\u00edv\u00e1nt tulajdons\u00e1gokat tartalmaznak, amelyek biztos\u00edtj\u00e1k a k\u00e9nyelmet, a mag\u00e1n\u00e9letet, az eszt\u00e9tik\u00e1t, az energiahat\u00e9konys\u00e1got \u00e9s a biztons\u00e1got.<\/p>\n<p>Ak\u00e1r h\u00e1ztulajdonos, \u00e9p\u00edt\u0151ipari v\u00e1llalkoz\u00f3 vagy nagykeresked\u0151, a megb\u00edzhat\u00f3 k\u00ednai belt\u00e9ri ajt\u00f3gy\u00e1rt\u00f3k felkutat\u00e1sa egy dinamikus vil\u00e1got nyit meg \u00d6n el\u0151tt, amely rengeteg m\u00e1rk\u00e1val \u00e9s v\u00e9gtelen tervez\u00e9si lehet\u0151s\u00e9gekkel teli. Azonban elengedhetetlen, hogy egy megb\u00edzhat\u00f3 ajt\u00f3gy\u00e1rt\u00f3val m\u0171k\u00f6dj\u00f6n egy\u00fctt a projekt sikeres megval\u00f3s\u00edt\u00e1sa \u00e9rdek\u00e9ben.<\/p>\n<p>Ez az \u00fatmutat\u00f3 K\u00edna legjobb belt\u00e9ri ajt\u00f3 gy\u00e1rt\u00f3it mutatja be, kiemelve egyedi er\u0151ss\u00e9geiket \u00e9s term\u00e9keik sz\u00e9les v\u00e1laszt\u00e9k\u00e1t. Ismerkedjen meg k\u00e9nyelmesen, \u00e9s fedezze fel az egyes v\u00e1llalatok k\u00e9pess\u00e9geit!<\/p>","protected":false},"author":3,"featured_media":4922,"comment_status":"open","ping_status":"open","sticky":false,"template":"","format":"standard","meta":{"footnotes":""},"categories":[10],"tags":[],"class_list":["post-7645","post","type-post","status-publish","format-standard","has-post-thumbnail","hentry","category-windows-doors"],"blocksy_meta":[],"_links":{"self":[{"href":"https:\/\/boswindor.com\/hu\/wp-json\/wp\/v2\/posts\/7645","targetHints":{"allow":["GET"]}}],"collection":[{"href":"https:\/\/boswindor.com\/hu\/wp-json\/wp\/v2\/posts"}],"about":[{"href":"https:\/\/boswindor.com\/hu\/wp-json\/wp\/v2\/types\/post"}],"author":[{"embeddable":true,"href":"https:\/\/boswindor.com\/hu\/wp-json\/wp\/v2\/users\/3"}],"replies":[{"embeddable":true,"href":"https:\/\/boswindor.com\/hu\/wp-json\/wp\/v2\/comments?post=7645"}],"version-history":[{"count":5,"href":"https:\/\/boswindor.com\/hu\/wp-json\/wp\/v2\/posts\/7645\/revisions"}],"predecessor-version":[{"id":7669,"href":"https:\/\/boswindor.com\/hu\/wp-json\/wp\/v2\/posts\/7645\/revisions\/7669"}],"wp:featuredmedia":[{"embeddable":true,"href":"https:\/\/boswindor.com\/hu\/wp-json\/wp\/v2\/media\/4922"}],"wp:attachment":[{"href":"https:\/\/boswindor.com\/hu\/wp-json\/wp\/v2\/media?parent=7645"}],"wp:term":[{"taxonomy":"category","embeddable":true,"href":"https:\/\/boswindor.com\/hu\/wp-json\/wp\/v2\/categories?post=7645"},{"taxonomy":"post_tag","embeddable":true,"href":"https:\/\/boswindor.com\/hu\/wp-json\/wp\/v2\/tags?post=7645"}],"curies":[{"name":"munkaf\u00fczet","href":"https:\/\/api.w.org\/{rel}","templated":true}]}}