{"id":7252,"date":"2025-06-30T22:54:13","date_gmt":"2025-07-01T06:54:13","guid":{"rendered":"https:\/\/boswindor.com\/?p=7252"},"modified":"2025-06-30T22:54:15","modified_gmt":"2025-07-01T06:54:15","slug":"guide-to-choosing-the-best-prehung-door","status":"publish","type":"post","link":"https:\/\/boswindor.com\/hu\/guide-to-choosing-the-best-prehung-door\/","title":{"rendered":"A v\u00e9gs\u0151 \u00fatmutat\u00f3 a legjobb el\u0151re gy\u00e1rtott ajt\u00f3 kiv\u00e1laszt\u00e1s\u00e1hoz otthon\u00e1ba"},"content":{"rendered":"<h2 class=\"wp-block-heading\"><a><\/a>El\u0151regy\u00e1rtott ajt\u00f3 \u00e1ttekint\u00e9se<\/h2>\n\n\n\n<figure class=\"wp-block-image size-large\"><img fetchpriority=\"high\" decoding=\"async\" width=\"1024\" height=\"559\" src=\"https:\/\/boswindor.com\/wp-content\/uploads\/2025\/06\/Overview-of-a-Prehung-Door-1024x559.jpg\" alt=\"\" class=\"wp-image-7256\" srcset=\"https:\/\/boswindor.com\/wp-content\/uploads\/2025\/06\/Overview-of-a-Prehung-Door-1024x559.jpg 1024w, https:\/\/boswindor.com\/wp-content\/uploads\/2025\/06\/Overview-of-a-Prehung-Door-300x164.jpg 300w, https:\/\/boswindor.com\/wp-content\/uploads\/2025\/06\/Overview-of-a-Prehung-Door-768x419.jpg 768w, https:\/\/boswindor.com\/wp-content\/uploads\/2025\/06\/Overview-of-a-Prehung-Door-18x10.jpg 18w, https:\/\/boswindor.com\/wp-content\/uploads\/2025\/06\/Overview-of-a-Prehung-Door.jpg 1408w\" sizes=\"(max-width: 1024px) 100vw, 1024px\" \/><figcaption class=\"wp-element-caption\">El\u0151regy\u00e1rtott ajt\u00f3 \u00e1ttekint\u00e9se<\/figcaption><\/figure>\n\n\n\n<p>Az el\u0151regy\u00e1rtott ajt\u00f3 egy gy\u00e1rilag \u00f6sszeszerelt ajt\u00f3egys\u00e9g, amelynek zsan\u00e9rjai h\u00e1rom oldalon vannak a kerethez r\u00f6gz\u00edtve. Ez egy el\u0151re csomagolt ajt\u00f3, amelynek szerkezete lehet\u0151v\u00e9 teszi a gyors \u00e9s z\u00f6kken\u0151mentes beszerel\u00e9st az ajt\u00f3ny\u00edl\u00e1sba. H\u00e1rom f\u0151 tartoz\u00e9kb\u00f3l \u00e1ll, mint p\u00e9ld\u00e1ul a keret, a t\u00e9nyleges ajt\u00f3lap \u00e9s a zsan\u00e9rok. Az el\u0151regy\u00e1rtott ajt\u00f3 egy\u00e9b alkot\u00f3elemei lehetnek az ajt\u00f3kereten el\u0151re kiv\u00e1gott lyukak a z\u00e1rlemezhez, az el\u0151re kiv\u00e1gott ajt\u00f3kilincs \u00e9s az ajt\u00f3ban el\u0151re kiv\u00e1gott bev\u00e9s\u0151ny\u00edl\u00e1sok.<\/p>\n\n\n\n<p>Ezek gy\u00e1rilag \u00f6sszeszerelt<a href=\"https:\/\/boswindor.com\/hu\/standard-door-sizes-ultimate-guide-to-width-height\/\">\u00a0<u><mark style=\"background-color:rgba(0, 0, 0, 0);color:#ff4f01\" class=\"has-inline-color\">ajt\u00f3k k\u00fcl\u00f6nb\u00f6z\u0151 m\u00e9retekben kaphat\u00f3k<\/mark><\/u><\/a>\u00a0\u00e9s m\u00e9retek, hogy illeszkedjenek a megl\u00e9v\u0151 ajt\u00f3khoz. Az ajt\u00f3gy\u00e1rt\u00f3k k\u00fcl\u00f6nf\u00e9le anyagokb\u00f3l, p\u00e9ld\u00e1ul \u00fcvegsz\u00e1lb\u00f3l, f\u00e1b\u00f3l, f\u00e9mb\u0151l vagy kompozitb\u00f3l k\u00edn\u00e1lnak el\u0151regy\u00e1rtott ajt\u00f3kat. Az alapozott, el\u0151regy\u00e1rtott ajt\u00f3k j\u00f3l illenek a k\u00fcl\u00f6nb\u00f6z\u0151 fel\u00fcletekhez, hogy illeszkedjenek a tervez\u00e9si preferenci\u00e1khoz. Ilyen ajt\u00f3k p\u00e9ld\u00e1ul a h\u00e1l\u00f3szob\u00e1kban \u00e9s gardr\u00f3bokban haszn\u00e1lt bels\u0151 ajt\u00f3k, a be\u00e9p\u00edtett k\u00fclt\u00e9ri ajt\u00f3k <a href=\"https:\/\/boswindor.com\/hu\/doors-types\/steel-front-door\/\"><mark style=\"background-color:rgba(0, 0, 0, 0);color:#ff6900\" class=\"has-inline-color\">bej\u00e1rati ajt\u00f3k<\/mark><\/a> kereskedelmi vagy lak\u00f3\u00e9p\u00fcletekben, valamint fel\u00faj\u00edt\u00e1si projektekben.<\/p>\n\n\n\n<h3 class=\"wp-block-heading\"><a><\/a>Az el\u0151regy\u00e1rtott ajt\u00f3 el\u0151nyei<\/h3>\n\n\n\n<p>\u00cdme n\u00e9h\u00e1ny ok a sok k\u00f6z\u00fcl, ami\u00e9rt \u00e9rdemes megfontolni egy el\u0151re gy\u00e1rtott ajt\u00f3t a szob\u00e1j\u00e1ba vagy ter\u00e9be:<\/p>\n\n\n\n<ul class=\"wp-block-list\">\n<li><strong>\u00c1lland\u00f3 min\u0151s\u00e9g:<\/strong>\u00a0T\u00f6k\u00e9letesre k\u00e9sz\u00fclnek, k\u00fcl\u00f6n\u00f6sen, ha egy j\u00f3 h\u00edr\u0171 gy\u00e1rt\u00f3t\u00f3l rendeli. Ezek az ajt\u00f3k \u00e1lland\u00f3 min\u0151s\u00e9ggel \u00e9s precizit\u00e1ssal rendelkeznek, amelyek megfelelnek a k\u00fcl\u00f6nb\u00f6z\u0151 tervez\u00e9si preferenci\u00e1knak \u00e9s ig\u00e9nyeknek. Emellett nagyszer\u0171en illeszkednek mind a k\u00fcls\u0151, mind a bels\u0151 ajt\u00f3khoz, f\u00fcggetlen\u00fcl a st\u00edlus\u00e1t\u00f3l.<\/li>\n\n\n\n<li><strong>Gyors \u00e9s egyszer\u0171 telep\u00edt\u00e9s<\/strong>Ezek az ajt\u00f3k leegyszer\u0171s\u00edtik az ajt\u00f3k r\u00f6gz\u00edt\u00e9s\u00e9t a kezdetleges ny\u00edl\u00e1sokban, mivel gy\u00e1rilag, zsan\u00e9rokkal \u00e9s kerettel vannak felszerelve. Ak\u00e1r \u00faj h\u00e1ztulajdonos, ak\u00e1r tapasztalt bark\u00e1csol\u00f3, ezeknek az egys\u00e9geknek a beszerel\u00e9se kevesebb id\u0151- \u00e9s energiabefektet\u00e9ssel elv\u00e9gezhet\u0151.<\/li>\n\n\n\n<li><strong>K\u00e9nyelem:<\/strong>\u00a0Ezek az ajt\u00f3k k\u00e9nyelmes megold\u00e1st k\u00edn\u00e1lnak az ajt\u00f3k be\u00e9p\u00edt\u00e9s\u00e9re. Mivel a sz\u00fcks\u00e9ges szerelv\u00e9nyek a megfelel\u0151 helyeken r\u00f6gz\u00edtve vannak, nem kell megm\u00e9rni, illeszteni vagy be\u00e1ll\u00edtani az ajt\u00f3lapot \u00e9s a keretet.<\/li>\n\n\n\n<li><strong>Kiv\u00e1l\u00f3 szil\u00e1rds\u00e1g \u00e9s tart\u00f3ss\u00e1g:<\/strong>\u00a0A k\u00fcl\u00f6nb\u00f6z\u0151 el\u0151re gy\u00e1rtott ajt\u00f3gy\u00e1rt\u00f3k tart\u00f3s anyagokat \u00e9s er\u0151s hardvereket haszn\u00e1lnak a maxim\u00e1lis funkcionalit\u00e1s biztos\u00edt\u00e1sa \u00e9s a kop\u00e1s\u00e1ll\u00f3s\u00e1g jav\u00edt\u00e1sa \u00e9rdek\u00e9ben. Ezek az ajt\u00f3k hossz\u00fa t\u00e1von munk\u00e1t \u00e9s p\u00e9nzt takar\u00edtanak meg, mivel kevesebb karbantart\u00e1st ig\u00e9nyelnek.<\/li>\n\n\n\n<li><strong>Fokozott energiahat\u00e9konys\u00e1g:<\/strong>\u00a0A be\u00e9p\u00edtett k\u00fcsz\u00f6b\u00f6k \u00e9s t\u00f6m\u00edt\u00e9sek seg\u00edts\u00e9g\u00e9vel a gy\u00e1rt\u00f3k id\u0151j\u00e1r\u00e1s\u00e1ll\u00f3v\u00e1 teszik az el\u0151regy\u00e1rtott ajt\u00f3kat. \u00cdgy az \u00e1lland\u00f3 belt\u00e9ri h\u0151m\u00e9rs\u00e9klet fenntart\u00e1s\u00e1val cs\u00f6kkentik az energiafogyaszt\u00e1st.<\/li>\n<\/ul>\n\n\n\n<h3 class=\"wp-block-heading\"><a><\/a>Az el\u0151regy\u00e1rtott ajt\u00f3 h\u00e1tr\u00e1nyai<\/h3>\n\n\n\n<div class=\"wp-block-columns is-layout-flex wp-container-core-columns-is-layout-28f84493 wp-block-columns-is-layout-flex\">\n<div class=\"wp-block-column is-layout-flow wp-block-column-is-layout-flow\">\n<figure class=\"wp-block-image size-large\"><img decoding=\"async\" width=\"576\" height=\"1024\" src=\"https:\/\/boswindor.com\/wp-content\/uploads\/2025\/06\/Prehung-Door-Installation-1-576x1024.jpg\" alt=\"\" class=\"wp-image-7257\" srcset=\"https:\/\/boswindor.com\/wp-content\/uploads\/2025\/06\/Prehung-Door-Installation-1-576x1024.jpg 576w, https:\/\/boswindor.com\/wp-content\/uploads\/2025\/06\/Prehung-Door-Installation-1-169x300.jpg 169w, https:\/\/boswindor.com\/wp-content\/uploads\/2025\/06\/Prehung-Door-Installation-1-7x12.jpg 7w, https:\/\/boswindor.com\/wp-content\/uploads\/2025\/06\/Prehung-Door-Installation-1.jpg 600w\" sizes=\"(max-width: 576px) 100vw, 576px\" \/><\/figure>\n<\/div>\n\n\n\n<div class=\"wp-block-column is-layout-flow wp-block-column-is-layout-flow\">\n<figure class=\"wp-block-image size-large\"><img decoding=\"async\" width=\"576\" height=\"1024\" src=\"https:\/\/boswindor.com\/wp-content\/uploads\/2025\/06\/Prehung-Door-Installation-2-576x1024.jpg\" alt=\"\" class=\"wp-image-7258\" srcset=\"https:\/\/boswindor.com\/wp-content\/uploads\/2025\/06\/Prehung-Door-Installation-2-576x1024.jpg 576w, https:\/\/boswindor.com\/wp-content\/uploads\/2025\/06\/Prehung-Door-Installation-2-169x300.jpg 169w, https:\/\/boswindor.com\/wp-content\/uploads\/2025\/06\/Prehung-Door-Installation-2-7x12.jpg 7w, https:\/\/boswindor.com\/wp-content\/uploads\/2025\/06\/Prehung-Door-Installation-2.jpg 600w\" sizes=\"(max-width: 576px) 100vw, 576px\" \/><\/figure>\n<\/div>\n\n\n\n<div class=\"wp-block-column is-layout-flow wp-block-column-is-layout-flow\">\n<figure class=\"wp-block-image size-large\"><img loading=\"lazy\" decoding=\"async\" width=\"576\" height=\"1024\" src=\"https:\/\/boswindor.com\/wp-content\/uploads\/2025\/06\/Prehung-Door-Installation-3-576x1024.jpg\" alt=\"\" class=\"wp-image-7259\" srcset=\"https:\/\/boswindor.com\/wp-content\/uploads\/2025\/06\/Prehung-Door-Installation-3-576x1024.jpg 576w, https:\/\/boswindor.com\/wp-content\/uploads\/2025\/06\/Prehung-Door-Installation-3-169x300.jpg 169w, https:\/\/boswindor.com\/wp-content\/uploads\/2025\/06\/Prehung-Door-Installation-3-7x12.jpg 7w, https:\/\/boswindor.com\/wp-content\/uploads\/2025\/06\/Prehung-Door-Installation-3.jpg 600w\" sizes=\"(max-width: 576px) 100vw, 576px\" \/><\/figure>\n<\/div>\n<\/div>\n\n\n\n<p>Az ilyen t\u00edpus\u00fa ajt\u00f3k haszn\u00e1lat\u00e1nak h\u00e1tr\u00e1nyai a k\u00f6vetkez\u0151k:<\/p>\n\n\n\n<ul class=\"wp-block-list\">\n<li><strong>Neh\u00e9z s\u00faly: <\/strong>Ezek neh\u00e9z \u00e9s vastagabb ajt\u00f3k, amelyek s\u00falya 22 \u00e9s 45 kilogramm k\u00f6z\u00f6tt mozog. Ennek eredm\u00e9nyek\u00e9nt az el\u0151re gy\u00e1rtott \u00e9s vintage ajt\u00f3kat neh\u00e9z felemelni \u00e9s kezelni. Ezenk\u00edv\u00fcl \u00e1ltal\u00e1ban neh\u00e9z az el\u0151re gy\u00e1rtott ajt\u00f3kat a kijel\u00f6lt ny\u00edl\u00e1sba emelni vagy mozgatni.<\/li>\n\n\n\n<li><strong>Neh\u00e9z jav\u00edtani:<\/strong>\u00a0Nehezebb megjav\u00edtani egy el\u0151re felakasztott ajt\u00f3t, ha s\u00e9r\u00fclt. A folyamat gyakran mag\u00e1ban foglalja a teljes egys\u00e9g cser\u00e9j\u00e9t, nem csak a s\u00e9r\u00fclt r\u00e9szt.<\/li>\n\n\n\n<li><strong>Korl\u00e1tozott m\u00e9retv\u00e1laszt\u00e9k:<\/strong>\u00a0A gy\u00e1rt\u00f3k ezeket az ajt\u00f3kat szabv\u00e1nym\u00e9retekben k\u00edn\u00e1lj\u00e1k, amelyek nem felt\u00e9tlen\u00fcl illeszkednek minden ajt\u00f3ny\u00edl\u00e1shoz. Ez\u00e9rt az ajt\u00f3 megjelen\u00e9s\u00e9nek vagy ny\u00edl\u00e1s\u00e1nak be\u00e1ll\u00edt\u00e1sa egy nagyon nagy ajt\u00f3keret egyedi ig\u00e9nyeihez tov\u00e1bbi munk\u00e1t ig\u00e9nyel.<\/li>\n\n\n\n<li><strong>Magas el\u0151zetes k\u00f6lts\u00e9g:<\/strong>\u00a0Az el\u0151regy\u00e1rtott ajt\u00f3k dr\u00e1g\u00e1bbak, mint a lapos ajt\u00f3k, annak ellen\u00e9re, hogy jelent\u0151s id\u0151t \u00e9s p\u00e9nzt takar\u00edthatnak meg vel\u00fck. A komplett el\u0151regy\u00e1rtott egys\u00e9g miatt a kezdeti k\u00f6lts\u00e9gek magasak.<\/li>\n<\/ul>\n\n\n\n<h2 class=\"wp-block-heading\"><a><\/a>F\u00f6d\u00e9majt\u00f3 \u00e1ttekint\u00e9se<\/h2>\n\n\n\n<div class=\"wp-block-columns is-layout-flex wp-container-core-columns-is-layout-28f84493 wp-block-columns-is-layout-flex\">\n<div class=\"wp-block-column is-layout-flow wp-block-column-is-layout-flow\">\n<figure class=\"wp-block-image size-full\"><img loading=\"lazy\" decoding=\"async\" width=\"600\" height=\"800\" src=\"https:\/\/boswindor.com\/wp-content\/uploads\/2025\/05\/Wooden-Door-Factory-6.jpg\" alt=\"\" class=\"wp-image-5025\" srcset=\"https:\/\/boswindor.com\/wp-content\/uploads\/2025\/05\/Wooden-Door-Factory-6.jpg 600w, https:\/\/boswindor.com\/wp-content\/uploads\/2025\/05\/Wooden-Door-Factory-6-225x300.jpg 225w, https:\/\/boswindor.com\/wp-content\/uploads\/2025\/05\/Wooden-Door-Factory-6-9x12.jpg 9w\" sizes=\"(max-width: 600px) 100vw, 600px\" \/><\/figure>\n<\/div>\n\n\n\n<div class=\"wp-block-column is-layout-flow wp-block-column-is-layout-flow\">\n<figure class=\"wp-block-image size-full\"><img loading=\"lazy\" decoding=\"async\" width=\"600\" height=\"800\" src=\"https:\/\/boswindor.com\/wp-content\/uploads\/2025\/05\/Wooden-Door-Factory-5.jpg\" alt=\"\" class=\"wp-image-5024\" srcset=\"https:\/\/boswindor.com\/wp-content\/uploads\/2025\/05\/Wooden-Door-Factory-5.jpg 600w, https:\/\/boswindor.com\/wp-content\/uploads\/2025\/05\/Wooden-Door-Factory-5-225x300.jpg 225w, https:\/\/boswindor.com\/wp-content\/uploads\/2025\/05\/Wooden-Door-Factory-5-9x12.jpg 9w\" sizes=\"(max-width: 600px) 100vw, 600px\" \/><\/figure>\n<\/div>\n\n\n\n<div class=\"wp-block-column is-layout-flow wp-block-column-is-layout-flow\">\n<figure class=\"wp-block-image size-full\"><img loading=\"lazy\" decoding=\"async\" width=\"600\" height=\"800\" src=\"https:\/\/boswindor.com\/wp-content\/uploads\/2025\/05\/Wooden-Door-Factory-7.jpg\" alt=\"\" class=\"wp-image-5026\" srcset=\"https:\/\/boswindor.com\/wp-content\/uploads\/2025\/05\/Wooden-Door-Factory-7.jpg 600w, https:\/\/boswindor.com\/wp-content\/uploads\/2025\/05\/Wooden-Door-Factory-7-225x300.jpg 225w, https:\/\/boswindor.com\/wp-content\/uploads\/2025\/05\/Wooden-Door-Factory-7-9x12.jpg 9w\" sizes=\"(max-width: 600px) 100vw, 600px\" \/><\/figure>\n<\/div>\n<\/div>\n\n\n\n<p>A lapos ajt\u00f3 egy alapvet\u0151 t\u00e9glalap alak\u00fa, lapos, letisztult ajt\u00f3, zsan\u00e9rok, vasalatok vagy keret n\u00e9lk\u00fcl. Gyakran f\u00e1b\u00f3l, ac\u00e9lb\u00f3l vagy \u00fcvegsz\u00e1lb\u00f3l k\u00e9sz\u00fcl, \u00e9s belt\u00e9ri ajt\u00f3k\u00e9nt \u00e9s...<a href=\"https:\/\/boswindor.com\/hu\/choosing-the-perfect-exterior-door\/\">\u00a0<u><mark style=\"background-color:rgba(0, 0, 0, 0);color:#ff6900\" class=\"has-inline-color\">k\u00fcls\u0151 opci\u00f3k<\/mark><\/u><\/a>Az el\u0151regy\u00e1rtott ajt\u00f3kkal ellent\u00e9tben a f\u00f6d\u00e9majt\u00f3k v\u00e1s\u00e1rl\u00e1sakor nem lesz minden, amire a beszerel\u00e9shez sz\u00fcks\u00e9ge van, mivel a keret, a zsan\u00e9rok vagy a szerelv\u00e9nyek nincsenek m\u00e1r r\u00f6gz\u00edtve.<\/p>\n\n\n\n<p>B\u00e1r ez az ajt\u00f3 egyszer\u0171 kialak\u00edt\u00e1s\u00e1nak k\u00f6sz\u00f6nhet\u0151en bizonyos alkalmaz\u00e1sokhoz ide\u00e1lis, plusz munk\u00e1t ig\u00e9nyel. Az \u00e9p\u00edt\u0151knek\/v\u00e1llalkoz\u00f3knak zsan\u00e9rokat kell haszn\u00e1lniuk, hogy a lapos ajt\u00f3t egy \u00faj ajt\u00f3kerethez vagy egy megl\u00e9v\u0151 ajt\u00f3kerethez r\u00f6gz\u00edts\u00e9k egy r\u00e9gi ajt\u00f3b\u00f3l. Ez\u00e9rt meg kell v\u00e1s\u00e1rolnia egy kilincset, zsan\u00e9rokat, egy z\u00e1rbet\u00e9tet \u00e9s a keret anyagait. Mindazon\u00e1ltal megv\u00e1ltoztathatja a lapos ajt\u00f3 st\u00edlus\u00e1t \u00fcveggel vagy d\u00edszl\u00e9ccel. K\u00fcls\u0151 bej\u00e1ratokhoz vagy bels\u0151 ajt\u00f3terekhez paneles vagy sima lapos ajt\u00f3kat is rendelhet.<\/p>\n\n\n\n<h3 class=\"wp-block-heading\"><a><\/a>A f\u00f6d\u00e9majt\u00f3 el\u0151nyei<\/h3>\n\n\n\n<p>A t\u00f6m\u00f6rfa ajt\u00f3k tipikus el\u0151nyei a k\u00f6vetkez\u0151k:<\/p>\n\n\n\n<ul class=\"wp-block-list\">\n<li><strong>K\u00f6nnyen tiszt\u00edthat\u00f3 \u00e9s karbantarthat\u00f3:<\/strong>\u00a0Sima fel\u00fclet\u00fcknek k\u00f6sz\u00f6nhet\u0151en egyszer\u0171 a karbantart\u00e1suk. Ezek az ajt\u00f3k k\u00f6nnyen tiszt\u00edthat\u00f3k \u00e9s kevesebb id\u0151t ig\u00e9nyelnek, mivel a szennyez\u0151d\u00e9s \u00e9s a r\u00e9szecsk\u00e9k csak n\u00e9h\u00e1ny helyen rak\u00f3dnak le.<\/li>\n\n\n\n<li><strong>Sokoldal\u00fa:<\/strong>\u00a0K\u00f6nnyen illeszkednek b\u00e1rmilyen keretbe, \u00e9s sima, tiszta fel\u00fclet\u00fcknek k\u00f6sz\u00f6nhet\u0151en a st\u00edlusok sz\u00e9les sk\u00e1l\u00e1j\u00e1hoz igaz\u00edthat\u00f3k. Ezek az ajt\u00f3k nagyobb tervez\u00e9si rugalmass\u00e1got k\u00edn\u00e1lnak, \u00edgy t\u00f6k\u00e9letesen alkalmasak antik vagy egyedi ajt\u00f3k fel\u00faj\u00edt\u00e1s\u00e1ra otthon\u00e1ban. A legt\u00f6bb \u00e9p\u00edt\u00e9szeti bontott ajt\u00f3 lapos kivitelben kaphat\u00f3.<\/li>\n\n\n\n<li><strong>Megfizethet\u0151:<\/strong>\u00a0A keret \u00e9s a zsan\u00e9rok hi\u00e1nya miatt megfizethet\u0151 v\u00e1laszt\u00e1s. Annak ellen\u00e9re, hogy m\u00e1s alkatr\u00e9szekre t\u00f6bbet kell k\u00f6ltenie, m\u00e9g t\u00f6bb p\u00e9nzt takar\u00edthat meg. \u00a0<\/li>\n\n\n\n<li><strong>K\u00f6nnyen kezelhet\u0151:<\/strong>\u00a0Mivel ezek az ajt\u00f3k nem rendelkeznek komplett el\u0151regy\u00e1rtott egys\u00e9ggel, k\u00f6nny\u0171ek \u00e9s k\u00f6nnyebben hordozhat\u00f3k \u00e9s kezelhet\u0151k. \u00a0<\/li>\n<\/ul>\n\n\n\n<h3 class=\"wp-block-heading\"><a><\/a>A f\u00f6d\u00e9majt\u00f3 h\u00e1tr\u00e1nyai<\/h3>\n\n\n\n<p>\u00cdme n\u00e9h\u00e1ny korl\u00e1toz\u00e1s a f\u00f6d\u00e9majt\u00f3 haszn\u00e1lat\u00e1ra vonatkoz\u00f3an:<\/p>\n\n\n\n<ul class=\"wp-block-list\">\n<li><strong>Kevesebb id\u0151j\u00e1r\u00e1s elleni v\u00e9delem: <\/strong>Mivel lehet, hogy nincs be\u00e9p\u00edtett k\u00fcsz\u00f6b\u00fck vagy id\u0151j\u00e1r\u00e1s\u00e1ll\u00f3 szigetel\u00e9s\u00fck, kev\u00e9sb\u00e9 alkalmasak k\u00fclt\u00e9ri haszn\u00e1latra olyan helyzetekben, ahol j\u00f3 id\u0151j\u00e1r\u00e1s elleni v\u00e9delemre van sz\u00fcks\u00e9g.<\/li>\n\n\n\n<li><strong>Komplex telep\u00edt\u00e9s:<\/strong>\u00a0A f\u00f6d\u00e9majt\u00f3k beszerel\u00e9se bonyolultabb\u00e1 v\u00e1lik, mivel nem komplett egys\u00e9gk\u00e9nt \u00e9rkeznek, \u00e9s pontos m\u00e9r\u00e9seket, illeszt\u00e9seket \u00e9s m\u00e1sodlagos l\u00e9p\u00e9seket ig\u00e9nyelnek, bele\u00e9rtve a zsan\u00e9rok r\u00f6gz\u00edt\u00e9s\u00e9t \u00e9s a keret fel\u00e1ll\u00edt\u00e1s\u00e1t. Az ilyen ajt\u00f3 beszerel\u00e9se hosszabb id\u0151t vehet ig\u00e9nybe, \u00e9s szakember seg\u00edts\u00e9g\u00e9t vagy j\u00f3 szem\u0171 \u00e9s biztos kez\u0171 szem\u00e9lyt ig\u00e9nyel.<\/li>\n\n\n\n<li><strong>S\u00e9r\u00fcl\u00e9svesz\u00e9ly:<\/strong>\u00a0A mint\u00e1s vagy textur\u00e1lt ajt\u00f3kkal ellent\u00e9tben ezek az ajt\u00f3k sima fel\u00fclet\u00fck miatt ki vannak t\u00e9ve a karcol\u00e1sok, horpad\u00e1sok \u00e9s egy\u00e9b s\u00e9r\u00fcl\u00e9sek kock\u00e1zat\u00e1nak.<\/li>\n\n\n\n<li><strong>\u00c9szlelt alacsonyabb \u00e9rt\u00e9k:<\/strong>\u00a0Az el\u0151kel\u0151 otthonokban a f\u00f6d\u00e9majt\u00f3 kev\u00e9sb\u00e9 eleg\u00e1nsnak vagy alacsonyabb \u00e9rt\u00e9k\u0171nek tekinthet\u0151, mint a fejlett ajt\u00f3kialak\u00edt\u00e1sok.<\/li>\n<\/ul>\n\n\n\n<h2 class=\"wp-block-heading\"><a><\/a>El\u0151regy\u00e1rtott vs. F\u00f6d\u00e9majt\u00f3k: Melyik illik az \u00d6n otthon\u00e1ba?<\/h2>\n\n\n\n<div class=\"wp-block-columns is-layout-flex wp-container-core-columns-is-layout-28f84493 wp-block-columns-is-layout-flex\">\n<div class=\"wp-block-column is-layout-flow wp-block-column-is-layout-flow\">\n<figure class=\"wp-block-image size-full\"><img loading=\"lazy\" decoding=\"async\" width=\"600\" height=\"800\" src=\"https:\/\/boswindor.com\/wp-content\/uploads\/2025\/06\/Prehung-Door-Installation-in-Australia.jpg\" alt=\"\" class=\"wp-image-7262\" srcset=\"https:\/\/boswindor.com\/wp-content\/uploads\/2025\/06\/Prehung-Door-Installation-in-Australia.jpg 600w, https:\/\/boswindor.com\/wp-content\/uploads\/2025\/06\/Prehung-Door-Installation-in-Australia-225x300.jpg 225w, https:\/\/boswindor.com\/wp-content\/uploads\/2025\/06\/Prehung-Door-Installation-in-Australia-9x12.jpg 9w\" sizes=\"(max-width: 600px) 100vw, 600px\" \/><figcaption class=\"wp-element-caption\">El\u0151regy\u00e1rtott ajt\u00f3k be\u00e9p\u00edt\u00e9se Ausztr\u00e1li\u00e1ban<\/figcaption><\/figure>\n<\/div>\n\n\n\n<div class=\"wp-block-column is-layout-flow wp-block-column-is-layout-flow\">\n<figure class=\"wp-block-image size-full\"><img loading=\"lazy\" decoding=\"async\" width=\"600\" height=\"800\" src=\"https:\/\/boswindor.com\/wp-content\/uploads\/2025\/06\/Prehung-Door-Installation-in-Australia-2.jpg\" alt=\"\" class=\"wp-image-7263\" srcset=\"https:\/\/boswindor.com\/wp-content\/uploads\/2025\/06\/Prehung-Door-Installation-in-Australia-2.jpg 600w, https:\/\/boswindor.com\/wp-content\/uploads\/2025\/06\/Prehung-Door-Installation-in-Australia-2-225x300.jpg 225w, https:\/\/boswindor.com\/wp-content\/uploads\/2025\/06\/Prehung-Door-Installation-in-Australia-2-9x12.jpg 9w\" sizes=\"(max-width: 600px) 100vw, 600px\" \/><figcaption class=\"wp-element-caption\">El\u0151regy\u00e1rtott ajt\u00f3k be\u00e9p\u00edt\u00e9se Ausztr\u00e1li\u00e1ban<\/figcaption><\/figure>\n<\/div>\n<\/div>\n\n\n\n<p>Az ajt\u00f3t\u00edpus kiv\u00e1laszt\u00e1sa olyan t\u00e9nyez\u0151kt\u0151l f\u00fcgg, mint a szem\u00e9lyes preferencia, a beszerel\u00e9s egyszer\u0171s\u00e9ge, valamint a k\u00f6lts\u00e9g vagy a k\u00f6lts\u00e9gvet\u00e9s. F\u00fcggetlen\u00fcl att\u00f3l, hogy milyen t\u00edpus\u00fa ajt\u00f3t v\u00e1laszt, egy szakember felk\u00e9r\u00e9se lehet a leglogikusabb d\u00f6nt\u00e9s a biztons\u00e1gos illeszked\u00e9s biztos\u00edt\u00e1sa \u00e9rdek\u00e9ben, kiv\u00e9ve, ha \u00d6n el\u00e9g \u00fcgyes, \u00e9s rendelkezik a megfelel\u0151 szersz\u00e1mk\u00e9szlettel \u00e9s tapasztalattal b\u00e1rmelyik ajt\u00f3t\u00edpus beszerel\u00e9s\u00e9hez.<\/p>\n\n\n\n<h3 class=\"wp-block-heading\"><a><\/a>Mikor haszn\u00e1ljunk el\u0151regy\u00e1rtott ajt\u00f3t<\/h3>\n\n\n\n<p>\u00cdme n\u00e9h\u00e1ny eset, amikor \u00e9rdemes el\u0151re gy\u00e1rtott ajt\u00f3t v\u00e1lasztani:<\/p>\n\n\n\n<ul class=\"wp-block-list\">\n<li>J\u00f3 v\u00e1laszt\u00e1snak bizonyulnak \u00faj falny\u00edl\u00e1sokba val\u00f3 be\u00e9p\u00edt\u00e9shez.<\/li>\n\n\n\n<li>Ha id\u0151j\u00e1r\u00e1s\u00e1ll\u00f3 bej\u00e1rati ajt\u00f3ra van sz\u00fcks\u00e9ge, ez a megfelel\u0151 v\u00e1laszt\u00e1s. Be\u00e9p\u00edtett k\u00fcsz\u00f6b\u00f6kkel \u00e9s szigetel\u00e9ssel vannak felszerelve a jobb funkcionalit\u00e1s, id\u0151j\u00e1r\u00e1s\u00e1ll\u00f3s\u00e1g, fokozott k\u00e9nyelem \u00e9s szigetel\u00e9s \u00e9rdek\u00e9ben.<\/li>\n\n\n\n<li>Akkor is ez a helyes v\u00e1laszt\u00e1s, ha a megl\u00e9v\u0151 keret s\u00e9r\u00fclt, \u00e9s a lemezajt\u00f3 nem alkalmas p\u00f3tl\u00e1sra.<\/li>\n\n\n\n<li>Az el\u0151regy\u00e1rtott ajt\u00f3k ide\u00e1lisak nagyobb fel\u00faj\u00edt\u00e1sok eset\u00e9n, ahol el kell t\u00e1vol\u00edtani az ajt\u00f3kereteket. Id\u0151t \u00e9s energi\u00e1t takar\u00edthatnak meg, mivel beszerel\u00e9sre k\u00e9szen \u00e9rkeznek.<\/li>\n\n\n\n<li>Egy ilyen, be\u00e9p\u00edt\u00e9sre k\u00e9sz ajt\u00f3 nagyszer\u0171, ha a probl\u00e9mamentes ajt\u00f3be\u00e9p\u00edt\u00e9si folyamat priorit\u00e1s.<\/li>\n<\/ul>\n\n\n\t\t<div data-elementor-type=\"container\" data-elementor-id=\"7269\" class=\"elementor elementor-7269\" data-elementor-settings=\"{&quot;ha_cmc_init_switcher&quot;:&quot;no&quot;}\" data-elementor-post-type=\"elementor_library\">\n\t\t\t\t\t\t<section class=\"elementor-section elementor-top-section elementor-element elementor-element-3666e33 ct-section-stretched elementor-section-boxed elementor-section-height-default elementor-section-height-default\" data-id=\"3666e33\" data-element_type=\"section\" data-e-type=\"section\" data-settings=\"{&quot;_ha_eqh_enable&quot;:false}\">\n\t\t\t\t\t\t<div class=\"elementor-container elementor-column-gap-default\">\n\t\t\t\t\t<div class=\"elementor-column elementor-col-100 elementor-top-column elementor-element elementor-element-250bb9c\" data-id=\"250bb9c\" data-element_type=\"column\" data-e-type=\"column\">\n\t\t\t<div class=\"elementor-widget-wrap elementor-element-populated\">\n\t\t\t\t\t\t<div class=\"elementor-element elementor-element-0fc0e23 elementor-cta--layout-image-right elementor-cta--mobile-layout-image-above elementor-cta--skin-classic elementor-animated-content elementor-bg-transform elementor-bg-transform-zoom-in elementor-widget elementor-widget-call-to-action\" data-id=\"0fc0e23\" data-element_type=\"widget\" data-e-type=\"widget\" data-widget_type=\"call-to-action.default\">\n\t\t\t\t<div class=\"elementor-widget-container\">\n\t\t\t\t\t\t\t<a class=\"elementor-cta\" href=\"https:\/\/boswindor.com\/hu\/contact-us\/\">\r\n\t\t\t\t\t<div class=\"elementor-cta__bg-wrapper\">\r\n\t\t\t\t<div class=\"elementor-cta__bg elementor-bg\" style=\"background-image: url(https:\/\/boswindor.com\/wp-content\/uploads\/2025\/05\/Wooden-Interior-Doors-Factory-1.jpeg);\" role=\"img\" aria-label=\"Fa belt\u00e9ri ajt\u00f3k gy\u00e1ra\"><\/div>\r\n\t\t\t\t<div class=\"elementor-cta__bg-overlay\"><\/div>\r\n\t\t\t<\/div>\r\n\t\t\t\t\t\t\t<div class=\"elementor-cta__content\">\r\n\t\t\t\t\r\n\t\t\t\t\t\t\t\t\t<h3 class=\"elementor-cta__title elementor-cta__content-item elementor-content-item\">\r\n\t\t\t\t\t\tBoswindor\t\t\t\t\t<\/h3>\r\n\t\t\t\t\r\n\t\t\t\t\t\t\t\t\t<div class=\"elementor-cta__description elementor-cta__content-item elementor-content-item\">\r\n\t\t\t\t\t\tGy\u00e1rilag k\u00f6zvetlen fa ajt\u00f3k. Szeretne k\u00f6lts\u00e9geket megtakar\u00edtani? <p>Pr\u00e9mium min\u0151s\u00e9get kaphatsz olcs\u00f3bban. K\u00e9rj ingyenes \u00e1raj\u00e1nlatot m\u00e9g ma!\t\t\t\t\t<\/div>\r\n\t\t\t\t\r\n\t\t\t\t\t\t\t\t\t<div class=\"elementor-cta__button-wrapper elementor-cta__content-item elementor-content-item\">\r\n\t\t\t\t\t<span class=\"elementor-cta__button elementor-button elementor-size-\">\r\n\t\t\t\t\t\tK\u00c9RJEN \u00c1RAJ\u00c1NLATOT MOST\t\t\t\t\t<\/span>\r\n\t\t\t\t\t<\/div>\r\n\t\t\t\t\t\t\t<\/div>\r\n\t\t\t\t\t\t<\/a>\r\n\t\t\t\t\t\t<\/div>\n\t\t\t\t<\/div>\n\t\t\t\t\t<\/div>\n\t\t<\/div>\n\t\t\t\t\t<\/div>\n\t\t<\/section>\n\t\t\t\t<\/div>\n\t\t\n\n\n\n<h3 class=\"wp-block-heading\"><a><\/a>Mikor haszn\u00e1ljunk f\u00f6d\u00e9majt\u00f3t<\/h3>\n\n\n\n<p>Az al\u00e1bbiakban olyan eseteket mutatunk be, amikor a f\u00f6d\u00e9majt\u00f3 a logikus v\u00e1laszt\u00e1s:<\/p>\n\n\n\n<ul class=\"wp-block-list\">\n<li>Nagyszer\u0171ek, ha a jelenlegi ajt\u00f3keret (tokkal \u00e9s d\u00edszl\u00e9cekkel) nem annyira s\u00e9r\u00fclt vagy deform\u00e1l\u00f3dott, \u00e9s a cser\u00e9je nem sz\u00fcks\u00e9ges.<\/li>\n\n\n\n<li>K\u00f6lts\u00e9ghat\u00e9kony megold\u00e1s egy szoba eszt\u00e9tikai megjelen\u00e9s\u00e9nek jav\u00edt\u00e1s\u00e1ra szerkezeti m\u00f3dos\u00edt\u00e1sok n\u00e9lk\u00fcl. Kevesebbe ker\u00fcl, \u00e9s kevesebb anyagot ig\u00e9nyel.<\/li>\n\n\n\n<li>K\u00e9nyelmesek lehetnek, ha saj\u00e1t kez\u0171leg v\u00e9gzed a telep\u00edt\u00e9st, \u00e9s k\u00f6nnyen mozgathat\u00f3k, mivel nem terhelik az el\u0151re \u00f6sszeszerelt keret extra s\u00faly\u00e1t.<\/li>\n\n\n\n<li>A f\u00f6d\u00e9majt\u00f3k ide\u00e1lisak a diz\u00e1jnk\u00f6zpont\u00fa projektekhez, mivel z\u00f6kken\u0151mentes testreszabhat\u00f3s\u00e1got biztos\u00edtanak, \u00e9s rugalmass\u00e1got biztos\u00edtanak az egyes diz\u00e1jnelemek vagy fel\u00fcletek tekintet\u00e9ben.<\/li>\n\n\n\n<li>Ha egy decens \u00e9s egyszer\u0171 st\u00edlus\u00fa ajt\u00f3t keres, amely kieg\u00e9sz\u00edti a modern vagy kort\u00e1rs szerkezeti terveket, ezek az ajt\u00f3k letisztult megjelen\u00e9st k\u00edn\u00e1lnak sima fel\u00fclet\u00fckkel \u00e9s keret n\u00e9lk\u00fclis\u00e9g\u00fckkel.<\/li>\n<\/ul>\n\n\n\n<h2 class=\"wp-block-heading\"><a><\/a>K\u00f6vetkeztet\u00e9s<\/h2>\n\n\n\n<figure class=\"wp-block-image size-full\"><a href=\"https:\/\/boswindor.com\/hu\/doors-types\/wooden-interior-door\/\"><img loading=\"lazy\" decoding=\"async\" width=\"900\" height=\"369\" src=\"https:\/\/boswindor.com\/wp-content\/uploads\/2025\/06\/Boswindor-Wooden-Interior-Doors.jpg\" alt=\"\" class=\"wp-image-7265\" srcset=\"https:\/\/boswindor.com\/wp-content\/uploads\/2025\/06\/Boswindor-Wooden-Interior-Doors.jpg 900w, https:\/\/boswindor.com\/wp-content\/uploads\/2025\/06\/Boswindor-Wooden-Interior-Doors-300x123.jpg 300w, https:\/\/boswindor.com\/wp-content\/uploads\/2025\/06\/Boswindor-Wooden-Interior-Doors-768x315.jpg 768w, https:\/\/boswindor.com\/wp-content\/uploads\/2025\/06\/Boswindor-Wooden-Interior-Doors-18x7.jpg 18w\" sizes=\"(max-width: 900px) 100vw, 900px\" \/><\/a><figcaption class=\"wp-element-caption\">Boswindor fa belt\u00e9ri ajt\u00f3k<\/figcaption><\/figure>\n\n\n\n<p>Az el\u0151regy\u00e1rtott ajt\u00f3k maxim\u00e1lis k\u00e9nyelmet k\u00edn\u00e1lnak olyan kiv\u00e1l\u00f3 el\u0151ny\u00f6kkel, mint a gyorsabb \u00e9s egyszer\u0171bb beszerel\u00e9s, a lapos ajt\u00f3k pedig nagyobb testreszab\u00e1si lehet\u0151s\u00e9geket k\u00edn\u00e1lnak. Ak\u00e1r egy \u00faj ajt\u00f3t szerel fel, hogy otthona \u00faj k\u00fcls\u0151t kapjon, \u00faj diz\u00e1jnnal \u00e9s megjelen\u00e9ssel, ak\u00e1r egy falny\u00edl\u00e1sba szerel ajt\u00f3t, elengedhetetlen tudni, hogy mivel rendelkezik \u00e9s mire van sz\u00fcks\u00e9ge a helyes v\u00e1laszt\u00e1shoz!<\/p>\n\n\n\n<p><a href=\"https:\/\/boswindor.com\/hu\/\"><u><mark style=\"background-color:rgba(0, 0, 0, 0);color:#ff6900\" class=\"has-inline-color\">Boswindor<\/mark><\/u><\/a>\u00a0minden m\u00e9ret\u0171 ablak \u00e9s ajt\u00f3 vezet\u0151 sz\u00e1ll\u00edt\u00f3ja. Kiv\u00e1l\u00f3 min\u0151s\u00e9g\u0171 ajt\u00f3kat k\u00edn\u00e1lunk, p\u00e9ld\u00e1ul el\u0151regy\u00e1rtott ajt\u00f3kat \u00e9s egy\u00e9b ajt\u00f3kat v\u00e1ltozatos st\u00edlusokban \u00e9s m\u00e9retekben, k\u00fcl\u00f6nf\u00e9le t\u00edpus\u00fa \u00e9p\u00fcletekhez. Tapasztalt szakembereink a legmodernebb l\u00e9tes\u00edtm\u00e9nyeinket \u00e9s tapasztalatunkat kihaszn\u00e1lva egyszer\u0171s\u00edtik a beszerel\u00e9st \u00e9s cs\u00f6kkentik a sz\u00e1ll\u00edt\u00e1si id\u0151ket.<a href=\"https:\/\/boswindor.com\/hu\/contact-us\/\">\u00a0<u><mark style=\"background-color:rgba(0, 0, 0, 0);color:#ff6900\" class=\"has-inline-color\">Kapcsolat<\/mark><\/u><\/a>\u00a0M\u00e9g ma, hogy megbesz\u00e9lj\u00fck projektje terjedelm\u00e9t szakembereinkkel, \u00e9s aj\u00e1nljuk az \u00d6n szob\u00e1j\u00e1ba, otthon\u00e1ba \u00e9s egy\u00e9b tereibe legink\u00e1bb illeszked\u0151 ajt\u00f3t\u00edpust!<\/p>\n\n\n\n<h2 class=\"wp-block-heading\"><a><\/a>GYIK<\/h2>\n\n\n<div id=\"rank-math-faq\" class=\"rank-math-block\">\n<div class=\"rank-math-list\">\n<div id=\"faq-question-1751351342573\" class=\"rank-math-list-item\">\n<h3 class=\"rank-math-question\">Mennyibe ker\u00fcl egy el\u0151re gy\u00e1rtott ajt\u00f3 beszerel\u00e9se?<\/h3>\n<div class=\"rank-math-answer\">\n\n<p>Ezeknek az ajt\u00f3knak a be\u00e9p\u00edt\u00e9si k\u00f6lts\u00e9ge jellemz\u0151en $400 \u00e9s $1500 k\u00f6z\u00f6tt mozog egy bels\u0151 ajt\u00f3 eset\u00e9ben. Ez olyan saj\u00e1toss\u00e1gokt\u00f3l f\u00fcgg, mint a helysz\u00edn (bels\u0151 vagy k\u00fcls\u0151) \u00e9s az ajt\u00f3 t\u00edpusa (\u00fcreges vagy t\u00f6m\u00f6r). Az is sz\u00e1m\u00edt, hogy az ajt\u00f3t egy r\u00e9gebbi t\u00e1rsash\u00e1z megl\u00e9v\u0151 ajtaj\u00e1nak fel\u00faj\u00edt\u00e1s\u00e1hoz\/\u00e1talak\u00edt\u00e1s\u00e1hoz, vagy \u00faj \u00e9p\u00edt\u00e9s\u0171 \u00e9p\u00fcletbe \u00e9p\u00edtik-e.<\/p>\n\n<\/div>\n<\/div>\n<div id=\"faq-question-1751351351045\" class=\"rank-math-list-item\">\n<h3 class=\"rank-math-question\">Haszn\u00e1lhatok el\u0151regy\u00e1rtott ajt\u00f3t bels\u0151 ajt\u00f3fel\u00faj\u00edt\u00e1shoz saj\u00e1t kez\u0171leg?<\/h3>\n<div class=\"rank-math-answer\">\n\n<p>Mindenk\u00e9ppen! Egy m\u00e1r felszerelt ajt\u00f3 k\u00e9nyelmes megold\u00e1s egy bels\u0151 ajt\u00f3 fel\u00faj\u00edt\u00e1s\u00e1ra. Az egyszer\u0171bb beszerel\u00e9s mellett p\u00e9nzt \u00e9s id\u0151t is megtakar\u00edthat, ha ilyen ajt\u00f3kat v\u00e1laszt bark\u00e1cs projektjeihez. Ami a legfontosabb, hogy k\u00fcl\u00f6nb\u00f6z\u0151 st\u00edlusokban \u00e9s ajt\u00f3f\u00e9lf\u00e1kban kaphat\u00f3k, hogy kieg\u00e9sz\u00edts\u00e9k otthona bels\u0151 \u00e9s ak\u00e1r k\u00fcls\u0151 dekor\u00e1ci\u00f3j\u00e1t is.<\/p>\n\n<\/div>\n<\/div>\n<\/div>\n<\/div>","protected":false},"excerpt":{"rendered":"<p>Az el\u0151regy\u00e1rtott ajt\u00f3k \u00e9s a lapos ajt\u00f3k k\u00e9t f\u0151 ajt\u00f3t\u00edpussal tal\u00e1lkozhat, amikor \u00faj ajt\u00f3t keres otthon\u00e1ba. Mindk\u00e9t ajt\u00f3 jelent\u0151s hat\u00e1ssal van a projekt hat\u00e9konys\u00e1g\u00e1ra \u00e9s az \u00e9p\u00edt\u00e9si folyamatra. A megfelel\u0151 kiv\u00e1laszt\u00e1sa azonban n\u00f6velheti v\u00e1llalkoz\u00e1sa \u00e9rt\u00e9k\u00e9t \u00e9s jav\u00edthatja a be\u00e9p\u00edt\u00e9si folyamatot, k\u00fcl\u00f6n\u00f6sen akkor, ha egy \u00e9p\u00fclet t\u00f6bb egys\u00e9g\u00e9be szerel be ajt\u00f3kat.<\/p>\n<p>Ez a cikk r\u00e9szletesen t\u00e1rgyalja az el\u0151regy\u00e1rtott ajt\u00f3kat, hogy seg\u00edtsen meg\u00e9rteni a jellemz\u0151iket. \u00d6sszehasonl\u00edtjuk \u0151ket a lapos ajt\u00f3kkal is, hogy kiv\u00e1laszthassa az ig\u00e9nyeinek legink\u00e1bb megfelel\u0151t. Fedezze fel k\u00e9nyelmesen a legjobb ajt\u00f3t a Boswindor seg\u00edts\u00e9g\u00e9vel!<\/p>","protected":false},"author":3,"featured_media":7255,"comment_status":"open","ping_status":"open","sticky":false,"template":"","format":"standard","meta":{"footnotes":""},"categories":[10],"tags":[],"class_list":["post-7252","post","type-post","status-publish","format-standard","has-post-thumbnail","hentry","category-windows-doors"],"blocksy_meta":[],"_links":{"self":[{"href":"https:\/\/boswindor.com\/hu\/wp-json\/wp\/v2\/posts\/7252","targetHints":{"allow":["GET"]}}],"collection":[{"href":"https:\/\/boswindor.com\/hu\/wp-json\/wp\/v2\/posts"}],"about":[{"href":"https:\/\/boswindor.com\/hu\/wp-json\/wp\/v2\/types\/post"}],"author":[{"embeddable":true,"href":"https:\/\/boswindor.com\/hu\/wp-json\/wp\/v2\/users\/3"}],"replies":[{"embeddable":true,"href":"https:\/\/boswindor.com\/hu\/wp-json\/wp\/v2\/comments?post=7252"}],"version-history":[{"count":5,"href":"https:\/\/boswindor.com\/hu\/wp-json\/wp\/v2\/posts\/7252\/revisions"}],"predecessor-version":[{"id":7272,"href":"https:\/\/boswindor.com\/hu\/wp-json\/wp\/v2\/posts\/7252\/revisions\/7272"}],"wp:featuredmedia":[{"embeddable":true,"href":"https:\/\/boswindor.com\/hu\/wp-json\/wp\/v2\/media\/7255"}],"wp:attachment":[{"href":"https:\/\/boswindor.com\/hu\/wp-json\/wp\/v2\/media?parent=7252"}],"wp:term":[{"taxonomy":"category","embeddable":true,"href":"https:\/\/boswindor.com\/hu\/wp-json\/wp\/v2\/categories?post=7252"},{"taxonomy":"post_tag","embeddable":true,"href":"https:\/\/boswindor.com\/hu\/wp-json\/wp\/v2\/tags?post=7252"}],"curies":[{"name":"munkaf\u00fczet","href":"https:\/\/api.w.org\/{rel}","templated":true}]}}