{"id":581,"date":"2024-12-19T22:54:53","date_gmt":"2024-12-20T06:54:53","guid":{"rendered":"https:\/\/boswindor.com\/?p=581"},"modified":"2026-01-19T20:14:15","modified_gmt":"2026-01-20T04:14:15","slug":"bay-window-vs-bow-window","status":"publish","type":"post","link":"https:\/\/boswindor.com\/hu\/bay-window-vs-bow-window\/","title":{"rendered":"Bay Window vs Bow Window: Magyar\u00e1zat a legfontosabb k\u00fcl\u00f6nbs\u00e9gekr\u0151l"},"content":{"rendered":"<h2 class=\"wp-block-heading\">Mik azok az \u00f6bl\u00f6s ablakok?<\/h2>\n\n\n\n<figure class=\"wp-block-image size-full\"><img fetchpriority=\"high\" decoding=\"async\" width=\"920\" height=\"480\" src=\"https:\/\/boswindor.com\/wp-content\/uploads\/2024\/12\/Bay-Windows.jpg\" alt=\"\" class=\"wp-image-901\" srcset=\"https:\/\/boswindor.com\/wp-content\/uploads\/2024\/12\/Bay-Windows.jpg 920w, https:\/\/boswindor.com\/wp-content\/uploads\/2024\/12\/Bay-Windows-300x157.jpg 300w, https:\/\/boswindor.com\/wp-content\/uploads\/2024\/12\/Bay-Windows-768x401.jpg 768w, https:\/\/boswindor.com\/wp-content\/uploads\/2024\/12\/Bay-Windows-18x9.jpg 18w\" sizes=\"(max-width: 920px) 100vw, 920px\" \/><figcaption class=\"wp-element-caption\">\u00d6rk\u00e9ny ablakok<\/figcaption><\/figure>\n\n\n\n<p><strong>Kiugr\u00f3 ablakok<\/strong>&nbsp;n\u00e9pszer\u0171 \u00e9p\u00edt\u00e9szeti jellemz\u0151, amelyet egy nagy k\u00f6zponti ablak jellemez, amelyet k\u00e9t kisebb oldalablak szeg\u00e9lyez. Ez az elrendez\u00e9s egy st\u00edlusos alk\u00f3vot hoz l\u00e9tre, amely az \u00e9p\u00fcletb\u0151l kifel\u00e9 ny\u00falik. Egy tipikus \u00f6b\u00f6lablak panor\u00e1m\u00e1s kil\u00e1t\u00e1st, fokozott megvil\u00e1g\u00edt\u00e1st \u00e9s extra teret biztos\u00edt, amelyet kreat\u00edvan lehet haszn\u00e1lni, p\u00e9ld\u00e1ul \u00fcl\u0151helyekkel vagy t\u00e1rol\u00f3helyekkel.<\/p>\n\n\n\n<h3 class=\"wp-block-heading\">Az \u00f6bl\u00f6s ablakok jellemz\u0151i<\/h3>\n\n\n\n<p>Az \u00f6bl\u00f6s ablak jellemz\u0151en a k\u00f6vetkez\u0151kb\u0151l \u00e1ll:<\/p>\n\n\n\n<ul class=\"wp-block-list\">\n<li><strong>K\u00f6zponti k\u00e9pablak<\/strong>: Akad\u00e1lymentes kil\u00e1t\u00e1st \u00e9s maxim\u00e1lis f\u00e9nyt biztos\u00edt.<\/li>\n\n\n\n<li><strong>Sz\u00f6gletes oldalablakok<\/strong>: Gyakran m\u0171k\u00f6dtethet\u0151, lehet\u0151v\u00e9 t\u00e9ve a szell\u0151z\u00e9st.<\/li>\n\n\n\n<li><strong>Fokozott term\u00e9szetes f\u00e9ny<\/strong>: A kialak\u00edt\u00e1s biztos\u00edtja, hogy t\u00f6bb napf\u00e9ny jusson a helyis\u00e9gbe.<\/li>\n<\/ul>\n\n\n\n<hr class=\"wp-block-separator has-text-color has-luminous-vivid-orange-color has-alpha-channel-opacity has-luminous-vivid-orange-background-color has-background is-style-wide\"\/>\n\n\n\n<h2 class=\"wp-block-heading\">Mik azok az \u00edves ablakok?<\/h2>\n\n\n\n<figure class=\"wp-block-image size-full\"><img decoding=\"async\" width=\"920\" height=\"480\" src=\"https:\/\/boswindor.com\/wp-content\/uploads\/2024\/12\/Bow-Windows.jpg\" alt=\"\" class=\"wp-image-902\" srcset=\"https:\/\/boswindor.com\/wp-content\/uploads\/2024\/12\/Bow-Windows.jpg 920w, https:\/\/boswindor.com\/wp-content\/uploads\/2024\/12\/Bow-Windows-300x157.jpg 300w, https:\/\/boswindor.com\/wp-content\/uploads\/2024\/12\/Bow-Windows-768x401.jpg 768w, https:\/\/boswindor.com\/wp-content\/uploads\/2024\/12\/Bow-Windows-18x9.jpg 18w\" sizes=\"(max-width: 920px) 100vw, 920px\" \/><figcaption class=\"wp-element-caption\">\u00cdves ablakok<\/figcaption><\/figure>\n\n\n\n<p><strong>\u00cdves ablakok<\/strong>a hagyom\u00e1nyos ablakst\u00edlus eleg\u00e1ns \u00e9s \u00edvelt v\u00e1ltozata. A n\u00e9gy vagy t\u00f6bb egyforma m\u00e9ret\u0171 ablakb\u00f3l \u00e1ll\u00f3, szel\u00edd \u00edvben elrendezett \u00edves ablakok beleolvadnak az \u00e9p\u00fclet vonal\u00e1ba, \u00e9s l\u00e1gyabb homlokzatot k\u00edn\u00e1lnak az \u00f6bl\u00f6s ablakok sz\u00f6gletes kialak\u00edt\u00e1s\u00e1hoz k\u00e9pest.<\/p>\n\n\n\n<h3 class=\"wp-block-heading\">Az \u00edves ablakok jellemz\u0151i<\/h3>\n\n\n\n<p>A k\u00f6vetkez\u0151ket teszi a&nbsp;<strong>b\u00f3vaablak<\/strong>&nbsp;k\u00fcl\u00f6n\u00e1ll\u00f3:<\/p>\n\n\n\n<ul class=\"wp-block-list\">\n<li><strong>T\u00f6bb ablak<\/strong>: Jellemz\u0151en n\u00e9gy vagy t\u00f6bb egys\u00e9g, amelyek egy enyhe g\u00f6rb\u00e9t alkotnak.<\/li>\n\n\n\n<li><strong>Folyamatos n\u00e9zet<\/strong>: Sz\u00e9lesebb, kerekebb k\u00e9pet ny\u00fajt a k\u00f6rnyezetr\u0151l.<\/li>\n\n\n\n<li><strong>Kifinomult megjelen\u00e9s<\/strong>: \u00cdvelt kialak\u00edt\u00e1s\u00e1val eleganci\u00e1t k\u00f6lcs\u00f6n\u00f6z, n\u00f6velve a vizu\u00e1lis vonzer\u0151t.<\/li>\n<\/ul>\n\n\n\n<hr class=\"wp-block-separator has-alpha-channel-opacity\"\/>\n\n\n\n<h2 class=\"wp-block-heading\">A legfontosabb k\u00fcl\u00f6nbs\u00e9gek az \u00f6bl\u00f6s \u00e9s az \u00edves ablakok k\u00f6z\u00f6tt<\/h2>\n\n\n\n<figure class=\"wp-block-image size-full\"><img decoding=\"async\" width=\"920\" height=\"480\" src=\"https:\/\/boswindor.com\/wp-content\/uploads\/2024\/12\/Differences-Between-Bay-and-Bow-Windows.jpg\" alt=\"\" class=\"wp-image-903\" srcset=\"https:\/\/boswindor.com\/wp-content\/uploads\/2024\/12\/Differences-Between-Bay-and-Bow-Windows.jpg 920w, https:\/\/boswindor.com\/wp-content\/uploads\/2024\/12\/Differences-Between-Bay-and-Bow-Windows-300x157.jpg 300w, https:\/\/boswindor.com\/wp-content\/uploads\/2024\/12\/Differences-Between-Bay-and-Bow-Windows-768x401.jpg 768w, https:\/\/boswindor.com\/wp-content\/uploads\/2024\/12\/Differences-Between-Bay-and-Bow-Windows-18x9.jpg 18w\" sizes=\"(max-width: 920px) 100vw, 920px\" \/><figcaption class=\"wp-element-caption\">Az \u00f6bl\u00f6s \u00e9s az \u00edves ablakok k\u00f6z\u00f6tti k\u00fcl\u00f6nbs\u00e9gek<\/figcaption><\/figure>\n\n\n\n<p>\u00d6sszehasonl\u00edt\u00e1skor&nbsp;<strong>\u00f6bl\u00f6s ablakok vs \u00edves ablakok<\/strong>, sz\u00e1mos k\u00fcl\u00f6nbs\u00e9get kell figyelembe venni, hogy az \u00d6n ig\u00e9nyeinek megfelel\u0151 ablakt\u00edpust v\u00e1lasszon.<\/p>\n\n\n\n<h3 class=\"wp-block-heading\">Szerkezet<\/h3>\n\n\n\n<ul class=\"wp-block-list\">\n<li><strong>\u00d6b\u00f6lablak<\/strong>: \u00c1ltal\u00e1ban h\u00e1rom ablakb\u00f3l \u00e1ll; egy nagy, k\u00f6zponti, r\u00f6gz\u00edtett k\u00e9pablakb\u00f3l \u00e9s k\u00e9t kisebb, m\u0171k\u00f6dtethet\u0151 ablakb\u00f3l az oldalakon.<\/li>\n\n\n\n<li><strong>Bow ablak<\/strong>: N\u00e9gy-hat ablakb\u00f3l \u00e1ll, amelyek szel\u00edd \u00edvben helyezkednek el.<\/li>\n<\/ul>\n\n\n\n<h3 class=\"wp-block-heading\">Megjelen\u00e9s<\/h3>\n\n\n\n<ul class=\"wp-block-list\">\n<li><strong>Bay<\/strong>&nbsp;modern, sz\u00f6gletes megjelen\u00e9st biztos\u00edt, mik\u00f6zben&nbsp;<strong>bow<\/strong>&nbsp;klasszikus, lekerek\u00edtett megjelen\u00e9st biztos\u00edt.<\/li>\n<\/ul>\n\n\n\n<h3 class=\"wp-block-heading\">Kil\u00e1t\u00e1s \u00e9s f\u00e9ny<\/h3>\n\n\n\n<ul class=\"wp-block-list\">\n<li>Az \u00edves ablakok t\u00f6bb f\u00e9nyt engednek be, \u00e9s az \u00f6bl\u00f6s ablakokhoz k\u00e9pest megn\u00f6velt sz\u00e1m\u00fa \u00fcvegt\u00e1bl\u00e1knak k\u00f6sz\u00f6nhet\u0151en panor\u00e1m\u00e1t biztos\u00edtanak.<\/li>\n<\/ul>\n\n\n\n<h3 class=\"wp-block-heading\">Telep\u00edt\u00e9s \u00e9s t\u00e9r<\/h3>\n\n\n\n<ul class=\"wp-block-list\">\n<li>Az \u00edves berendez\u00e9sek \u00edves kialak\u00edt\u00e1suk miatt \u00f6sszetettebbek, \u00e9s gyakran t\u00f6bb falfel\u00fcletet ig\u00e9nyelnek, mint az \u00f6bl\u00f6s konfigur\u00e1ci\u00f3k.<\/li>\n<\/ul>\n\n\n\n<hr class=\"wp-block-separator has-text-color has-luminous-vivid-orange-color has-alpha-channel-opacity has-luminous-vivid-orange-background-color has-background is-style-wide\"\/>\n\n\n\n<h2 class=\"wp-block-heading\">Az \u00f6bl\u00f6s ablakok el\u0151nyei \u00e9s h\u00e1tr\u00e1nyai<\/h2>\n\n\n\n<p>A v\u00e1laszt\u00e1s el\u0151tt&nbsp;<strong>\u00f6bl\u00f6s ablakok<\/strong>, fontolja meg el\u0151nyeiket \u00e9s lehets\u00e9ges h\u00e1tr\u00e1nyaikat.<\/p>\n\n\n\n<h3 class=\"wp-block-heading\">El\u0151ny\u00f6k<\/h3>\n\n\n\n<ul class=\"wp-block-list\">\n<li><strong>Tov\u00e1bbfejlesztett t\u00e9r<\/strong>: T\u00f6bb c\u00e9lt is szolg\u00e1lhat.<\/li>\n\n\n\n<li><strong>Szell\u0151z\u00e9s<\/strong>: A m\u0171k\u00f6dtethet\u0151 oldalablakok kiv\u00e1l\u00f3 l\u00e9g\u00e1raml\u00e1st biztos\u00edtanak.<\/li>\n\n\n\n<li><strong>Eszt\u00e9tikai \u00e9rt\u00e9k<\/strong>: Kiemelked\u0151 kialak\u00edt\u00e1s\u00e1val leny\u0171g\u00f6z\u0151 l\u00e1tv\u00e1nyt ny\u00fajt.<\/li>\n<\/ul>\n\n\n\n<h3 class=\"wp-block-heading\">H\u00e1tr\u00e1nyok<\/h3>\n\n\n\n<ul class=\"wp-block-list\">\n<li><strong>T\u00e9rbeli korl\u00e1tok<\/strong>: Jelent\u0151s \u00e9p\u00edt\u00e9szeti helyet ig\u00e9nyel a telep\u00edt\u00e9shez.<\/li>\n\n\n\n<li><strong>Komplex telep\u00edt\u00e9s<\/strong>: Nagyobb kih\u00edv\u00e1s a hagyom\u00e1nyos ablakokhoz k\u00e9pest, ami n\u00f6velheti a k\u00f6lts\u00e9geket.<\/li>\n<\/ul>\n\n\n\n<hr class=\"wp-block-separator has-text-color has-luminous-vivid-orange-color has-alpha-channel-opacity has-luminous-vivid-orange-background-color has-background is-style-wide\"\/>\n\n\n\n<h2 class=\"wp-block-heading\">Az \u00edves ablakok el\u0151nyei \u00e9s h\u00e1tr\u00e1nyai<\/h2>\n\n\n\n<p><strong>\u00cdves ablakok<\/strong>&nbsp;saj\u00e1t er\u0151ss\u00e9gekkel \u00e9s korl\u00e1toz\u00e1sokkal rendelkeznek.<\/p>\n\n\n\n<h3 class=\"wp-block-heading\">El\u0151ny\u00f6k<\/h3>\n\n\n\n<ul class=\"wp-block-list\">\n<li><strong>Eleg\u00e1ns design<\/strong>: Klasszikus megjelen\u00e9st k\u00edn\u00e1l, l\u00e1gy \u00edvvel.<\/li>\n\n\n\n<li><strong>Sz\u00e9lesk\u00f6r\u0171 n\u00e9zetek<\/strong>: Nagy l\u00e1t\u00f3mez\u0151t \u00e9s b\u0151s\u00e9ges term\u00e9szetes f\u00e9nyt biztos\u00edt.<\/li>\n\n\n\n<li><strong>Sokoldal\u00fas\u00e1g<\/strong>: Kieg\u00e9sz\u00edti a k\u00fcl\u00f6nb\u00f6z\u0151 \u00e9p\u00edt\u00e9szeti st\u00edlusokat.<\/li>\n<\/ul>\n\n\n\n<h3 class=\"wp-block-heading\">H\u00e1tr\u00e1nyok<\/h3>\n\n\n\n<ul class=\"wp-block-list\">\n<li><strong>Magasabb k\u00f6lts\u00e9g<\/strong>: \u00c1ltal\u00e1ban dr\u00e1g\u00e1bb a telep\u00edt\u00e9s a bonyolults\u00e1g miatt.<\/li>\n\n\n\n<li><strong>Helyig\u00e9ny<\/strong>: A be\u00e9p\u00edt\u00e9shez t\u00f6bb falfel\u00fcletre van sz\u00fcks\u00e9g, mint az \u00f6bl\u00f6s ablakok eset\u00e9ben.<\/li>\n<\/ul>\n\n\n\n<hr class=\"wp-block-separator has-alpha-channel-opacity\"\/>\n\n\n\n<h2 class=\"wp-block-heading\">V\u00e1laszt\u00e1s az \u00f6bl\u00f6s \u00e9s az \u00edves ablakok k\u00f6z\u00f6tt<\/h2>\n\n\n\n<p>Amikor eld\u00f6nt\u00f6tte, hogy&nbsp;<strong>\u00f6bl\u00f6s vagy \u00edves ablakok<\/strong>, fontolja meg a k\u00f6vetkez\u0151ket:<\/p>\n\n\n\n<ul class=\"wp-block-list\">\n<li><strong>\u00c9p\u00edt\u00e9szeti st\u00edlus<\/strong>: V\u00e1lasszon olyan kialak\u00edt\u00e1st, amely kieg\u00e9sz\u00edti otthona eszt\u00e9tik\u00e1j\u00e1t.<\/li>\n\n\n\n<li><strong>Funkcionalit\u00e1s<\/strong>: M\u00e9rlegelje, hogy mennyi f\u00e9nyre \u00e9s szell\u0151z\u00e9sre van sz\u00fcks\u00e9ge.<\/li>\n\n\n\n<li><strong>Hely rendelkez\u00e9sre \u00e1ll\u00e1sa<\/strong>: Biztos\u00edtsa, hogy elegend\u0151 hely \u00e1lljon rendelkez\u00e9sre a telep\u00edt\u00e9shez an\u00e9lk\u00fcl, hogy az otthon egy\u00e9b szempontjait vesz\u00e9lyeztetn\u00e9.<\/li>\n<\/ul>\n\n\n\n<hr class=\"wp-block-separator has-alpha-channel-opacity\"\/>\n\n\n\n<h2 class=\"wp-block-heading\">Hogyan alak\u00edthatj\u00e1k \u00e1t a teret az \u00f6bl\u00f6s \u00e9s az \u00edves ablakok<\/h2>\n\n\n\n<figure class=\"wp-block-image size-full\"><img loading=\"lazy\" decoding=\"async\" width=\"920\" height=\"480\" src=\"https:\/\/boswindor.com\/wp-content\/uploads\/2024\/12\/Bay-Windows-Transform-Your-Space.jpg\" alt=\"\" class=\"wp-image-906\" srcset=\"https:\/\/boswindor.com\/wp-content\/uploads\/2024\/12\/Bay-Windows-Transform-Your-Space.jpg 920w, https:\/\/boswindor.com\/wp-content\/uploads\/2024\/12\/Bay-Windows-Transform-Your-Space-300x157.jpg 300w, https:\/\/boswindor.com\/wp-content\/uploads\/2024\/12\/Bay-Windows-Transform-Your-Space-768x401.jpg 768w, https:\/\/boswindor.com\/wp-content\/uploads\/2024\/12\/Bay-Windows-Transform-Your-Space-18x9.jpg 18w\" sizes=\"(max-width: 920px) 100vw, 920px\" \/><figcaption class=\"wp-element-caption\">\u00d6rk\u00e9ny ablakok \u00e1talak\u00edtj\u00e1k a teret<\/figcaption><\/figure>\n\n\n\n<p>Mindk\u00e9t ablakst\u00edlus jelent\u0151sen jav\u00edthatja otthona megjelen\u00e9s\u00e9t \u00e9s funkcionalit\u00e1s\u00e1t.<\/p>\n\n\n\n<h3 class=\"wp-block-heading\">H\u00edvogat\u00f3 terek l\u00e9trehoz\u00e1sa<\/h3>\n\n\n\n<ul class=\"wp-block-list\">\n<li><strong>Ablak\u00fcl\u00e9s vagy olvas\u00f3sarok<\/strong>: Haszn\u00e1lja az alk\u00f3vot hangulatos \u00fcl\u0151helyk\u00e9nt.<\/li>\n\n\n\n<li><strong>T\u00e1rol\u00e1si megold\u00e1sok<\/strong>: Az ablak alatti t\u00e1rol\u00f3egys\u00e9gek be\u00e9p\u00edt\u00e9se.<\/li>\n<\/ul>\n\n\n\n<h3 class=\"wp-block-heading\">A n\u00e9zet b\u0151v\u00edt\u00e9se<\/h3>\n\n\n\n<ul class=\"wp-block-list\">\n<li><strong>Kerti kil\u00e1t\u00e1s<\/strong>: Ide\u00e1lis a k\u00fclt\u00e9ri tereprendez\u00e9s bemutat\u00e1s\u00e1ra.<\/li>\n<\/ul>\n\n\n\n<hr class=\"wp-block-separator has-alpha-channel-opacity\"\/>\n\n\n\n<h2 class=\"wp-block-heading\">Szerel\u00e9si megfontol\u00e1sok \u00f6bl\u00f6s \u00e9s \u00edves ablakokhoz<\/h2>\n\n\n\n<p>A telep\u00edt\u00e9si folyamat meg\u00e9rt\u00e9se biztos\u00edtja a sikeres&nbsp;<strong>ablak projekt<\/strong>.<\/p>\n\n\n\n<ul class=\"wp-block-list\">\n<li><strong>Professzion\u00e1lis telep\u00edt\u00e9s<\/strong>: \u00d6sszetetts\u00e9g\u00fck miatt a szakmai\u00a0<a href=\"https:\/\/boswindor.com\/hu\/window-installation-safety-standard-process\/\" target=\"_blank\" rel=\"noreferrer noopener\"><mark style=\"background-color:rgba(0, 0, 0, 0);color:#ff6900\" class=\"has-inline-color\">ablakbe\u00e9p\u00edt\u00e9s<\/mark><\/a>\u00a0aj\u00e1nlott.<\/li>\n\n\n\n<li><strong>Szerkezeti t\u00e1mogat\u00e1s<\/strong>: Ellen\u0151rizze, hogy a szerkezeti al\u00e1t\u00e1maszt\u00e1s megfelel\u0151-e a hozz\u00e1adott s\u00falynak \u00e9s a kiterjeszt\u00e9snek.<\/li>\n<\/ul>\n\n\n\n<hr class=\"wp-block-separator has-alpha-channel-opacity\"\/>\n\n\n\n<h2 class=\"wp-block-heading\">Karbantart\u00e1si tippek \u00f6bl\u00f6s \u00e9s \u00edves ablakokhoz<\/h2>\n\n\n\n<p>Tartsa meg a&nbsp;<strong>\u00f6bl\u00f6s \u00e9s \u00edves ablakok<\/strong>&nbsp;cs\u00facsform\u00e1ban ezekkel a tippekkel:<\/p>\n\n\n\n<ul class=\"wp-block-list\">\n<li><strong>Rendszeres tiszt\u00edt\u00e1s<\/strong>: Gy\u0151z\u0151dj\u00f6n meg arr\u00f3l, hogy mind a bels\u0151, mind a k\u00fcls\u0151 \u00fcvegt\u00e1bl\u00e1k makul\u00e1tlanok a tiszta kil\u00e1t\u00e1s \u00e9rdek\u00e9ben.<\/li>\n\n\n\n<li><strong>Ellen\u0151rizze a tervezeteket<\/strong>: Ellen\u0151rizze a t\u00f6m\u00edt\u00e9sek hat\u00e9konys\u00e1g\u00e1t, \u00e9s sz\u00fcks\u00e9g eset\u00e9n t\u00f6m\u00edtse \u00fajra.<\/li>\n\n\n\n<li><strong>Funkcion\u00e1lis hardver<\/strong>: Rendszeresen vizsg\u00e1lja meg \u00e9s kenje be a z\u00e1rakat \u00e9s zsan\u00e9rokat.<\/li>\n<\/ul>\n\n\n\n<hr class=\"wp-block-separator has-text-color has-luminous-vivid-orange-color has-alpha-channel-opacity has-luminous-vivid-orange-background-color has-background is-style-wide\"\/>\n\n\n\n<h2 class=\"wp-block-heading\">Gyakran Ism\u00e9telt K\u00e9rd\u00e9sek<\/h2>\n\n\n<div id=\"rank-math-faq\" class=\"rank-math-block\">\n<div class=\"rank-math-list\">\n<div id=\"faq-question-1734677589103\" class=\"rank-math-list-item\">\n<h3 class=\"rank-math-question\">Melyik a jobb, az \u00f6bl\u00f6s vagy az \u00edves ablak?<\/h3>\n<div class=\"rank-math-answer\">\n\n<p>A v\u00e1laszt\u00e1s a szem\u00e9lyes preferenci\u00e1kt\u00f3l, a rendelkez\u00e9sre \u00e1ll\u00f3 helyt\u0151l \u00e9s a k\u00edv\u00e1nt eszt\u00e9tik\u00e1t\u00f3l f\u00fcgg. Az \u00f6bl\u00f6k a modern \u00edzl\u00e9shez illenek, m\u00edg az \u00edvek klasszikus \u00e9rz\u00e9st ny\u00fajtanak.<\/p>\n\n<\/div>\n<\/div>\n<div id=\"faq-question-1734677602451\" class=\"rank-math-list-item\">\n<h3 class=\"rank-math-question\">Mennyibe ker\u00fcl az \u00f6bl\u00f6s vagy \u00edves ablakok be\u00e9p\u00edt\u00e9se?<\/h3>\n<div class=\"rank-math-answer\">\n\n<p>A k\u00f6lts\u00e9gek a m\u00e9ret, az anyag \u00e9s a bonyolults\u00e1g f\u00fcggv\u00e9ny\u00e9ben v\u00e1ltoznak, de a bonyolults\u00e1g miatt aj\u00e1nlott a k\u00f6lts\u00e9gvet\u00e9sbe szakszer\u0171 telep\u00edt\u00e9st tervezni.<\/p>\n\n<\/div>\n<\/div>\n<div id=\"faq-question-1734677611989\" class=\"rank-math-list-item\">\n<h3 class=\"rank-math-question\">Kicser\u00e9lhetek egy megl\u00e9v\u0151 ablakot \u00f6bl\u00f6s vagy \u00edves ablakra?<\/h3>\n<div class=\"rank-math-answer\">\n\n<p>Igen, sok lak\u00e1stulajdonos a f\u00e9ny \u00e9s a t\u00e9r n\u00f6vel\u00e9se \u00e9rdek\u00e9ben a lapos ablakr\u00f3l \u00f6bl\u00f6s vagy \u00edves konfigur\u00e1ci\u00f3ra v\u00e1lt.<\/p>\n\n<\/div>\n<\/div>\n<div id=\"faq-question-1734677623377\" class=\"rank-math-list-item\">\n<h3 class=\"rank-math-question\">Az \u00f6bl\u00f6s \u00e9s \u00edves ablakok n\u00f6velik a h\u00e1z \u00e9rt\u00e9k\u00e9t?<\/h3>\n<div class=\"rank-math-answer\">\n\n<p>Igen, n\u00f6velhetik a j\u00e1rdaszeg\u00e9lyek vonzerej\u00e9t \u00e9s a bels\u0151 funkcionalit\u00e1st, \u00e9s ezzel potenci\u00e1lisan n\u00f6velhetik az ingatlan \u00e9rt\u00e9k\u00e9t.<\/p>\n\n<\/div>\n<\/div>\n<\/div>\n<\/div>\n\n\n<hr class=\"wp-block-separator has-text-color has-luminous-vivid-orange-color has-alpha-channel-opacity has-luminous-vivid-orange-background-color has-background is-style-wide\"\/>\n\n\n\n<h2 class=\"wp-block-heading\">K\u00f6vetkeztet\u00e9s<\/h2>\n\n\n\n<figure class=\"wp-block-image size-large\"><img loading=\"lazy\" decoding=\"async\" width=\"1024\" height=\"468\" src=\"https:\/\/boswindor.com\/wp-content\/uploads\/2024\/12\/Boswindor-Your-Top-3-Windows-Doors-Manufacturer-from-China-1024x468.jpg\" alt=\"\" class=\"wp-image-554\" srcset=\"https:\/\/boswindor.com\/wp-content\/uploads\/2024\/12\/Boswindor-Your-Top-3-Windows-Doors-Manufacturer-from-China-1024x468.jpg 1024w, https:\/\/boswindor.com\/wp-content\/uploads\/2024\/12\/Boswindor-Your-Top-3-Windows-Doors-Manufacturer-from-China-300x137.jpg 300w, https:\/\/boswindor.com\/wp-content\/uploads\/2024\/12\/Boswindor-Your-Top-3-Windows-Doors-Manufacturer-from-China-768x351.jpg 768w, https:\/\/boswindor.com\/wp-content\/uploads\/2024\/12\/Boswindor-Your-Top-3-Windows-Doors-Manufacturer-from-China-18x8.jpg 18w, https:\/\/boswindor.com\/wp-content\/uploads\/2024\/12\/Boswindor-Your-Top-3-Windows-Doors-Manufacturer-from-China.jpg 1200w\" sizes=\"(max-width: 1024px) 100vw, 1024px\" \/><figcaption class=\"wp-element-caption\">A 3 legjobb k\u00ednai ablak- \u00e9s ajt\u00f3gy\u00e1rt\u00f3<\/figcaption><\/figure>\n\n\n\n<p>L\u00e9nyeg\u00e9ben mindkett\u0151&nbsp;<strong>\u00f6bl\u00f6s \u00e9s \u00edves ablakok<\/strong>&nbsp;egyed\u00fcl\u00e1ll\u00f3 eszt\u00e9tikai \u00e9s funkcion\u00e1lis el\u0151ny\u00f6ket k\u00edn\u00e1lnak. Az \u00d6n v\u00e1laszt\u00e1sa att\u00f3l f\u00fcgg, hogy mi illik legjobban otthona kialak\u00edt\u00e1s\u00e1hoz \u00e9s az \u00d6n szem\u00e9lyes st\u00edluspreferenci\u00e1ihoz. A megfelel\u0151 ablak \u00e1talak\u00edthatja \u00e9letter\u00e9t, b\u00e1josabb\u00e1 teheti, n\u00f6velheti a k\u00e9nyelmet, \u00e9s m\u00e9g az otthon \u00e9rt\u00e9k\u00e9t is n\u00f6velheti. Gondosan m\u00e9rlegelje a lehet\u0151s\u00e9geket, \u00e9s konzult\u00e1ljon olyan szakemberekkel, mint&nbsp;<a href=\"https:\/\/boswindor.com\/hu\/\" target=\"_blank\" rel=\"noreferrer noopener\"><strong><mark style=\"background-color:rgba(0, 0, 0, 0);color:#ff6900\" class=\"has-inline-color\">Boswindor ablakok<\/mark><\/strong><\/a>&nbsp;hogy megtapasztalja a sz\u00e9ps\u00e9g \u00e9s a funkcionalit\u00e1s t\u00f6k\u00e9letes kever\u00e9k\u00e9t.<\/p>\n\n\n\n<ul class=\"wp-block-list\">\n<li><strong>Eml\u00e9kezz a<\/strong>:\n<ul class=\"wp-block-list\">\n<li>Elemezze otthona \u00e9p\u00edt\u00e9szet\u00e9t \u00e9s ter\u00e9t.<\/li>\n\n\n\n<li>Vegye figyelembe a telep\u00edt\u00e9si \u00e9s karbantart\u00e1si t\u00e9nyez\u0151ket.<\/li>\n\n\n\n<li>Ismerje fel a megn\u00f6vekedett f\u00e9ny \u00e9s t\u00e9r \u00e1ltal hozz\u00e1adott \u00e9rt\u00e9ket.<\/li>\n\n\n\n<li>V\u00e1lassza ki az eszt\u00e9tikai \u00e9s funkcion\u00e1lis ig\u00e9nyeinek megfelel\u0151 kialak\u00edt\u00e1st.<\/li>\n<\/ul>\n<\/li>\n<\/ul>","protected":false},"excerpt":{"rendered":"<p>Amikor otthona \u00e9p\u00edt\u00e9szet\u00e9nek \u00e9s eleganci\u00e1j\u00e1nak jav\u00edt\u00e1s\u00e1r\u00f3l van sz\u00f3, az ablakok d\u00f6nt\u0151 szerepet j\u00e1tszanak. <\/p>\n<p>A legn\u00e9pszer\u0171bbek k\u00f6z\u00e9 tartoznak az \u00f6bl\u00f6s \u00e9s az \u00edves ablakok. Mindkett\u0151nek egyedi el\u0151nyei vannak, b\u00e1jt \u00e9s funkcionalit\u00e1st k\u00edn\u00e1lnak. De melyik illik legjobban az \u00d6n helyis\u00e9g\u00e9hez? <\/p>\n<p>Ebben a cikkben felt\u00e1rjuk az egyes ablakt\u00edpusok megk\u00fcl\u00f6nb\u00f6ztet\u0151 jellemz\u0151it, \u00edgy seg\u00edtve \u00d6nt egy olyan megalapozott d\u00f6nt\u00e9s meghozatal\u00e1ban, amely t\u00f6k\u00e9letesen megfelel az \u00d6n otthoni st\u00edlus\u00e1nak \u00e9s ig\u00e9nyeinek.<\/p>","protected":false},"author":3,"featured_media":900,"comment_status":"open","ping_status":"open","sticky":false,"template":"","format":"standard","meta":{"footnotes":""},"categories":[10],"tags":[],"class_list":["post-581","post","type-post","status-publish","format-standard","has-post-thumbnail","hentry","category-windows-doors"],"blocksy_meta":[],"_links":{"self":[{"href":"https:\/\/boswindor.com\/hu\/wp-json\/wp\/v2\/posts\/581","targetHints":{"allow":["GET"]}}],"collection":[{"href":"https:\/\/boswindor.com\/hu\/wp-json\/wp\/v2\/posts"}],"about":[{"href":"https:\/\/boswindor.com\/hu\/wp-json\/wp\/v2\/types\/post"}],"author":[{"embeddable":true,"href":"https:\/\/boswindor.com\/hu\/wp-json\/wp\/v2\/users\/3"}],"replies":[{"embeddable":true,"href":"https:\/\/boswindor.com\/hu\/wp-json\/wp\/v2\/comments?post=581"}],"version-history":[{"count":4,"href":"https:\/\/boswindor.com\/hu\/wp-json\/wp\/v2\/posts\/581\/revisions"}],"predecessor-version":[{"id":10490,"href":"https:\/\/boswindor.com\/hu\/wp-json\/wp\/v2\/posts\/581\/revisions\/10490"}],"wp:featuredmedia":[{"embeddable":true,"href":"https:\/\/boswindor.com\/hu\/wp-json\/wp\/v2\/media\/900"}],"wp:attachment":[{"href":"https:\/\/boswindor.com\/hu\/wp-json\/wp\/v2\/media?parent=581"}],"wp:term":[{"taxonomy":"category","embeddable":true,"href":"https:\/\/boswindor.com\/hu\/wp-json\/wp\/v2\/categories?post=581"},{"taxonomy":"post_tag","embeddable":true,"href":"https:\/\/boswindor.com\/hu\/wp-json\/wp\/v2\/tags?post=581"}],"curies":[{"name":"munkaf\u00fczet","href":"https:\/\/api.w.org\/{rel}","templated":true}]}}