{"id":574,"date":"2024-12-03T18:55:17","date_gmt":"2024-12-04T02:55:17","guid":{"rendered":"https:\/\/boswindor.com\/?p=574"},"modified":"2026-01-26T01:03:00","modified_gmt":"2026-01-26T09:03:00","slug":"vinyl-vs-aluminum-windows-which-is-right-for-your-home","status":"publish","type":"post","link":"https:\/\/boswindor.com\/hu\/vinyl-vs-aluminum-windows-which-is-right-for-your-home\/","title":{"rendered":"Vinyl vs alum\u00ednium ablakok: Melyik a megfelel\u0151 az \u00d6n otthon\u00e1hoz?"},"content":{"rendered":"<h2 class=\"wp-block-heading\">Mik az alum\u00ednium ablakok a vinil ablakokkal szemben?<\/h2>\n\n\n\n<p><strong>Alum\u00ednium ablakok<\/strong>&nbsp;szil\u00e1rds\u00e1gukr\u00f3l \u00e9s eleg\u00e1ns kialak\u00edt\u00e1sukr\u00f3l ismertek, ez\u00e9rt az \u00e9p\u00edt\u0151k \u00e9s \u00e9p\u00edt\u00e9szek k\u00f6r\u00e9ben n\u00e9pszer\u0171 v\u00e1laszt\u00e1snak sz\u00e1m\u00edtanak. Ezek az ablakok f\u00e9mkeretekb\u0151l \u00e1llnak, \u00e9s modern megjelen\u00e9st k\u00edn\u00e1lnak sz\u00e1mos el\u0151nnyel. M\u00e1sr\u00e9szr\u0151l,&nbsp;<strong>vinil ablakok<\/strong>&nbsp;polivinil-kloridb\u00f3l (PVC) k\u00e9sz\u00fclnek, amely megfizethet\u0151s\u00e9g\u00e9r\u0151l \u00e9s alacsony karbantart\u00e1si ig\u00e9ny\u00e9r\u0151l ismert.<\/p>\n\n\n\n<p>Ezen ablakok alapvet\u0151 \u00f6sszetev\u0151inek meg\u00e9rt\u00e9se seg\u00edt a projekt ig\u00e9nyeinek megfelel\u0151 v\u00e1laszt\u00e1s meghozatal\u00e1ban. M\u00edg az alum\u00ednium robusztuss\u00e1got \u00e9s eleganci\u00e1t, addig a vinil szigetel\u00e9st \u00e9s alacsonyabb kezdeti k\u00f6lts\u00e9geket biztos\u00edt. Mer\u00fclj\u00fcnk el a konkr\u00e9t el\u0151nyeikben.<\/p>\n\n\n\n<h2 class=\"wp-block-heading\">Mi\u00e9rt v\u00e1lassza az alum\u00ednium ablakokat?<\/h2>\n\n\n\n<figure class=\"wp-block-image size-full\"><img fetchpriority=\"high\" decoding=\"async\" width=\"1024\" height=\"576\" src=\"https:\/\/boswindor.com\/wp-content\/uploads\/2024\/12\/Black-Aluminum-Windows-1.jpg\" alt=\"\" class=\"wp-image-576\" srcset=\"https:\/\/boswindor.com\/wp-content\/uploads\/2024\/12\/Black-Aluminum-Windows-1.jpg 1024w, https:\/\/boswindor.com\/wp-content\/uploads\/2024\/12\/Black-Aluminum-Windows-1-300x169.jpg 300w, https:\/\/boswindor.com\/wp-content\/uploads\/2024\/12\/Black-Aluminum-Windows-1-768x432.jpg 768w, https:\/\/boswindor.com\/wp-content\/uploads\/2024\/12\/Black-Aluminum-Windows-1-18x10.jpg 18w\" sizes=\"(max-width: 1024px) 100vw, 1024px\" \/><\/figure>\n\n\n\n<h3 class=\"wp-block-heading\">Kiv\u00e1l\u00f3 tart\u00f3ss\u00e1g<\/h3>\n\n\n\n<p>Az alum\u00ednium ablakok h\u00edresek a&nbsp;<strong>szil\u00e1rds\u00e1g \u00e9s merevs\u00e9g<\/strong>. M\u00e1s anyagokkal ellent\u00e9tben ellen\u00e1llnak a vetemed\u00e9snek \u00e9s a reped\u00e9seknek az id\u0151 m\u00fal\u00e1s\u00e1val, m\u00e9g sz\u00e9ls\u0151s\u00e9ges h\u0151m\u00e9rs\u00e9klet-v\u00e1ltoz\u00e1sok eset\u00e9n is. A villatulajdonosok \u00e9s ingatlanfejleszt\u0151k sz\u00e1m\u00e1ra ez a tart\u00f3ss\u00e1g hossz\u00fa t\u00e1v\u00fa befektet\u00e9st biztos\u00edt. Egy&nbsp;<a href=\"https:\/\/aamanet.org\" target=\"_blank\" rel=\"noreferrer noopener\">az Amerikai \u00c9p\u00edt\u00e9szeti Gy\u00e1rt\u00f3k Sz\u00f6vets\u00e9g\u00e9nek tanulm\u00e1nya<\/a>, az alum\u00edniumkereteket gyakran el\u0151nyben r\u00e9szes\u00edtik a fizikai behat\u00e1sokkal \u00e9s id\u0151j\u00e1r\u00e1si k\u00f6r\u00fclm\u00e9nyekkel szembeni ellen\u00e1ll\u00f3 k\u00e9pess\u00e9g\u00fck miatt.<\/p>\n\n\n\n<h3 class=\"wp-block-heading\">Modern eszt\u00e9tika<\/h3>\n\n\n\n<p>Ha az eleg\u00e1ns, modern eszt\u00e9tika tetszik \u00d6nnek,&nbsp;<strong>alum\u00ednium ablakok<\/strong>&nbsp;lehet a legjobb megold\u00e1s. A keskeny keretekkel nagyobb \u00fcvegfel\u00fcleteket tesznek lehet\u0151v\u00e9, \u00edgy b\u00e1rmely helyis\u00e9gben fokozz\u00e1k a term\u00e9szetes f\u00e9nyt. Az \u00e9p\u00edt\u00e9szek \u00e9s a bels\u0151\u00e9p\u00edt\u00e9szek gyakran el\u0151nyben r\u00e9szes\u00edtik \u0151ket a kort\u00e1rs megjelen\u00e9st ig\u00e9nyl\u0151 projektekn\u00e9l.<\/p>\n\n\n\n<h2 class=\"wp-block-heading\">Mi\u00e9rt \u00e9rdemes fontol\u00f3ra venni a vinyl ablakokat?<\/h2>\n\n\n\n<figure class=\"wp-block-image size-full\"><img decoding=\"async\" width=\"920\" height=\"480\" src=\"https:\/\/boswindor.com\/wp-content\/uploads\/2024\/12\/Why-Consider-Vinyl-Windows.jpg\" alt=\"\" class=\"wp-image-577\" srcset=\"https:\/\/boswindor.com\/wp-content\/uploads\/2024\/12\/Why-Consider-Vinyl-Windows.jpg 920w, https:\/\/boswindor.com\/wp-content\/uploads\/2024\/12\/Why-Consider-Vinyl-Windows-300x157.jpg 300w, https:\/\/boswindor.com\/wp-content\/uploads\/2024\/12\/Why-Consider-Vinyl-Windows-768x401.jpg 768w, https:\/\/boswindor.com\/wp-content\/uploads\/2024\/12\/Why-Consider-Vinyl-Windows-18x9.jpg 18w\" sizes=\"(max-width: 920px) 100vw, 920px\" \/><\/figure>\n\n\n\n<h3 class=\"wp-block-heading\">K\u00f6lts\u00e9ghat\u00e9konys\u00e1g<\/h3>\n\n\n\n<p>A vinilablakok jellemz\u0151en kedvez\u0151bb \u00e1r\u00faak, mint alum\u00ednium t\u00e1rsaik, \u00edgy vonz\u00f3 v\u00e1laszt\u00e1snak bizonyulnak a p\u00e9nzt\u00e1rcabar\u00e1t lak\u00e1stulajdonosok sz\u00e1m\u00e1ra. A kezdeti beruh\u00e1z\u00e1s alacsonyabb, \u00e9s a k\u00f6lts\u00e9gmegtakar\u00edt\u00e1s a karbantart\u00e1sra is kiterjed, mivel a vinilablakok&nbsp;<strong>kevesebb karbantart\u00e1st ig\u00e9nyelnek<\/strong>.<\/p>\n\n\n\n<h3 class=\"wp-block-heading\">Energiahat\u00e9konys\u00e1g<\/h3>\n\n\n\n<p>A vinilkeretek eleve kiv\u00e1l\u00f3an szigetelnek, \u00edgy cs\u00f6kkentik a h\u0151vesztes\u00e9get. Ez az energiahat\u00e9konys\u00e1g alacsonyabb k\u00f6z\u00fczemi sz\u00e1ml\u00e1kat eredm\u00e9nyez, ami a jelenlegi k\u00f6rnyezetv\u00e9delmi agg\u00e1lyok miatt egyre fontosabb t\u00e9nyez\u0151. Az Energia\u00fcgyi Miniszt\u00e9rium szerint az energiahat\u00e9kony ablakok v\u00e1laszt\u00e1sa ak\u00e1r 15% megtakar\u00edt\u00e1st is eredm\u00e9nyezhet az \u00e9ves energiasz\u00e1ml\u00e1kon.<\/p>\n\n\n\n<h2 class=\"wp-block-heading\">Melyik ablakkeret anyaga ny\u00fajt jobb tart\u00f3ss\u00e1got?<\/h2>\n\n\n\n<p>Az alum\u00ednium ablakok er\u0151sebbek, mint a vinil, j\u00f3l ellen\u00e1llnak a nagy sz\u00e9lnek \u00e9s m\u00e1s elemeknek. A vinilablakok azonban nem korrod\u00e1l\u00f3dnak, ami p\u00e1r\u00e1s \u00e9ghajlaton jelent\u0151s el\u0151ny lehet. A kett\u0151 k\u00f6z\u00f6tti v\u00e1laszt\u00e1s gyakran az \u00d6n konkr\u00e9t k\u00f6rnyezeti ig\u00e9nyeit\u0151l f\u00fcgg.<\/p>\n\n\n\n<h2 class=\"wp-block-heading\">Hogyan hasonl\u00edtj\u00e1k \u00f6ssze az alum\u00ednium \u00e9s a vinil ablakok energiahat\u00e9konys\u00e1g\u00e1t?<\/h2>\n\n\n\n<figure class=\"wp-block-image size-full\"><img decoding=\"async\" width=\"1024\" height=\"576\" src=\"https:\/\/boswindor.com\/wp-content\/uploads\/2024\/12\/How-Do-Aluminum-and-Vinyl-Windows-Compare-in-Energy-Efficiency.jpg\" alt=\"\" class=\"wp-image-578\" srcset=\"https:\/\/boswindor.com\/wp-content\/uploads\/2024\/12\/How-Do-Aluminum-and-Vinyl-Windows-Compare-in-Energy-Efficiency.jpg 1024w, https:\/\/boswindor.com\/wp-content\/uploads\/2024\/12\/How-Do-Aluminum-and-Vinyl-Windows-Compare-in-Energy-Efficiency-300x169.jpg 300w, https:\/\/boswindor.com\/wp-content\/uploads\/2024\/12\/How-Do-Aluminum-and-Vinyl-Windows-Compare-in-Energy-Efficiency-768x432.jpg 768w, https:\/\/boswindor.com\/wp-content\/uploads\/2024\/12\/How-Do-Aluminum-and-Vinyl-Windows-Compare-in-Energy-Efficiency-18x10.jpg 18w\" sizes=\"(max-width: 1024px) 100vw, 1024px\" \/><\/figure>\n\n\n\n<p>Az alum\u00ednium \u00e9s a vinil ablakok energiahat\u00e9konys\u00e1ga jelent\u0151sen elt\u00e9r egym\u00e1st\u00f3l. A vinilablakok \u00e1ltal\u00e1ban energiatakar\u00e9kosabbak a kiv\u00e1l\u00f3 szigetel\u00e9si tulajdons\u00e1gaik miatt; nem vezetik j\u00f3l a h\u0151t vagy a hideget, ami seg\u00edt fenntartani a belt\u00e9ri h\u0151m\u00e9rs\u00e9kletet.&nbsp;<br>Gyakran t\u00f6bbf\u00e9le \u00fcvegez\u00e9si lehet\u0151s\u00e9ggel rendelkeznek, \u00e9s jellemz\u0151en olyan funkci\u00f3kkal vannak felszerelve, mint a h\u0151szigetel\u0151 sz\u00fcnetek, amelyek jav\u00edtj\u00e1k az energiateljes\u00edtm\u00e9ny\u00fcket.&nbsp;<br>Ezzel szemben az alum\u00ednium ablakok, b\u00e1r tart\u00f3sak \u00e9s er\u0151sek, k\u00f6nnyebben vezetik a h\u0151t, \u00edgy kev\u00e9sb\u00e9 hat\u00e9konyak a h\u0151\u00e1tad\u00e1s megakad\u00e1lyoz\u00e1s\u00e1ban. A modern alum\u00ednium ablakok azonban n\u00e9ha h\u0151szigetel\u0151 t\u00f6r\u00e9seket vagy szigetel\u0151anyagokat tartalmaznak a hat\u00e9konys\u00e1g jav\u00edt\u00e1sa \u00e9rdek\u00e9ben. \u00d6sszess\u00e9g\u00e9ben a vinilablakok \u00e1ltal\u00e1ban jobb v\u00e1laszt\u00e1snak bizonyulnak az energiahat\u00e9konys\u00e1g szempontj\u00e1b\u00f3l.<\/p>\n\n\n\n<h2 class=\"wp-block-heading\">A vinil vagy az alum\u00ednium ablakok k\u00f6lts\u00e9ghat\u00e9konyabbak?<\/h2>\n\n\n\n<p>A vinil \u00e9s alum\u00ednium ablakok k\u00f6lts\u00e9ghat\u00e9konys\u00e1g\u00e1nak \u00e9rt\u00e9kel\u00e9sekor a vinil gyakran a gazdas\u00e1gosabb megold\u00e1snak bizonyul.&nbsp;<br>A vinilablakok beszerz\u00e9se \u00e9s beszerel\u00e9se \u00e1ltal\u00e1ban olcs\u00f3bb, mint az alum\u00ednium ablakok\u00e9. J\u00f3 szigetel\u00e9st biztos\u00edtanak, kiv\u00e1l\u00f3 h\u0151szigetel\u0151 k\u00e9pess\u00e9g\u00fcknek k\u00f6sz\u00f6nhet\u0151en id\u0151vel cs\u00f6kkentik az energiak\u00f6lts\u00e9geket. A vinil minim\u00e1lis karbantart\u00e1st ig\u00e9nyel, \u00e9s ellen\u00e1ll a k\u00f6rnyezeti kop\u00e1snak, p\u00e9ld\u00e1ul a rozsd\u00e1sod\u00e1snak, ami az alum\u00ednium eset\u00e9ben el\u0151fordulhat.&nbsp;<br>Az alum\u00ednium ablakok azonban tart\u00f3sak, \u00e9s a modern \u00e9p\u00edt\u00e9szetben kedvelt, eleg\u00e1ns eszt\u00e9tik\u00e1t k\u00edn\u00e1lnak. B\u00e1r kezdetben dr\u00e1g\u00e1bbak, az alum\u00ednium szil\u00e1rds\u00e1ga el\u0151ny\u00f6s lehet a zord \u00e9ghajlaton.&nbsp;<br>V\u00e9gs\u0151 soron az alum\u00edniumot \u00e1ltal\u00e1ban k\u00f6lts\u00e9ghat\u00e9konyabbnak tartj\u00e1k az eszt\u00e9tikus \u00e9s k\u00e9nyelmes, hat\u00e9konys\u00e1gra t\u00f6rekv\u0151 lak\u00e1stulajdonosok.<\/p>\n\n\n\n<h2 class=\"wp-block-heading\">Milyen karbantart\u00e1st ig\u00e9nyelnek az alum\u00ednium \u00e9s a vinil ablakok?<\/h2>\n\n\n\n<figure class=\"wp-block-image size-full\"><img loading=\"lazy\" decoding=\"async\" width=\"1024\" height=\"576\" src=\"https:\/\/boswindor.com\/wp-content\/uploads\/2024\/12\/aluminum-windows-in-comfortable-home.jpg\" alt=\"\" class=\"wp-image-579\" srcset=\"https:\/\/boswindor.com\/wp-content\/uploads\/2024\/12\/aluminum-windows-in-comfortable-home.jpg 1024w, https:\/\/boswindor.com\/wp-content\/uploads\/2024\/12\/aluminum-windows-in-comfortable-home-300x169.jpg 300w, https:\/\/boswindor.com\/wp-content\/uploads\/2024\/12\/aluminum-windows-in-comfortable-home-768x432.jpg 768w, https:\/\/boswindor.com\/wp-content\/uploads\/2024\/12\/aluminum-windows-in-comfortable-home-18x10.jpg 18w\" sizes=\"(max-width: 1024px) 100vw, 1024px\" \/><\/figure>\n\n\n\n<p>A vinil ablakok gyakorlatilag karbantart\u00e1smentesek. Egyszer\u0171en csak rendszeresen tiszt\u00edtsa meg v\u00edzzel \u00e9s enyhe tiszt\u00edt\u00f3szerekkel. Ek\u00f6zben az alum\u00ednium ablakok rendszeres ellen\u0151rz\u00e9st ig\u00e9nyelhetnek horpad\u00e1sok \u00e9s karcol\u00e1sok miatt. A Boswindor ablak\u00e1pol\u00e1sra vonatkoz\u00f3 praktikus \u00fatmutat\u00f3ival azonban egyszer\u0171 feladat az eleg\u00e1ns fel\u00fclet\u00fck fenntart\u00e1sa.<\/p>\n\n\n\n<h2 class=\"wp-block-heading\">Hogyan befoly\u00e1solja az eszt\u00e9tika az ablakv\u00e1laszt\u00e1st?<\/h2>\n\n\n\n<p><strong>A megjelen\u00e9s jelent\u0151s szerepet j\u00e1tszik<\/strong>&nbsp;az ablak kiv\u00e1laszt\u00e1sakor. Az alum\u00ednium ablakok modern eszt\u00e9tik\u00e1t k\u00edn\u00e1lnak eleg\u00e1ns vonalvezet\u00e9s\u00fckkel \u00e9s f\u00e9mes kivitel\u00fckkel, m\u00edg a vinil ablakok klasszikus megjelen\u00e9st biztos\u00edtanak feh\u00e9r, sima fel\u00fclet\u00fckkel. Az \u00e9p\u00edt\u0151k \u00e9s a bels\u0151\u00e9p\u00edt\u00e9szek projektjeik stilisztikai k\u00f6vetelm\u00e9nyei alapj\u00e1n v\u00e1laszthatnak.<\/p>\n\n\n\n<h2 class=\"wp-block-heading\">Mikor \u00e9rdemes ablakcser\u00e9t fontol\u00f3ra venni?<\/h2>\n\n\n\n<p>Fontolja meg az ablakok cser\u00e9j\u00e9t, ha huzatot, nyit\u00e1si vagy z\u00e1r\u00e1si neh\u00e9zs\u00e9geket vagy megn\u00f6vekedett energiasz\u00e1ml\u00e1kat tapasztal. Ak\u00e1r alum\u00ednium, ak\u00e1r vinil, a Boswindor kiv\u00e1l\u00f3 min\u0151s\u00e9g\u0171 ablakokat k\u00edn\u00e1l.\u00a0<a href=\"https:\/\/boswindor.com\/hu\/decoding-window-replacement-costs\/\" target=\"_blank\" rel=\"noreferrer noopener\">csere szolg\u00e1ltat\u00e1sok<\/a>.<\/p>\n\n\n\n<h2 class=\"wp-block-heading\">Alum\u00edniumot vagy vinilt v\u00e1lasszon otthona sz\u00e1m\u00e1ra?<\/h2>\n\n\n\n<figure class=\"wp-block-image size-full\"><img loading=\"lazy\" decoding=\"async\" width=\"1024\" height=\"576\" src=\"https:\/\/boswindor.com\/wp-content\/uploads\/2024\/12\/Choose-Black-Aluminum-or-white-Vinyl-window.jpg\" alt=\"\" class=\"wp-image-580\" srcset=\"https:\/\/boswindor.com\/wp-content\/uploads\/2024\/12\/Choose-Black-Aluminum-or-white-Vinyl-window.jpg 1024w, https:\/\/boswindor.com\/wp-content\/uploads\/2024\/12\/Choose-Black-Aluminum-or-white-Vinyl-window-300x169.jpg 300w, https:\/\/boswindor.com\/wp-content\/uploads\/2024\/12\/Choose-Black-Aluminum-or-white-Vinyl-window-768x432.jpg 768w, https:\/\/boswindor.com\/wp-content\/uploads\/2024\/12\/Choose-Black-Aluminum-or-white-Vinyl-window-18x10.jpg 18w\" sizes=\"(max-width: 1024px) 100vw, 1024px\" \/><\/figure>\n\n\n\n<p>Az alum\u00ednium- \u00e9s vinilablakok k\u00f6z\u00f6tti v\u00e1laszt\u00e1s nagym\u00e9rt\u00e9kben f\u00fcgg a szem\u00e9lyes preferenci\u00e1kt\u00f3l \u00e9s az olyan egyedi ig\u00e9nyekt\u0151l, mint a k\u00f6lts\u00e9gvet\u00e9s, az \u00e9ghajlat \u00e9s az eszt\u00e9tikai k\u00edv\u00e1nalmak. Az \u00e9p\u00edt\u0151k \u00e9s fejleszt\u0151k gyakran m\u00e9rlegelik ezeket a t\u00e9nyez\u0151ket, miel\u0151tt konzult\u00e1ln\u00e1nak a Boswindor \u00e1tfog\u00f3 katal\u00f3gus\u00e1val a r\u00e9szletesebb lehet\u0151s\u00e9gek\u00e9rt.<\/p>\n\n\n\n<hr class=\"wp-block-separator has-text-color has-luminous-vivid-orange-color has-alpha-channel-opacity has-luminous-vivid-orange-background-color has-background is-style-wide\" style=\"margin-top:var(--wp--preset--spacing--60);margin-bottom:var(--wp--preset--spacing--60)\"\/>\n\n\n\n<h3 class=\"wp-block-heading\">GYIK<\/h3>\n\n\n\n<p><strong>Az alum\u00ednium minden helyzetben fel\u00fclm\u00falja a vinilt?<\/strong><\/p>\n\n\n\n<p>Nem felt\u00e9tlen\u00fcl. Mindk\u00e9t anyagnak vannak olyan forgat\u00f3k\u00f6nyvei, amelyekben az egyik fel\u00fclm\u00falja a m\u00e1sikat a k\u00f6lts\u00e9gvet\u00e9s, a st\u00edlus preferenci\u00e1i \u00e9s a f\u00f6ldrajzi elhelyezked\u00e9s alapj\u00e1n.<\/p>\n\n\n\n<p><strong>Az egyik anyag jobb a k\u00f6rnyezet sz\u00e1m\u00e1ra?<\/strong><\/p>\n\n\n\n<p>Mind az alum\u00ednium, mind a vinil ablakok \u00fajrahasznos\u00edthat\u00f3k, de a vinil jobb energiahat\u00e9konys\u00e1got k\u00edn\u00e1l, ami az energiatakar\u00e9koss\u00e1g szempontj\u00e1b\u00f3l k\u00f6rnyezetbar\u00e1tabb\u00e1 teszi.<\/p>\n\n\n\n<p><strong>Mennyi az alum\u00ednium \u00e9s a vinil ablakok \u00e9lettartama?<\/strong><\/p>\n\n\n\n<p>Az alum\u00ednium ablakok tart\u00f3ss\u00e1guk miatt ak\u00e1r 30 \u00e9vig vagy tov\u00e1bb is eltarthatnak, m\u00edg a vinilablakok \u00e9lettartama \u00e1ltal\u00e1ban 20-25 \u00e9v.<\/p>\n\n\n\n<p><strong>Melyik anyag ny\u00fajt jobb hangszigetel\u00e9st?<\/strong><\/p>\n\n\n\n<p>A vinilablakok szigetel\u0151 tulajdons\u00e1gaiknak k\u00f6sz\u00f6nhet\u0151en \u00e1ltal\u00e1ban jobb hangszigetel\u00e9st biztos\u00edtanak.<\/p>\n\n\n\n<p><strong>Milyen gyakran kell karbantartani az alum\u00ednium ablakokat?<\/strong><\/p>\n\n\n\n<p>A rendszeres karbantart\u00e1s a k\u00f6rnyezeti hat\u00e1sokt\u00f3l f\u00fcgg\u0151en v\u00e1ltozik, de n\u00e9h\u00e1ny havonta aj\u00e1nlatos rutinszer\u0171en ellen\u0151rizni a horpad\u00e1sokat \u00e9s a t\u00f6rmel\u00e9keket.<\/p>\n\n\n\n<p><strong>Mindk\u00e9t ablakt\u00edpushoz rendelkez\u00e9sre \u00e1llnak testreszab\u00e1si lehet\u0151s\u00e9gek?<\/strong><\/p>\n\n\n\n<p>Igen, mind az alum\u00ednium-, mind a vinilablakok sz\u00e1mos testreszab\u00e1si lehet\u0151s\u00e9ggel rendelkeznek, bele\u00e9rtve a k\u00fcl\u00f6nb\u00f6z\u0151 st\u00edlusokat, sz\u00edneket \u00e9s fel\u00fcleteket, hogy illeszkedjenek otthona dekor\u00e1ci\u00f3j\u00e1hoz.<\/p>\n\n\n\n<hr class=\"wp-block-separator has-alpha-channel-opacity\"\/>\n\n\n\n<h3 class=\"wp-block-heading\">\u00d6sszefoglal\u00f3:<\/h3>\n\n\n\n<ul class=\"wp-block-list\">\n<li><strong>Alum\u00ednium ablakok<\/strong>: Ismert a tart\u00f3ss\u00e1g\u00e1r\u00f3l \u00e9s modern eszt\u00e9tik\u00e1j\u00e1r\u00f3l.<\/li>\n\n\n\n<li><strong>Vinyl ablakok<\/strong>: K\u00f6lts\u00e9ghat\u00e9kony \u00e9s energiatakar\u00e9kos.<\/li>\n\n\n\n<li><strong>Tart\u00f3ss\u00e1g<\/strong>: Az alum\u00ednium er\u0151sebb, de a vinil korr\u00f3zi\u00f3\u00e1ll\u00f3s\u00e1got biztos\u00edt.<\/li>\n\n\n\n<li><strong>Energia<\/strong>: A vinil jobb szigetel\u00e9st biztos\u00edt; az alum\u00ednium jobb hat\u00e9konys\u00e1gi technol\u00f3gi\u00e1kkal rendelkezik.<\/li>\n\n\n\n<li><strong>K\u00f6lts\u00e9gek \u00e9s karbantart\u00e1s<\/strong>: Az alum\u00ednium hossz\u00fa t\u00e1v\u00fa megtakar\u00edt\u00e1sokat k\u00edn\u00e1l.<\/li>\n<\/ul>\n\n\n\n<figure class=\"wp-block-image size-large\"><a href=\"https:\/\/boswindor.com\/hu\/contact-us\/\"><img loading=\"lazy\" decoding=\"async\" width=\"1024\" height=\"468\" src=\"https:\/\/boswindor.com\/wp-content\/uploads\/2024\/12\/Boswindor-Your-Top-3-Windows-Doors-Manufacturer-from-China-1024x468.jpg\" alt=\"\" class=\"wp-image-554\" srcset=\"https:\/\/boswindor.com\/wp-content\/uploads\/2024\/12\/Boswindor-Your-Top-3-Windows-Doors-Manufacturer-from-China-1024x468.jpg 1024w, https:\/\/boswindor.com\/wp-content\/uploads\/2024\/12\/Boswindor-Your-Top-3-Windows-Doors-Manufacturer-from-China-300x137.jpg 300w, https:\/\/boswindor.com\/wp-content\/uploads\/2024\/12\/Boswindor-Your-Top-3-Windows-Doors-Manufacturer-from-China-768x351.jpg 768w, https:\/\/boswindor.com\/wp-content\/uploads\/2024\/12\/Boswindor-Your-Top-3-Windows-Doors-Manufacturer-from-China-18x8.jpg 18w, https:\/\/boswindor.com\/wp-content\/uploads\/2024\/12\/Boswindor-Your-Top-3-Windows-Doors-Manufacturer-from-China.jpg 1200w\" sizes=\"(max-width: 1024px) 100vw, 1024px\" \/><\/a><\/figure>\n\n\n\n<p>Boswindorr\u00f3l<\/p>\n\n\n\n<p>A Boswindorn\u00e1l pr\u00e9mium min\u0151s\u00e9g\u0171 alum\u00ednium ablakok gy\u00e1rt\u00e1s\u00e1ra szakosodtunk, amelyek az \u00e9p\u00edt\u0151k, a fejleszt\u0151k \u00e9s a h\u00e1ztulajdonosok ig\u00e9nyeit szolg\u00e1lj\u00e1k ki. A kiv\u00e1l\u00f3s\u00e1g \u00e9s az innov\u00e1ci\u00f3 ir\u00e1nti elk\u00f6telezetts\u00e9g\u00fcnknek k\u00f6sz\u00f6nhet\u0151en term\u00e9keinket \u00fagy tervezt\u00fck, hogy megfeleljenek a legmagasabb min\u0151s\u00e9gi \u00e9s teljes\u00edtm\u00e9nybeli k\u00f6vetelm\u00e9nyeknek. Fedezze fel k\u00edn\u00e1latunkat \u00e9s fedezze fel a szem\u00e9lyre szabott megold\u00e1sokat, <strong><a href=\"https:\/\/boswindor.com\/hu\/contact-us\/\"><mark style=\"background-color:rgba(0, 0, 0, 0);color:#000000\" class=\"has-inline-color\">kapcsolatfelv\u00e9tel azonnali \u00e1raj\u00e1nlat\u00e9rt<\/mark><\/a><\/strong>.<\/p>","protected":false},"excerpt":{"rendered":"<p>Az ablakv\u00e1laszt\u00e9k vil\u00e1g\u00e1ban gyakran k\u00e9t anyag emelkedik ki: az alum\u00ednium \u00e9s a vinil. Mindkett\u0151nek megvannak a maga el\u0151nyei, \u00edgy a k\u00f6zt\u00fck val\u00f3 d\u00f6nt\u00e9s minden \u00e9p\u00edt\u00e9si projekt eset\u00e9ben kritikus fontoss\u00e1g\u00fa. <\/p>\n<p>Ebben a cikkben az alum\u00ednium- \u00e9s vinilablakok el\u0151nyeit \u00e9s h\u00e1tr\u00e1nyait vizsg\u00e1ljuk meg, hogy seg\u00edts\u00fcnk \u00d6nnek t\u00e1j\u00e9kozott d\u00f6nt\u00e9st hozni. <\/p>\n<p>Az ipar\u00e1g megb\u00edzhat\u00f3 nevek\u00e9nt a Boswindor az alum\u00ednium ablakok gy\u00e1rt\u00e1s\u00e1nak t\u00f6bb\u00e9ves kiv\u00e1l\u00f3s\u00e1g\u00e1val al\u00e1t\u00e1masztott betekint\u00e9st ny\u00fajt.<\/p>","protected":false},"author":3,"featured_media":575,"comment_status":"open","ping_status":"open","sticky":false,"template":"","format":"standard","meta":{"footnotes":""},"categories":[10],"tags":[],"class_list":["post-574","post","type-post","status-publish","format-standard","has-post-thumbnail","hentry","category-windows-doors"],"blocksy_meta":[],"_links":{"self":[{"href":"https:\/\/boswindor.com\/hu\/wp-json\/wp\/v2\/posts\/574","targetHints":{"allow":["GET"]}}],"collection":[{"href":"https:\/\/boswindor.com\/hu\/wp-json\/wp\/v2\/posts"}],"about":[{"href":"https:\/\/boswindor.com\/hu\/wp-json\/wp\/v2\/types\/post"}],"author":[{"embeddable":true,"href":"https:\/\/boswindor.com\/hu\/wp-json\/wp\/v2\/users\/3"}],"replies":[{"embeddable":true,"href":"https:\/\/boswindor.com\/hu\/wp-json\/wp\/v2\/comments?post=574"}],"version-history":[{"count":1,"href":"https:\/\/boswindor.com\/hu\/wp-json\/wp\/v2\/posts\/574\/revisions"}],"predecessor-version":[{"id":10536,"href":"https:\/\/boswindor.com\/hu\/wp-json\/wp\/v2\/posts\/574\/revisions\/10536"}],"wp:featuredmedia":[{"embeddable":true,"href":"https:\/\/boswindor.com\/hu\/wp-json\/wp\/v2\/media\/575"}],"wp:attachment":[{"href":"https:\/\/boswindor.com\/hu\/wp-json\/wp\/v2\/media?parent=574"}],"wp:term":[{"taxonomy":"category","embeddable":true,"href":"https:\/\/boswindor.com\/hu\/wp-json\/wp\/v2\/categories?post=574"},{"taxonomy":"post_tag","embeddable":true,"href":"https:\/\/boswindor.com\/hu\/wp-json\/wp\/v2\/tags?post=574"}],"curies":[{"name":"munkaf\u00fczet","href":"https:\/\/api.w.org\/{rel}","templated":true}]}}