{"id":4875,"date":"2025-05-12T19:14:49","date_gmt":"2025-05-13T03:14:49","guid":{"rendered":"https:\/\/boswindor.com\/?p=4875"},"modified":"2025-05-12T19:14:51","modified_gmt":"2025-05-13T03:14:51","slug":"best-10-windows-and-doors-company-in-uae","status":"publish","type":"post","link":"https:\/\/boswindor.com\/hu\/best-10-windows-and-doors-company-in-uae\/","title":{"rendered":"A 10 legjobb ablak- \u00e9s ajt\u00f3gy\u00e1rt\u00f3 c\u00e9g az Egyes\u00fclt Arab Em\u00edrs\u00e9gekben"},"content":{"rendered":"<h2 class=\"wp-block-heading\">Mire kell figyelni ajt\u00f3- \u00e9s ablakgy\u00e1rt\u00f3 c\u00e9g kiv\u00e1laszt\u00e1sakor?<\/h2>\n\n\n\n<figure class=\"wp-block-image size-full\"><img fetchpriority=\"high\" decoding=\"async\" width=\"900\" height=\"500\" src=\"https:\/\/boswindor.com\/wp-content\/uploads\/2025\/05\/UPVC-Windows-Factory.jpg\" alt=\"\" class=\"wp-image-4881\" srcset=\"https:\/\/boswindor.com\/wp-content\/uploads\/2025\/05\/UPVC-Windows-Factory.jpg 900w, https:\/\/boswindor.com\/wp-content\/uploads\/2025\/05\/UPVC-Windows-Factory-300x167.jpg 300w, https:\/\/boswindor.com\/wp-content\/uploads\/2025\/05\/UPVC-Windows-Factory-768x427.jpg 768w, https:\/\/boswindor.com\/wp-content\/uploads\/2025\/05\/UPVC-Windows-Factory-18x10.jpg 18w\" sizes=\"(max-width: 900px) 100vw, 900px\" \/><figcaption class=\"wp-element-caption\">UPVC ablakok a gy\u00e1rban<\/figcaption><\/figure>\n\n\n\n<p>A megfelel\u0151 ajt\u00f3- \u00e9s ablakpartner kiv\u00e1laszt\u00e1sa az Egyes\u00fclt Arab Em\u00edrs\u00e9gekben kulcsfontoss\u00e1g\u00fa a projekt sikere, biztons\u00e1ga \u00e9s k\u00e9nyelme szempontj\u00e1b\u00f3l, legyen sz\u00f3 ak\u00e1r vill\u00e1r\u00f3l, kereskedelmi \u00e9p\u00fcletr\u0151l vagy fejleszt\u00e9sr\u0151l.<\/p>\n\n\n\n<p><strong>F\u0151bb szempontok:<\/strong><\/p>\n\n\n\n<ol class=\"wp-block-list\">\n<li><strong>Tapasztalat \u00e9s h\u00edrn\u00e9v:<\/strong>\u00a0Keressen olyan c\u00e9get, amely bizony\u00edtottan sikeres hasonl\u00f3 projektekben az Egyes\u00fclt Arab Em\u00edrs\u00e9gekben. Ellen\u0151rizze a referenci\u00e1kat \u00e9s a projektportf\u00f3li\u00f3kat.<\/li>\n\n\n\n<li><strong>Term\u00e9kmin\u0151s\u00e9g \u00e9s teljes\u00edtm\u00e9ny:<\/strong>\u00a0Gy\u0151z\u0151dj\u00f6n meg arr\u00f3l, hogy a term\u00e9kek megfelelnek a tart\u00f3ss\u00e1g, a h\u0151szigetel\u00e9s, az akusztika \u00e9s az id\u0151j\u00e1r\u00e1s\u00e1ll\u00f3s\u00e1g magas szabv\u00e1nyainak \u2013 ami elengedhetetlen az Egyes\u00fclt Arab Em\u00edrs\u00e9gek \u00e9ghajlat\u00e1hoz.<\/li>\n\n\n\n<li><strong>Anyag- \u00e9s rendszeropci\u00f3k:<\/strong>\u00a0K\u00edn\u00e1lj\u00e1k az \u00d6nnek sz\u00fcks\u00e9ges anyagokat (alum\u00ednium, UPVC) \u00e9s konkr\u00e9t rendszerm\u00e1rk\u00e1kat?<\/li>\n\n\n\n<li><strong>\u00c1tfog\u00f3 szolg\u00e1ltat\u00e1s:<\/strong>\u00a0Egy megb\u00edzhat\u00f3 szolg\u00e1ltat\u00f3 tervez\u00e9si t\u00e1mogat\u00e1st, prec\u00edz gy\u00e1rt\u00e1st, professzion\u00e1lis telep\u00edt\u00e9st \u00e9s megb\u00edzhat\u00f3 \u00e9rt\u00e9kes\u00edt\u00e9s ut\u00e1ni szolg\u00e1ltat\u00e1st k\u00edn\u00e1l.<\/li>\n\n\n\n<li><strong>Megfelel\u0151s\u00e9g \u00e9s szabv\u00e1nyok:<\/strong>\u00a0Ellen\u0151rizze, hogy a term\u00e9kek megfelelnek-e a vonatkoz\u00f3 egyes\u00fclt arab em\u00edrs\u00e9gekbeli \u00e9p\u00edt\u00e9si el\u0151\u00edr\u00e1soknak \u00e9s a nemzetk\u00f6zi teljes\u00edtm\u00e9nyszabv\u00e1nyoknak.<\/li>\n\n\n\n<li><strong>Helyi jelenl\u00e9t:<\/strong>\u00a0Egy helyi szervizk\u00f6zponttal rendelkez\u0151 v\u00e1llalat biztos\u00edtja a gyors t\u00e1mogat\u00e1st \u00e9s a projektek id\u0151ben t\u00f6rt\u00e9n\u0151 v\u00e9grehajt\u00e1s\u00e1t.<\/li>\n<\/ol>\n\n\n\n<h2 class=\"wp-block-heading\">Az Egyes\u00fclt Arab Em\u00edrs\u00e9gek 10 legnagyobb ablak- \u00e9s ajt\u00f3gy\u00e1rt\u00f3 c\u00e9ge<\/h2>\n\n\n\n<h3 class=\"wp-block-heading\">Al Abbar Alum\u00ednium<\/h3>\n\n\n\n<figure class=\"wp-block-image size-full\"><img decoding=\"async\" width=\"836\" height=\"240\" src=\"https:\/\/boswindor.com\/wp-content\/uploads\/2025\/05\/Al-Abbar-Aluminium.jpg\" alt=\"\" class=\"wp-image-4883\" srcset=\"https:\/\/boswindor.com\/wp-content\/uploads\/2025\/05\/Al-Abbar-Aluminium.jpg 836w, https:\/\/boswindor.com\/wp-content\/uploads\/2025\/05\/Al-Abbar-Aluminium-300x86.jpg 300w, https:\/\/boswindor.com\/wp-content\/uploads\/2025\/05\/Al-Abbar-Aluminium-768x220.jpg 768w, https:\/\/boswindor.com\/wp-content\/uploads\/2025\/05\/Al-Abbar-Aluminium-18x5.jpg 18w\" sizes=\"(max-width: 836px) 100vw, 836px\" \/><figcaption class=\"wp-element-caption\">Weboldal: https:\/\/www.alabbargroup.com\/<\/figcaption><\/figure>\n\n\n\n<ul class=\"wp-block-list\">\n<li><strong>Alkalmazotti l\u00e9tsz\u00e1m:<\/strong> 5000+ (Csoportszint\u0171, jelent\u0151s r\u00e9sz alum\u00edniumb\u00f3l)<\/li>\n\n\n\n<li><strong>L\u00e9trehoz\u00e1s ideje:<\/strong>\u00a01986-ban alap\u00edtott\u00e1k<\/li>\n\n\n\n<li><strong>C\u00e9g telephelye:<\/strong>\u00a0Dubai, Egyes\u00fclt Arab Em\u00edrs\u00e9gek (k\u00f6zpont)<\/li>\n\n\n\n<li><strong>F\u0151 term\u00e9kek:<\/strong>\u00a0\u00c9p\u00edt\u00e9szeti alum\u00ednium \u00e9s \u00fcvegrendszerek, f\u00fcgg\u00f6nyfalak, homlokzatok, ablakok, ajt\u00f3k, tet\u0151ablakok.<\/li>\n\n\n\n<li><strong>C\u00e9g el\u0151nyei:<\/strong>\u00a0Kiterjedt tapasztalat ikonikus, nagyszab\u00e1s\u00fa projektekben az Egyes\u00fclt Arab Em\u00edrs\u00e9gekben \u00e9s a r\u00e9gi\u00f3ban; integr\u00e1lt tervez\u00e9si, gy\u00e1rt\u00e1si \u00e9s telep\u00edt\u00e9si k\u00e9pess\u00e9gek; jelent\u0151s m\u0171k\u00f6d\u00e9si m\u00e9ret \u00e9s tapasztalat; magas sz\u00ednvonal\u00fa m\u00e9rn\u00f6ki \u00e9s gy\u00e1rt\u00e1si szabv\u00e1nyok.<\/li>\n<\/ul>\n\n\n\n<p><strong>Le\u00edr\u00e1s:<\/strong> Az Al Abbar Aluminium az Egyes\u00fclt Arab Em\u00edrs\u00e9gek vezet\u0151 homlokzatkivitelez\u0151jek\u00e9nt pozicion\u00e1lta mag\u00e1t, egyedi alum\u00ednium megold\u00e1sokra specializ\u00e1l\u00f3dva kereskedelmi \u00e9s toronyh\u00e1zak sz\u00e1m\u00e1ra. H\u00e1rom \u00e9vtizedes tapasztalattal olyan ikonikus projekteket val\u00f3s\u00edtottak meg, mint a Burj Khalifa \u00e9s a Dubai Nemzetk\u00f6zi Rep\u00fcl\u0151t\u00e9r. Saj\u00e1t m\u00e9rn\u00f6ki \u00e9s tesztel\u00e9si k\u00e9pess\u00e9geik r\u00e9v\u00e9n az \u00f6sszetett \u00e9p\u00edt\u00e9szeti k\u00f6vetelm\u00e9nyek ter\u00e9n is ipar\u00e1gi vezet\u0151kk\u00e9 v\u00e1ltak.<\/p>\n\n\n\n<h3 class=\"wp-block-heading\">Boswindor\u00a0<\/h3>\n\n\n\n<figure class=\"wp-block-image size-full\"><img decoding=\"async\" width=\"900\" height=\"500\" src=\"https:\/\/boswindor.com\/wp-content\/uploads\/2025\/04\/Boswindor-Doors-Windows.jpg\" alt=\"\" class=\"wp-image-2966\" srcset=\"https:\/\/boswindor.com\/wp-content\/uploads\/2025\/04\/Boswindor-Doors-Windows.jpg 900w, https:\/\/boswindor.com\/wp-content\/uploads\/2025\/04\/Boswindor-Doors-Windows-300x167.jpg 300w, https:\/\/boswindor.com\/wp-content\/uploads\/2025\/04\/Boswindor-Doors-Windows-768x427.jpg 768w, https:\/\/boswindor.com\/wp-content\/uploads\/2025\/04\/Boswindor-Doors-Windows-18x10.jpg 18w\" sizes=\"(max-width: 900px) 100vw, 900px\" \/><figcaption class=\"wp-element-caption\"><mark style=\"background-color:rgba(0, 0, 0, 0);color:#ff6900\" class=\"has-inline-color\">weboldal: https:\/\/boswindor.com\/<\/mark><\/figcaption><\/figure>\n\n\n\n<p><strong>Alkalmazottak<\/strong>: 3500+ (2025-\u00f6s adatok)<\/p>\n\n\n\n<p><strong>\u00c9p\u00edt\u00e9si ter\u00fclet<\/strong>70 000 n\u00e9gyzetl\u00e1b (K\u00edna);<\/p>\n\n\n\n<p><strong>Alap\u00edtott<\/strong>: 2000<\/p>\n\n\n\n<p><strong>Elhelyezked\u00e9s<\/strong>Gy\u00e1rt\u00e1s K\u00edn\u00e1ban; <a href=\"https:\/\/boswindor.com\/hu\/aluminum-sliding-door-dubai\/\"><mark style=\"background-color:rgba(0, 0, 0, 0);color:#ff4f01\" class=\"has-inline-color\">Szervizk\u00f6zpont Dubaiban<\/mark><\/a><\/p>\n\n\n\n<p><strong>F\u0151 term\u00e9kek<\/strong>Minden t\u00edpus\u00fa egyedi ablak \u00e9s ajt\u00f3 (alum\u00ednium\/m\u0171anyag\/fa\/r\u00e9z)<\/p>\n\n\n\n<p><strong>El\u0151ny\u00f6k<\/strong>Versenyk\u00e9pes \u00e1rak, nemzetk\u00f6zi gy\u00e1rt\u00e1si szabv\u00e1nyok, helyi szervizt\u00e1mogat\u00e1s<\/p>\n\n\n\n<figure class=\"wp-block-image size-full\"><a href=\"https:\/\/boswindor.com\/hu\/contact-us\/\"><img loading=\"lazy\" decoding=\"async\" width=\"920\" height=\"400\" src=\"https:\/\/boswindor.com\/wp-content\/uploads\/2024\/11\/Your-Top-3-Windows-Doors-Manufacturer-from-China.jpg\" alt=\"\" class=\"wp-image-490\" srcset=\"https:\/\/boswindor.com\/wp-content\/uploads\/2024\/11\/Your-Top-3-Windows-Doors-Manufacturer-from-China.jpg 920w, https:\/\/boswindor.com\/wp-content\/uploads\/2024\/11\/Your-Top-3-Windows-Doors-Manufacturer-from-China-300x130.jpg 300w, https:\/\/boswindor.com\/wp-content\/uploads\/2024\/11\/Your-Top-3-Windows-Doors-Manufacturer-from-China-768x334.jpg 768w\" sizes=\"(max-width: 920px) 100vw, 920px\" \/><\/a><figcaption class=\"wp-element-caption\">Boswindor<\/figcaption><\/figure>\n\n\n\n<p>A Boswindor a k\u00ednai gy\u00e1rt\u00e1si hat\u00e9konys\u00e1got \u00f6tv\u00f6zi az Egyes\u00fclt Arab Em\u00edrs\u00e9gek piac\u00e1nak elk\u00f6telezett kiszolg\u00e1l\u00e1s\u00e1val, \u00edgy \u00fcgyfeleinek a legjobbakat k\u00edn\u00e1lja. Dubai-i szervizk\u00f6zpontjuk gyors reag\u00e1l\u00e1s\u00fa helyi t\u00e1mogat\u00e1st ny\u00fajt, m\u00edg k\u00ednai gy\u00e1rt\u00f3b\u00e1zisuk versenyk\u00e9pes \u00e1rakat tesz lehet\u0151v\u00e9 a min\u0151s\u00e9g fel\u00e1ldoz\u00e1sa n\u00e9lk\u00fcl. A v\u00e1llalat lakoss\u00e1gi \u00e9s kereskedelmi alkalmaz\u00e1sokhoz egyar\u00e1nt k\u00edn\u00e1l egyedi megold\u00e1sokat, k\u00fcl\u00f6n\u00f6s szak\u00e9rtelemmel a tol\u00f3rendszerek \u00e9s az energiahat\u00e9konys\u00e1gi tervek ter\u00e9n. Nemzetk\u00f6zi h\u00e1tter\u00fck a glob\u00e1lis legjobb gyakorlatokat hozza el az Egyes\u00fclt Arab Em\u00edrs\u00e9gek piac\u00e1ra, m\u00edg helyi jelenl\u00e9t\u00fck biztos\u00edtja a region\u00e1lis k\u00f6vetelm\u00e9nyekhez val\u00f3 megfelel\u0151 alkalmazkod\u00e1st \u00e9s a projektek id\u0151ben t\u00f6rt\u00e9n\u0151 v\u00e9grehajt\u00e1s\u00e1t.<\/p>\n\n\n\n<h3 class=\"wp-block-heading\">Nemzeti Alum\u00ednium (NALCO)<\/h3>\n\n\n\n<figure class=\"wp-block-image size-large\"><img loading=\"lazy\" decoding=\"async\" width=\"1024\" height=\"535\" src=\"https:\/\/boswindor.com\/wp-content\/uploads\/2025\/05\/National-Aluminium-NALCO-1024x535.jpg\" alt=\"\" class=\"wp-image-4886\" srcset=\"https:\/\/boswindor.com\/wp-content\/uploads\/2025\/05\/National-Aluminium-NALCO-1024x535.jpg 1024w, https:\/\/boswindor.com\/wp-content\/uploads\/2025\/05\/National-Aluminium-NALCO-300x157.jpg 300w, https:\/\/boswindor.com\/wp-content\/uploads\/2025\/05\/National-Aluminium-NALCO-768x401.jpg 768w, https:\/\/boswindor.com\/wp-content\/uploads\/2025\/05\/National-Aluminium-NALCO-18x9.jpg 18w, https:\/\/boswindor.com\/wp-content\/uploads\/2025\/05\/National-Aluminium-NALCO.jpg 1200w\" sizes=\"(max-width: 1024px) 100vw, 1024px\" \/><figcaption class=\"wp-element-caption\">weboldal: https:\/\/nalcoindia.com\/<\/figcaption><\/figure>\n\n\n\n<ul class=\"wp-block-list\">\n<li><strong>Alkalmazotti l\u00e9tsz\u00e1m:<\/strong> 500+ (Becs\u00fclt \u00e9rt\u00e9k kifejezetten a National Aluminium eset\u00e9ben)<\/li>\n\n\n\n<li><strong>L\u00e9trehoz\u00e1s ideje:<\/strong>\u00a01981-ben alap\u00edtott\u00e1k<\/li>\n\n\n\n<li><strong>C\u00e9g telephelye:<\/strong>\u00a0Dubai, Egyes\u00fclt Arab Em\u00edrs\u00e9gek (k\u00f6zpont)<\/li>\n\n\n\n<li><strong>F\u0151 term\u00e9kek:<\/strong>\u00a0\u00c9p\u00edt\u00e9szeti alum\u00ednium term\u00e9kek, f\u00fcgg\u00f6nyfalak, ablakok, ajt\u00f3k, lamell\u00e1k, burkol\u00f3rendszerek.<\/li>\n\n\n\n<li><strong>C\u00e9g el\u0151nyei:<\/strong> A vil\u00e1g egyik legnagyobb \u201epr\u00e9mium alum\u00ednium\u201d gy\u00e1rt\u00f3j\u00e1nak (EGA) t\u00e1mogat\u00e1s\u00e1val, kiv\u00e1l\u00f3 min\u0151s\u00e9g\u0171 alapanyagokat biztos\u00edtva; a kiv\u00e1l\u00f3 extrud\u00e1l\u00e1sra \u00f6sszpontos\u00edtva; er\u0151s ell\u00e1t\u00e1si l\u00e1nc integr\u00e1ci\u00f3val; \u00e9s elk\u00f6telezetts\u00e9ggel a fenntarthat\u00f3s\u00e1g ir\u00e1nt.<\/li>\n<\/ul>\n\n\n\n<p><strong>Le\u00edr\u00e1s:<\/strong> A National Aluminium az Egyes\u00fclt Arab Em\u00edrs\u00e9gek egyik legr\u00e9gebbi \u00e9s legmegb\u00edzhat\u00f3bb alum\u00edniumgy\u00e1rt\u00f3ja, t\u00f6bb mint 45 \u00e9ves ipar\u00e1gi tapasztalattal. A v\u00e1llalat h\u00edrnev\u00e9t a k\u00f6vetkezetess\u00e9gre, a min\u0151s\u00e9gre \u00e9s a region\u00e1lis ig\u00e9nyek m\u00e9lyrehat\u00f3 ismeret\u00e9re \u00e9p\u00edtette. \u00c1tfog\u00f3 term\u00e9kk\u00edn\u00e1latuk mind a lakoss\u00e1gi, mind a kereskedelmi szektort kiszolg\u00e1lja, jelent\u0151sen hozz\u00e1j\u00e1rulva Abu Dhabi folyamatosan fejl\u0151d\u0151 l\u00e1tk\u00e9p\u00e9hez. A National Aluminium hossz\u00fa piaci jelenl\u00e9te arr\u00f3l tan\u00faskodik, hogy k\u00e9pesek alkalmazkodni a v\u00e1ltoz\u00f3 \u00e9p\u00edt\u00e9szeti trendekhez, mik\u00f6zben meg\u0151rzik term\u00e9keik tart\u00f3ss\u00e1g\u00e1nak \u00e9s megb\u00edzhat\u00f3s\u00e1g\u00e1nak alapvet\u0151 \u00e9rt\u00e9keit.<\/p>\n\n\n\n<h3 class=\"wp-block-heading\">Sch\u00fcco K\u00f6zel-Kelet<\/h3>\n\n\n\n<figure class=\"wp-block-image size-full\"><img loading=\"lazy\" decoding=\"async\" width=\"900\" height=\"450\" src=\"https:\/\/boswindor.com\/wp-content\/uploads\/2025\/05\/Schuco-Middle-East-1.jpg\" alt=\"\" class=\"wp-image-4889\" srcset=\"https:\/\/boswindor.com\/wp-content\/uploads\/2025\/05\/Schuco-Middle-East-1.jpg 900w, https:\/\/boswindor.com\/wp-content\/uploads\/2025\/05\/Schuco-Middle-East-1-300x150.jpg 300w, https:\/\/boswindor.com\/wp-content\/uploads\/2025\/05\/Schuco-Middle-East-1-768x384.jpg 768w, https:\/\/boswindor.com\/wp-content\/uploads\/2025\/05\/Schuco-Middle-East-1-18x9.jpg 18w\" sizes=\"(max-width: 900px) 100vw, 900px\" \/><figcaption class=\"wp-element-caption\">https:\/\/www.schueco.com\/com<\/figcaption><\/figure>\n\n\n\n<ul class=\"wp-block-list\">\n<li><strong>Alkalmazotti l\u00e9tsz\u00e1m:<\/strong>\u00a0Becs\u00fclt 5000+ (vil\u00e1gszerte)<\/li>\n\n\n\n<li><strong>L\u00e9trehoz\u00e1s ideje:<\/strong>\u00a01951-ben alap\u00edtott\u00e1k (N\u00e9metorsz\u00e1g); Er\u0151s jelenl\u00e9t Megyei R\u00e9gi\u00f3ban hossz\u00fa \u00e9vek \u00f3ta.<\/li>\n\n\n\n<li><strong>C\u00e9g telephelye:<\/strong>\u00a0Dubai, Egyes\u00fclt Arab Em\u00edrs\u00e9gek (K\u00f6zel-keleti k\u00f6zpont)<\/li>\n\n\n\n<li><strong>F\u0151 term\u00e9kek:<\/strong> Nagy teljes\u00edtm\u00e9ny\u0171 alum\u00ednium \u00e9s uPVC ablak-, ajt\u00f3- \u00e9s homlokzati rendszerek (profilrendszerek sz\u00e1ll\u00edt\u00f3ja).<\/li>\n\n\n\n<li><strong>C\u00e9g el\u0151nyei:<\/strong> N\u00e9met m\u00e9rn\u00f6ki \u00e9s min\u0151s\u00e9gi szabv\u00e1nyok, az innov\u00e1ci\u00f3ra \u00e9s a technol\u00f3gi\u00e1ra val\u00f3 \u00f6sszpontos\u00edt\u00e1s (pl. energiahat\u00e9konys\u00e1g, automatiz\u00e1l\u00e1s), sz\u00e9les term\u00e9kportf\u00f3li\u00f3, er\u0151s glob\u00e1lis m\u00e1rkah\u00edrn\u00e9v, k\u00e9pzett helyi gy\u00e1rt\u00f3k h\u00e1l\u00f3zata.<\/li>\n<\/ul>\n\n\n\n<p><strong>Le\u00edr\u00e1s:<\/strong> A Sch\u00fcco egy vil\u00e1gszerte elismert n\u00e9met m\u00e1rka, amely a pr\u00e9mium min\u0151s\u00e9get \u00e9s a legmodernebb technol\u00f3gi\u00e1t k\u00e9pviseli az alum\u00ednium rendszerek ter\u00e9n. Term\u00e9keiket a luxusprojektek kedvelik, kifinomult diz\u00e1jnt, kiv\u00e9teles energiahat\u00e9konys\u00e1got \u00e9s biztons\u00e1got k\u00edn\u00e1lva. Rendszermegold\u00e1sokat k\u00edn\u00e1lnak a gy\u00e1rt\u00f3k h\u00e1l\u00f3zat\u00e1nak az Egyes\u00fclt Arab Em\u00edrs\u00e9gekben, biztos\u00edtva a magas sz\u00ednvonal betart\u00e1s\u00e1t a rangos lak\u00f3- \u00e9s kereskedelmi fejleszt\u00e9sekben. A fenntarthat\u00f3s\u00e1gra \u00e9s az innov\u00e1ci\u00f3ra val\u00f3 \u00f6sszpontos\u00edt\u00e1suknak k\u00f6sz\u00f6nhet\u0151en az ipar\u00e1g \u00e9lvonal\u00e1ban tartj\u00e1k \u0151ket.<\/p>\n\n\n\n<hr class=\"wp-block-separator has-alpha-channel-opacity\"\/>\n\n\n\n<h3 class=\"wp-block-heading\">Reynaers Aluminium K\u00f6zel-Kelet<\/h3>\n\n\n\n<figure class=\"wp-block-image size-full\"><img loading=\"lazy\" decoding=\"async\" width=\"900\" height=\"500\" src=\"https:\/\/boswindor.com\/wp-content\/uploads\/2025\/05\/Reynaers-Aluminium-Middle-East.jpg\" alt=\"\" class=\"wp-image-4891\" srcset=\"https:\/\/boswindor.com\/wp-content\/uploads\/2025\/05\/Reynaers-Aluminium-Middle-East.jpg 900w, https:\/\/boswindor.com\/wp-content\/uploads\/2025\/05\/Reynaers-Aluminium-Middle-East-300x167.jpg 300w, https:\/\/boswindor.com\/wp-content\/uploads\/2025\/05\/Reynaers-Aluminium-Middle-East-768x427.jpg 768w, https:\/\/boswindor.com\/wp-content\/uploads\/2025\/05\/Reynaers-Aluminium-Middle-East-18x10.jpg 18w\" sizes=\"(max-width: 900px) 100vw, 900px\" \/><figcaption class=\"wp-element-caption\">Reynaers Aluminium K\u00f6zel-Kelet<\/figcaption><\/figure>\n\n\n\n<ul class=\"wp-block-list\">\n<li><strong>Alkalmazotti l\u00e9tsz\u00e1m:<\/strong> Glob\u00e1lisan t\u00f6bb mint 2700 alkalmazott; a k\u00f6zel-keleti irod\u00e1nkban elk\u00f6telezett csapat dolgozik.<\/li>\n\n\n\n<li><strong>L\u00e9trehoz\u00e1s ideje:<\/strong>\u00a01965-ben alap\u00edtott\u00e1k (Bahrein)<\/li>\n\n\n\n<li><strong>C\u00e9g telephelye:<\/strong>\u00a0Dubai, Egyes\u00fclt Arab Em\u00edrs\u00e9gek (K\u00f6zel-keleti k\u00f6zpont)<\/li>\n\n\n\n<li><strong>F\u0151 term\u00e9kek:<\/strong> Innovat\u00edv alum\u00ednium megold\u00e1sok ablakokhoz, ajt\u00f3khoz, f\u00fcgg\u00f6nyfalakhoz, tol\u00f3rendszerekhez \u00e9s t\u00e9likertekhez (profilrendszerek sz\u00e1ll\u00edt\u00f3ja).<\/li>\n\n\n\n<li><strong>C\u00e9g el\u0151nyei:<\/strong> Eur\u00f3pai formatervez\u00e9si \u00e9s m\u00e9rn\u00f6ki kiv\u00e1l\u00f3s\u00e1g, a fenntarthat\u00f3s\u00e1gra \u00e9s az eszt\u00e9tik\u00e1ra val\u00f3 \u00f6sszpontos\u00edt\u00e1s, sz\u00e9lesk\u00f6r\u0171 rendszermegold\u00e1sok, er\u0151s m\u0171szaki t\u00e1mogat\u00e1s \u00e9p\u00edt\u00e9szek \u00e9s gy\u00e1rt\u00f3k sz\u00e1m\u00e1ra, glob\u00e1lis projektreferenci\u00e1k.<\/li>\n<\/ul>\n\n\n\n<p><strong>Le\u00edr\u00e1s:<\/strong> A Reynaers er\u0151s h\u00edrnevet szerzett mag\u00e1nak a k\u00f6zel-keleti piacon az eszt\u00e9tika \u00e9s a teljes\u00edtm\u00e9ny \u00f6tv\u00f6z\u00e9s\u00e9vel. Rendszereik a karcs\u00fa profilokat \u00e9s a maxim\u00e1lis \u00fcvegfel\u00fcleteket hangs\u00falyozz\u00e1k, a modern \u00e9p\u00edt\u00e9szeti ig\u00e9nyeket kiel\u00e9g\u00edtve. CF 77 harmonikaajt\u00f3-rendszereik \u00e9s Hi-Finity minimalista tol\u00f3ajt\u00f3ik a luxusvilla-tulajdonosok \u00e9s a z\u00f6kken\u0151mentes belt\u00e9ri-k\u00fclt\u00e9ri \u00e9lettereket keres\u0151 tervez\u0151k kedvenceiv\u00e9 v\u00e1ltak.<\/p>\n\n\n\n<h3 class=\"wp-block-heading\">Alico (Alum\u00ednium \u00e9s K\u00f6nny\u0171ipari Kft.)<\/h3>\n\n\n\n<figure class=\"wp-block-image size-full\"><img loading=\"lazy\" decoding=\"async\" width=\"798\" height=\"252\" src=\"https:\/\/boswindor.com\/wp-content\/uploads\/2025\/05\/Alico.jpg\" alt=\"\" class=\"wp-image-4892\" srcset=\"https:\/\/boswindor.com\/wp-content\/uploads\/2025\/05\/Alico.jpg 798w, https:\/\/boswindor.com\/wp-content\/uploads\/2025\/05\/Alico-300x95.jpg 300w, https:\/\/boswindor.com\/wp-content\/uploads\/2025\/05\/Alico-768x243.jpg 768w, https:\/\/boswindor.com\/wp-content\/uploads\/2025\/05\/Alico-18x6.jpg 18w\" sizes=\"(max-width: 798px) 100vw, 798px\" \/><figcaption class=\"wp-element-caption\">https:\/\/alicoalum.net\/<\/figcaption><\/figure>\n\n\n\n<ul class=\"wp-block-list\">\n<li><strong>Alkalmazottak<\/strong>: 100+<\/li>\n\n\n\n<li><strong>\u00c9p\u00edt\u00e9si ter\u00fclet<\/strong>: nem vil\u00e1gos<\/li>\n\n\n\n<li><strong>Alap\u00edtott<\/strong>1976 (becs\u00fclt \u00e9rt\u00e9k)<\/li>\n\n\n\n<li><strong>Elhelyezked\u00e9s<\/strong>Sz\u00e9khely \u00e9s f\u0151 gy\u00e1rt\u00f3\u00fczemek Sharjahban, az Egyes\u00fclt Arab Em\u00edrs\u00e9gekben.<\/li>\n\n\n\n<li><strong>F\u0151 term\u00e9kek<\/strong>Komplex homlokzatokra, egyedi alum\u00ednium ablakokra, ajt\u00f3kra, tet\u0151ablakokra \u00e9s \u00e1tfog\u00f3, kulcsrak\u00e9sz \u00e9p\u00fcletburok-megold\u00e1sokra specializ\u00e1l\u00f3dott nagyszab\u00e1s\u00fa projektekhez.<\/li>\n\n\n\n<li><strong>El\u0151ny\u00f6k<\/strong>T\u00f6bb \u00e9vtizedes tapasztalattal, bizony\u00edtottan m\u00e9rf\u00f6ldk\u0151nek sz\u00e1m\u00edt\u00f3 projektek v\u00e9grehajt\u00e1s\u00e1val, integr\u00e1lt k\u00e9pess\u00e9gekkel, nagyszab\u00e1s\u00fa kapacit\u00e1ssal \u00e9s er\u0151s region\u00e1lis h\u00edrn\u00e9vvel rendelkezik.<\/li>\n<\/ul>\n\n\n\n<p><strong>Le\u00edr\u00e1s:<\/strong> Az 1976-ban alap\u00edtott, a Gibca Csoporthoz tartoz\u00f3, Sharjahban m\u0171k\u00f6d\u0151 Alico egy \u00fatt\u00f6r\u0151 homlokzattervez\u0151 \u00e9s -gy\u00e1rt\u00f3 v\u00e1llalat. Az \u00e1tfog\u00f3 \u00e9p\u00edt\u00e9szeti alum\u00ednium- \u00e9s \u00fcvegmegold\u00e1sokra, p\u00e9ld\u00e1ul f\u00fcgg\u00f6nyfalakra, ablakokra \u00e9s ajt\u00f3kra szakosodott Alico \u00e9vtizedes tapasztalattal rendelkezik. A k\u00f6zel-keleti projektjeir\u0151l ismert, integr\u00e1lt tervez\u00e9st\u0151l a telep\u00edt\u00e9sig terjed\u0151 szolg\u00e1ltat\u00e1sokat, kiterjedt gy\u00e1rt\u00e1si kapacit\u00e1sokat \u00e9s robusztus m\u0171szaki szak\u00e9rtelmet k\u00edn\u00e1l, \u00edgy vezet\u0151 region\u00e1lis szerepl\u0151v\u00e9 v\u00e1lt az \u00e9p\u00edt\u0151iparban.<\/p>\n\n\n\n<h3 class=\"wp-block-heading\">Gulf Extrusions Co. (a Talal &amp; Ghassan Group r\u00e9sze)<\/h3>\n\n\n\n<figure class=\"wp-block-image size-full\"><img loading=\"lazy\" decoding=\"async\" width=\"960\" height=\"365\" src=\"https:\/\/boswindor.com\/wp-content\/uploads\/2025\/05\/Gulf-Extrusions-Co.jpg\" alt=\"\" class=\"wp-image-4893\" srcset=\"https:\/\/boswindor.com\/wp-content\/uploads\/2025\/05\/Gulf-Extrusions-Co.jpg 960w, https:\/\/boswindor.com\/wp-content\/uploads\/2025\/05\/Gulf-Extrusions-Co-300x114.jpg 300w, https:\/\/boswindor.com\/wp-content\/uploads\/2025\/05\/Gulf-Extrusions-Co-768x292.jpg 768w, https:\/\/boswindor.com\/wp-content\/uploads\/2025\/05\/Gulf-Extrusions-Co-18x7.jpg 18w\" sizes=\"(max-width: 960px) 100vw, 960px\" \/><figcaption class=\"wp-element-caption\">https:\/\/gulfex.com\/<\/figcaption><\/figure>\n\n\n\n<ul class=\"wp-block-list\">\n<li><strong>Alkalmazotti l\u00e9tsz\u00e1m:<\/strong>\u00a0Becs\u00fclt 800+<\/li>\n\n\n\n<li><strong>L\u00e9trehoz\u00e1s ideje:<\/strong>\u00a01978-ban alap\u00edtott\u00e1k<\/li>\n\n\n\n<li><strong>C\u00e9g telephelye:<\/strong>\u00a0Abu Dhabi, Egyes\u00fclt Arab Em\u00edrs\u00e9gek (k\u00f6zpont \u00e9s gy\u00e1rt\u00e1s)<\/li>\n\n\n\n<li><strong>F\u0151 term\u00e9kek:<\/strong> Alum\u00ednium extrud\u00e1lt term\u00e9kek \u00e9p\u00edt\u00e9szeti (ablakok, ajt\u00f3k, homlokzatok) \u00e9s ipari alkalmaz\u00e1sokhoz, speci\u00e1lis \u00f6tv\u00f6zetek.<\/li>\n\n\n\n<li><strong>C\u00e9g el\u0151nyei:<\/strong> A r\u00e9gi\u00f3 egyik legnagyobb extrud\u00e1l\u00f3 \u00fczeme, fejlett extrud\u00e1l\u00e1si technol\u00f3gia, sz\u00e9les v\u00e1laszt\u00e9k\u00fa szabv\u00e1nyos \u00e9s egyedi profilok, er\u0151s exporth\u00e1l\u00f3zat, a min\u0151s\u00e9gellen\u0151rz\u00e9sre \u00e9s a tan\u00fas\u00edtv\u00e1nyokra val\u00f3 \u00f6sszpontos\u00edt\u00e1s.<\/li>\n<\/ul>\n\n\n\n<p><strong>Le\u00edr\u00e1s:<\/strong> A Gulf Extrusions Co., az Al Ghurair Investment erny\u0151szervezet\u00e9nek egy m\u00e1sik kulcsfontoss\u00e1g\u00fa entit\u00e1sa, egy jelent\u0151s alum\u00ednium extrud\u00e1l\u00f3 v\u00e1llalat a Perzsa-\u00f6b\u00f6l t\u00e9rs\u00e9g\u00e9ben. Az 1978-ban alap\u00edtott v\u00e1llalat egy korszer\u0171 \u00fczemet \u00fczemeltet Jebel Aliban, ahol sz\u00e9les v\u00e1laszt\u00e9kban gy\u00e1rtanak szabv\u00e1nyos \u00e9s egyedi profilokat \u00e9p\u00edt\u00e9szeti \u00e9s ipari alkalmaz\u00e1sokhoz. A Gulf Extrusions nagy termel\u00e9si kapacit\u00e1s\u00e1r\u00f3l, \u00e1lland\u00f3 min\u0151s\u00e9g\u00e9r\u0151l \u00e9s a v\u00e1ltozatos piaci ig\u00e9nyek kiel\u00e9g\u00edt\u00e9s\u00e9re val\u00f3 k\u00e9pess\u00e9g\u00e9r\u0151l ismert, olyan profilokat sz\u00e1ll\u00edtva, amelyek sz\u00e1mtalan ablak-, ajt\u00f3- \u00e9s homlokzati rendszer gerinc\u00e9t alkotj\u00e1k a K\u00f6zel-Keleten \u00e9s nemzetk\u00f6zi szinten.<\/p>\n\n\n\n<h3 class=\"wp-block-heading\">AluPure \/ Profine K\u00f6zel-Kelet<\/h3>\n\n\n\n<figure class=\"wp-block-image size-full\"><img loading=\"lazy\" decoding=\"async\" width=\"900\" height=\"500\" src=\"https:\/\/boswindor.com\/wp-content\/uploads\/2025\/05\/alupure-aluminium-window.jpg\" alt=\"\" class=\"wp-image-4895\" srcset=\"https:\/\/boswindor.com\/wp-content\/uploads\/2025\/05\/alupure-aluminium-window.jpg 900w, https:\/\/boswindor.com\/wp-content\/uploads\/2025\/05\/alupure-aluminium-window-300x167.jpg 300w, https:\/\/boswindor.com\/wp-content\/uploads\/2025\/05\/alupure-aluminium-window-768x427.jpg 768w, https:\/\/boswindor.com\/wp-content\/uploads\/2025\/05\/alupure-aluminium-window-18x10.jpg 18w\" sizes=\"(max-width: 900px) 100vw, 900px\" \/><figcaption class=\"wp-element-caption\">https:\/\/alupure.co.in\/<\/figcaption><\/figure>\n\n\n\n<ul class=\"wp-block-list\">\n<li><strong>Alkalmazotti l\u00e9tsz\u00e1m:<\/strong> 200-500+ (Becs\u00fclt \u00e9rt\u00e9k, projektenk\u00e9nt v\u00e1ltoz\u00f3)<\/li>\n\n\n\n<li><strong>L\u00e9trehoz\u00e1s ideje:<\/strong>\u00a0A Profine Group 2003-ban alakult; az AluPure term\u00e9kcsal\u00e1d er\u0151s jelenl\u00e9ttel rendelkezik.<\/li>\n\n\n\n<li><strong>C\u00e9g telephelye:<\/strong>\u00a0Dubai, Egyes\u00fclt Arab Em\u00edrs\u00e9gek (K\u00f6zel-keleti iroda)<\/li>\n\n\n\n<li><strong>F\u0151 term\u00e9kek:<\/strong>\u00a0Pr\u00e9mium alum\u00ednium \u00e9s UPVC rendszerek ablakokhoz, ajt\u00f3khoz, tol\u00f3rendszerekhez.<\/li>\n\n\n\n<li><strong>C\u00e9g el\u0151nyei:<\/strong> A glob\u00e1lis Profine Group (vezet\u0151 uPVC profilgy\u00e1rt\u00f3) r\u00e9szek\u00e9nt, energiahat\u00e9kony uPVC megold\u00e1sokra \u00f6sszpontos\u00edt, n\u00e9met technol\u00f3giai szabv\u00e1nyokat k\u00f6vet, uPVC \u00e9s alum\u00ednium opci\u00f3kat is k\u00edn\u00e1l, \u00e9s b\u0151v\u00edti h\u00e1l\u00f3zat\u00e1t a r\u00e9gi\u00f3ban.<\/li>\n<\/ul>\n\n\n\n<p><strong>Le\u00edr\u00e1s:<\/strong> Az AluPure, a Profine Group k\u00f6zel-keleti k\u00e9pvisel\u0151je, n\u00e9met tervez\u00e9s\u0171 UPVC rendszereket vezetett be a hagyom\u00e1nyosan alum\u00ednium \u00e1ltal uralt piacra. KBE, K\u00f6mmerling \u00e9s TROCAL rendszereik kiv\u00e1l\u00f3 h\u0151- \u00e9s hangszigetel\u00e9st k\u00edn\u00e1lnak a hagyom\u00e1nyos alum\u00ednium megold\u00e1sokhoz k\u00e9pest. N\u00f6veked\u00e9s\u00fck az energiahat\u00e9kony \u00e9p\u00edt\u0151elemek ir\u00e1nti n\u00f6vekv\u0151 keresletet t\u00fckr\u00f6zi, mivel az Egyes\u00fclt Arab Em\u00edrs\u00e9gek \u00e9p\u00edt\u00e9si el\u0151\u00edr\u00e1sai a fenntarthat\u00f3s\u00e1g fel\u00e9 haladnak.<\/p>\n\n\n\n<h3 class=\"wp-block-heading\">Alumil K\u00f6zel-Kelet<\/h3>\n\n\n\n<figure class=\"wp-block-image size-full\"><img loading=\"lazy\" decoding=\"async\" width=\"690\" height=\"300\" src=\"https:\/\/boswindor.com\/wp-content\/uploads\/2025\/05\/Alumil-Middle-East.jpg\" alt=\"\" class=\"wp-image-4896\" srcset=\"https:\/\/boswindor.com\/wp-content\/uploads\/2025\/05\/Alumil-Middle-East.jpg 690w, https:\/\/boswindor.com\/wp-content\/uploads\/2025\/05\/Alumil-Middle-East-300x130.jpg 300w, https:\/\/boswindor.com\/wp-content\/uploads\/2025\/05\/Alumil-Middle-East-18x8.jpg 18w\" sizes=\"(max-width: 690px) 100vw, 690px\" \/><figcaption class=\"wp-element-caption\">https:\/\/www.alumil.com\/uae<\/figcaption><\/figure>\n\n\n\n<ul class=\"wp-block-list\">\n<li><strong>Alkalmazotti l\u00e9tsz\u00e1m:<\/strong>\u00a0Becs\u00fclt 3000+<\/li>\n\n\n\n<li><strong>L\u00e9trehoz\u00e1s ideje:<\/strong> 1988-ban alap\u00edtott\u00e1k G\u00f6r\u00f6gorsz\u00e1gban.<\/li>\n\n\n\n<li>C\u00e9g sz\u00e9khelye: Jebel Ali Szabad \u00d6vezet (JAFZA), Dubai, Egyes\u00fclt Arab Em\u00edrs\u00e9gek.<\/li>\n\n\n\n<li><strong>F\u0151 term\u00e9kek:<\/strong> \u00c9p\u00edt\u00e9szeti alum\u00ednium rendszerek, F\u00fcgg\u00f6nyfal rendszerek, Ablakok, Ajt\u00f3k<\/li>\n\n\n\n<li><strong>C\u00e9g el\u0151nyei:<\/strong> Innovat\u00edv, tan\u00fas\u00edtott eur\u00f3pai rendszerek; sz\u00e9les term\u00e9kv\u00e1laszt\u00e9k; eszt\u00e9tikai sokoldal\u00fas\u00e1g; fenntarthat\u00f3s\u00e1gi szeml\u00e9let; er\u0151s helyi m\u0171szaki t\u00e1mogat\u00e1s v\u00e1ltozatos projektekhez.<\/li>\n<\/ul>\n\n\n\n<p><strong>Le\u00edr\u00e1s:<\/strong> A dubaji Jebel Ali szabad \u00f6vezetben sz\u00e9kel\u0151 Alumil Middle East az Alumil SA region\u00e1lis \u00e1ga, amely egy 1988-ban alap\u00edtott vezet\u0151 eur\u00f3pai multinacion\u00e1lis v\u00e1llalat, \u00e9s fejlett \u00e9p\u00edt\u00e9szeti alum\u00ednium rendszerekre specializ\u00e1l\u00f3dott. Kiterjedt portf\u00f3li\u00f3t k\u00edn\u00e1lnak, bele\u00e9rtve az innovat\u00edv ablakokat, ajt\u00f3kat, f\u00fcgg\u00f6nyfalakat, homlokzatokat \u00e9s pergol\u00e1kat. Az Alumil rendszereket kiv\u00e1l\u00f3 min\u0151s\u00e9g\u0171, eur\u00f3pai tervez\u00e9s\u0171 term\u00e9keikr\u0151l ismerik, amelyek megfelelnek a szigor\u00fa nemzetk\u00f6zi szabv\u00e1nyoknak. Az Alumil rendszereket sz\u00e9les k\u00f6rben haszn\u00e1lj\u00e1k rangos lak\u00f3-, kereskedelmi \u00e9s vend\u00e9gl\u00e1t\u00f3ipari projektekben az Egyes\u00fclt Arab Em\u00edrs\u00e9gekben \u00e9s a t\u00e1gabb K\u00f6zel-Keleten. A v\u00e1llalat priorit\u00e1sk\u00e9nt kezeli az innov\u00e1ci\u00f3t \u00e9s a fenntarthat\u00f3s\u00e1got, \u00e9s robusztus m\u0171szaki t\u00e1mogat\u00e1st ny\u00fajt az \u00e9p\u00edt\u00e9szeknek \u00e9s a gy\u00e1rt\u00f3knak, megszil\u00e1rd\u00edtva poz\u00edci\u00f3j\u00e1t, mint kulcsfontoss\u00e1g\u00fa szerepl\u0151 a r\u00e9gi\u00f3 \u00e9p\u00edt\u0151ipar\u00e1ban.<\/p>\n\n\n\n<h3 class=\"wp-block-heading\">Feh\u00e9r Alum\u00ednium Extrud\u00e1l\u00e1s Kft.<\/h3>\n\n\n\n<figure class=\"wp-block-image size-full\"><img loading=\"lazy\" decoding=\"async\" width=\"700\" height=\"370\" src=\"https:\/\/boswindor.com\/wp-content\/uploads\/2025\/05\/White-Aluminium-Extrusion-LLC.jpg\" alt=\"\" class=\"wp-image-4897\" srcset=\"https:\/\/boswindor.com\/wp-content\/uploads\/2025\/05\/White-Aluminium-Extrusion-LLC.jpg 700w, https:\/\/boswindor.com\/wp-content\/uploads\/2025\/05\/White-Aluminium-Extrusion-LLC-300x159.jpg 300w, https:\/\/boswindor.com\/wp-content\/uploads\/2025\/05\/White-Aluminium-Extrusion-LLC-18x10.jpg 18w\" sizes=\"(max-width: 700px) 100vw, 700px\" \/><figcaption class=\"wp-element-caption\">http:\/\/www.whiteextrusion.com\/<\/figcaption><\/figure>\n\n\n\n<ul class=\"wp-block-list\">\n<li><strong>Alkalmazotti l\u00e9tsz\u00e1m:<\/strong>\u00a0Becs\u00fclt 300+<\/li>\n\n\n\n<li><strong>L\u00e9trehoz\u00e1s ideje:<\/strong>\u00a01973-ban alap\u00edtott\u00e1k\u00a0<\/li>\n\n\n\n<li><strong>C\u00e9g telephelye:<\/strong> Abu Dhabi (k\u00f6zpont \u00e9s \u00fczem), Dubai (bemutat\u00f3terem), Egyes\u00fclt Arab Em\u00edrs\u00e9gek.<\/li>\n\n\n\n<li><strong>F\u0151 term\u00e9kek:<\/strong> Alum\u00ednium extrud\u00e1lt term\u00e9kek, saj\u00e1t fejleszt\u00e9s\u0171 \u00e9p\u00edt\u00e9szeti alum\u00ednium rendszerek (feh\u00e9r alum\u00ednium rendszerek) ablakokhoz, ajt\u00f3khoz, homlokzatokhoz; porfest\u00e9s \u00e9s h\u0151h\u00eddmentes\u00edt\u00e9s.<\/li>\n\n\n\n<li><strong>C\u00e9g el\u0151nyei:<\/strong> Az Egyes\u00fclt Arab Em\u00edrs\u00e9gek egyik \u00fatt\u00f6r\u0151 extrud\u00e1l\u00f3 v\u00e1llalata, integr\u00e1lt m\u0171veletekkel (extrud\u00e1l\u00e1s, kik\u00e9sz\u00edt\u00e9s, rendszertervez\u00e9s), er\u0151s jelenl\u00e9ttel az Abu Dhabi piacon, saj\u00e1t m\u00e1rk\u00e1s rendszereket k\u00edn\u00e1l az egyedi extrud\u00e1l\u00e1s mellett, jelent\u0151s termel\u00e9si kapacit\u00e1ssal.<\/li>\n<\/ul>\n\n\n\n<p><strong>Le\u00edr\u00e1s:<\/strong> A White Aluminium az Egyes\u00fclt Arab Em\u00edrs\u00e9gek alum\u00edniumipar\u00e1nak egyik alapvet\u0151 v\u00e1llalata, k\u00fcl\u00f6n\u00f6sen er\u0151s Abu Dhabiban. Nagym\u00e9ret\u0171 extruderk\u00e9nt m\u0171k\u00f6dnek, profilokat sz\u00e1ll\u00edtva m\u00e1soknak, valamint saj\u00e1t, szabadalmaztatott \u00e9p\u00edt\u00e9szeti alum\u00edniumrendszereik sz\u00e1ll\u00edt\u00f3jak\u00e9nt. Ez az integr\u00e1lt megk\u00f6zel\u00edt\u00e9s lehet\u0151v\u00e9 teszi sz\u00e1mukra a min\u0151s\u00e9g feletti ellen\u0151rz\u00e9st a tusk\u00f3t\u00f3l a k\u00e9sz profilrendszerig. \u00c9vtizedes tapasztalattal, kiterjedt gy\u00e1rt\u00f3\u00fczemekkel, bele\u00e9rtve a porfest\u0151 \u00e9s h\u0151t\u00f6r\u0151 sorokat, a projektek sz\u00e9les sk\u00e1l\u00e1j\u00e1t szolg\u00e1lj\u00e1k ki, \u00e9s robusztus rendszereikr\u0151l \u00e9s termel\u00e9si kapacit\u00e1sukr\u00f3l ismertek, mind a helyi, mind az exportpiacokat kiszolg\u00e1lva.<\/p>\n\n\n\n<hr class=\"wp-block-separator has-alpha-channel-opacity\"\/>\n\n\n\n<h2 class=\"wp-block-heading\">Konkl\u00fazi\u00f3: Az ide\u00e1lis partner megtal\u00e1l\u00e1sa az Egyes\u00fclt Arab Em\u00edrs\u00e9gekben<\/h2>\n\n\n\n<p>Az Egyes\u00fclt Arab Em\u00edrs\u00e9gek ajt\u00f3- \u00e9s ablakpiaca soksz\u00edn\u0171, glob\u00e1lis \u00f3ri\u00e1sokat, nagy helyi gy\u00e1rt\u00f3kat, speci\u00e1lis extrudereket \u00e9s k\u00e9pzett gy\u00e1rt\u00f3kat foglal mag\u00e1ban. A list\u00e1n szerepl\u0151 minden v\u00e1llalat egyedi er\u0151ss\u00e9gekkel rendelkezik, legyen sz\u00f3 ak\u00e1r a legmodernebb eur\u00f3pai technol\u00f3gi\u00e1r\u00f3l, a hatalmas helyi gy\u00e1rt\u00e1si m\u00e9retekr\u0151l, a speci\u00e1lis uPVC szak\u00e9rtelemr\u0151l vagy a t\u00f6bb \u00e9vtizedes projektv\u00e9grehajt\u00e1si tapasztalatr\u00f3l.<br>A megfelel\u0151 partner kiv\u00e1laszt\u00e1sa az adott projekt ig\u00e9nyeit\u0151l f\u00fcgg \u2013 a l\u00e9pt\u00e9kt\u0151l, a k\u00f6lts\u00e9gvet\u00e9st\u0151l, a m\u0171szaki k\u00f6vetelm\u00e9nyekt\u0151l, a tervez\u00e9si elv\u00e1r\u00e1sokt\u00f3l \u00e9s a k\u00edv\u00e1nt szolg\u00e1ltat\u00e1si szintt\u0151l.<\/p>\n\n\n<style>.elementor-2365 .elementor-element.elementor-element-3666e33{margin-top:20px;margin-bottom:20px;}.elementor-2365 .elementor-element.elementor-element-0fc0e23 .elementor-cta__content{min-height:100px;text-align:center;}.elementor-2365 .elementor-element.elementor-element-0fc0e23 .elementor-cta__title{font-size:32px;}.elementor-2365 .elementor-element.elementor-element-0fc0e23 .elementor-cta__description{font-size:20px;}.elementor-2365 .elementor-element.elementor-element-0fc0e23 .elementor-cta__button{background-color:var( --e-global-color-primary );border-color:var( --e-global-color-7fada61e );}.elementor-2365 .elementor-element.elementor-element-0fc0e23 .elementor-cta__button:hover{color:var( --e-global-color-secondary );border-color:var( --e-global-color-secondary );}.elementor-2365 .elementor-element.elementor-element-0fc0e23 .elementor-cta .elementor-cta__bg, .elementor-2365 .elementor-element.elementor-element-0fc0e23 .elementor-cta .elementor-cta__bg-overlay{transition-duration:1500ms;}.elementor-2365 .elementor-element.elementor-element-0fc0e23 > .elementor-widget-container{box-shadow:0px 0px 10px 0px rgba(0,0,0,0.5);}@media(max-width:767px){.elementor-2365 .elementor-element.elementor-element-0fc0e23 .elementor-cta__content{min-height:100px;text-align:center;}}<\/style>\t\t<div data-elementor-type=\"container\" data-elementor-id=\"2365\" class=\"elementor elementor-2365\" data-elementor-settings=\"{&quot;ha_cmc_init_switcher&quot;:&quot;no&quot;}\" data-elementor-post-type=\"elementor_library\">\n\t\t\t\t\t\t<section class=\"elementor-section elementor-top-section elementor-element elementor-element-3666e33 ct-section-stretched elementor-section-boxed elementor-section-height-default elementor-section-height-default\" data-id=\"3666e33\" data-element_type=\"section\" data-e-type=\"section\" data-settings=\"{&quot;_ha_eqh_enable&quot;:false}\">\n\t\t\t\t\t\t<div class=\"elementor-container elementor-column-gap-default\">\n\t\t\t\t\t<div class=\"elementor-column elementor-col-100 elementor-top-column elementor-element elementor-element-250bb9c\" data-id=\"250bb9c\" data-element_type=\"column\" data-e-type=\"column\">\n\t\t\t<div class=\"elementor-widget-wrap elementor-element-populated\">\n\t\t\t\t\t\t<div class=\"elementor-element elementor-element-0fc0e23 elementor-cta--layout-image-right elementor-cta--mobile-layout-image-above elementor-cta--skin-classic elementor-animated-content elementor-bg-transform elementor-bg-transform-zoom-in elementor-widget elementor-widget-call-to-action\" data-id=\"0fc0e23\" data-element_type=\"widget\" data-e-type=\"widget\" data-widget_type=\"call-to-action.default\">\n\t\t\t\t<div class=\"elementor-widget-container\">\n\t\t\t\t\t\t\t<a class=\"elementor-cta\" href=\"https:\/\/boswindor.com\/hu\/contact-us\/\">\n\t\t\t\t\t<div class=\"elementor-cta__bg-wrapper\">\n\t\t\t\t<div class=\"elementor-cta__bg elementor-bg\" style=\"background-image: url(https:\/\/boswindor.com\/wp-content\/uploads\/2025\/02\/Aluminum-Window-Walls-for-Living-Room.jpg);\" role=\"img\" aria-label=\"Alum\u00ednium ablakfalak nappalihoz\"><\/div>\n\t\t\t\t<div class=\"elementor-cta__bg-overlay\"><\/div>\n\t\t\t<\/div>\n\t\t\t\t\t\t\t<div class=\"elementor-cta__content\">\n\t\t\t\t\n\t\t\t\t\t\t\t\t\t<h3 class=\"elementor-cta__title elementor-cta__content-item elementor-content-item\">\n\t\t\t\t\t\tBoswindor\t\t\t\t\t<\/h3>\n\t\t\t\t\n\t\t\t\t\t\t\t\t\t<div class=\"elementor-cta__description elementor-cta__content-item elementor-content-item\">\n\t\t\t\t\t\tA Boswindor teljes k\u00f6r\u0171 megold\u00e1sokat k\u00edn\u00e1l minden ablak- \u00e9s ajt\u00f3ig\u00e9ny\u00e9re, a kezdeti konzult\u00e1ci\u00f3t\u00f3l \u00e9s tervez\u00e9st\u0151l kezdve a gy\u00e1rt\u00e1son \u00e9s a kisz\u00e1ll\u00edt\u00e1son \u00e1t.\t\t\t\t\t<\/div>\n\t\t\t\t\n\t\t\t\t\t\t\t\t\t<div class=\"elementor-cta__button-wrapper elementor-cta__content-item elementor-content-item\">\n\t\t\t\t\t<span class=\"elementor-cta__button elementor-button elementor-size-\">\n\t\t\t\t\t\tK\u00c9RJEN \u00c1RAJ\u00c1NLATOT MOST\t\t\t\t\t<\/span>\n\t\t\t\t\t<\/div>\n\t\t\t\t\t\t\t<\/div>\n\t\t\t\t\t\t<\/a>\n\t\t\t\t\t\t<\/div>\n\t\t\t\t<\/div>\n\t\t\t\t\t<\/div>\n\t\t<\/div>\n\t\t\t\t\t<\/div>\n\t\t<\/section>\n\t\t\t\t<\/div>\n\t\t\n\n\n\n<p>Mint <a href=\"https:\/\/boswindor.com\/hu\/\"><mark style=\"background-color:rgba(0, 0, 0, 0);color:#ff6900\" class=\"has-inline-color\">Boswindor<\/mark><\/a>, meggy\u0151z\u0151 kombin\u00e1ci\u00f3t hozunk erre a dinamikus piacra: vil\u00e1gsz\u00ednvonal\u00fa gy\u00e1rt\u00e1si kapacit\u00e1sainkat nemzetk\u00f6zi b\u00e1zisunkr\u00f3l, valamint elk\u00f6telezett helyi t\u00e1mogat\u00e1st dubaji szervizk\u00f6zpontunkon kereszt\u00fcl. Szakter\u00fclet\u00fcnk a kiv\u00e1l\u00f3 min\u0151s\u00e9g\u0171, egyedi ajt\u00f3- \u00e9s ablakmegold\u00e1sok biztos\u00edt\u00e1sa, amelyeket az \u00e9p\u00edt\u0151k, fejleszt\u0151k, tervez\u0151k \u00e9s lak\u00e1stulajdonosok egyedi ig\u00e9nyeihez igaz\u00edtunk az Egyes\u00fclt Arab Em\u00edrs\u00e9gek eg\u00e9sz ter\u00fclet\u00e9n. <a href=\"https:\/\/boswindor.com\/hu\/contact-us\/\"><mark style=\"background-color:rgba(0, 0, 0, 0);color:#ff6900\" class=\"has-inline-color\">Felk\u00e9rj\u00fck, hogy fedezze fel, hogyan v\u00e1lhat a min\u0151s\u00e9g, az innov\u00e1ci\u00f3 \u00e9s az \u00fcgyf\u00e9lszolg\u00e1lat ir\u00e1nti elk\u00f6telezetts\u00e9g\u00fcnk a k\u00f6vetkez\u0151 projektj\u00e9hez.<\/mark><\/a><\/p>","protected":false},"excerpt":{"rendered":"<p>Az Egyes\u00fclt Arab Em\u00edrs\u00e9gek az \u00e9p\u00edt\u00e9szeti csod\u00e1k f\u00f6ldje, ahol a leny\u0171g\u00f6z\u0151 vill\u00e1k tal\u00e1lkoznak a hatalmas felh\u0151karcol\u00f3kkal. Minden \u00e9p\u00fclet szerves r\u00e9sz\u00e9t k\u00e9pezik az ablakok \u00e9s ajt\u00f3k, amelyek kritikus fontoss\u00e1g\u00faak az eszt\u00e9tika, a biztons\u00e1g, az energiahat\u00e9konys\u00e1g \u00e9s az \u00e1ltal\u00e1nos k\u00e9nyelem szempontj\u00e1b\u00f3l.<\/p>\n<p>A megfelel\u0151 ablak- \u00e9s ajt\u00f3gy\u00e1rt\u00f3 c\u00e9g kiv\u00e1laszt\u00e1sa kulcsfontoss\u00e1g\u00fa, ak\u00e1r h\u00e1ztulajdonos, \u00e9p\u00edt\u0151ipari v\u00e1llalkoz\u00f3, \u00e9p\u00edt\u00e9sz vagy bels\u0151\u00e9p\u00edt\u00e9sz vagy.<\/p>\n<p>Ez az \u00fatmutat\u00f3 bemutatja az Egyes\u00fclt Arab Em\u00edrs\u00e9gek 10 legnagyobb ablak- \u00e9s ajt\u00f3gy\u00e1rt\u00f3 c\u00e9g\u00e9t, \u00e1tfog\u00f3 \u00e1ttekint\u00e9st ny\u00fajtva, hogy seg\u00edtsen megalapozott d\u00f6nt\u00e9seket hozni.<\/p>","protected":false},"author":3,"featured_media":4880,"comment_status":"open","ping_status":"open","sticky":false,"template":"","format":"standard","meta":{"footnotes":""},"categories":[10],"tags":[],"class_list":["post-4875","post","type-post","status-publish","format-standard","has-post-thumbnail","hentry","category-windows-doors"],"blocksy_meta":[],"_links":{"self":[{"href":"https:\/\/boswindor.com\/hu\/wp-json\/wp\/v2\/posts\/4875","targetHints":{"allow":["GET"]}}],"collection":[{"href":"https:\/\/boswindor.com\/hu\/wp-json\/wp\/v2\/posts"}],"about":[{"href":"https:\/\/boswindor.com\/hu\/wp-json\/wp\/v2\/types\/post"}],"author":[{"embeddable":true,"href":"https:\/\/boswindor.com\/hu\/wp-json\/wp\/v2\/users\/3"}],"replies":[{"embeddable":true,"href":"https:\/\/boswindor.com\/hu\/wp-json\/wp\/v2\/comments?post=4875"}],"version-history":[{"count":5,"href":"https:\/\/boswindor.com\/hu\/wp-json\/wp\/v2\/posts\/4875\/revisions"}],"predecessor-version":[{"id":4901,"href":"https:\/\/boswindor.com\/hu\/wp-json\/wp\/v2\/posts\/4875\/revisions\/4901"}],"wp:featuredmedia":[{"embeddable":true,"href":"https:\/\/boswindor.com\/hu\/wp-json\/wp\/v2\/media\/4880"}],"wp:attachment":[{"href":"https:\/\/boswindor.com\/hu\/wp-json\/wp\/v2\/media?parent=4875"}],"wp:term":[{"taxonomy":"category","embeddable":true,"href":"https:\/\/boswindor.com\/hu\/wp-json\/wp\/v2\/categories?post=4875"},{"taxonomy":"post_tag","embeddable":true,"href":"https:\/\/boswindor.com\/hu\/wp-json\/wp\/v2\/tags?post=4875"}],"curies":[{"name":"munkaf\u00fczet","href":"https:\/\/api.w.org\/{rel}","templated":true}]}}