{"id":4643,"date":"2025-05-06T21:43:55","date_gmt":"2025-05-07T05:43:55","guid":{"rendered":"https:\/\/boswindor.com\/?p=4643"},"modified":"2025-06-04T19:35:49","modified_gmt":"2025-06-05T03:35:49","slug":"pella-vs-andersen-comparing-quality-features-cost","status":"publish","type":"post","link":"https:\/\/boswindor.com\/hu\/pella-vs-andersen-comparing-quality-features-cost\/","title":{"rendered":"Pella vs. Andersen Windows: Min\u0151s\u00e9g, Jellemz\u0151k \u00e9s K\u00f6lts\u00e9g \u00d6sszehasonl\u00edt\u00e1sa"},"content":{"rendered":"<h2 class=\"wp-block-heading\">Melyek a f\u0151 k\u00fcl\u00f6nbs\u00e9gek a Pella \u00e9s az Andersen Windows k\u00f6z\u00f6tt?<\/h2>\n\n\n\n<figure class=\"wp-block-image size-full\"><img fetchpriority=\"high\" decoding=\"async\" width=\"920\" height=\"440\" src=\"https:\/\/boswindor.com\/wp-content\/uploads\/2025\/05\/Andersen-windows.jpg\" alt=\"\" class=\"wp-image-4652\" srcset=\"https:\/\/boswindor.com\/wp-content\/uploads\/2025\/05\/Andersen-windows.jpg 920w, https:\/\/boswindor.com\/wp-content\/uploads\/2025\/05\/Andersen-windows-300x143.jpg 300w, https:\/\/boswindor.com\/wp-content\/uploads\/2025\/05\/Andersen-windows-768x367.jpg 768w, https:\/\/boswindor.com\/wp-content\/uploads\/2025\/05\/Andersen-windows-18x9.jpg 18w\" sizes=\"(max-width: 920px) 100vw, 920px\" \/><figcaption class=\"wp-element-caption\">Andersen-ablakok<\/figcaption><\/figure>\n\n\n\n<p>A Pella \u00e9s az Andersen ablakok \u00f6sszehasonl\u00edt\u00e1sakor sz\u00e1mos kulcsfontoss\u00e1g\u00fa k\u00fcl\u00f6nbs\u00e9g mutatkozik. Mindk\u00e9t v\u00e1llalat vezet\u0151 szerepet t\u00f6lt be az ablakiparban, de anyagk\u00edn\u00e1latukban, \u00e1rpontjaikban \u00e9s be\u00e9p\u00edt\u00e9si m\u00f3dszereikben k\u00fcl\u00f6nb\u00f6znek.<\/p>\n\n\n\n<p><a href=\"https:\/\/www.andersenwindows.com\/\" target=\"_blank\" rel=\"noopener\">Andersen-ablakok<\/a> jellemz\u0151en a f\u00e1ra \u00f6sszpontos\u00edtanak <a href=\"https:\/\/www.andersenwindows.com\/windows-and-doors\/materials\/composite-windows-doors\/\" target=\"_blank\" rel=\"noopener\">Fibrex <\/a>(saj\u00e1t fejleszt\u00e9s\u0171 kompozit anyaguk), amely kiv\u00e1l\u00f3 tart\u00f3ss\u00e1got \u00e9s h\u0151szigetel\u00e9st k\u00edn\u00e1l. Term\u00e9kk\u00edn\u00e1latuk a k\u00f6lts\u00e9gvet\u00e9sbar\u00e1t opci\u00f3kt\u00f3l a pr\u00e9mium megold\u00e1sokig terjed, \u00edgy sokoldal\u00faan haszn\u00e1lhat\u00f3k k\u00fcl\u00f6nf\u00e9le projektekhez. Az Andersen Corporation t\u00f6bb mint egy \u00e9vsz\u00e1zaddal ezel\u0151tt alakult, \u00e9s a megb\u00edzhat\u00f3s\u00e1g \u00e9s az innov\u00e1ci\u00f3 ter\u00e9n szerzett h\u00edrnevet.<\/p>\n\n\n\n<p><a href=\"https:\/\/www.pella.com\/\" target=\"_blank\" rel=\"noopener\">Pella ablak<\/a> A k\u00edn\u00e1lat ezzel szemben v\u00e1ltozatos anyagv\u00e1laszt\u00e9kkal t\u0171nik ki, bele\u00e9rtve a f\u00e1t, az \u00fcvegsz\u00e1lat \u00e9s a vinilt. A Pella egyedi funkci\u00f3kat is k\u00edn\u00e1l, mint p\u00e9ld\u00e1ul az \u00fcvegk\u00f6zi red\u0151ny\u00f6k \u00e9s \u00e1rny\u00e9kol\u00f3k, amelyek t\u00f6k\u00e9letesek a tiszta, allerg\u00e9nmentes k\u00f6rnyezet fenntart\u00e1s\u00e1hoz. A Pella Corporation egy olyan diz\u00e1jn-k\u00f6zpont\u00fa v\u00e1llalatk\u00e9nt pozicion\u00e1lta mag\u00e1t, amely minden \u00e9p\u00edt\u00e9szeti st\u00edlushoz k\u00edn\u00e1l megold\u00e1sokat.<\/p>\n\n\n\n<p>Sz\u00e1mos v\u00e1s\u00e1rl\u00f3i v\u00e9lem\u00e9ny szerint mindk\u00e9t m\u00e1rka kiv\u00e1l\u00f3 min\u0151s\u00e9get ny\u00fajt, de az \u00d6n konkr\u00e9t priorit\u00e1sai hat\u00e1rozz\u00e1k meg, hogy melyik illik jobban a projektj\u00e9hez.<\/p>\n\n\n\n<h2 class=\"wp-block-heading\">Hogyan viszonyulnak a Renewal by Andersen \u00e9s a Pella&#039;s Installation Services szolg\u00e1ltat\u00e1sai?<\/h2>\n\n\n\n<figure class=\"wp-block-image size-full\"><img decoding=\"async\" width=\"920\" height=\"320\" src=\"https:\/\/boswindor.com\/wp-content\/uploads\/2025\/05\/Pella.jpg\" alt=\"\" class=\"wp-image-4654\" srcset=\"https:\/\/boswindor.com\/wp-content\/uploads\/2025\/05\/Pella.jpg 920w, https:\/\/boswindor.com\/wp-content\/uploads\/2025\/05\/Pella-300x104.jpg 300w, https:\/\/boswindor.com\/wp-content\/uploads\/2025\/05\/Pella-768x267.jpg 768w, https:\/\/boswindor.com\/wp-content\/uploads\/2025\/05\/Pella-18x6.jpg 18w\" sizes=\"(max-width: 920px) 100vw, 920px\" \/><figcaption class=\"wp-element-caption\">Pella<\/figcaption><\/figure>\n\n\n\n<p>Az Andersen ablakcsere r\u00e9szlege, a Renewal by Andersen, teljes k\u00f6r\u0171 szolg\u00e1ltat\u00e1st ny\u00fajt. A kiskeresked\u0151k\u00f6n kereszt\u00fcl t\u00f6rt\u00e9n\u0151 ablakv\u00e1s\u00e1rl\u00e1ssal ellent\u00e9tben a Renewal by Andersen m\u00e1rka ablak-plusz beszerel\u00e9si csomagokat k\u00edn\u00e1l hivatalos Andersen v\u00e1llalkoz\u00f3kt\u00f3l. Ez a kulcsrak\u00e9sz megk\u00f6zel\u00edt\u00e9s sz\u00fcks\u00e9gtelenn\u00e9 teszi az Andersennel val\u00f3 k\u00f6zvetlen szerz\u0151d\u00e9sk\u00f6t\u00e9st vagy k\u00fcl\u00f6n szerel\u0151k felkutat\u00e1s\u00e1t.<\/p>\n\n\n\n<p>A Pella professzion\u00e1lis telep\u00edt\u00e9si szolg\u00e1ltat\u00e1sokat is k\u00edn\u00e1l min\u0151s\u00edtett szerel\u0151k h\u00e1l\u00f3zat\u00e1n kereszt\u00fcl. Felkeresheti a pella tervez\u0151k\u00f6zpontjait, hogy megismerkedjen a lehet\u0151s\u00e9gekkel \u00e9s megbesz\u00e9lje a telep\u00edt\u00e9st. A helyi pella keresked\u0151 \u00e1ltal\u00e1ban kezeli mind a term\u00e9k kiv\u00e1laszt\u00e1s\u00e1t, mind a telep\u00edt\u00e9si folyamatot, \u00edgy g\u00f6rd\u00fcl\u00e9kenyebb \u00e9lm\u00e9nyt ny\u00fajt.<\/p>\n\n\n\n<p>Mindk\u00e9t c\u00e9g b\u00fcszke a telep\u00edt\u00e9si szolg\u00e1ltat\u00e1saira, de vannak jelent\u0151s k\u00fcl\u00f6nbs\u00e9gek:<\/p>\n\n\n\n<figure class=\"wp-block-table is-style-stripes\"><table class=\"has-palette-color-5-background-color has-background has-fixed-layout\"><thead><tr><th>Funkci\u00f3<\/th><th>Andersen meg\u00faj\u00edt\u00e1sa<\/th><th>Pella<\/th><\/tr><\/thead><tbody><tr><td>Telep\u00edt\u00e9si megk\u00f6zel\u00edt\u00e9s<\/td><td>Exkluz\u00edv bels\u0151 csapatok<\/td><td>Tan\u00fas\u00edtott v\u00e1llalkoz\u00f3i h\u00e1l\u00f3zat<\/td><\/tr><tr><td>J\u00f3t\u00e1ll\u00e1si fedezet<\/td><td>A term\u00e9ket \u00e9s a telep\u00edt\u00e9st is lefedi<\/td><td>Keresked\u0151nk\u00e9nt v\u00e1ltoz\u00f3<\/td><\/tr><tr><td>Testreszab\u00e1s<\/td><td>Minden ny\u00edl\u00e1shoz egyedi m\u00e9retez\u00e9ssel<\/td><td>Sz\u00e9les v\u00e1laszt\u00e9k standard \u00e9s egyedi m\u00e9retekb\u0151l<\/td><\/tr><tr><td>Id\u0151vonal<\/td><td>\u00c1ltal\u00e1ban hosszabb \u00e1tfut\u00e1si id\u0151k<\/td><td>Gyakran gyorsabb a m\u00e9r\u00e9st\u0151l a telep\u00edt\u00e9sig<\/td><\/tr><\/tbody><\/table><\/figure>\n\n\n\n<p>Nagyobb l\u00e9pt\u00e9k\u0171 projektekhez, mint p\u00e9ld\u00e1ul sz\u00e1llod\u00e1k vagy t\u00f6bblak\u00e1sos \u00e9p\u00fcletek, mindk\u00e9t v\u00e1llalat kereskedelmi r\u00e9szlegeket k\u00edn\u00e1l, amelyek speci\u00e1lis projektmenedzsmenttel k\u00e9pesek kezelni a nagy mennyis\u00e9g\u0171 megrendel\u00e9seket.<\/p>\n\n\n\n<h2 class=\"wp-block-heading\">Mit \u00e1rulnak el a v\u00e1s\u00e1rl\u00f3i v\u00e9lem\u00e9nyek a min\u0151s\u00e9gr\u0151l \u00e9s a szolg\u00e1ltat\u00e1sr\u00f3l?<\/h2>\n\n\n\n<figure class=\"wp-block-image size-full\"><img decoding=\"async\" width=\"920\" height=\"500\" src=\"https:\/\/boswindor.com\/wp-content\/uploads\/2025\/05\/Andersen-Installation-Team.jpg\" alt=\"\" class=\"wp-image-4656\" srcset=\"https:\/\/boswindor.com\/wp-content\/uploads\/2025\/05\/Andersen-Installation-Team.jpg 920w, https:\/\/boswindor.com\/wp-content\/uploads\/2025\/05\/Andersen-Installation-Team-300x163.jpg 300w, https:\/\/boswindor.com\/wp-content\/uploads\/2025\/05\/Andersen-Installation-Team-768x417.jpg 768w, https:\/\/boswindor.com\/wp-content\/uploads\/2025\/05\/Andersen-Installation-Team-18x10.jpg 18w\" sizes=\"(max-width: 920px) 100vw, 920px\" \/><figcaption class=\"wp-element-caption\">Andersen telep\u00edt\u0151csapat<\/figcaption><\/figure>\n\n\n\n<p>A v\u00e1s\u00e1rl\u00f3i v\u00e9lem\u00e9nyek \u00e9rt\u00e9kes betekint\u00e9st ny\u00fajtanak mind a Pella, mind az Andersen ablakok val\u00f3s teljes\u00edtm\u00e9ny\u00e9be. A Better Business Bureau \u00e9s m\u00e1s \u00e9rt\u00e9kel\u0151 platformok szerint mindk\u00e9t v\u00e1llalat tiszteletre m\u00e9lt\u00f3 \u00e9rt\u00e9kel\u00e9st tart fenn, b\u00e1r egyik sem panaszmentes.<\/p>\n\n\n\n<p><strong>Andersenhez f\u0171z\u0151d\u0151 gyakori dics\u00e9retek:<\/strong><\/p>\n\n\n\n<ul class=\"wp-block-list\">\n<li>Kiv\u00e9teles tart\u00f3ss\u00e1g \u00e9s hossz\u00fa \u00e9lettartam<\/li>\n\n\n\n<li>Kiv\u00e1l\u00f3 id\u0151j\u00e1r\u00e1s\u00e1ll\u00f3s\u00e1g<\/li>\n\n\n\n<li>Kiv\u00e1l\u00f3 energiahat\u00e9konys\u00e1g<\/li>\n\n\n\n<li>Reag\u00e1l\u00f3 \u00fcgyf\u00e9lszolg\u00e1lat<\/li>\n<\/ul>\n\n\n\n<p><strong>Gyakori dics\u00e9retek Pella sz\u00e1m\u00e1ra:<\/strong><\/p>\n\n\n\n<ul class=\"wp-block-list\">\n<li>Gy\u00f6ny\u00f6r\u0171 eszt\u00e9tika \u00e9s diz\u00e1jnlehet\u0151s\u00e9gek<\/li>\n\n\n\n<li>Innovat\u00edv funkci\u00f3k, mint p\u00e9ld\u00e1ul a be\u00e9p\u00edtett red\u0151ny\u00f6k<\/li>\n\n\n\n<li>Z\u00f6kken\u0151mentes m\u0171k\u00f6d\u00e9s id\u0151vel<\/li>\n\n\n\n<li>Sokoldal\u00fa anyagv\u00e1laszt\u00e9k<\/li>\n<\/ul>\n\n\n\n<p>\u00c9rdemes megjegyezni, hogy a Pella \u00e9s Andersen term\u00e9kekkel kapcsolatos panaszok jellemz\u0151en a telep\u00edt\u00e9si probl\u00e9m\u00e1kra, nem pedig a term\u00e9k min\u0151s\u00e9g\u00e9re vonatkoznak. Ez kiemeli a k\u00e9pzett szerel\u0151k kiv\u00e1laszt\u00e1s\u00e1nak fontoss\u00e1g\u00e1t, ak\u00e1r a gy\u00e1rt\u00f3k h\u00e1l\u00f3zat\u00e1n kereszt\u00fcl, ak\u00e1r f\u00fcggetlen\u00fcl.<\/p>\n\n\n\n<h2 class=\"wp-block-heading\">Olcs\u00f3bbak a Pella ablakok, mint az Andersen ablakok?<\/h2>\n\n\n\n<figure class=\"wp-block-image size-full\"><img loading=\"lazy\" decoding=\"async\" width=\"920\" height=\"400\" src=\"https:\/\/boswindor.com\/wp-content\/uploads\/2024\/11\/Your-Top-3-Windows-Doors-Manufacturer-from-China.jpg\" alt=\"\" class=\"wp-image-490\" srcset=\"https:\/\/boswindor.com\/wp-content\/uploads\/2024\/11\/Your-Top-3-Windows-Doors-Manufacturer-from-China.jpg 920w, https:\/\/boswindor.com\/wp-content\/uploads\/2024\/11\/Your-Top-3-Windows-Doors-Manufacturer-from-China-300x130.jpg 300w, https:\/\/boswindor.com\/wp-content\/uploads\/2024\/11\/Your-Top-3-Windows-Doors-Manufacturer-from-China-768x334.jpg 768w\" sizes=\"(max-width: 920px) 100vw, 920px\" \/><figcaption class=\"wp-element-caption\">A 3 legjobb egyedi ablak- \u00e9s ajt\u00f3gy\u00e1rt\u00f3 K\u00edn\u00e1b\u00f3l<\/figcaption><\/figure>\n\n\n\n<p>Ami a pr\u00e9mium ablakm\u00e1rk\u00e1k k\u00f6lts\u00e9geinek \u00f6sszehasonl\u00edt\u00e1s\u00e1t illeti, a v\u00e1lasz nem egy\u00e9rtelm\u0171. \u00c1ltal\u00e1noss\u00e1gban elmondhat\u00f3, hogy az Andersen ablakok \u00e1ra magasabb, mint a hasonl\u00f3 Pella modellek\u00e9, de ez term\u00e9kcsal\u00e1donk\u00e9nt jelent\u0151sen elt\u00e9r.<\/p>\n\n\n\n<p><strong>Az ablakok \u00e1r\u00e1t befoly\u00e1sol\u00f3 t\u00e9nyez\u0151k:<\/strong><\/p>\n\n\n\n<ul class=\"wp-block-list\">\n<li>Anyagv\u00e1laszt\u00e1s (a fa \u00e1ltal\u00e1ban a legdr\u00e1g\u00e1bb)<\/li>\n\n\n\n<li>Ablakst\u00edlus (a speci\u00e1lis form\u00e1k dr\u00e1g\u00e1bbak)<\/li>\n\n\n\n<li>Energiahat\u00e9konys\u00e1gi jellemz\u0151k<\/li>\n\n\n\n<li>\u00dcvegez\u00e9si lehet\u0151s\u00e9gek \u00e9s kezel\u00e9sek<\/li>\n\n\n\n<li>M\u00e9ret \u00e9s mennyis\u00e9g<\/li>\n\n\n\n<li>Telep\u00edt\u00e9si bonyolults\u00e1g<\/li>\n<\/ul>\n\n\n\n<p>K\u00f6lts\u00e9gtudatos projektek eset\u00e9n a Pella vinil ablakcsal\u00e1djai gyakran olcs\u00f3bbak, mint az Andersen ablakok, k\u00fcl\u00f6n\u00f6sen az Andersen 100-as sorozat. A pr\u00e9mium fa ablakok \u00f6sszehasonl\u00edt\u00e1sakor azonban az \u00e1rk\u00fcl\u00f6nbs\u00e9g jelent\u0151sen cs\u00f6kken.<\/p>\n\n\n\n<p>A projekthez sz\u00fcks\u00e9ges ablakok sz\u00e1ma nyilv\u00e1nval\u00f3an befoly\u00e1solja a teljes k\u00f6lts\u00e9get. Nagyobb l\u00e9pt\u00e9k\u0171 kereskedelmi projektek eset\u00e9n mindk\u00e9t gy\u00e1rt\u00f3 mennyis\u00e9gi kedvezm\u00e9nyt k\u00edn\u00e1l, amely jelent\u0151sen cs\u00f6kkentheti az egys\u00e9g\u00e1rakat.<\/p>\n\n\n\n<p>A k\u00f6lts\u00e9gek kapcs\u00e1n mindenk\u00e9ppen meg kell eml\u00edtenem a Boswindort, egy k\u00ednai ablak- \u00e9s ajt\u00f3gy\u00e1rt\u00f3 c\u00e9get. \u0150k K\u00edna vezet\u0151 besz\u00e1ll\u00edt\u00f3i gy\u00e1rai, \u00e9s abszol\u00fat \u00e1rel\u0151nnyel rendelkeznek. Ugyanakkor a Boswindor CE, CSA \u00e9s NFRC tan\u00fas\u00edtv\u00e1nyokkal is rendelkezik. Amellett, hogy megfelel a legmagasabb szint\u0171 term\u00e9kmin\u0151s\u00e9gnek, rengeteg p\u00e9nzt is megtakar\u00edt az \u00fcgyfeleknek.\u00a0<\/p>\n\n\n\n<p><br>Viszont, <a href=\"https:\/\/boswindor.com\/hu\/\"><mark style=\"background-color:rgba(0, 0, 0, 0);color:#ff4f01\" class=\"has-inline-color\">Boswindor<\/mark><\/a> jelenleg csak helyi szervizk\u00f6zpontokkal rendelkezik Los Angelesben \u00e9s <a href=\"https:\/\/boswindor.com\/hu\/aluminum-sliding-door-dubai\/\"><mark style=\"background-color:rgba(0, 0, 0, 0);color:#ff4f01\" class=\"has-inline-color\">Dubai<\/mark><\/a>, \u00e9s nincs el\u0151nye a helysz\u00edni szolg\u00e1ltat\u00e1sok, p\u00e9ld\u00e1ul a m\u00e9r\u00e9s \u00e9s a telep\u00edt\u00e9s ter\u00e9n. M\u00e1s r\u00e9gi\u00f3kban csak k\u00fcls\u0151 szakembereknek szervezhetik ki a feladatokat. R\u00f6viden, a k\u00f6lts\u00e9ghat\u00e9konys\u00e1g szempontj\u00e1b\u00f3l a Boswindor mindenk\u00e9ppen nagyon j\u00f3 \u00f6tlet, \u00e9s \u00e9rdemes megfontolni az Andersen vagy a Pella alternat\u00edv\u00e1jak\u00e9nt.<\/p>\n\n\n\n<h2 class=\"wp-block-heading\">Melyik m\u00e1rka k\u00edn\u00e1l jobb ablakst\u00edlusokat \u00e9s testreszab\u00e1si lehet\u0151s\u00e9geket?<\/h2>\n\n\n\n<figure class=\"wp-block-image size-full\"><img loading=\"lazy\" decoding=\"async\" width=\"920\" height=\"480\" src=\"https:\/\/boswindor.com\/wp-content\/uploads\/2025\/05\/Pella-250-Series-Sliding-Doors.jpg\" alt=\"\" class=\"wp-image-4668\" srcset=\"https:\/\/boswindor.com\/wp-content\/uploads\/2025\/05\/Pella-250-Series-Sliding-Doors.jpg 920w, https:\/\/boswindor.com\/wp-content\/uploads\/2025\/05\/Pella-250-Series-Sliding-Doors-300x157.jpg 300w, https:\/\/boswindor.com\/wp-content\/uploads\/2025\/05\/Pella-250-Series-Sliding-Doors-768x401.jpg 768w, https:\/\/boswindor.com\/wp-content\/uploads\/2025\/05\/Pella-250-Series-Sliding-Doors-18x9.jpg 18w\" sizes=\"(max-width: 920px) 100vw, 920px\" \/><figcaption class=\"wp-element-caption\">Pella 250 sorozat\u00fa tol\u00f3ajt\u00f3k<\/figcaption><\/figure>\n\n\n\n<p>Mind a Pella, mind az Andersen sz\u00e9lesk\u00f6r\u0171 ablakst\u00edlusokat k\u00edn\u00e1l, amelyek gyakorlatilag b\u00e1rmilyen \u00e9p\u00edt\u00e9szeti tervhez illeszkednek. A hagyom\u00e1nyost\u00f3l a <a href=\"https:\/\/boswindor.com\/hu\/double-hung-windows-guide\/\"><mark style=\"background-color:rgba(0, 0, 0, 0);color:#ff4f01\" class=\"has-inline-color\">dupla f\u00fcgg\u0151 ablakok<\/mark><\/a> modernnek <a href=\"https:\/\/boswindor.com\/hu\/discover-the-beauty-and-advantages-of-picture-windows-and-fixed-windows-in-modern-architecture\/\"><mark style=\"background-color:rgba(0, 0, 0, 0);color:#ff4f01\" class=\"has-inline-color\">k\u00e9pablakok<\/mark><\/a>mindk\u00e9t gy\u00e1rt\u00f3 minden eszt\u00e9tikai ig\u00e9nyhez k\u00edn\u00e1l opci\u00f3kat.<\/p>\n\n\n\n<p><strong>Andersen kiemelked\u0151 ablakst\u00edlusai:<\/strong><\/p>\n\n\n\n<ul class=\"wp-block-list\">\n<li>T\u00f6bbpontos z\u00e1rrendszerrel ell\u00e1tott tokos ablakok<\/li>\n\n\n\n<li>A sorozat\u00fa \u00e9p\u00edt\u00e9szeti ablakok hiteles korabeli r\u00e9szletekkel<\/li>\n\n\n\n<li>E-sorozat\u00fa, egyedi form\u00e1j\u00fa ablakok<\/li>\n\n\n\n<li>M\u0171v\u00e9szi \u00fcveg opci\u00f3k a jellegzetes diz\u00e1jnokhoz<\/li>\n<\/ul>\n\n\n\n<p><strong>Pella leny\u0171g\u00f6z\u0151 k\u00edn\u00e1lata:<\/strong><\/p>\n\n\n\n<ul class=\"wp-block-list\">\n<li>Proline tokos ablaksorozat v\u00e9kony profilokkal<\/li>\n\n\n\n<li>Designer sorozat\u00fa ablakok \u00fcvegk\u00f6zi rol\u00f3val<\/li>\n\n\n\n<li>\u00c9p\u00edt\u00e9sz sorozat t\u00f6rt\u00e9nelmileg pontos r\u00e9szletekkel<\/li>\n\n\n\n<li>Hurrik\u00e1n besorol\u00e1s\u00fa becsap\u00f3d\u00e1si ablakok part menti ter\u00fcletekre<\/li>\n<\/ul>\n\n\n\n<p>Egyedi projektekhez mind az Andersen, mind a Pella tervez\u00e9si szolg\u00e1ltat\u00e1sokat k\u00edn\u00e1l. A Pella azonban t\u00f6bb \u00fcvegfel\u00fclet k\u00f6z\u00f6tti funkci\u00f3t is k\u00edn\u00e1l, m\u00edg az Andersen az egyedi form\u00e1kban \u00e9s k\u00fcls\u0151 sz\u00ednv\u00e1laszt\u00e9kban jeleskedik.<\/p>\n\n\n\n<h2 class=\"wp-block-heading\">Hogyan viszonyulnak az energiahat\u00e9konys\u00e1gi besorol\u00e1sok a m\u00e1rk\u00e1k k\u00f6z\u00f6tt?<\/h2>\n\n\n\n<figure class=\"wp-block-image size-full\"><img loading=\"lazy\" decoding=\"async\" width=\"920\" height=\"480\" src=\"https:\/\/boswindor.com\/wp-content\/uploads\/2025\/05\/Pella-Company.jpg\" alt=\"\" class=\"wp-image-4660\" srcset=\"https:\/\/boswindor.com\/wp-content\/uploads\/2025\/05\/Pella-Company.jpg 920w, https:\/\/boswindor.com\/wp-content\/uploads\/2025\/05\/Pella-Company-300x157.jpg 300w, https:\/\/boswindor.com\/wp-content\/uploads\/2025\/05\/Pella-Company-768x401.jpg 768w, https:\/\/boswindor.com\/wp-content\/uploads\/2025\/05\/Pella-Company-18x9.jpg 18w\" sizes=\"(max-width: 920px) 100vw, 920px\" \/><figcaption class=\"wp-element-caption\">Pella V\u00e1llalat<\/figcaption><\/figure>\n\n\n\n<p>A mai k\u00f6rnyezettudatos \u00e9s k\u00f6lts\u00e9g\u00e9rz\u00e9keny piacon... <a href=\"https:\/\/boswindor.com\/hu\/maximize-savings-with-energy-efficient-windows\/\"><mark style=\"background-color:rgba(0, 0, 0, 0);color:#ff4f01\" class=\"has-inline-color\">energiahat\u00e9kony ablakok<\/mark><\/a> m\u00e1r nem opcion\u00e1lisak \u2013 elengedhetetlenek. Mind az ablak-, mind az ajt\u00f3gy\u00e1rt\u00f3k k\u00edn\u00e1lnak ENERGY STAR\u00ae min\u0151s\u00edt\u00e9s\u0171 term\u00e9keket, de a megk\u00f6zel\u00edt\u00e9seikben vannak k\u00fcl\u00f6nbs\u00e9gek.<\/p>\n\n\n\n<p>Az Andersen leny\u0171g\u00f6z\u0151, ak\u00e1r 0,25-\u00f6s U-t\u00e9nyez\u0151vel (h\u0151\u00e1tad\u00e1st m\u00e9r\u0151) rendelkez\u0151 modelleket k\u00edn\u00e1l, amelyek a legt\u00f6bb r\u00e9gi\u00f3ban meghaladj\u00e1k az energiahat\u00e9konys\u00e1gi el\u0151\u00edr\u00e1sokat. A Fibrex kompozit v\u00e1zanyag kiv\u00e1l\u00f3 szigetel\u00e9st biztos\u00edt.<\/p>\n\n\n\n<p>A Pella emellett rendk\u00edv\u00fcl hat\u00e9kony opci\u00f3kat is k\u00edn\u00e1l, k\u00fcl\u00f6n\u00f6sen az \u00fcvegsz\u00e1las ablakaiban. A h\u00e1romr\u00e9teg\u0171 \u00fcvegez\u00e9s\u0171 opci\u00f3ik egyes modellekben ak\u00e1r 0,18-as U-t\u00e9nyez\u0151t is el\u00e9rhetnek, ami bizonyos konfigur\u00e1ci\u00f3kban valamivel hat\u00e9konyabb\u00e1 teszi \u0151ket.<\/p>\n\n\n\n<p><strong>Energiahat\u00e9konys\u00e1gi \u00f6sszehasonl\u00edt\u00e1s:<\/strong><\/p>\n\n\n\n<figure class=\"wp-block-table is-style-stripes\"><table class=\"has-palette-color-5-background-color has-background has-fixed-layout\"><thead><tr><th>Funkci\u00f3<\/th><th>Andersen-el\u0151ad\u00e1s<\/th><th>Pella Performance<\/th><\/tr><\/thead><tbody><tr><td>V\u00e1zszigetel\u00e9s<\/td><td>Kiv\u00e1l\u00f3 (Fibrex)<\/td><td>Nagyon j\u00f3 (\u00fcvegsz\u00e1las)<\/td><\/tr><tr><td>\u00dcveg opci\u00f3k<\/td><td>Low-E, SmartSun, h\u00e1romr\u00e9teg\u0171 \u00fcvegez\u00e9s<\/td><td>Low-E, Advanced Low-E, Triple-\u00fcvegez\u00e9s<\/td><\/tr><tr><td>G\u00e1zt\u00f6lt\u00e9sek<\/td><td>Argon<\/td><td>Argon vagy Kripton<\/td><\/tr><tr><td>Szigetel\u00e9s<\/td><td>T\u00f6bb r\u00e9teg<\/td><td>Prec\u00edzi\u00f3s tervez\u00e9s\u0171<\/td><\/tr><tr><td>Napenergia h\u0151nyeres\u00e9g-szab\u00e1lyoz\u00e1s<\/td><td>SmartSun \u00fcvegt\u00e9gla 95%<\/td><td>SunDefense blokkok ak\u00e1r 94% m\u00e9retig<\/td><\/tr><\/tbody><\/table><\/figure>\n\n\n\n<p>Meleg \u00e9ghajlaton a Pella SunDefense \u00fcvege kiss\u00e9 el\u0151ny\u00f6sebb lehet, m\u00edg hideg r\u00e9gi\u00f3kban az Andersen Fibrex keretei kiv\u00e1l\u00f3 h\u0151szigetel\u00e9st biztos\u00edtanak.<\/p>\n\n\n\n<h2 class=\"wp-block-heading\">Mi a k\u00fcl\u00f6nbs\u00e9g a Pella \u00e9s az Andersen garanci\u00e1ja k\u00f6z\u00f6tt?<\/h2>\n\n\n\n<figure class=\"wp-block-image size-full\"><img loading=\"lazy\" decoding=\"async\" width=\"920\" height=\"500\" src=\"https:\/\/boswindor.com\/wp-content\/uploads\/2025\/05\/Andersen-Windows-A-Series.jpg\" alt=\"\" class=\"wp-image-4662\" srcset=\"https:\/\/boswindor.com\/wp-content\/uploads\/2025\/05\/Andersen-Windows-A-Series.jpg 920w, https:\/\/boswindor.com\/wp-content\/uploads\/2025\/05\/Andersen-Windows-A-Series-300x163.jpg 300w, https:\/\/boswindor.com\/wp-content\/uploads\/2025\/05\/Andersen-Windows-A-Series-768x417.jpg 768w, https:\/\/boswindor.com\/wp-content\/uploads\/2025\/05\/Andersen-Windows-A-Series-18x10.jpg 18w\" sizes=\"(max-width: 920px) 100vw, 920px\" \/><figcaption class=\"wp-element-caption\">Andersen-Windows-A sorozat<\/figcaption><\/figure>\n\n\n\n<p>A j\u00f3t\u00e1ll\u00e1si fedezet kulcsfontoss\u00e1g\u00fa szempont, amikor ablakcser\u00e9be vagy \u00faj ablakokba fektet\u00fcnk be. Mindk\u00e9t v\u00e1llalat ki\u00e1ll term\u00e9kei m\u00f6g\u00f6tt, de elt\u00e9r\u0151 megk\u00f6zel\u00edt\u00e9ssel.<\/p>\n\n\n\n<p><strong>Az Andersen garanci\u00e1j\u00e1nak kiemelt jellemz\u0151i:<\/strong><\/p>\n\n\n\n<ul class=\"wp-block-list\">\n<li>20 \u00e9ves lefedetts\u00e9g \u00fcvegen<\/li>\n\n\n\n<li>10 \u00e9v garancia a nem \u00fcvegb\u0151l k\u00e9sz\u00fclt alkatr\u00e9szekre<\/li>\n\n\n\n<li>\u00c1truh\u00e1zhat\u00f3 a k\u00f6vetkez\u0151 tulajdonosokra (korl\u00e1toz\u00e1sokkal)<\/li>\n\n\n\n<li>Teljes k\u00f6r\u0171 cserealkatr\u00e9sz-szolg\u00e1ltat\u00e1s a j\u00f3t\u00e1ll\u00e1si id\u0151szak alatt<\/li>\n<\/ul>\n\n\n\n<p><strong>A Pella garanci\u00e1j\u00e1nak kiemelt jellemz\u0151i:<\/strong><\/p>\n\n\n\n<ul class=\"wp-block-list\">\n<li>Korl\u00e1tozott \u00e9lettartam garancia a legt\u00f6bb alkatr\u00e9szre az eredeti tulajdonosok sz\u00e1m\u00e1ra<\/li>\n\n\n\n<li>20 \u00e9v \u00fcveggarancia<\/li>\n\n\n\n<li>\u00c1truh\u00e1zhat\u00f3 garanci\u00e1k sz\u00e1mos term\u00e9kcsal\u00e1don<\/li>\n\n\n\n<li>A lefedetts\u00e9g term\u00e9kcsal\u00e1donk\u00e9nt \u00e9s anyagonk\u00e9nt v\u00e1ltozik<\/li>\n<\/ul>\n\n\n\n<p>A tol\u00f3ajt\u00f3 term\u00e9kek eset\u00e9ben mindk\u00e9t c\u00e9g jellemz\u0151en hasonl\u00f3 garanci\u00e1t k\u00edn\u00e1l az ablakterm\u00e9keire. A legfontosabb k\u00fcl\u00f6nbs\u00e9g az, hogy a Pella egyes term\u00e9kcsal\u00e1dokra \u00e9lettartamra sz\u00f3l\u00f3 korl\u00e1tozott garanci\u00e1t k\u00edn\u00e1l, m\u00edg az Andersen Corporation jellemz\u0151en 20 \u00e9vre korl\u00e1tozza a fedezetet.<\/p>\n\n\n\n<p>Kereskedelmi alkalmaz\u00e1sokhoz mindk\u00e9t ablakgy\u00e1rt\u00f3 m\u00f3dos\u00edtott j\u00f3t\u00e1ll\u00e1si felt\u00e9teleket k\u00edn\u00e1l, amelyek figyelembe veszik az \u00fczleti k\u00f6rnyezetben tapasztalhat\u00f3 nagyobb haszn\u00e1lati szok\u00e1sokat.<\/p>\n\n\n\n<h2 class=\"wp-block-heading\">Mikor \u00e9rdemes Boswindort v\u00e1lasztani Andersen vagy Pella helyett?<\/h2>\n\n\n\n<p>M\u00edg a pella \u00e9s az andersen k\u00e9t j\u00f3l bev\u00e1lt m\u00e1rka \u00c9szak-Amerik\u00e1ban, <a href=\"https:\/\/boswindor.com\/hu\/\"><mark style=\"background-color:rgba(0, 0, 0, 0);color:#ff4f01\" class=\"has-inline-color\">Boswindor<\/mark> <\/a>A Boswindor meggy\u0151z\u0151 el\u0151ny\u00f6ket k\u00edn\u00e1l bizonyos projektek \u00e9s \u00fcgyfelek sz\u00e1m\u00e1ra. A kiv\u00e1l\u00f3 min\u0151s\u00e9g\u0171 ajt\u00f3k \u00e9s ablakok vezet\u0151 gy\u00e1rt\u00f3jak\u00e9nt kiv\u00e9teles \u00e9rt\u00e9ket k\u00e9pvisel a teljes\u00edtm\u00e9ny fel\u00e1ldoz\u00e1sa n\u00e9lk\u00fcl.<\/p>\n\n\n\t\t<div data-elementor-type=\"container\" data-elementor-id=\"1432\" class=\"elementor elementor-1432\" data-elementor-settings=\"{&quot;ha_cmc_init_switcher&quot;:&quot;no&quot;}\" data-elementor-post-type=\"elementor_library\">\n\t\t\t\t<div class=\"elementor-element elementor-element-827b281 e-flex e-con-boxed e-con e-parent\" data-id=\"827b281\" data-element_type=\"container\" data-e-type=\"container\" data-settings=\"{&quot;_ha_eqh_enable&quot;:false}\">\n\t\t\t\t\t<div class=\"e-con-inner\">\n\t\t\t\t<div class=\"elementor-element elementor-element-18a73d2 elementor-widget elementor-widget-heading\" data-id=\"18a73d2\" data-element_type=\"widget\" data-e-type=\"widget\" data-widget_type=\"heading.default\">\n\t\t\t\t<div class=\"elementor-widget-container\">\n\t\t\t\t\t<h3 class=\"elementor-heading-title elementor-size-default\">Boswindor ajt\u00f3k \u00e9s ablakok \u2013 az \u00d6n ig\u00e9nyeinek megfelel\u0151 megold\u00e1sok<\/h3>\t\t\t\t<\/div>\n\t\t\t\t<\/div>\n\t\t\t\t<div class=\"elementor-element elementor-element-809c6bb elementor-widget elementor-widget-text-editor\" data-id=\"809c6bb\" data-element_type=\"widget\" data-e-type=\"widget\" data-widget_type=\"text-editor.default\">\n\t\t\t\t<div class=\"elementor-widget-container\">\n\t\t\t\t\t\t\t\t\t<p>Tart\u00f3ss\u00e1g, Alacsony karbantart\u00e1si ig\u00e9ny, K\u00f6nny\u0171 s\u00faly, Er\u0151ss\u00e9g, Eleg\u00e1ns eszt\u00e9tika, Energiahat\u00e9konys\u00e1g, \u00dajrahasznos\u00edthat\u00f3, Korr\u00f3zi\u00f3\u00e1ll\u00f3s\u00e1g, Hossz\u00fa \u00e9lettartam, Testreszabhat\u00f3s\u00e1g, Biztons\u00e1g<\/p>\t\t\t\t\t\t\t\t<\/div>\n\t\t\t\t<\/div>\n\t\t\t\t<div class=\"elementor-element elementor-element-68551e0 elementor-arrows-position-inside elementor-pagination-position-outside elementor-widget elementor-widget-image-carousel\" data-id=\"68551e0\" data-element_type=\"widget\" data-e-type=\"widget\" data-settings=\"{&quot;slides_to_show&quot;:&quot;3&quot;,&quot;navigation&quot;:&quot;both&quot;,&quot;autoplay&quot;:&quot;yes&quot;,&quot;pause_on_hover&quot;:&quot;yes&quot;,&quot;pause_on_interaction&quot;:&quot;yes&quot;,&quot;autoplay_speed&quot;:5000,&quot;infinite&quot;:&quot;yes&quot;,&quot;speed&quot;:500,&quot;image_spacing_custom&quot;:{&quot;unit&quot;:&quot;px&quot;,&quot;size&quot;:20,&quot;sizes&quot;:[]},&quot;image_spacing_custom_tablet&quot;:{&quot;unit&quot;:&quot;px&quot;,&quot;size&quot;:&quot;&quot;,&quot;sizes&quot;:[]},&quot;image_spacing_custom_mobile&quot;:{&quot;unit&quot;:&quot;px&quot;,&quot;size&quot;:&quot;&quot;,&quot;sizes&quot;:[]}}\" data-widget_type=\"image-carousel.default\">\n\t\t\t\t<div class=\"elementor-widget-container\">\n\t\t\t\t\t\t\t<div class=\"elementor-image-carousel-wrapper swiper\" role=\"region\" aria-roledescription=\"carousel\" aria-label=\"Carrusel de im\u00e1genes\" dir=\"ltr\" data-no-translation-aria-label=\"\">\n\t\t\t<div class=\"elementor-image-carousel swiper-wrapper\" aria-live=\"off\">\n\t\t\t\t\t\t\t\t<div class=\"swiper-slide\" role=\"group\" aria-roledescription=\"slide\" aria-label=\"1 de 9\" data-no-translation-aria-label=\"\"><figure class=\"swiper-slide-inner\"><img decoding=\"async\" class=\"swiper-slide-image\" src=\"https:\/\/boswindor.com\/wp-content\/uploads\/2025\/01\/Boswindor-Factory-Manufacturing-Windows-7.jpg\" alt=\"Boswindor gy\u00e1r Windows 7-et gy\u00e1rt\" \/><\/figure><\/div><div class=\"swiper-slide\" role=\"group\" aria-roledescription=\"slide\" aria-label=\"2 de 9\" data-no-translation-aria-label=\"\"><figure class=\"swiper-slide-inner\"><img decoding=\"async\" class=\"swiper-slide-image\" src=\"https:\/\/boswindor.com\/wp-content\/uploads\/2025\/01\/Boswindor-Factory-Manufacturing-Windows-8.jpg\" alt=\"Boswindor gy\u00e1r Windows 8-at gy\u00e1rt\" \/><\/figure><\/div><div class=\"swiper-slide\" role=\"group\" aria-roledescription=\"slide\" aria-label=\"3 de 9\" data-no-translation-aria-label=\"\"><figure class=\"swiper-slide-inner\"><img decoding=\"async\" class=\"swiper-slide-image\" src=\"https:\/\/boswindor.com\/wp-content\/uploads\/2025\/01\/Install-New-Construction-Windows-1.jpg\" alt=\"\u00daj \u00e9p\u00edt\u00e9s\u0171 ablakok telep\u00edt\u00e9se\" \/><\/figure><\/div><div class=\"swiper-slide\" role=\"group\" aria-roledescription=\"slide\" aria-label=\"4 de 9\" data-no-translation-aria-label=\"\"><figure class=\"swiper-slide-inner\"><img decoding=\"async\" class=\"swiper-slide-image\" src=\"https:\/\/boswindor.com\/wp-content\/uploads\/2025\/01\/Boswindor-Factory-Manufacturing-Windows-1.jpg\" alt=\"Boswindor gy\u00e1r ablakokat gy\u00e1rt 1\" \/><\/figure><\/div><div class=\"swiper-slide\" role=\"group\" aria-roledescription=\"slide\" aria-label=\"5 de 9\" data-no-translation-aria-label=\"\"><figure class=\"swiper-slide-inner\"><img decoding=\"async\" class=\"swiper-slide-image\" src=\"https:\/\/boswindor.com\/wp-content\/uploads\/2025\/01\/Boswindor-Factory-Manufacturing-Windows-2.jpg\" alt=\"Boswindor gy\u00e1r Windows 2 gy\u00e1rt\u00e1sa\" \/><\/figure><\/div><div class=\"swiper-slide\" role=\"group\" aria-roledescription=\"slide\" aria-label=\"6 de 9\" data-no-translation-aria-label=\"\"><figure class=\"swiper-slide-inner\"><img decoding=\"async\" class=\"swiper-slide-image\" src=\"https:\/\/boswindor.com\/wp-content\/uploads\/2025\/01\/Boswindor-Factory-Manufacturing-Windows-3.jpg\" alt=\"Boswindor gy\u00e1r Windows 3 gy\u00e1rt\u00e1sa\" \/><\/figure><\/div><div class=\"swiper-slide\" role=\"group\" aria-roledescription=\"slide\" aria-label=\"7 de 9\" data-no-translation-aria-label=\"\"><figure class=\"swiper-slide-inner\"><img decoding=\"async\" class=\"swiper-slide-image\" src=\"https:\/\/boswindor.com\/wp-content\/uploads\/2025\/01\/Boswindor-Factory-Manufacturing-Windows-4.jpg\" alt=\"Boswindor gy\u00e1r Windows 4-et gy\u00e1rt\" \/><\/figure><\/div><div class=\"swiper-slide\" role=\"group\" aria-roledescription=\"slide\" aria-label=\"8 de 9\" data-no-translation-aria-label=\"\"><figure class=\"swiper-slide-inner\"><img decoding=\"async\" class=\"swiper-slide-image\" src=\"https:\/\/boswindor.com\/wp-content\/uploads\/2025\/01\/Boswindor-Factory-Manufacturing-Windows-5.jpg\" alt=\"Boswindor gy\u00e1r Windows 5 gy\u00e1rt\u00e1sa\" \/><\/figure><\/div><div class=\"swiper-slide\" role=\"group\" aria-roledescription=\"slide\" aria-label=\"9 de 9\" data-no-translation-aria-label=\"\"><figure class=\"swiper-slide-inner\"><img decoding=\"async\" class=\"swiper-slide-image\" src=\"https:\/\/boswindor.com\/wp-content\/uploads\/2025\/01\/Boswindor-Factory-Manufacturing-Windows-6.jpg\" alt=\"Boswindor gy\u00e1r Windows 6-ot gy\u00e1rt\" \/><\/figure><\/div>\t\t\t<\/div>\n\t\t\t\t\t\t\t\t\t\t\t\t<div class=\"elementor-swiper-button elementor-swiper-button-prev\" role=\"button\" tabindex=\"0\">\n\t\t\t\t\t\t<svg aria-hidden=\"true\" class=\"e-font-icon-svg e-eicon-chevron-left\" viewbox=\"0 0 1000 1000\" xmlns=\"http:\/\/www.w3.org\/2000\/svg\"><path d=\"M646 125C629 125 613 133 604 142L308 442C296 454 292 471 292 487 292 504 296 521 308 533L604 854C617 867 629 875 646 875 663 875 679 871 692 858 704 846 713 829 713 812 713 796 708 779 692 767L438 487 692 225C700 217 708 204 708 187 708 171 704 154 692 142 675 129 663 125 646 125Z\"><\/path><\/svg>\t\t\t\t\t<\/div>\n\t\t\t\t\t<div class=\"elementor-swiper-button elementor-swiper-button-next\" role=\"button\" tabindex=\"0\">\n\t\t\t\t\t\t<svg aria-hidden=\"true\" class=\"e-font-icon-svg e-eicon-chevron-right\" viewbox=\"0 0 1000 1000\" xmlns=\"http:\/\/www.w3.org\/2000\/svg\"><path d=\"M696 533C708 521 713 504 713 487 713 471 708 454 696 446L400 146C388 133 375 125 354 125 338 125 325 129 313 142 300 154 292 171 292 187 292 204 296 221 308 233L563 492 304 771C292 783 288 800 288 817 288 833 296 850 308 863 321 871 338 875 354 875 371 875 388 867 400 854L696 533Z\"><\/path><\/svg>\t\t\t\t\t<\/div>\n\t\t\t\t\n\t\t\t\t\t\t\t\t\t<div class=\"swiper-pagination\"><\/div>\n\t\t\t\t\t\t\t\t\t<\/div>\n\t\t\t\t\t\t<\/div>\n\t\t\t\t<\/div>\n\t\t\t\t<div class=\"elementor-element elementor-element-7cd9127 elementor-align-center elementor-widget elementor-widget-button\" data-id=\"7cd9127\" data-element_type=\"widget\" data-e-type=\"widget\" data-widget_type=\"button.default\">\n\t\t\t\t<div class=\"elementor-widget-container\">\n\t\t\t\t\t\t\t\t\t<div class=\"elementor-button-wrapper\">\n\t\t\t\t\t<a class=\"elementor-button elementor-button-link elementor-size-sm\" href=\"https:\/\/boswindor.com\/hu\/contact-us\/\">\n\t\t\t\t\t\t<span class=\"elementor-button-content-wrapper\">\n\t\t\t\t\t\t\t\t\t<span class=\"elementor-button-text\">K\u00e9rjen ingyenes \u00e1raj\u00e1nlatot most<\/span>\n\t\t\t\t\t<\/span>\n\t\t\t\t\t<\/a>\n\t\t\t\t<\/div>\n\t\t\t\t\t\t\t\t<\/div>\n\t\t\t\t<\/div>\n\t\t\t\t\t<\/div>\n\t\t\t\t<\/div>\n\t\t\t\t<\/div>\n\t\t\n\n\n\n<p><strong>A Boswindor ablakok f\u0151bb el\u0151nyei:<\/strong><\/p>\n\n\n\n<ul class=\"wp-block-list\">\n<li><strong>K\u00f6zvetlen\u00fcl a gy\u00e1rt\u00f3t\u00f3l sz\u00e1rmaz\u00f3 \u00e1rak<\/strong>\u00a0kik\u00fcsz\u00f6b\u00f6li a hagyom\u00e1nyos haszonkulcsokat<\/li>\n\n\n\n<li><strong>Testreszab\u00e1si rugalmass\u00e1g<\/strong>\u00a0egyedi \u00e9p\u00edt\u00e9szeti ig\u00e9nyekhez<\/li>\n\n\n\n<li><strong>Gyors gy\u00e1rt\u00e1s \u00e9s sz\u00e1ll\u00edt\u00e1s<\/strong>\u00a0id\u0151\u00e9rz\u00e9keny projektekhez sz\u00fcks\u00e9ges k\u00e9pess\u00e9gek<\/li>\n\n\n\n<li><strong>\u00c1tfog\u00f3 \u00fcgyf\u00e9lszolg\u00e1lat<\/strong>\u00a0a tervez\u00e9st\u0151l a telep\u00edt\u00e9sig<\/li>\n\n\n\n<li><strong>Korszer\u0171 gy\u00e1rt\u00f3l\u00e9tes\u00edtm\u00e9nyek<\/strong>\u00a0prec\u00edz min\u0151s\u00e9gellen\u0151rz\u00e9s biztos\u00edt\u00e1sa<\/li>\n\n\n\n<li><strong>K\u00f6rnyezetv\u00e9delmi elk\u00f6telezetts\u00e9g<\/strong>\u00a0fenntarthat\u00f3 anyagok \u00e9s folyamatok r\u00e9v\u00e9n<\/li>\n<\/ul>\n\n\n\n<p>Ak\u00e1r egy nagyszab\u00e1s\u00fa kereskedelmi projektr\u0151l, p\u00e9ld\u00e1ul egy sz\u00e1llod\u00e1r\u00f3l vagy lak\u00f3\u00e9p\u00fclet-fejleszt\u00e9sr\u0151l, ak\u00e1r egy szem\u00e9lyes otthoni ablak- \u00e9s ajt\u00f3projektr\u0151l van sz\u00f3, a Boswindor k\u00f6zvetlen gy\u00e1ri \u00e9rt\u00e9kes\u00edt\u00e9si modellje abszol\u00fat k\u00f6lts\u00e9gel\u0151ny\u00f6ket biztos\u00edt a kiv\u00e1l\u00f3 min\u0151s\u00e9g fenntart\u00e1sa mellett. A v\u00e1llalat innov\u00e1ci\u00f3 \u00e9s \u00fcgyf\u00e9lszolg\u00e1lat ir\u00e1nti elk\u00f6telezetts\u00e9ge kiv\u00e1l\u00f3 alternat\u00edv\u00e1t k\u00edn\u00e1l a hagyom\u00e1nyos \u00e9szak-amerikai m\u00e1rk\u00e1kkal szemben. <a href=\"https:\/\/boswindor.com\/hu\/contact-us\/\"><mark style=\"background-color:rgba(0, 0, 0, 0);color:#ff4f01\" class=\"has-inline-color\">L\u00e9pjen kapcsolatba a Boswindorral a legjobb \u00e1raj\u00e1nlat\u00e9rt<\/mark>.<\/a><\/p>\n\n\n\n<p>\u201eA Boswindor azon k\u00e9pess\u00e9ge, hogy a pontos specifik\u00e1ci\u00f3ink szerint, versenyk\u00e9pes \u00e1rakon tudta legy\u00e1rt\u00e1s\u00e1t biztos\u00edtani, korszakalkot\u00f3 volt a t\u00f6bblak\u00e1sos fejleszt\u00e9si projekt\u00fcnkben.\u201d \u2013 Kereskedelmi fejleszt\u0151.<\/p>\n\n\n\t\t<div data-elementor-type=\"container\" data-elementor-id=\"2365\" class=\"elementor elementor-2365\" data-elementor-settings=\"{&quot;ha_cmc_init_switcher&quot;:&quot;no&quot;}\" data-elementor-post-type=\"elementor_library\">\n\t\t\t\t\t\t<section class=\"elementor-section elementor-top-section elementor-element elementor-element-3666e33 ct-section-stretched elementor-section-boxed elementor-section-height-default elementor-section-height-default\" data-id=\"3666e33\" data-element_type=\"section\" data-e-type=\"section\" data-settings=\"{&quot;_ha_eqh_enable&quot;:false}\">\n\t\t\t\t\t\t<div class=\"elementor-container elementor-column-gap-default\">\n\t\t\t\t\t<div class=\"elementor-column elementor-col-100 elementor-top-column elementor-element elementor-element-250bb9c\" data-id=\"250bb9c\" data-element_type=\"column\" data-e-type=\"column\">\n\t\t\t<div class=\"elementor-widget-wrap elementor-element-populated\">\n\t\t\t\t\t\t<div class=\"elementor-element elementor-element-0fc0e23 elementor-cta--layout-image-right elementor-cta--mobile-layout-image-above elementor-cta--skin-classic elementor-animated-content elementor-bg-transform elementor-bg-transform-zoom-in elementor-widget elementor-widget-call-to-action\" data-id=\"0fc0e23\" data-element_type=\"widget\" data-e-type=\"widget\" data-widget_type=\"call-to-action.default\">\n\t\t\t\t<div class=\"elementor-widget-container\">\n\t\t\t\t\t\t\t<a class=\"elementor-cta\" href=\"https:\/\/boswindor.com\/hu\/contact-us\/\">\r\n\t\t\t\t\t<div class=\"elementor-cta__bg-wrapper\">\r\n\t\t\t\t<div class=\"elementor-cta__bg elementor-bg\" style=\"background-image: url(https:\/\/boswindor.com\/wp-content\/uploads\/2025\/02\/Aluminum-Window-Walls-for-Living-Room.jpg);\" role=\"img\" aria-label=\"Alum\u00ednium ablakfalak nappalihoz\"><\/div>\r\n\t\t\t\t<div class=\"elementor-cta__bg-overlay\"><\/div>\r\n\t\t\t<\/div>\r\n\t\t\t\t\t\t\t<div class=\"elementor-cta__content\">\r\n\t\t\t\t\r\n\t\t\t\t\t\t\t\t\t<h3 class=\"elementor-cta__title elementor-cta__content-item elementor-content-item\">\r\n\t\t\t\t\t\tBoswindor\t\t\t\t\t<\/h3>\r\n\t\t\t\t\r\n\t\t\t\t\t\t\t\t\t<div class=\"elementor-cta__description elementor-cta__content-item elementor-content-item\">\r\n\t\t\t\t\t\tA Boswindor teljes k\u00f6r\u0171 megold\u00e1sokat k\u00edn\u00e1l minden ablak- \u00e9s ajt\u00f3ig\u00e9ny\u00e9re, a kezdeti konzult\u00e1ci\u00f3t\u00f3l \u00e9s tervez\u00e9st\u0151l kezdve a gy\u00e1rt\u00e1son \u00e9s a kisz\u00e1ll\u00edt\u00e1son \u00e1t.\t\t\t\t\t<\/div>\r\n\t\t\t\t\r\n\t\t\t\t\t\t\t\t\t<div class=\"elementor-cta__button-wrapper elementor-cta__content-item elementor-content-item\">\r\n\t\t\t\t\t<span class=\"elementor-cta__button elementor-button elementor-size-\">\r\n\t\t\t\t\t\tK\u00c9RJEN \u00c1RAJ\u00c1NLATOT MOST\t\t\t\t\t<\/span>\r\n\t\t\t\t\t<\/div>\r\n\t\t\t\t\t\t\t<\/div>\r\n\t\t\t\t\t\t<\/a>\r\n\t\t\t\t\t\t<\/div>\n\t\t\t\t<\/div>\n\t\t\t\t\t<\/div>\n\t\t<\/div>\n\t\t\t\t\t<\/div>\n\t\t<\/section>\n\t\t\t\t<\/div>\n\t\t\n\n\n\n<h2 class=\"wp-block-heading\">GYIK az Andersen \u00e9s Pella ablakokr\u00f3l<\/h2>\n\n\n<div id=\"rank-math-faq\" class=\"rank-math-block\">\n<div class=\"rank-math-list\">\n<div id=\"faq-question-1746583999581\" class=\"rank-math-list-item\">\n<h3 class=\"rank-math-question\">Melyik m\u00e1rka jobb t\u00f6rt\u00e9nelmi h\u00e1zak ablakainak cser\u00e9j\u00e9hez?<\/h3>\n<div class=\"rank-math-answer\">\n\n<p>Mindk\u00e9t m\u00e1rka kiv\u00e1l\u00f3 lehet\u0151s\u00e9geket k\u00edn\u00e1l, de az Andersen Architectural Collection \u00e9s a Pella Architect Series kifejezetten t\u00f6rt\u00e9nelmileg pontos r\u00e9szletekkel k\u00e9sz\u00fclt. A pontos korh\u0171s\u00e9g \u00e9rdek\u00e9ben a Pella egyedi fa megold\u00e1sai gyakran nagyobb rugalmass\u00e1got biztos\u00edtanak a bonyolult r\u00e9szletek kidolgoz\u00e1s\u00e1ban, m\u00edg az Andersen a tart\u00f3ss\u00e1g\u00e1ban t\u0171nik ki a t\u00f6rt\u00e9nelmi fel\u00faj\u00edt\u00e1sok ter\u00e9n.<\/p>\n\n<\/div>\n<\/div>\n<div id=\"faq-question-1746584014872\" class=\"rank-math-list-item\">\n<h3 class=\"rank-math-question\">Mennyi ideig tart \u00e1ltal\u00e1ban a beszerel\u00e9s az egyes m\u00e1rk\u00e1kn\u00e1l?<\/h3>\n<div class=\"rank-math-answer\">\n\n<p>Egy \u00e1tlagos otthonban (10-15 ablak) v\u00e9gzett standard ablakcsere-projektekn\u00e9l a Pella beszerel\u00e9se \u00e1ltal\u00e1ban 1-2 napot vesz ig\u00e9nybe. Az Andersen \u00e1ltali fel\u00faj\u00edt\u00e1sok jellemz\u0151en 2-3 napot vesznek ig\u00e9nybe, mivel \u0151k a apr\u00f3l\u00e9kos beszerel\u00e9st \u00e9s az egyedi illeszt\u00e9st helyezik el\u0151t\u00e9rbe. A kereskedelmi projektek term\u00e9szetesen hosszabb hat\u00e1rid\u0151t ig\u00e9nyelnek a hat\u00f3k\u00f6rt\u0151l f\u00fcgg\u0151en.<\/p>\n\n<\/div>\n<\/div>\n<div id=\"faq-question-1746584021797\" class=\"rank-math-list-item\">\n<h3 class=\"rank-math-question\">Milyen finansz\u00edroz\u00e1si lehet\u0151s\u00e9gek vannak, ha b\u00e1rmelyik c\u00e9gt\u0151l v\u00e1s\u00e1rolsz?<\/h3>\n<div class=\"rank-math-answer\">\n\n<p>Mindk\u00e9t ablakgy\u00e1rt\u00f3 finansz\u00edroz\u00e1si megold\u00e1sokat k\u00edn\u00e1l a nagyobb projektek megfizethet\u0151bb\u00e9 t\u00e9tel\u00e9re. A Pella p\u00e9nz\u00fcgyi int\u00e9zm\u00e9nyekkel m\u0171k\u00f6dik egy\u00fctt, hogy a jogosult lak\u00e1stulajdonosoknak olyan lehet\u0151s\u00e9geket k\u00edn\u00e1ljon, mint a nulla kamatoz\u00e1s\u00fa id\u0151szakok (jellemz\u0151en 12-24 h\u00f3nap), a fix kamatoz\u00e1s\u00fa r\u00e9szletfizet\u00e9si k\u00f6lcs\u00f6n\u00f6k \u00e9s az otthonfel\u00faj\u00edt\u00e1si finansz\u00edroz\u00e1s. <br \/>A Renewal by Andersen hasonl\u00f3 programokat k\u00edn\u00e1l a Synchrony Financialon kereszt\u00fcl, prom\u00f3ci\u00f3s id\u0151szakokkal \u00e9s versenyk\u00e9pes kamatokkal. Ezekkel a m\u00e1rk\u00e1kkal ellent\u00e9tben a Boswindor rugalmasabb fizet\u00e9si felt\u00e9teleket k\u00edn\u00e1l kereskedelmi projektekhez, szem\u00e9lyre szabott finansz\u00edroz\u00e1si megold\u00e1sokkal, amelyek a projekt m\u00e9ret\u00e9hez \u00e9s \u00fctemterv\u00e9hez igazodnak.<\/p>\n\n<\/div>\n<\/div>\n<\/div>\n<\/div>","protected":false},"excerpt":{"rendered":"<p>Nehezen tud d\u00f6nteni Amerika k\u00e9t legismertebb ablakgy\u00e1rt\u00f3ja k\u00f6z\u00f6tt?<\/p>\n<p>Ez az \u00e1tfog\u00f3 \u00fatmutat\u00f3 seg\u00edt eligazodni az Andersen kontra Pella vit\u00e1ban, \u00e9s minden sz\u00fcks\u00e9ges inform\u00e1ci\u00f3t megad ahhoz, hogy megalapozott d\u00f6nt\u00e9st hozhasson otthon\u00e1val kapcsolatban.<\/p>\n<p>Ak\u00e1r \u00e9p\u00edt\u0151ipari v\u00e1llalkoz\u00f3, \u00e9p\u00edt\u00e9sz, h\u00e1ztulajdonos vagy beszerz\u00e9si vezet\u0151 vagy, ha meg\u00e9rted az ipar\u00e1gi tit\u00e1nok k\u00f6z\u00f6tti k\u00fcl\u00f6nbs\u00e9geket, biztosan a sz\u00e1modra t\u00f6k\u00e9letes ablakokat v\u00e1lasztod ki.<\/p>","protected":false},"author":3,"featured_media":4650,"comment_status":"open","ping_status":"open","sticky":false,"template":"","format":"standard","meta":{"footnotes":""},"categories":[10],"tags":[],"class_list":["post-4643","post","type-post","status-publish","format-standard","has-post-thumbnail","hentry","category-windows-doors"],"blocksy_meta":[],"_links":{"self":[{"href":"https:\/\/boswindor.com\/hu\/wp-json\/wp\/v2\/posts\/4643","targetHints":{"allow":["GET"]}}],"collection":[{"href":"https:\/\/boswindor.com\/hu\/wp-json\/wp\/v2\/posts"}],"about":[{"href":"https:\/\/boswindor.com\/hu\/wp-json\/wp\/v2\/types\/post"}],"author":[{"embeddable":true,"href":"https:\/\/boswindor.com\/hu\/wp-json\/wp\/v2\/users\/3"}],"replies":[{"embeddable":true,"href":"https:\/\/boswindor.com\/hu\/wp-json\/wp\/v2\/comments?post=4643"}],"version-history":[{"count":5,"href":"https:\/\/boswindor.com\/hu\/wp-json\/wp\/v2\/posts\/4643\/revisions"}],"predecessor-version":[{"id":4670,"href":"https:\/\/boswindor.com\/hu\/wp-json\/wp\/v2\/posts\/4643\/revisions\/4670"}],"wp:featuredmedia":[{"embeddable":true,"href":"https:\/\/boswindor.com\/hu\/wp-json\/wp\/v2\/media\/4650"}],"wp:attachment":[{"href":"https:\/\/boswindor.com\/hu\/wp-json\/wp\/v2\/media?parent=4643"}],"wp:term":[{"taxonomy":"category","embeddable":true,"href":"https:\/\/boswindor.com\/hu\/wp-json\/wp\/v2\/categories?post=4643"},{"taxonomy":"post_tag","embeddable":true,"href":"https:\/\/boswindor.com\/hu\/wp-json\/wp\/v2\/tags?post=4643"}],"curies":[{"name":"munkaf\u00fczet","href":"https:\/\/api.w.org\/{rel}","templated":true}]}}