{"id":2957,"date":"2025-04-02T17:32:02","date_gmt":"2025-04-03T01:32:02","guid":{"rendered":"https:\/\/boswindor.com\/?p=2957"},"modified":"2025-04-24T01:19:50","modified_gmt":"2025-04-24T09:19:50","slug":"top-10-door-and-window-manufacturers","status":"publish","type":"post","link":"https:\/\/boswindor.com\/hu\/top-10-door-and-window-manufacturers\/","title":{"rendered":"A vil\u00e1g 10 legjobb ajt\u00f3- \u00e9s ablakgy\u00e1rt\u00f3ja: T\u00f6k\u00e9letes partner az \u00d6n j\u00f6v\u0151k\u00e9p\u00e9hez"},"content":{"rendered":"<p>Az \u00e9p\u00edt\u00e9szet \u00e9s az \u00e9p\u00edt\u0151ipar vil\u00e1g\u00e1ban az ajt\u00f3k \u00e9s ablakok nem csup\u00e1n funkcion\u00e1lis elemek \u2013 az \u00e9p\u00fclet szemei \u00e9s lehelete. Megszabj\u00e1k az eszt\u00e9tik\u00e1t, szab\u00e1lyozz\u00e1k a vil\u00e1g\u00edt\u00e1st \u00e9s a szell\u0151z\u00e9st, biztos\u00edtj\u00e1k a biztons\u00e1got \u00e9s jelent\u0151sen befoly\u00e1solj\u00e1k az energiahat\u00e9konys\u00e1got. A megfelel\u0151 gy\u00e1rt\u00f3 kiv\u00e1laszt\u00e1sa ezekhez a kulcsfontoss\u00e1g\u00fa alkatr\u00e9szekhez a legfontosabb, legyen sz\u00f3 leny\u0171g\u00f6z\u0151 vill\u00e1t tervez\u0151 \u00e9p\u00edt\u00e9szr\u0151l, sokemeletes sz\u00e1llod\u00e1t \u00e9p\u00edt\u0151 \u00e9p\u00edt\u0151r\u0151l vagy fel\u00faj\u00edt\u00e1si projektbe kezd\u0151d\u0151 h\u00e1ztulajdonosr\u00f3l.<\/p>\n\n\n\n<p>A glob\u00e1lis ajt\u00f3- \u00e9s ablakpiac egy dinamikus t\u00e1j, amely tele van az innov\u00e1ci\u00f3 \u00e9s a design hat\u00e1rait feszeget\u0151 v\u00e1llalatokkal. Hogy seg\u00edts\u00fcnk eligazodni ezen a hatalmas piacon, \u00f6ssze\u00e1ll\u00edtottunk egy list\u00e1t azokr\u00f3l&nbsp;<strong>A vil\u00e1g 10 legjobb ajt\u00f3- \u00e9s ablakgy\u00e1rt\u00f3ja<\/strong>, amely olyan v\u00e1llalatokat mutat be, amelyek folyamatosan kiv\u00e1l\u00f3 min\u0151s\u00e9get, innov\u00e1ci\u00f3t \u00e9s vev\u0151i el\u00e9gedetts\u00e9get ny\u00fajtanak.<\/p>\n\n\n\n<p>M\u00edg a v\u00e9gleges \u201etop 10\u201d meghat\u00e1roz\u00e1sa szubjekt\u00edv lehet, \u00e9s a piaci dinamika alapj\u00e1n ingadozhat, list\u00e1nk a glob\u00e1lis hat\u00f3k\u00f6r\u00fckr\u0151l, \u00e1lland\u00f3 min\u0151s\u00e9g\u00fckr\u0151l, innovat\u00edv term\u00e9kcsal\u00e1djukr\u00f3l \u00e9s er\u0151s ipar\u00e1gi h\u00edrnev\u00fckr\u0151l h\u00edres v\u00e1llalatokra \u00f6sszpontos\u00edt. Ezek olyan m\u00e1rk\u00e1k, amelyek k\u00f6vetkezetesen m\u00e9rc\u00e9t \u00e1ll\u00edtanak fel, \u00e9s inspir\u00e1lj\u00e1k az ipar\u00e1gat.<\/p>\n\n\n\n<h2 class=\"wp-block-heading\">A 10 legjobb ajt\u00f3- \u00e9s ablakgy\u00e1rt\u00f3 2025-ben<\/h2>\n\n\n\n<h3 class=\"wp-block-heading\">Andersen ablakok \u00e9s ajt\u00f3k<\/h3>\n\n\n\n<figure class=\"wp-block-image size-full\"><img fetchpriority=\"high\" decoding=\"async\" width=\"900\" height=\"491\" src=\"https:\/\/boswindor.com\/wp-content\/uploads\/2025\/04\/Andersen-Windows-Doors.jpg\" alt=\"\" class=\"wp-image-2964\" srcset=\"https:\/\/boswindor.com\/wp-content\/uploads\/2025\/04\/Andersen-Windows-Doors.jpg 900w, https:\/\/boswindor.com\/wp-content\/uploads\/2025\/04\/Andersen-Windows-Doors-300x164.jpg 300w, https:\/\/boswindor.com\/wp-content\/uploads\/2025\/04\/Andersen-Windows-Doors-768x419.jpg 768w, https:\/\/boswindor.com\/wp-content\/uploads\/2025\/04\/Andersen-Windows-Doors-18x10.jpg 18w\" sizes=\"(max-width: 900px) 100vw, 900px\" \/><figcaption class=\"wp-element-caption\">Andersen ablakok \u00e9s ajt\u00f3k<\/figcaption><\/figure>\n\n\n\n<ul class=\"wp-block-list\">\n<li>Helysz\u00edn: Bayport, Minnesota, USA<\/li>\n\n\n\n<li>C\u00e9gt\u00edpus: Gy\u00e1rt\u00e1s<\/li>\n\n\n\n<li>Alap\u00edt\u00e1s \u00e9ve: 1903<\/li>\n\n\n\n<li>Alkalmazottak sz\u00e1ma: 10.000+<\/li>\n\n\n\n<li>F\u0151bb term\u00e9kek: ablakok, luxusablakok, ablakcsere, speci\u00e1lis ablakok \u00e9s ajt\u00f3k<\/li>\n<\/ul>\n\n\n\n<p>Az 1903-ban Minnesot\u00e1ban (USA) alap\u00edtott Andersen Corporation a lakoss\u00e1gi ablakok \u00e9s ajt\u00f3k vezet\u0151 gy\u00e1rt\u00f3ja. V\u00e1ltozatos term\u00e9ksk\u00e1l\u00e1t k\u00edn\u00e1lnak, bele\u00e9rtve a fa, kompozit (Fibrex) \u00e9s vinil ablakokat, valamint teraszajt\u00f3kat. <\/p>\n\n\n\n<p><a href=\"https:\/\/www.andersenwindows.com\/\" target=\"_blank\" rel=\"noopener\">Andersen <\/a>innov\u00e1ci\u00f3j\u00e1r\u00f3l, min\u0151s\u00e9gi kivitelez\u00e9s\u00e9r\u0151l \u00e9s a fenntarthat\u00f3s\u00e1g ir\u00e1nti elk\u00f6telezetts\u00e9g\u00e9r\u0151l h\u00edres. Term\u00e9keiket \u00fagy tervezt\u00e9k, hogy energiatakar\u00e9kosak legyenek, hozz\u00e1j\u00e1rulva a k\u00f6rnyezet meg\u00f3v\u00e1s\u00e1hoz, mik\u00f6zben jav\u00edtj\u00e1k az otthon eszt\u00e9tik\u00e1j\u00e1t. A Renewal by Andersen div\u00edzi\u00f3jukon kereszt\u00fcl szem\u00e9lyre szabott ablakcsere-megold\u00e1sokat k\u00edn\u00e1lnak, biztos\u00edtva az \u00fcgyfelek ig\u00e9nyeinek prec\u00edz kiel\u00e9g\u00edt\u00e9s\u00e9t. T\u00f6bb mint egy \u00e9vsz\u00e1zados \u00f6r\u00f6ks\u00e9g\u00e9vel az Andersen tov\u00e1bbra is a megb\u00edzhat\u00f3s\u00e1g \u00e9s a kiv\u00e1l\u00f3s\u00e1g m\u00e9rc\u00e9je az ajt\u00f3- \u00e9s ablakiparban, amelyben a lak\u00e1stulajdonosok \u00e9s a szakemberek egyar\u00e1nt megb\u00edznak.<\/p>\n\n\n\n<h3 class=\"wp-block-heading\">Boswindor ajt\u00f3k \u00e9s ablakok<\/h3>\n\n\n\n<figure class=\"wp-block-image size-full\"><a href=\"https:\/\/boswindor.com\/hu\/contact-us\/\"><img decoding=\"async\" width=\"900\" height=\"500\" src=\"https:\/\/boswindor.com\/wp-content\/uploads\/2025\/04\/Boswindor-Doors-Windows.jpg\" alt=\"\" class=\"wp-image-2966\" srcset=\"https:\/\/boswindor.com\/wp-content\/uploads\/2025\/04\/Boswindor-Doors-Windows.jpg 900w, https:\/\/boswindor.com\/wp-content\/uploads\/2025\/04\/Boswindor-Doors-Windows-300x167.jpg 300w, https:\/\/boswindor.com\/wp-content\/uploads\/2025\/04\/Boswindor-Doors-Windows-768x427.jpg 768w, https:\/\/boswindor.com\/wp-content\/uploads\/2025\/04\/Boswindor-Doors-Windows-18x10.jpg 18w\" sizes=\"(max-width: 900px) 100vw, 900px\" \/><\/a><figcaption class=\"wp-element-caption\">Boswindor ajt\u00f3k \u00e9s ablakok<\/figcaption><\/figure>\n\n\n\n<ul class=\"wp-block-list\">\n<li>Helysz\u00edn: Guangdong tartom\u00e1ny, K\u00edna<\/li>\n\n\n\n<li>C\u00e9gt\u00edpus: Gy\u00e1rt\u00e1s<\/li>\n\n\n\n<li>Alap\u00edt\u00e1s \u00e9ve: 2000<\/li>\n\n\n\n<li>Az alkalmazottak sz\u00e1ma: 1000+<\/li>\n\n\n\n<li>F\u0151bb term\u00e9kek: alum\u00ednium ablakok \u00e9s ajt\u00f3k, vinil ablakok \u00e9s ajt\u00f3k, bej\u00e1rati ajt\u00f3k, egyedi megold\u00e1sok<\/li>\n<\/ul>\n\n\n\n<p><a href=\"https:\/\/boswindor.com\/hu\/\"><mark style=\"background-color:rgba(0, 0, 0, 0);color:#ff4f01\" class=\"has-inline-color\">Boswindor<\/mark><\/a>A 25 \u00e9ves tapasztalattal rendelkez\u0151 vezet\u0151 ajt\u00f3- \u00e9s ablakgy\u00e1rt\u00f3 c\u00e9g magas sz\u00ednvonal\u00e1r\u00f3l \u00e9s kiv\u00e9teles term\u00e9keir\u0151l h\u00edres. A hat\u00e9kony gy\u00e1rt\u00e1s \u00e9s a szigor\u00fa min\u0151s\u00e9gellen\u0151rz\u00e9s, amelyet szak\u00e9rt\u0151 K+F \u00e9s tudom\u00e1nyos laborat\u00f3riumok t\u00e1mogatnak, biztos\u00edtj\u00e1k a cs\u00facsmin\u0151s\u00e9get, amely folyamatosan meghaladja az \u00fcgyfelek elv\u00e1r\u00e1sait.<br>A Boswindor szabv\u00e1nyos \u00e9s egyedi alum\u00ednium ablakok \u00e9s ajt\u00f3k sz\u00e9les v\u00e1laszt\u00e9k\u00e1t k\u00edn\u00e1lja, amelyek mindegyike fel\u00fclm\u00falja a professzion\u00e1lis projektszabv\u00e1nyokat. Az energiahat\u00e9konys\u00e1got el\u0151t\u00e9rbe helyezve olyan term\u00e9keket sz\u00e1ll\u00edtanak, amelyek cs\u00f6kkentik az energiasz\u00e1ml\u00e1kat \u00e9s n\u00f6velik az otthoni k\u00e9nyelmet, \u00edgy a Boswindor a tart\u00f3s \u00e9rt\u00e9k \u00e9s a kiv\u00e1l\u00f3 teljes\u00edtm\u00e9ny megb\u00edzhat\u00f3 glob\u00e1lis v\u00e1laszt\u00e1sa.<\/p>\n\n\n\n<h3 class=\"wp-block-heading\">Pella Corporation<\/h3>\n\n\n\n<figure class=\"wp-block-image size-full\"><img decoding=\"async\" width=\"900\" height=\"491\" src=\"https:\/\/boswindor.com\/wp-content\/uploads\/2025\/04\/Pella-Corporation.jpg\" alt=\"\" class=\"wp-image-2967\" srcset=\"https:\/\/boswindor.com\/wp-content\/uploads\/2025\/04\/Pella-Corporation.jpg 900w, https:\/\/boswindor.com\/wp-content\/uploads\/2025\/04\/Pella-Corporation-300x164.jpg 300w, https:\/\/boswindor.com\/wp-content\/uploads\/2025\/04\/Pella-Corporation-768x419.jpg 768w, https:\/\/boswindor.com\/wp-content\/uploads\/2025\/04\/Pella-Corporation-18x10.jpg 18w\" sizes=\"(max-width: 900px) 100vw, 900px\" \/><figcaption class=\"wp-element-caption\">Pella Corporation<\/figcaption><\/figure>\n\n\n\n<ul class=\"wp-block-list\">\n<li>Helysz\u00edn: Pella, Iowa, USA<\/li>\n\n\n\n<li>C\u00e9gt\u00edpus: Gy\u00e1rt\u00e1s<\/li>\n\n\n\n<li>Alap\u00edt\u00e1s \u00e9ve: 1925<\/li>\n\n\n\n<li>Az alkalmazottak sz\u00e1ma: 7000 f\u0151<\/li>\n\n\n\n<li>F\u0151bb term\u00e9kek: Ablakok \u00e9s ajt\u00f3k (fa, \u00fcvegsz\u00e1las, vinil, alum\u00ednium bor\u00edt\u00e1s\u00fa)<\/li>\n<\/ul>\n\n\n\n<p>Az 1925-ben, Iow\u00e1ban (USA) alap\u00edtott Pella Corporation az ablakok \u00e9s ajt\u00f3k kiemelked\u0151 gy\u00e1rt\u00f3ja, amely energiahat\u00e9kony megold\u00e1sokra specializ\u00e1l\u00f3dott. Term\u00e9kek sz\u00e9les v\u00e1laszt\u00e9k\u00e1t k\u00edn\u00e1lj\u00e1k, bele\u00e9rtve a fa, \u00fcvegsz\u00e1las \u00e9s vinil ablakokat, valamint bej\u00e1rati \u00e9s teraszajt\u00f3kat. <\/p>\n\n\n\n<p><a href=\"https:\/\/www.pella.com\/\" target=\"_blank\" rel=\"noopener\">Pella <\/a>elismert innovat\u00edv megk\u00f6zel\u00edt\u00e9s\u00e9\u00e9rt, amelyre p\u00e9lda az Insynctive technol\u00f3gi\u00e1juk, amely integr\u00e1lja az intelligens otthoni funkci\u00f3kat a nagyobb k\u00e9nyelem \u00e9s biztons\u00e1g \u00e9rdek\u00e9ben. A min\u0151s\u00e9g \u00e9s a tervez\u00e9s rugalmass\u00e1ga ir\u00e1nti elk\u00f6telezetts\u00e9g\u00fck lehet\u0151v\u00e9 teszi az \u00fcgyfelek sz\u00e1m\u00e1ra, hogy szem\u00e9lyre szabj\u00e1k otthonukat, mik\u00f6zben \u00e9lvezik a kiv\u00e1l\u00f3 teljes\u00edtm\u00e9ny el\u0151nyeit. A fenntarthat\u00f3s\u00e1gra nagy hangs\u00falyt fektetve a Pella biztos\u00edtja, hogy term\u00e9kei megfeleljenek a szigor\u00fa k\u00f6rnyezetv\u00e9delmi el\u0151\u00edr\u00e1soknak. Az ipar\u00e1g vezet\u0151 szerepl\u0151jek\u00e9nt a Pella tov\u00e1bbra is trendeket teremt st\u00edlusos, funkcion\u00e1lis \u00e9s k\u00f6rnyezetbar\u00e1t megold\u00e1saival.<\/p>\n\n\n\n<h3 class=\"wp-block-heading\">Jeld-Wen<\/h3>\n\n\n\n<figure class=\"wp-block-image size-full\"><img loading=\"lazy\" decoding=\"async\" width=\"900\" height=\"491\" src=\"https:\/\/boswindor.com\/wp-content\/uploads\/2025\/04\/Jeld-Wen.jpg\" alt=\"\" class=\"wp-image-2972\" srcset=\"https:\/\/boswindor.com\/wp-content\/uploads\/2025\/04\/Jeld-Wen.jpg 900w, https:\/\/boswindor.com\/wp-content\/uploads\/2025\/04\/Jeld-Wen-300x164.jpg 300w, https:\/\/boswindor.com\/wp-content\/uploads\/2025\/04\/Jeld-Wen-768x419.jpg 768w, https:\/\/boswindor.com\/wp-content\/uploads\/2025\/04\/Jeld-Wen-18x10.jpg 18w\" sizes=\"(max-width: 900px) 100vw, 900px\" \/><figcaption class=\"wp-element-caption\">Jeld-Wen<\/figcaption><\/figure>\n\n\n\n<ul class=\"wp-block-list\">\n<li>Helysz\u00edn: Charlotte, \u00c9szak-Karolina, USA<\/li>\n\n\n\n<li>C\u00e9gt\u00edpus: Gy\u00e1rt\u00e1s<\/li>\n\n\n\n<li>Alap\u00edt\u00e1s \u00e9ve: 1960<\/li>\n\n\n\n<li>Az alkalmazottak sz\u00e1ma: 10.000 f\u0151<\/li>\n\n\n\n<li>F\u0151bb term\u00e9kek: Ablakok \u00e9s ajt\u00f3k (fa, vinil, alum\u00ednium, kompozit, belt\u00e9ri \u00e9s k\u00fcls\u0151 ajt\u00f3k)<\/li>\n<\/ul>\n\n\n\n<p>1960-ban alap\u00edtott\u00e1k Oregonban, az Egyes\u00fclt \u00c1llamokban. <a href=\"https:\/\/www.jeld-wen.com\/en-us\" target=\"_blank\" rel=\"noopener\">Jeld-Wen<\/a> glob\u00e1lis vezet\u0151 szerepet t\u00f6lt be az ajt\u00f3k \u00e9s ablakok gy\u00e1rt\u00e1s\u00e1ban, t\u00f6bb kontinensre kiterjed\u0151 tev\u00e9kenys\u00e9g\u00e9vel. Bels\u0151 \u00e9s k\u00fcls\u0151 ajt\u00f3k, valamint f\u00e1b\u00f3l, vinilb\u0151l \u00e9s alum\u00edniumb\u00f3l k\u00e9sz\u00fclt ablakok sz\u00e9les portf\u00f3li\u00f3j\u00e1t gy\u00e1rtj\u00e1k, mind a lakoss\u00e1gi, mind a kereskedelmi piacokat kiszolg\u00e1lva. <\/p>\n\n\n\n<p>A megb\u00edzhat\u00f3s\u00e1gukr\u00f3l \u00e9s a diz\u00e1jn soksz\u00edn\u0171s\u00e9g\u00e9r\u0151l ismert Jeld-Wen olyan term\u00e9keket k\u00edn\u00e1l, amelyek \u00f6tv\u00f6zik az eszt\u00e9tik\u00e1t a funkcionalit\u00e1ssal, kiel\u00e9g\u00edtve a k\u00fcl\u00f6nf\u00e9le \u00e9p\u00edt\u00e9szeti \u00e9s teljes\u00edtm\u00e9nyig\u00e9nyeket. Glob\u00e1lis gy\u00e1rt\u00e1si l\u00e1bnyomuk egyenletes min\u0151s\u00e9get biztos\u00edt vil\u00e1gszerte. Az innov\u00e1ci\u00f3 \u00e9s a fenntarthat\u00f3s\u00e1g ir\u00e1nt elk\u00f6telezett Jeld-Wen fejlett technol\u00f3gi\u00e1kba \u00e9s k\u00f6rnyezetbar\u00e1t gyakorlatokba fektet be, ezzel is meger\u0151s\u00edtve h\u00edrnev\u00e9t a magas sz\u00ednvonal\u00fa ajt\u00f3- \u00e9s ablakmegold\u00e1sok megb\u00edzhat\u00f3 sz\u00e1ll\u00edt\u00f3jak\u00e9nt az \u00fcgyfelek sz\u00e1m\u00e1ra szerte a vil\u00e1gon.<\/p>\n\n\n\n<h3 class=\"wp-block-heading\">Marvin ablakok \u00e9s ajt\u00f3k<\/h3>\n\n\n\n<figure class=\"wp-block-image size-full\"><img loading=\"lazy\" decoding=\"async\" width=\"900\" height=\"491\" src=\"https:\/\/boswindor.com\/wp-content\/uploads\/2025\/04\/Marvin-Windows-and-Doors.jpg\" alt=\"\" class=\"wp-image-2973\" srcset=\"https:\/\/boswindor.com\/wp-content\/uploads\/2025\/04\/Marvin-Windows-and-Doors.jpg 900w, https:\/\/boswindor.com\/wp-content\/uploads\/2025\/04\/Marvin-Windows-and-Doors-300x164.jpg 300w, https:\/\/boswindor.com\/wp-content\/uploads\/2025\/04\/Marvin-Windows-and-Doors-768x419.jpg 768w, https:\/\/boswindor.com\/wp-content\/uploads\/2025\/04\/Marvin-Windows-and-Doors-18x10.jpg 18w\" sizes=\"(max-width: 900px) 100vw, 900px\" \/><figcaption class=\"wp-element-caption\">Marvin ablakok \u00e9s ajt\u00f3k<\/figcaption><\/figure>\n\n\n\n<ul class=\"wp-block-list\">\n<li>Helysz\u00edn: Warroad, Minnesota, USA<\/li>\n\n\n\n<li>C\u00e9gt\u00edpus: Gy\u00e1rt\u00e1s<\/li>\n\n\n\n<li>Alap\u00edt\u00e1s \u00e9ve: 1912<\/li>\n\n\n\n<li>Az alkalmazottak sz\u00e1ma: 7000 f\u0151<\/li>\n\n\n\n<li>F\u0151bb term\u00e9kek: Ablakok \u00e9s ajt\u00f3k (fa \u00e9s \u00fcvegsz\u00e1las, cs\u00facskateg\u00f3ri\u00e1s, egyedi)<\/li>\n<\/ul>\n\n\n\n<p>A Marvin Windows and Doors csal\u00e1di tulajdon\u00fa v\u00e1llalkoz\u00e1s, amelyet 1912-ben alap\u00edtottak Minnesot\u00e1ban, az Egyes\u00fclt \u00c1llamokban, egyedi tervez\u00e9s\u0171 ablakair\u00f3l \u00e9s ajt\u00f3ir\u00f3l h\u00edres. A fa \u00e9s bor\u00edtott fa term\u00e9kekre specializ\u00e1l\u00f3dott Marvin kiv\u00e9teles kivitelez\u00e9st \u00e9s apr\u00f3l\u00e9kos figyelmet k\u00edn\u00e1l a r\u00e9szletekre. K\u00edn\u00e1latukban k\u00fcl\u00f6nb\u00f6z\u0151 t\u00edpus\u00fa ablakok tal\u00e1lhat\u00f3k, p\u00e9ld\u00e1ul tokos, dupla f\u00fcggeszt\u00e9s\u0171 \u00e9s speci\u00e1lis form\u00e1k, valamint terasz- \u00e9s bej\u00e1rati ajt\u00f3k. A Marvin testre szabott megold\u00e1sai lehet\u0151v\u00e9 teszik az \u00fcgyfelek sz\u00e1m\u00e1ra, hogy term\u00e9keiket saj\u00e1tos \u00e9p\u00edt\u00e9szeti \u00e9s tervez\u00e9si preferenci\u00e1ikhoz igaz\u00edts\u00e1k. A fenntarthat\u00f3s\u00e1gra helyezve a hangs\u00falyt, felel\u0151ss\u00e9gteljesen szerzik be az anyagokat, \u00e9s energiahat\u00e9kony gy\u00e1rt\u00e1si folyamatokat val\u00f3s\u00edtanak meg. A Marvin min\u0151s\u00e9g \u00e9s innov\u00e1ci\u00f3 ir\u00e1nti elk\u00f6telezetts\u00e9ge tette \u0151ket az ig\u00e9nyes lak\u00e1stulajdonosok \u00e9s \u00e9p\u00edt\u00e9szek kedvelt v\u00e1laszt\u00e1s\u00e1v\u00e1, akik egyedi, nagy teljes\u00edtm\u00e9ny\u0171 megold\u00e1sokat keresnek.<\/p>\n\n\n\n<h3 class=\"wp-block-heading\">Velux<\/h3>\n\n\n\n<figure class=\"wp-block-image size-full\"><img loading=\"lazy\" decoding=\"async\" width=\"900\" height=\"400\" src=\"https:\/\/boswindor.com\/wp-content\/uploads\/2025\/04\/Velux.jpg\" alt=\"\" class=\"wp-image-2974\" srcset=\"https:\/\/boswindor.com\/wp-content\/uploads\/2025\/04\/Velux.jpg 900w, https:\/\/boswindor.com\/wp-content\/uploads\/2025\/04\/Velux-300x133.jpg 300w, https:\/\/boswindor.com\/wp-content\/uploads\/2025\/04\/Velux-768x341.jpg 768w, https:\/\/boswindor.com\/wp-content\/uploads\/2025\/04\/Velux-18x8.jpg 18w\" sizes=\"(max-width: 900px) 100vw, 900px\" \/><figcaption class=\"wp-element-caption\">Velux<\/figcaption><\/figure>\n\n\n\n<ul class=\"wp-block-list\">\n<li>Helysz\u00edn: H\u00f8rsholm, D\u00e1nia<\/li>\n\n\n\n<li>C\u00e9gt\u00edpus: Gy\u00e1rt\u00e1s<\/li>\n\n\n\n<li>Alap\u00edt\u00e1s \u00e9ve: 1941<\/li>\n\n\n\n<li>Az alkalmazottak sz\u00e1ma: 7000 f\u0151<\/li>\n\n\n\n<li>F\u0151bb term\u00e9kek: Tet\u0151ablakok, Tet\u0151ablakok, Napcsatorn\u00e1k, Red\u0151ny\u00f6k, Red\u0151ny\u00f6k, Okos otthon megold\u00e1sok<\/li>\n<\/ul>\n\n\n\n<p>Az 1941-ben, D\u00e1ni\u00e1ban alap\u00edtott Velux a vil\u00e1gels\u0151 a tet\u0151ablakok \u00e9s tet\u0151ablakok gy\u00e1rt\u00e1s\u00e1ban, \u00e9s elk\u00f6telezett a lak\u00f3terek term\u00e9szetes f\u00e9nnyel \u00e9s szell\u0151ztet\u00e9ssel t\u00f6rt\u00e9n\u0151 kib\u0151v\u00edt\u00e9s\u00e9ben. Term\u00e9kk\u00edn\u00e1latuk modul\u00e1ris tet\u0151ablakokat, lapos tet\u0151ablakokat \u00e9s napcsatorn\u00e1kat tartalmaz, amelyek mind lakoss\u00e1gi, mind kereskedelmi haszn\u00e1latra alkalmasak. A Velux elk\u00f6telezett az energiahat\u00e9konys\u00e1g \u00e9s a fenntarthat\u00f3s\u00e1g mellett, \u00e9s olyan kialak\u00edt\u00e1sokat k\u00edn\u00e1l, amelyek cs\u00f6kkentik az energiafogyaszt\u00e1st, mik\u00f6zben jav\u00edtj\u00e1k a belt\u00e9ri komfort\u00e9rzetet. Olyan kieg\u00e9sz\u00edt\u0151ket is k\u00edn\u00e1lnak, mint a red\u0151ny\u00f6k \u00e9s a red\u0151ny\u00f6k a funkcionalit\u00e1s fokoz\u00e1sa \u00e9rdek\u00e9ben. Az innov\u00e1ci\u00f3ra \u00f6sszpontos\u00edtva a Velux olyan \u00fatt\u00f6r\u0151 technol\u00f3gi\u00e1kat vezet, mint a napelemes tet\u0151ablakok \u00e9s az intelligens otthonok integr\u00e1ci\u00f3ja. Glob\u00e1lis jelenl\u00e9t\u00fck \u00e9s min\u0151s\u00e9gi h\u00edrnev\u00fck megb\u00edzhat\u00f3 n\u00e9vv\u00e9 teszi \u0151ket a bels\u0151 terek term\u00e9szetes f\u00e9ny \u00e9s friss leveg\u0151 \u00e1ltali \u00e1talak\u00edt\u00e1sakor.<\/p>\n\n\n\n<h3 class=\"wp-block-heading\">YKK AP<\/h3>\n\n\n\n<figure class=\"wp-block-image size-full\"><img loading=\"lazy\" decoding=\"async\" width=\"900\" height=\"491\" src=\"https:\/\/boswindor.com\/wp-content\/uploads\/2025\/04\/YKK-AP.jpg\" alt=\"\" class=\"wp-image-2975\" srcset=\"https:\/\/boswindor.com\/wp-content\/uploads\/2025\/04\/YKK-AP.jpg 900w, https:\/\/boswindor.com\/wp-content\/uploads\/2025\/04\/YKK-AP-300x164.jpg 300w, https:\/\/boswindor.com\/wp-content\/uploads\/2025\/04\/YKK-AP-768x419.jpg 768w, https:\/\/boswindor.com\/wp-content\/uploads\/2025\/04\/YKK-AP-18x10.jpg 18w\" sizes=\"(max-width: 900px) 100vw, 900px\" \/><figcaption class=\"wp-element-caption\">YKK AP<\/figcaption><\/figure>\n\n\n\n<ul class=\"wp-block-list\">\n<li>Helysz\u00edn: Toki\u00f3, Jap\u00e1n<\/li>\n\n\n\n<li>C\u00e9gt\u00edpus: Gy\u00e1rt\u00e1s<\/li>\n\n\n\n<li>Alap\u00edt\u00e1s \u00e9ve: 1957\u00a0<\/li>\n\n\n\n<li>Az alkalmazottak sz\u00e1ma: 4000 f\u0151<\/li>\n\n\n\n<li>F\u0151bb term\u00e9kek: Kereskedelmi \u00e9s lakoss\u00e1gi ny\u00edl\u00e1sz\u00e1r\u00f3k (alum\u00ednium), F\u00fcgg\u00f6nyfalrendszerek, Kirakatrendszerek, Bej\u00e1ratok.<\/li>\n<\/ul>\n\n\n\n<p>Az YKK AP, a jap\u00e1n YKK Group r\u00e9sze, az alum\u00ednium ablakok \u00e9s ajt\u00f3k kiemelked\u0151 gy\u00e1rt\u00f3ja, k\u00fcl\u00f6n\u00f6sen az \u00e1zsiai piacon. Megold\u00e1sok sz\u00e9les sk\u00e1l\u00e1j\u00e1t k\u00edn\u00e1lj\u00e1k lakoss\u00e1gi \u00e9s kereskedelmi alkalmaz\u00e1sokhoz, bele\u00e9rtve a tol\u00f3-, tol\u00f3- \u00e9s buk\u00f3ablakokat, valamint a bej\u00e1rati \u00e9s teraszajt\u00f3kat. A kiv\u00e1l\u00f3 min\u0151s\u00e9g\u0171 anyagokr\u00f3l, a prec\u00edzi\u00f3s tervez\u00e9sr\u0151l \u00e9s az eleg\u00e1ns formatervez\u00e9sr\u0151l ismert YKK AP fejlett technol\u00f3gi\u00e1kat integr\u00e1l az energiahat\u00e9konys\u00e1g \u00e9s a felhaszn\u00e1l\u00f3i k\u00e9nyelem fokoz\u00e1sa \u00e9rdek\u00e9ben. A fenntarthat\u00f3s\u00e1g ir\u00e1nti elk\u00f6telezetts\u00e9g\u00fck biztos\u00edtja, hogy a term\u00e9kek megfeleljenek a magas k\u00f6rnyezetv\u00e9delmi el\u0151\u00edr\u00e1soknak. Az er\u0151s glob\u00e1lis jelenl\u00e9ttel \u00e9s a tart\u00f3ss\u00e1g h\u00edrnev\u00e9vel az YKK AP a megb\u00edzhat\u00f3, st\u00edlusos \u00e9s innovat\u00edv \u00e9p\u00edt\u00e9szeti megold\u00e1sokat keres\u0151 \u00e9p\u00edt\u00e9szek \u00e9s \u00e9p\u00edt\u0151mesterek kedvelt v\u00e1laszt\u00e1sa.<\/p>\n\n\n\n<h3 class=\"wp-block-heading\">Masonite International<\/h3>\n\n\n\n<figure class=\"wp-block-image size-full\"><img loading=\"lazy\" decoding=\"async\" width=\"900\" height=\"491\" src=\"https:\/\/boswindor.com\/wp-content\/uploads\/2025\/04\/Masonite-International.jpg\" alt=\"\" class=\"wp-image-2976\" srcset=\"https:\/\/boswindor.com\/wp-content\/uploads\/2025\/04\/Masonite-International.jpg 900w, https:\/\/boswindor.com\/wp-content\/uploads\/2025\/04\/Masonite-International-300x164.jpg 300w, https:\/\/boswindor.com\/wp-content\/uploads\/2025\/04\/Masonite-International-768x419.jpg 768w, https:\/\/boswindor.com\/wp-content\/uploads\/2025\/04\/Masonite-International-18x10.jpg 18w\" sizes=\"(max-width: 900px) 100vw, 900px\" \/><figcaption class=\"wp-element-caption\">Masonite International<\/figcaption><\/figure>\n\n\n\n<ul class=\"wp-block-list\">\n<li>Helysz\u00edn: Tampa, Florida, USA<\/li>\n\n\n\n<li>C\u00e9gt\u00edpus: Gy\u00e1rt\u00e1s<\/li>\n\n\n\n<li>Alap\u00edt\u00e1s \u00e9ve: 1925<\/li>\n\n\n\n<li>Az alkalmazottak sz\u00e1ma: 6000 f\u0151<\/li>\n\n\n\n<li>F\u0151bb term\u00e9kek: Belt\u00e9ri ajt\u00f3k, K\u00fclt\u00e9ri ajt\u00f3k (\u00fcvegsz\u00e1las, ac\u00e9l, fa), Ajt\u00f3elemek. Els\u0151sorban az ajt\u00f3kra \u00f6sszpontos\u00edtott, bele\u00e9rtve a st\u00edlusok \u00e9s anyagok sz\u00e9les sk\u00e1l\u00e1j\u00e1t.<\/li>\n<\/ul>\n\n\n\n<p>Az 1925-ben Kanad\u00e1ban alap\u00edtott Masonite International a vil\u00e1g vezet\u0151 ajt\u00f3gy\u00e1rt\u00f3ja, amely f\u00e1b\u00f3l, \u00fcvegsz\u00e1lb\u00f3l \u00e9s ac\u00e9lb\u00f3l k\u00e9sz\u00fclt bel- \u00e9s k\u00fclt\u00e9ri ajt\u00f3k \u00e1tfog\u00f3 v\u00e1laszt\u00e9k\u00e1t gy\u00e1rtja. Az innovat\u00edv kialak\u00edt\u00e1sokr\u00f3l, p\u00e9ld\u00e1ul a szabadalmaztatott ajt\u00f3burkolatokr\u00f3l \u00e9s a dekorat\u00edv \u00fcvegbet\u00e9tekr\u0151l h\u00edres Masonite olyan megold\u00e1sokat k\u00edn\u00e1l, amelyek n\u00f6velik a biztons\u00e1got, az energiahat\u00e9konys\u00e1got \u00e9s az eszt\u00e9tikai vonzer\u0151t mind a lakoss\u00e1gi, mind a kereskedelmi piacokon. Term\u00e9keik v\u00e1ltozatos \u00e9p\u00edt\u00e9szeti st\u00edlusokat szolg\u00e1lnak ki, biztos\u00edtva a funkcionalit\u00e1st \u00e9s a tart\u00f3ss\u00e1got. A fenntarthat\u00f3s\u00e1g ir\u00e1nt elk\u00f6telezett Masonite k\u00f6rnyezetbar\u00e1t gy\u00e1rt\u00e1si folyamatokat \u00e9s felel\u0151s beszerz\u00e9st val\u00f3s\u00edt meg. A kiv\u00e1l\u00f3s\u00e1g \u00f6r\u00f6ks\u00e9g\u00e9vel \u00e9s az \u00fcgyfelek el\u00e9gedetts\u00e9g\u00e9re \u00f6sszpontos\u00edtva a Masonite tov\u00e1bbra is megb\u00edzhat\u00f3 n\u00e9v marad az ajt\u00f3gy\u00e1rt\u00e1sban, folyamatosan ipari szabv\u00e1nyokat \u00e1ll\u00edtva fel.<\/p>\n\n\n\n<h3 class=\"wp-block-heading\">Simonton ablakok \u00e9s ajt\u00f3k<\/h3>\n\n\n\n<figure class=\"wp-block-image size-full\"><img loading=\"lazy\" decoding=\"async\" width=\"900\" height=\"300\" src=\"https:\/\/boswindor.com\/wp-content\/uploads\/2025\/04\/Simonton-Windows-Doors.jpg\" alt=\"\" class=\"wp-image-2977\" srcset=\"https:\/\/boswindor.com\/wp-content\/uploads\/2025\/04\/Simonton-Windows-Doors.jpg 900w, https:\/\/boswindor.com\/wp-content\/uploads\/2025\/04\/Simonton-Windows-Doors-300x100.jpg 300w, https:\/\/boswindor.com\/wp-content\/uploads\/2025\/04\/Simonton-Windows-Doors-768x256.jpg 768w, https:\/\/boswindor.com\/wp-content\/uploads\/2025\/04\/Simonton-Windows-Doors-18x6.jpg 18w\" sizes=\"(max-width: 900px) 100vw, 900px\" \/><figcaption class=\"wp-element-caption\">Simonton ablakok \u00e9s ajt\u00f3k<\/figcaption><\/figure>\n\n\n\n<ul class=\"wp-block-list\">\n<li>Helysz\u00edn: Columbus, Ohio, USA<\/li>\n\n\n\n<li>C\u00e9gt\u00edpus: Gy\u00e1rt\u00e1s<\/li>\n\n\n\n<li>Alap\u00edt\u00e1s \u00e9ve: 1946<\/li>\n\n\n\n<li>Az alkalmazottak sz\u00e1ma: 1000 f\u0151<\/li>\n\n\n\n<li>F\u0151bb term\u00e9kek: Vinil ablakok (dupla f\u00fcggeszt\u00e9s\u0171, sz\u00e1rnyas, tol\u00f3ajt\u00f3s, \u00f6b\u00f6l \u00e9s orr, kerti, k\u00e9p), Vinil teraszajt\u00f3k.<\/li>\n<\/ul>\n\n\n\n<p>Az 1946-ban Nyugat-Virgini\u00e1ban (USA) alap\u00edtott Simonton Windows &amp; Doors a lakoss\u00e1gi szektorba sz\u00e1nt vinil ablakok \u00e9s ajt\u00f3k vezet\u0151 gy\u00e1rt\u00f3ja. V\u00e1ltozatos term\u00e9kv\u00e1laszt\u00e9kot k\u00edn\u00e1lnak, bele\u00e9rtve a dupla f\u00fcggeszt\u00e9s\u0171, tokos, tol\u00f3- \u00e9s speci\u00e1lis ablakokat, valamint teraszajt\u00f3kat. A min\u0151s\u00e9gr\u0151l, megfizethet\u0151s\u00e9gr\u0151l \u00e9s energiahat\u00e9konys\u00e1gr\u00f3l ismert Simonton term\u00e9kei olyan fejlett technol\u00f3gi\u00e1kat tartalmaznak, mint a t\u00f6bbkamr\u00e1s keretek \u00e9s a nagy teljes\u00edtm\u00e9ny\u0171 \u00fcveg a szigetel\u00e9s optimaliz\u00e1l\u00e1sa \u00e9rdek\u00e9ben. \u00dcgyf\u00e9lk\u00f6zpont\u00fa megk\u00f6zel\u00edt\u00e9s\u00fck \u00e1tfog\u00f3 garanci\u00e1kat \u00e9s kiv\u00e9teles szolg\u00e1ltat\u00e1st foglal mag\u00e1ban. A megb\u00edzhat\u00f3s\u00e1g\u00e1r\u00f3l \u00e9s \u00e9rt\u00e9k\u00e9r\u0151l h\u00edres Simonton k\u00f6lts\u00e9ghat\u00e9kony megold\u00e1sokat k\u00edn\u00e1l a teljes\u00edtm\u00e9ny cs\u00f6kken\u00e9se n\u00e9lk\u00fcl, \u00edgy a tart\u00f3s \u00e9s st\u00edlusos megold\u00e1sokat keres\u0151 h\u00e1ztulajdonosok \u00e9s \u00e9p\u00edt\u0151k kedvelt v\u00e1laszt\u00e1sa.<\/p>\n\n\n\n<h3 class=\"wp-block-heading\">Harvey \u00c9p\u00edt\u0151ipari term\u00e9kek<\/h3>\n\n\n\n<figure class=\"wp-block-image size-full\"><img loading=\"lazy\" decoding=\"async\" width=\"900\" height=\"400\" src=\"https:\/\/boswindor.com\/wp-content\/uploads\/2025\/04\/Harvey-Building-Products.jpg\" alt=\"\" class=\"wp-image-2979\" srcset=\"https:\/\/boswindor.com\/wp-content\/uploads\/2025\/04\/Harvey-Building-Products.jpg 900w, https:\/\/boswindor.com\/wp-content\/uploads\/2025\/04\/Harvey-Building-Products-300x133.jpg 300w, https:\/\/boswindor.com\/wp-content\/uploads\/2025\/04\/Harvey-Building-Products-768x341.jpg 768w, https:\/\/boswindor.com\/wp-content\/uploads\/2025\/04\/Harvey-Building-Products-18x8.jpg 18w\" sizes=\"(max-width: 900px) 100vw, 900px\" \/><figcaption class=\"wp-element-caption\">Harvey \u00c9p\u00edt\u0151ipari term\u00e9kek<\/figcaption><\/figure>\n\n\n\n<ul class=\"wp-block-list\">\n<li>Helysz\u00edn: Waltham, Massachusetts, USA<\/li>\n\n\n\n<li>C\u00e9gt\u00edpus: Gy\u00e1rt\u00e1s<\/li>\n\n\n\n<li>Alap\u00edt\u00e1s \u00e9ve: 1961<\/li>\n\n\n\n<li>Az alkalmazottak sz\u00e1ma: 3000 f\u0151<\/li>\n\n\n\n<li>F\u0151bb term\u00e9kek: Vinil ablakok (dupla f\u00fcgg\u0151, tokos, napellenz\u0151, tol\u00f3s, k\u00e9p, speci\u00e1lis), Fa ablakok, vinil teraszajt\u00f3k, bej\u00e1rati ajt\u00f3k, viharajt\u00f3k \u00e9s gar\u00e1zskapuk.\u00a0<\/li>\n<\/ul>\n\n\n\n<p>Az 1961-ben, Massachusettsben (USA) alap\u00edtott Harvey Building Products region\u00e1lis vezet\u0151 szerepet t\u00f6lt be az ablakok \u00e9s ajt\u00f3k gy\u00e1rt\u00e1s\u00e1ban, els\u0151sorban az Egyes\u00fclt \u00c1llamok \u00e9szakkeleti r\u00e9sz\u00e9n. A r\u00e9gi\u00f3 \u00e9ghajlati \u00e9s \u00e9p\u00edt\u00e9szeti ig\u00e9nyeihez igazod\u00f3 vinil \u00e9s fa ablakokat, valamint bej\u00e1rati \u00e9s teraszajt\u00f3kat k\u00edn\u00e1lnak. Az egyedi megold\u00e1sair\u00f3l ismert Harvey lehet\u0151v\u00e9 teszi a szem\u00e9lyre szab\u00e1st k\u00fcl\u00f6nf\u00e9le st\u00edlusokkal, sz\u00ednekkel \u00e9s hardver opci\u00f3kkal. Term\u00e9keiket szigor\u00fa tesztel\u00e9snek vetik al\u00e1 a min\u0151s\u00e9g \u00e9s az energiahat\u00e9konys\u00e1g biztos\u00edt\u00e1sa \u00e9rdek\u00e9ben, amelyeket \u00fagy terveztek, hogy ellen\u00e1lljanak a zord id\u0151j\u00e1r\u00e1snak, mik\u00f6zben cs\u00f6kkentik az energiafogyaszt\u00e1st. Region\u00e1lis szak\u00e9rtelm\u00e9vel \u00e9s \u00fcgyf\u00e9lk\u00f6zpont\u00fa megk\u00f6zel\u00edt\u00e9s\u00e9vel a Harvey megb\u00edzhat\u00f3 partner a nagy teljes\u00edtm\u00e9ny\u0171, testreszabott ablak- \u00e9s ajt\u00f3megold\u00e1sokat keres\u0151 \u00e9p\u00edt\u0151k \u00e9s lak\u00e1stulajdonosok sz\u00e1m\u00e1ra.<\/p>\n\n\n\n<h2 class=\"wp-block-heading\">A nagy neveken t\u00fal: Ami igaz\u00e1n sz\u00e1m\u00edt az \u00d6n v\u00e1laszt\u00e1sa szerint<\/h2>\n\n\n\n<p>M\u00edg ezek a glob\u00e1lis \u00f3ri\u00e1sok az ipar\u00e1g cs\u00facs\u00e1t k\u00e9pviselik, a&nbsp;<em>jobbra<\/em>&nbsp;gy\u00e1rt\u00f3 sz\u00e1m\u00e1ra&nbsp;<em>a te<\/em>&nbsp;konkr\u00e9t projekt t\u00falmutat a m\u00e1rka felismer\u00e9s\u00e9n. Mire kell igaz\u00e1n v\u00e1gyni egy ajt\u00f3-ablak partnern\u00e9l?<\/p>\n\n\n<style>.elementor-1432 .elementor-element.elementor-element-827b281{--display:flex;--flex-direction:column;--container-widget-width:100%;--container-widget-height:initial;--container-widget-flex-grow:0;--container-widget-align-self:initial;--flex-wrap-mobile:wrap;--margin-top:0px;--margin-bottom:0px;--margin-left:0px;--margin-right:0px;--padding-top:40px;--padding-bottom:40px;--padding-left:0px;--padding-right:0px;}.elementor-1432 .elementor-element.elementor-element-18a73d2{text-align:center;}.elementor-1432 .elementor-element.elementor-element-18a73d2 > .elementor-widget-container{margin:0px 0px -20px 0px;padding:0px 0px 0px 0px;}.elementor-1432 .elementor-element.elementor-element-809c6bb{text-align:center;font-size:20px;}.elementor-1432 .elementor-element.elementor-element-68551e0{--e-image-carousel-slides-to-show:3;}@media(min-width:768px){.elementor-1432 .elementor-element.elementor-element-827b281{--content-width:1300px;}}<\/style>\t\t<div data-elementor-type=\"container\" data-elementor-id=\"1432\" class=\"elementor elementor-1432\" data-elementor-settings=\"{&quot;ha_cmc_init_switcher&quot;:&quot;no&quot;}\" data-elementor-post-type=\"elementor_library\">\n\t\t\t\t<div class=\"elementor-element elementor-element-827b281 e-flex e-con-boxed e-con e-parent\" data-id=\"827b281\" data-element_type=\"container\" data-e-type=\"container\" data-settings=\"{&quot;_ha_eqh_enable&quot;:false}\">\n\t\t\t\t\t<div class=\"e-con-inner\">\n\t\t\t\t<div class=\"elementor-element elementor-element-18a73d2 elementor-widget elementor-widget-heading\" data-id=\"18a73d2\" data-element_type=\"widget\" data-e-type=\"widget\" data-widget_type=\"heading.default\">\n\t\t\t\t<div class=\"elementor-widget-container\">\n\t\t\t\t\t<h3 class=\"elementor-heading-title elementor-size-default\">Boswindor ajt\u00f3k \u00e9s ablakok \u2013 az \u00d6n ig\u00e9nyeinek megfelel\u0151 megold\u00e1sok<\/h3>\t\t\t\t<\/div>\n\t\t\t\t<\/div>\n\t\t\t\t<div class=\"elementor-element elementor-element-809c6bb elementor-widget elementor-widget-text-editor\" data-id=\"809c6bb\" data-element_type=\"widget\" data-e-type=\"widget\" data-widget_type=\"text-editor.default\">\n\t\t\t\t<div class=\"elementor-widget-container\">\n\t\t\t\t\t\t\t\t\t<p>Tart\u00f3ss\u00e1g, Alacsony karbantart\u00e1si ig\u00e9ny, K\u00f6nny\u0171 s\u00faly, Er\u0151ss\u00e9g, Eleg\u00e1ns eszt\u00e9tika, Energiahat\u00e9konys\u00e1g, \u00dajrahasznos\u00edthat\u00f3, Korr\u00f3zi\u00f3\u00e1ll\u00f3s\u00e1g, Hossz\u00fa \u00e9lettartam, Testreszabhat\u00f3s\u00e1g, Biztons\u00e1g<\/p>\t\t\t\t\t\t\t\t<\/div>\n\t\t\t\t<\/div>\n\t\t\t\t<div class=\"elementor-element elementor-element-68551e0 elementor-arrows-position-inside elementor-pagination-position-outside elementor-widget elementor-widget-image-carousel\" data-id=\"68551e0\" data-element_type=\"widget\" data-e-type=\"widget\" data-settings=\"{&quot;slides_to_show&quot;:&quot;3&quot;,&quot;navigation&quot;:&quot;both&quot;,&quot;autoplay&quot;:&quot;yes&quot;,&quot;pause_on_hover&quot;:&quot;yes&quot;,&quot;pause_on_interaction&quot;:&quot;yes&quot;,&quot;autoplay_speed&quot;:5000,&quot;infinite&quot;:&quot;yes&quot;,&quot;speed&quot;:500,&quot;image_spacing_custom&quot;:{&quot;unit&quot;:&quot;px&quot;,&quot;size&quot;:20,&quot;sizes&quot;:[]},&quot;image_spacing_custom_tablet&quot;:{&quot;unit&quot;:&quot;px&quot;,&quot;size&quot;:&quot;&quot;,&quot;sizes&quot;:[]},&quot;image_spacing_custom_mobile&quot;:{&quot;unit&quot;:&quot;px&quot;,&quot;size&quot;:&quot;&quot;,&quot;sizes&quot;:[]}}\" data-widget_type=\"image-carousel.default\">\n\t\t\t\t<div class=\"elementor-widget-container\">\n\t\t\t\t\t\t\t<div class=\"elementor-image-carousel-wrapper swiper\" role=\"region\" aria-roledescription=\"carousel\" aria-label=\"K\u00e9pforg\u00f3\" dir=\"ltr\">\n\t\t\t<div class=\"elementor-image-carousel swiper-wrapper\" aria-live=\"off\">\n\t\t\t\t\t\t\t\t<div class=\"swiper-slide\" role=\"group\" aria-roledescription=\"slide\" aria-label=\"1 \/ 9\"><figure class=\"swiper-slide-inner\"><img decoding=\"async\" class=\"swiper-slide-image\" src=\"https:\/\/boswindor.com\/wp-content\/uploads\/2025\/01\/Boswindor-Factory-Manufacturing-Windows-7.jpg\" alt=\"Boswindor gy\u00e1r Windows 7-et gy\u00e1rt\" \/><\/figure><\/div><div class=\"swiper-slide\" role=\"group\" aria-roledescription=\"slide\" aria-label=\"2 \/ 9\"><figure class=\"swiper-slide-inner\"><img decoding=\"async\" class=\"swiper-slide-image\" src=\"https:\/\/boswindor.com\/wp-content\/uploads\/2025\/01\/Boswindor-Factory-Manufacturing-Windows-8.jpg\" alt=\"Boswindor gy\u00e1r Windows 8-at gy\u00e1rt\" \/><\/figure><\/div><div class=\"swiper-slide\" role=\"group\" aria-roledescription=\"slide\" aria-label=\"3 \/ 9\"><figure class=\"swiper-slide-inner\"><img decoding=\"async\" class=\"swiper-slide-image\" src=\"https:\/\/boswindor.com\/wp-content\/uploads\/2025\/01\/Install-New-Construction-Windows-1.jpg\" alt=\"\u00daj \u00e9p\u00edt\u00e9s\u0171 ablakok telep\u00edt\u00e9se\" \/><\/figure><\/div><div class=\"swiper-slide\" role=\"group\" aria-roledescription=\"slide\" aria-label=\"4 \/ 9\"><figure class=\"swiper-slide-inner\"><img decoding=\"async\" class=\"swiper-slide-image\" src=\"https:\/\/boswindor.com\/wp-content\/uploads\/2025\/01\/Boswindor-Factory-Manufacturing-Windows-1.jpg\" alt=\"Boswindor gy\u00e1r ablakokat gy\u00e1rt 1\" \/><\/figure><\/div><div class=\"swiper-slide\" role=\"group\" aria-roledescription=\"slide\" aria-label=\"5 \/ 9\"><figure class=\"swiper-slide-inner\"><img decoding=\"async\" class=\"swiper-slide-image\" src=\"https:\/\/boswindor.com\/wp-content\/uploads\/2025\/01\/Boswindor-Factory-Manufacturing-Windows-2.jpg\" alt=\"Boswindor gy\u00e1r Windows 2 gy\u00e1rt\u00e1sa\" \/><\/figure><\/div><div class=\"swiper-slide\" role=\"group\" aria-roledescription=\"slide\" aria-label=\"6 \/ 9\"><figure class=\"swiper-slide-inner\"><img decoding=\"async\" class=\"swiper-slide-image\" src=\"https:\/\/boswindor.com\/wp-content\/uploads\/2025\/01\/Boswindor-Factory-Manufacturing-Windows-3.jpg\" alt=\"Boswindor gy\u00e1r Windows 3 gy\u00e1rt\u00e1sa\" \/><\/figure><\/div><div class=\"swiper-slide\" role=\"group\" aria-roledescription=\"slide\" aria-label=\"7 \/ 9\"><figure class=\"swiper-slide-inner\"><img decoding=\"async\" class=\"swiper-slide-image\" src=\"https:\/\/boswindor.com\/wp-content\/uploads\/2025\/01\/Boswindor-Factory-Manufacturing-Windows-4.jpg\" alt=\"Boswindor gy\u00e1r Windows 4-et gy\u00e1rt\" \/><\/figure><\/div><div class=\"swiper-slide\" role=\"group\" aria-roledescription=\"slide\" aria-label=\"8 \/ 9\"><figure class=\"swiper-slide-inner\"><img decoding=\"async\" class=\"swiper-slide-image\" src=\"https:\/\/boswindor.com\/wp-content\/uploads\/2025\/01\/Boswindor-Factory-Manufacturing-Windows-5.jpg\" alt=\"Boswindor gy\u00e1r Windows 5 gy\u00e1rt\u00e1sa\" \/><\/figure><\/div><div class=\"swiper-slide\" role=\"group\" aria-roledescription=\"slide\" aria-label=\"9 \/ 9\"><figure class=\"swiper-slide-inner\"><img decoding=\"async\" class=\"swiper-slide-image\" src=\"https:\/\/boswindor.com\/wp-content\/uploads\/2025\/01\/Boswindor-Factory-Manufacturing-Windows-6.jpg\" alt=\"Boswindor gy\u00e1r Windows 6-ot gy\u00e1rt\" \/><\/figure><\/div>\t\t\t<\/div>\n\t\t\t\t\t\t\t\t\t\t\t\t<div class=\"elementor-swiper-button elementor-swiper-button-prev\" role=\"button\" tabindex=\"0\">\n\t\t\t\t\t\t<svg aria-hidden=\"true\" class=\"e-font-icon-svg e-eicon-chevron-left\" viewbox=\"0 0 1000 1000\" xmlns=\"http:\/\/www.w3.org\/2000\/svg\"><path d=\"M646 125C629 125 613 133 604 142L308 442C296 454 292 471 292 487 292 504 296 521 308 533L604 854C617 867 629 875 646 875 663 875 679 871 692 858 704 846 713 829 713 812 713 796 708 779 692 767L438 487 692 225C700 217 708 204 708 187 708 171 704 154 692 142 675 129 663 125 646 125Z\"><\/path><\/svg>\t\t\t\t\t<\/div>\n\t\t\t\t\t<div class=\"elementor-swiper-button elementor-swiper-button-next\" role=\"button\" tabindex=\"0\">\n\t\t\t\t\t\t<svg aria-hidden=\"true\" class=\"e-font-icon-svg e-eicon-chevron-right\" viewbox=\"0 0 1000 1000\" xmlns=\"http:\/\/www.w3.org\/2000\/svg\"><path d=\"M696 533C708 521 713 504 713 487 713 471 708 454 696 446L400 146C388 133 375 125 354 125 338 125 325 129 313 142 300 154 292 171 292 187 292 204 296 221 308 233L563 492 304 771C292 783 288 800 288 817 288 833 296 850 308 863 321 871 338 875 354 875 371 875 388 867 400 854L696 533Z\"><\/path><\/svg>\t\t\t\t\t<\/div>\n\t\t\t\t\n\t\t\t\t\t\t\t\t\t<div class=\"swiper-pagination\"><\/div>\n\t\t\t\t\t\t\t\t\t<\/div>\n\t\t\t\t\t\t<\/div>\n\t\t\t\t<\/div>\n\t\t\t\t<div class=\"elementor-element elementor-element-7cd9127 elementor-align-center elementor-widget elementor-widget-button\" data-id=\"7cd9127\" data-element_type=\"widget\" data-e-type=\"widget\" data-widget_type=\"button.default\">\n\t\t\t\t<div class=\"elementor-widget-container\">\n\t\t\t\t\t\t\t\t\t<div class=\"elementor-button-wrapper\">\n\t\t\t\t\t<a class=\"elementor-button elementor-button-link elementor-size-sm\" href=\"https:\/\/boswindor.com\/hu\/contact-us\/\">\n\t\t\t\t\t\t<span class=\"elementor-button-content-wrapper\">\n\t\t\t\t\t\t\t\t\t<span class=\"elementor-button-text\">K\u00e9rjen ingyenes \u00e1raj\u00e1nlatot most<\/span>\n\t\t\t\t\t<\/span>\n\t\t\t\t\t<\/a>\n\t\t\t\t<\/div>\n\t\t\t\t\t\t\t\t<\/div>\n\t\t\t\t<\/div>\n\t\t\t\t\t<\/div>\n\t\t\t\t<\/div>\n\t\t\t\t<\/div>\n\t\t\n\n\n\n<ul class=\"wp-block-list\">\n<li><strong>Megingathatatlan min\u0151s\u00e9g:<\/strong>\u00a0Olyan term\u00e9kekre van sz\u00fcks\u00e9ge, amelyek tart\u00f3sak, ellen\u00e1llnak az elemeknek, \u00e9s meg\u0151rzik sz\u00e9ps\u00e9g\u00fcket \u00e9s teljes\u00edtm\u00e9ny\u00fcket az elk\u00f6vetkez\u0151 \u00e9vekben. A tart\u00f3ss\u00e1g hossz\u00fa t\u00e1v\u00fa k\u00f6lts\u00e9gmegtakar\u00edt\u00e1st \u00e9s vev\u0151i el\u00e9gedetts\u00e9get jelent.<\/li>\n\n\n\n<li><strong>Innov\u00e1ci\u00f3s \u00e9s tervez\u00e9si rugalmass\u00e1g:<\/strong>\u00a0Ak\u00e1r a klasszikus eleganci\u00e1ra, ak\u00e1r a modern minimalizmusra t\u00f6rekszik, a gy\u00e1rt\u00f3nak st\u00edlusok, anyagok (p\u00e9ld\u00e1ul robusztus alum\u00ednium \u00e9s sokoldal\u00fa uPVC) \u00e9s testreszab\u00e1si lehet\u0151s\u00e9gek sz\u00e9les sk\u00e1l\u00e1j\u00e1t kell k\u00edn\u00e1lnia, hogy megfeleljen egyedi \u00e9p\u00edt\u00e9szeti elk\u00e9pzel\u00e9s\u00e9nek. Az energiahat\u00e9kony megold\u00e1sok szint\u00e9n m\u00e1r nem luxus, hanem sz\u00fcks\u00e9glet.<\/li>\n\n\n\n<li><strong>Megb\u00edzhat\u00f3 ell\u00e1t\u00e1si l\u00e1nc \u00e9s m\u00e9retezhet\u0151s\u00e9g:<\/strong>\u00a0\u00c9p\u00edt\u0151k \u00e9s nagy projektek sz\u00e1m\u00e1ra a robusztus gy\u00e1rt\u00e1si kapacit\u00e1ssal \u00e9s megb\u00edzhat\u00f3 ell\u00e1t\u00e1si l\u00e1nccal rendelkez\u0151 gy\u00e1rt\u00f3 kulcsfontoss\u00e1g\u00fa a hat\u00e1rid\u0151k betart\u00e1sa \u00e9s a projektek \u00fctemez\u00e9s\u00e9nek hat\u00e9kony kezel\u00e9se \u00e9rdek\u00e9ben.<\/li>\n\n\n\n<li><strong>Kiv\u00e9teles \u00fcgyf\u00e9lszolg\u00e1lat \u00e9s t\u00e1mogat\u00e1s:<\/strong>\u00a0A kezdeti konzult\u00e1ci\u00f3t\u00f3l \u00e9s tervez\u00e9si seg\u00edts\u00e9gny\u00fajt\u00e1st\u00f3l az \u00e9rt\u00e9kes\u00edt\u00e9s ut\u00e1ni t\u00e1mogat\u00e1sig \u00e9s garanci\u00e1ig egy k\u00e9szs\u00e9ges \u00e9s seg\u00edt\u0151k\u00e9sz partner az eg\u00e9sz folyamatot g\u00f6rd\u00fcl\u00e9kenyebb\u00e9 \u00e9s sikeresebb\u00e9 teszi.<\/li>\n\n\n\n<li><strong>Glob\u00e1lis j\u00f6v\u0151k\u00e9p helyi meg\u00e9rt\u00e9ssel:<\/strong>\u00a0A mai \u00f6sszekapcsolt vil\u00e1gban jelent\u0151s el\u0151nyt jelenthet a glob\u00e1lis perspekt\u00edv\u00e1val rendelkez\u0151, de a helyi piacok \u00e9s szab\u00e1lyoz\u00e1sok \u00e1rnyalatait meg\u00e9rt\u0151 gy\u00e1rt\u00f3.<\/li>\n<\/ul>\n\n\n\n<h2 class=\"wp-block-heading\">Ismerje meg a Boswindort: K\u00edn\u00e1b\u00f3l sz\u00e1rmaz\u00f3 ajt\u00f3k \u00e9s ablakok kiv\u00e1l\u00f3 kivitelez\u00e9se a vil\u00e1g sz\u00e1m\u00e1ra<\/h2>\n\n\n\n<figure class=\"wp-block-image size-full\"><img loading=\"lazy\" decoding=\"async\" width=\"920\" height=\"400\" src=\"https:\/\/boswindor.com\/wp-content\/uploads\/2024\/11\/Your-Top-3-Windows-Doors-Manufacturer-from-China.jpg\" alt=\"\" class=\"wp-image-490\" srcset=\"https:\/\/boswindor.com\/wp-content\/uploads\/2024\/11\/Your-Top-3-Windows-Doors-Manufacturer-from-China.jpg 920w, https:\/\/boswindor.com\/wp-content\/uploads\/2024\/11\/Your-Top-3-Windows-Doors-Manufacturer-from-China-300x130.jpg 300w, https:\/\/boswindor.com\/wp-content\/uploads\/2024\/11\/Your-Top-3-Windows-Doors-Manufacturer-from-China-768x334.jpg 768w\" sizes=\"(max-width: 920px) 100vw, 920px\" \/><figcaption class=\"wp-element-caption\">Boswindor<\/figcaption><\/figure>\n\n\n\n<p><a href=\"https:\/\/boswindor.com\/hu\/\"><mark style=\"background-color:rgba(0, 0, 0, 0);color:#ff4f01\" class=\"has-inline-color\"><strong>Boswindor<\/strong>\u00a0<\/mark><\/a>meg\u00e9rti a mai \u00e9p\u00edttet\u0151k, \u00e9p\u00edt\u00e9szek \u00e9s ingatlantulajdonosok ig\u00e9nyeit. Elk\u00f6telezettek vagyunk, hogy biztos\u00edtsuk:<\/p>\n\n\n\n<ul class=\"wp-block-list\">\n<li><strong>Pr\u00e9mium min\u0151s\u00e9g\u0171 anyagok:<\/strong>\u00a0Kiv\u00e1l\u00f3 min\u0151s\u00e9g\u0171 alum\u00ednium profilok \u00e9s tart\u00f3s uPVC felhaszn\u00e1l\u00e1s\u00e1val, prec\u00edzi\u00f3s tervez\u00e9ssel a tart\u00f3s teljes\u00edtm\u00e9ny \u00e9rdek\u00e9ben.<\/li>\n\n\n\n<li><strong>V\u00e1ltozatos term\u00e9kpaletta:<\/strong>\u00a0Ablakok \u00e9s ajt\u00f3k \u00e1tfog\u00f3 v\u00e1laszt\u00e9k\u00e1t k\u00edn\u00e1lja \u2013 az eleg\u00e1ns alum\u00ednium tol\u00f3ajt\u00f3kt\u00f3l \u00e9s az energiahat\u00e9kony tokos ablakokt\u00f3l a robusztus bej\u00e1rati ajt\u00f3kig \u00e9s a vill\u00e1k \u00e9s sz\u00e1llod\u00e1k testreszabott megold\u00e1saiig.<\/li>\n\n\n\n<li><strong>Versenyk\u00e9pes \u00e1rk\u00e9pz\u00e9s:<\/strong>\u00a0A hat\u00e9kony gy\u00e1rt\u00e1si folyamatok kihaszn\u00e1l\u00e1sa kiv\u00e9teles \u00e9rt\u00e9ket biztos\u00edt a min\u0151s\u00e9gi kompromisszumok n\u00e9lk\u00fcl.<\/li>\n\n\n\n<li><strong>Glob\u00e1lis el\u00e9r\u00e9s \u00e9s exportszak\u00e9rtelem:<\/strong>\u00a0A nemzetk\u00f6zi piacok kiszolg\u00e1l\u00e1s\u00e1ban szerzett t\u00f6bb \u00e9ves tapasztalattal a Boswindor ismeri a glob\u00e1lis projektek logisztik\u00e1j\u00e1t \u00e9s k\u00f6vetelm\u00e9nyeit, biztos\u00edtva a z\u00f6kken\u0151mentes \u00e9s megb\u00edzhat\u00f3 sz\u00e1ll\u00edt\u00e1st.<\/li>\n\n\n\n<li><strong>Dedik\u00e1lt t\u00e1mogat\u00e1s:<\/strong>\u00a0Csapatunk elk\u00f6telezett a szem\u00e9lyre szabott szolg\u00e1ltat\u00e1s ny\u00fajt\u00e1sa mellett, az els\u0151 megkeres\u00e9st\u0151l a projekt befejez\u00e9s\u00e9ig \u00e9s azon t\u00fal is.<\/li>\n<\/ul>\n\n\n\n<p><strong><mark style=\"background-color:rgba(0, 0, 0, 0);color:#ff4f01\" class=\"has-inline-color\"><a href=\"https:\/\/boswindor.com\/hu\/contact-us\/\">A Boswindor nem csak ajt\u00f3kat \u00e9s ablakokat gy\u00e1rt; olyan megold\u00e1sokat dolgozunk ki, amelyekkel \u00e9letre kelthetj\u00fck \u00e9p\u00edt\u00e9szeti elk\u00e9pzel\u00e9seit<\/a>.<\/mark>\u00a0<\/strong>A kiv\u00e1l\u00f3s\u00e1g ir\u00e1nti szenved\u00e9ly, valamint az \u00e9p\u00edttet\u0151kkel, \u00e9p\u00edt\u00e9szekkel \u00e9s ingatlantulajdonosokkal val\u00f3 egy\u00fcttm\u0171k\u00f6d\u00e9s ir\u00e1nti v\u00e1gy hajt benn\u00fcnket vil\u00e1gszerte, hogy sz\u00e9p, funkcion\u00e1lis \u00e9s fenntarthat\u00f3 tereket hozzunk l\u00e9tre.<\/p>","protected":false},"excerpt":{"rendered":"<p>In the world of architecture and construction, doors and windows are more than just functional elements \u2013 they are the eyes and breath of a building. They dictate aesthetics, control light and ventilation, ensure security, and significantly impact energy efficiency. Choosing the right manufacturer for these crucial components is paramount, whether you&#8217;re an architect designing [&hellip;]<\/p>\n","protected":false},"author":3,"featured_media":2872,"comment_status":"open","ping_status":"open","sticky":false,"template":"","format":"standard","meta":{"footnotes":""},"categories":[10],"tags":[],"class_list":["post-2957","post","type-post","status-publish","format-standard","has-post-thumbnail","hentry","category-windows-doors"],"blocksy_meta":[],"_links":{"self":[{"href":"https:\/\/boswindor.com\/hu\/wp-json\/wp\/v2\/posts\/2957","targetHints":{"allow":["GET"]}}],"collection":[{"href":"https:\/\/boswindor.com\/hu\/wp-json\/wp\/v2\/posts"}],"about":[{"href":"https:\/\/boswindor.com\/hu\/wp-json\/wp\/v2\/types\/post"}],"author":[{"embeddable":true,"href":"https:\/\/boswindor.com\/hu\/wp-json\/wp\/v2\/users\/3"}],"replies":[{"embeddable":true,"href":"https:\/\/boswindor.com\/hu\/wp-json\/wp\/v2\/comments?post=2957"}],"version-history":[{"count":4,"href":"https:\/\/boswindor.com\/hu\/wp-json\/wp\/v2\/posts\/2957\/revisions"}],"predecessor-version":[{"id":2985,"href":"https:\/\/boswindor.com\/hu\/wp-json\/wp\/v2\/posts\/2957\/revisions\/2985"}],"wp:featuredmedia":[{"embeddable":true,"href":"https:\/\/boswindor.com\/hu\/wp-json\/wp\/v2\/media\/2872"}],"wp:attachment":[{"href":"https:\/\/boswindor.com\/hu\/wp-json\/wp\/v2\/media?parent=2957"}],"wp:term":[{"taxonomy":"category","embeddable":true,"href":"https:\/\/boswindor.com\/hu\/wp-json\/wp\/v2\/categories?post=2957"},{"taxonomy":"post_tag","embeddable":true,"href":"https:\/\/boswindor.com\/hu\/wp-json\/wp\/v2\/tags?post=2957"}],"curies":[{"name":"munkaf\u00fczet","href":"https:\/\/api.w.org\/{rel}","templated":true}]}}