{"id":2846,"date":"2025-03-30T18:27:01","date_gmt":"2025-03-31T02:27:01","guid":{"rendered":"https:\/\/boswindor.com\/?p=2846"},"modified":"2025-04-24T01:20:29","modified_gmt":"2025-04-24T09:20:29","slug":"explore-sliding-glass-patio-doors-durable-vinyl","status":"publish","type":"post","link":"https:\/\/boswindor.com\/hu\/explore-sliding-glass-patio-doors-durable-vinyl\/","title":{"rendered":"Fedezze fel az \u00fcveg tol\u00f3ajt\u00f3kat | Tart\u00f3s bakelit opci\u00f3k \u00e1llnak rendelkez\u00e9sre"},"content":{"rendered":"<h2 class=\"wp-block-heading\">Milyen el\u0151ny\u00f6kkel j\u00e1r, ha a teraszajt\u00f3t v\u00e1lasztja otthona kialak\u00edt\u00e1s\u00e1hoz?<\/h2>\n\n\n\n<figure class=\"wp-block-image size-full\"><img fetchpriority=\"high\" decoding=\"async\" width=\"900\" height=\"491\" src=\"https:\/\/boswindor.com\/wp-content\/uploads\/2025\/03\/Sliding-Glass-Patio-Door.jpg\" alt=\"\" class=\"wp-image-2852\" srcset=\"https:\/\/boswindor.com\/wp-content\/uploads\/2025\/03\/Sliding-Glass-Patio-Door.jpg 900w, https:\/\/boswindor.com\/wp-content\/uploads\/2025\/03\/Sliding-Glass-Patio-Door-300x164.jpg 300w, https:\/\/boswindor.com\/wp-content\/uploads\/2025\/03\/Sliding-Glass-Patio-Door-768x419.jpg 768w, https:\/\/boswindor.com\/wp-content\/uploads\/2025\/03\/Sliding-Glass-Patio-Door-18x10.jpg 18w\" sizes=\"(max-width: 900px) 100vw, 900px\" \/><figcaption class=\"wp-element-caption\">Tol\u00f3 \u00fcveg teraszajt\u00f3<\/figcaption><\/figure>\n\n\n\n<p>A teraszajt\u00f3k \u00e1tform\u00e1l\u00f3 hat\u00e1s\u00faak, fokozz\u00e1k otthona eszt\u00e9tik\u00e1j\u00e1t \u00e9s funkcionalit\u00e1s\u00e1t a k\u00fcls\u0151 terekhez val\u00f3 egyszer\u0171 hozz\u00e1f\u00e9r\u00e9sen t\u00fal. A teraszajt\u00f3, k\u00fcl\u00f6n\u00f6sen az \u00fcveg tol\u00f3ajt\u00f3 kiv\u00e1laszt\u00e1sa sz\u00e1mos el\u0151nnyel j\u00e1r a lak\u00e1stulajdonosok, \u00e9p\u00edt\u0151k \u00e9s \u00e9p\u00edt\u00e9szek sz\u00e1m\u00e1ra. A tol\u00f3 teraszajt\u00f3k term\u00e9szet\u00fckn\u00e9l fogva helytakar\u00e9kosak, ellent\u00e9tben a csukl\u00f3s ajt\u00f3kkal. V\u00edzszintesen kiny\u00edlnak, \u00edgy nincs sz\u00fcks\u00e9g leng\u0151t\u00e9rre. Ez t\u00f6k\u00e9letess\u00e9 teszi \u0151ket olyan helyis\u00e9gekben, ahol korl\u00e1tozott a hely, maximaliz\u00e1lva a haszn\u00e1lhat\u00f3 teraszt vagy fed\u00e9lzetet, k\u00fcl\u00f6n\u00f6sen kisebb helyis\u00e9gekben.<\/p>\n\n\n\n<p>A helytakar\u00e9koss\u00e1gon t\u00fal az \u00fcveg tol\u00f3ajt\u00f3k jelent\u0151sen megn\u00f6velik az otthon\u00e1ba jut\u00f3 term\u00e9szetes f\u00e9nyt. A nagy \u00fcvegt\u00e1bl\u00e1k b\u0151s\u00e9ges napf\u00e9nyt engednek be, vil\u00e1gosabb \u00e9s h\u00edvogat\u00f3bb \u00e9lettereket teremtve. Ez a b\u0151s\u00e9ges term\u00e9szetes f\u00e9ny cs\u00f6kkenti a napk\u00f6zbeni mesters\u00e9ges vil\u00e1g\u00edt\u00e1st\u00f3l val\u00f3 f\u00fcgg\u00e9st, n\u00f6veli az energiahat\u00e9konys\u00e1got \u00e9s cs\u00f6kkenti az \u00e1ramsz\u00e1ml\u00e1kat. Ezenk\u00edv\u00fcl a teraszajt\u00f3k zavartalan kil\u00e1t\u00e1st ny\u00fajtanak a teraszra vagy a kertre, z\u00f6kken\u0151mentesen egyes\u00edtve a belt\u00e9ri \u00e9s a k\u00fclt\u00e9ri \u00e9letet. K\u00e9pzelje el azt a nyugalmat, amikor a nappalij\u00e1b\u00f3l megtekintheti kertj\u00e9t vagy terasz\u00e1t. Ez a vizu\u00e1lis kapcsolat fokozza \u00e9let\u00e9lm\u00e9ny\u00e9t, \u00e9s b\u00e9k\u00e9t hoz otthoni k\u00f6rnyezet\u00e9be. Ha tov\u00e1bbi \u00f6tletekre van sz\u00fcks\u00e9ge a belt\u00e9ri \u00e9s k\u00fclt\u00e9ri terek kever\u00e9s\u00e9re, tekintse meg a megold\u00e1sainkat\u00a0<a href=\"https:\/\/boswindor.com\/hu\/windows-doors-solutions\/sunroom-window-door-solutions\/\">napszoba ablakai \u00e9s ajt\u00f3i<\/a>.<\/p>\n\n\n\n<h2 class=\"wp-block-heading\">Milyen t\u00edpus\u00fa tol\u00f3\u00fcveges teraszajt\u00f3k \u00e1llnak rendelkez\u00e9sre a lak\u00e1stulajdonosok sz\u00e1m\u00e1ra?<\/h2>\n\n\n\n<figure class=\"wp-block-image size-full\"><img decoding=\"async\" width=\"900\" height=\"491\" src=\"https:\/\/boswindor.com\/wp-content\/uploads\/2025\/03\/Aluminum-Sliding-Glass-Patio-Door.jpg\" alt=\"\" class=\"wp-image-2854\" srcset=\"https:\/\/boswindor.com\/wp-content\/uploads\/2025\/03\/Aluminum-Sliding-Glass-Patio-Door.jpg 900w, https:\/\/boswindor.com\/wp-content\/uploads\/2025\/03\/Aluminum-Sliding-Glass-Patio-Door-300x164.jpg 300w, https:\/\/boswindor.com\/wp-content\/uploads\/2025\/03\/Aluminum-Sliding-Glass-Patio-Door-768x419.jpg 768w, https:\/\/boswindor.com\/wp-content\/uploads\/2025\/03\/Aluminum-Sliding-Glass-Patio-Door-18x10.jpg 18w\" sizes=\"(max-width: 900px) 100vw, 900px\" \/><figcaption class=\"wp-element-caption\">Alum\u00ednium tol\u00f3\u00fcveg teraszajt\u00f3<\/figcaption><\/figure>\n\n\n\n<p>Az \u00fcveg tol\u00f3ajt\u00f3k t\u00edpusainak felt\u00e1r\u00e1sa sokf\u00e9le st\u00edlust t\u00e1r fel, amelyek megfelelnek a k\u00fcl\u00f6nb\u00f6z\u0151 \u00e9p\u00edt\u00e9szeti terveknek \u00e9s a h\u00e1ztulajdonosok \u00edzl\u00e9s\u00e9nek. A legelterjedtebb a szabv\u00e1nyos \u00fcveg tol\u00f3ajt\u00f3, k\u00e9t vagy t\u00f6bb v\u00edzszintesen cs\u00fasz\u00f3 panellel. Egyszer\u0171s\u00e9g\u00fck, k\u00f6nny\u0171 kezelhet\u0151s\u00e9g\u00fck \u00e9s a tervez\u00e9si lehet\u0151s\u00e9gek sz\u00e9les sk\u00e1l\u00e1ja miatt kedvelik \u0151ket. A klasszikus megjelen\u00e9s \u00e9rdek\u00e9ben a francia teraszajt\u00f3k vagy a francia st\u00edlus\u00fa tol\u00f3ajt\u00f3k sz\u00e9lesebb kerettel rendelkeznek, \u00e9s gyakran d\u00edsz\u00edt\u0151 r\u00e1csokat tartalmaznak, amelyek hasonl\u00edtanak a hagyom\u00e1nyos francia ajt\u00f3kra, de a cs\u00faszka helytakar\u00e9kos el\u0151ny\u00e9vel.<\/p>\n\n\n\n<p>T\u00e1gasabb ny\u00edl\u00e1sokhoz a tol\u00f3\u00fcveg ajt\u00f3k sorozata, t\u00f6bb, egy ir\u00e1nyba cs\u00fasztathat\u00f3 panellel sz\u00e9les \u00fcvegfalakat hoz l\u00e9tre. Ezek maximaliz\u00e1lj\u00e1k a kil\u00e1t\u00e1st \u00e9s a szabadba val\u00f3 hozz\u00e1f\u00e9r\u00e9st. A beh\u00fazhat\u00f3 \u00fcvegajt\u00f3k egy m\u00e1sik lehet\u0151s\u00e9get k\u00edn\u00e1lnak, ahol a cs\u00fasz\u00f3 panelek a fali zsebekbe t\u0171nnek, z\u00f6kken\u0151mentes \u00e1tmenetet teremtve a belt\u00e9ri \u00e9s a k\u00fclt\u00e9ri k\u00f6rnyezet k\u00f6z\u00f6tt. Az anyagv\u00e1laszt\u00e1s kulcsfontoss\u00e1g\u00fa az \u00fcveg tol\u00f3ajt\u00f3k t\u00edpusaiban is. M\u00edg fa \u00e9s alum\u00ednium kaphat\u00f3, a vinil tol\u00f3 teraszajt\u00f3kat egyre ink\u00e1bb kedvelik tart\u00f3ss\u00e1guk, minim\u00e1lis karbantart\u00e1suk \u00e9s kiv\u00e1l\u00f3 energiahat\u00e9konys\u00e1guk miatt.\u00a0<a href=\"https:\/\/boswindor.com\/hu\/\"><mark style=\"background-color:rgba(0, 0, 0, 0);color:#ff4f01\" class=\"has-inline-color\">Boswindor<\/mark><\/a>, K\u00edna vezet\u0151 ajt\u00f3- \u00e9s ablakgy\u00e1rt\u00f3ja, a tol\u00f3\u00fcveg teraszajt\u00f3k \u00e1tfog\u00f3 v\u00e1laszt\u00e9k\u00e1t k\u00edn\u00e1lja, bele\u00e9rtve a tart\u00f3s vinil \u00e9s robusztus alum\u00ednium ajt\u00f3t\u00edpusokat is, \u00edgy biztos\u00edtva az ide\u00e1lis illeszked\u00e9st minden projekthez.<\/p>\n\n\n\n<h2 class=\"wp-block-heading\">Milyen f\u0151bb jellemz\u0151ket \u00e9s lehet\u0151s\u00e9geket \u00e9rdemes figyelembe venni egy tol\u00f3ajt\u00f3 vagy -ablak eset\u00e9ben?<\/h2>\n\n\n\n<figure class=\"wp-block-image size-full\"><img decoding=\"async\" width=\"920\" height=\"502\" src=\"https:\/\/boswindor.com\/wp-content\/uploads\/2025\/01\/Triple-Pane-Windows.jpg\" alt=\"\" class=\"wp-image-1529\" srcset=\"https:\/\/boswindor.com\/wp-content\/uploads\/2025\/01\/Triple-Pane-Windows.jpg 920w, https:\/\/boswindor.com\/wp-content\/uploads\/2025\/01\/Triple-Pane-Windows-300x164.jpg 300w, https:\/\/boswindor.com\/wp-content\/uploads\/2025\/01\/Triple-Pane-Windows-768x419.jpg 768w, https:\/\/boswindor.com\/wp-content\/uploads\/2025\/01\/Triple-Pane-Windows-18x10.jpg 18w\" sizes=\"(max-width: 920px) 100vw, 920px\" \/><figcaption class=\"wp-element-caption\">H\u00e1rom ablakt\u00e1bl\u00e1s Windows<\/figcaption><\/figure>\n\n\n\n<p>A megfelel\u0151 tol\u00f3ajt\u00f3 kiv\u00e1laszt\u00e1s\u00e1hoz figyelembe kell venni az ajt\u00f3 alapvet\u0151 jellemz\u0151it \u00e9s opci\u00f3it az optim\u00e1lis teljes\u00edtm\u00e9ny, biztons\u00e1g \u00e9s eszt\u00e9tika \u00e9rdek\u00e9ben. Az energiahat\u00e9konys\u00e1g kulcsfontoss\u00e1g\u00fa; el\u0151nyben r\u00e9szes\u00edtse a tol\u00f3\u00fcveges teraszajt\u00f3kat olyan funkci\u00f3kkal, mint a dupla vagy h\u00e1romszoros \u00fcvegt\u00e1bl\u00e1k, az alacsony energiatartalm\u00fa bevonatok \u00e9s az argong\u00e1z t\u00f6ltet. Ezek jav\u00edtj\u00e1k a szigetel\u00e9st, minimaliz\u00e1lj\u00e1k a h\u0151\u00e1tad\u00e1st, \u00e9s jav\u00edtj\u00e1k otthona f\u0171t\u00e9si \u00e9s h\u0171t\u00e9si hat\u00e9konys\u00e1g\u00e1t. A fokozott biztons\u00e1g \u00e9rdek\u00e9ben l\u00e9tfontoss\u00e1g\u00fa az er\u0151s z\u00e1rrendszer. A t\u00f6bbpontos rendszerek jobb v\u00e9delmet ny\u00fajtanak, mint a hagyom\u00e1nyos reteszek. Az \u00fcveg t\u00edpusa is sz\u00e1m\u00edt; Az edzett vagy lamin\u00e1lt \u00fcveg n\u00f6veli a biztons\u00e1got. A fokozott biztons\u00e1g \u00e9rdek\u00e9ben vegye fontol\u00f3ra a mi\u00a0<a href=\"https:\/\/boswindor.com\/hu\/everything-you-need-to-know-about-hurricane-impact-windows\/\">Hat\u00e1s Windows<\/a>.<\/p>\n\n\n\n<p>A funkci\u00f3kon t\u00fal a tervez\u00e9si lehet\u0151s\u00e9gek lehet\u0151v\u00e9 teszik, hogy tol\u00f3 teraszajt\u00f3j\u00e1t otthona st\u00edlus\u00e1hoz igaz\u00edtsa. A keretek anyagai, sz\u00ednei \u00e9s fel\u00fcletei sokr\u00e9t\u0171 eszt\u00e9tikai v\u00e1laszt\u00e1st biztos\u00edtanak. A vinil tol\u00f3keretek p\u00e9ld\u00e1ul k\u00fcl\u00f6nf\u00e9le sz\u00ednekben kaphat\u00f3k, \u00e9s ak\u00e1r f\u00e1t is ut\u00e1nozhatnak. A hardver opci\u00f3k, p\u00e9ld\u00e1ul a foganty\u00fak \u00e9s a zsan\u00e9rok szint\u00e9n finom\u00edtj\u00e1k az \u00e1ltal\u00e1nos megjelen\u00e9st. Vegye figyelembe a praktikus ajt\u00f3elemeket, p\u00e9ld\u00e1ul a k\u00e9perny\u0151ket. A tol\u00f3erny\u0151s ajt\u00f3 lehet\u0151v\u00e9 teszi, hogy rovarok n\u00e9lk\u00fcl \u00e9lvezze a friss leveg\u0151t. A kis\u00e1llattulajdonosok sz\u00e1m\u00e1ra az integr\u00e1lt kis\u00e1llat-ajt\u00f3k k\u00e9nyelmes hozz\u00e1f\u00e9r\u00e9st biztos\u00edtanak a kis\u00e1llatoknak a biztons\u00e1g vagy az energiahat\u00e9konys\u00e1g fel\u00e1ldoz\u00e1sa n\u00e9lk\u00fcl.<\/p>\n\n\n\n<h2 class=\"wp-block-heading\">Hogyan tarthatja otthon\u00e1t k\u00e9nyelm\u00e9t \u00e9s p\u00e9nzt takar\u00edthat meg az energiatakar\u00e9kos tol\u00f3\u00fcveg?<\/h2>\n\n\n\n<figure class=\"wp-block-image size-full\"><img loading=\"lazy\" decoding=\"async\" width=\"900\" height=\"502\" src=\"https:\/\/boswindor.com\/wp-content\/uploads\/2025\/03\/Boswindor-Energy-Efficient-Windows.jpg\" alt=\"\" class=\"wp-image-2322\" srcset=\"https:\/\/boswindor.com\/wp-content\/uploads\/2025\/03\/Boswindor-Energy-Efficient-Windows.jpg 900w, https:\/\/boswindor.com\/wp-content\/uploads\/2025\/03\/Boswindor-Energy-Efficient-Windows-300x167.jpg 300w, https:\/\/boswindor.com\/wp-content\/uploads\/2025\/03\/Boswindor-Energy-Efficient-Windows-768x428.jpg 768w, https:\/\/boswindor.com\/wp-content\/uploads\/2025\/03\/Boswindor-Energy-Efficient-Windows-18x10.jpg 18w\" sizes=\"(max-width: 900px) 100vw, 900px\" \/><figcaption class=\"wp-element-caption\">Boswindor energiahat\u00e9kony ablakok<\/figcaption><\/figure>\n\n\n\n<p>Az energiahat\u00e9kony \u00fcveg tol\u00f3ajt\u00f3kat \u00fagy tervezt\u00e9k, hogy jelent\u0151sen jav\u00edts\u00e1k otthona h\u0151teljes\u00edtm\u00e9ny\u00e9t, biztos\u00edtva az eg\u00e9sz \u00e9ves k\u00e9nyelmet \u00e9s az alacsonyabb rezsisz\u00e1ml\u00e1kat. Az \u00fcveg tol\u00f3ajt\u00f3k energiahat\u00e9konys\u00e1g\u00e1nak titka az \u00fcvegt\u00e1bl\u00e1kban \u00e9s a keretszerkezetben rejlik. A dupla vagy h\u00e1romszoros \u00fcvegt\u00e1bl\u00e1k szigetel\u0151 leveg\u0151- vagy g\u00e1zr\u00e9tegeket hoznak l\u00e9tre, amelyek minim\u00e1lisra cs\u00f6kkentik a h\u0151\u00e1tad\u00e1st. Az \u00fcvegt\u00e1bl\u00e1kon l\u00e9v\u0151 Low-E (alacsony emisszi\u00f3s k\u00e9pess\u00e9g\u0171) bevonat visszaveri a sug\u00e1rz\u00f3 h\u0151t, \u00edgy ny\u00e1ron h\u0171v\u00f6sebb, t\u00e9len pedig melegebb lesz otthona. <a href=\"https:\/\/en.wikipedia.org\/wiki\/Argon\" target=\"_blank\" rel=\"noopener\">Argon <\/a>vagy <a href=\"https:\/\/en.wikipedia.org\/wiki\/Krypton\" target=\"_blank\" rel=\"noopener\">kripton <\/a>Az \u00fcvegt\u00e1bl\u00e1k k\u00f6z\u00f6tti g\u00e1zt\u00f6lt\u00e9s tov\u00e1bb jav\u00edtja a szigetel\u00e9st a h\u0151vezet\u00e9s cs\u00f6kkent\u00e9s\u00e9vel.<\/p>\n\n\n\n<p>A vinil keretek term\u00e9szetesen energiatakar\u00e9kosabbak, mint az alum\u00ednium, mivel a vinil rossz h\u0151vezet\u0151. Az energiahat\u00e9kony \u00fcveggel p\u00e1ros\u00edtva a vinil tol\u00f3 teraszajt\u00f3k rendk\u00edv\u00fcl hat\u00e9kony h\u0151szigetel\u00e9st k\u00e9peznek. Ez meleg id\u0151ben h\u0171v\u00f6sebben tartja otthon\u00e1t, hideg id\u0151ben pedig melegebben, cs\u00f6kkenti a HVAC-rendszer terhel\u00e9s\u00e9t \u00e9s cs\u00f6kkenti a f\u0171t\u00e9si \u00e9s h\u0171t\u00e9si k\u00f6lts\u00e9geket. Az Energy Star-tan\u00fas\u00edtv\u00e1nnyal rendelkez\u0151 \u00fcveg tol\u00f3ajt\u00f3k megfelelnek vagy meghaladj\u00e1k az Energy star\u00ae krit\u00e9riumait, garant\u00e1lva, hogy megfelelnek vagy meghaladnak bizonyos energiahat\u00e9konys\u00e1gi referencia\u00e9rt\u00e9keket. Az Energy Star besorol\u00e1s\u00fa ajt\u00f3k v\u00e1laszt\u00e1sa nagy teljes\u00edtm\u00e9nyt \u00e9s hossz\u00fa t\u00e1v\u00fa megtakar\u00edt\u00e1st jelent. Az energiahat\u00e9kony \u00fcveg tol\u00f3ajt\u00f3kba val\u00f3 befektet\u00e9s nemcsak az otthon k\u00e9nyelm\u00e9t n\u00f6veli, hanem a fenntarthat\u00f3bb \u00e9letm\u00f3dot is el\u0151seg\u00edti. Az optim\u00e1lis energiamegtakar\u00edt\u00e1s \u00e9rdek\u00e9ben fedezze fel k\u00edn\u00e1latunkat\u00a0<a href=\"https:\/\/boswindor.com\/hu\/energy-star-certified-windows-doors\/\">ENERGY STAR tan\u00fas\u00edtv\u00e1nnyal rendelkez\u0151 Windows<\/a>.<\/p>\n\n\n\n<h2 class=\"wp-block-heading\">Milyen tervez\u00e9si lehet\u0151s\u00e9gek szabhatj\u00e1k szem\u00e9lyre tol\u00f3 teraszajt\u00f3t \u00e9s otthon\u00e1t?<\/h2>\n\n\n\n<figure class=\"wp-block-image size-full\"><img loading=\"lazy\" decoding=\"async\" width=\"900\" height=\"500\" src=\"https:\/\/boswindor.com\/wp-content\/uploads\/2025\/03\/Sliding-Glass-Patio-Door-Manufacturing.jpg\" alt=\"\" class=\"wp-image-2859\" srcset=\"https:\/\/boswindor.com\/wp-content\/uploads\/2025\/03\/Sliding-Glass-Patio-Door-Manufacturing.jpg 900w, https:\/\/boswindor.com\/wp-content\/uploads\/2025\/03\/Sliding-Glass-Patio-Door-Manufacturing-300x167.jpg 300w, https:\/\/boswindor.com\/wp-content\/uploads\/2025\/03\/Sliding-Glass-Patio-Door-Manufacturing-768x427.jpg 768w, https:\/\/boswindor.com\/wp-content\/uploads\/2025\/03\/Sliding-Glass-Patio-Door-Manufacturing-18x10.jpg 18w\" sizes=\"(max-width: 900px) 100vw, 900px\" \/><figcaption class=\"wp-element-caption\">Tol\u00f3\u00fcveg ajt\u00f3 gy\u00e1rt\u00e1s<\/figcaption><\/figure>\n\n\n\n<p>A tol\u00f3 teraszajt\u00f3 szem\u00e9lyre szab\u00e1sa v\u00e1ltozatos tervez\u00e9si lehet\u0151s\u00e9gekkel lehet\u0151v\u00e9 teszi a t\u00f6k\u00e9letes integr\u00e1ci\u00f3t otthona \u00e9p\u00edt\u00e9szet\u00e9vel \u00e9s szem\u00e9lyes st\u00edlus\u00e1val. A keret anyagai \u00e9s sz\u00ednei kulcsfontoss\u00e1g\u00faak. A Boswindor vinil tol\u00f3ajt\u00f3i a klasszikus feh\u00e9rt\u0151l a semlegest\u0151l a mer\u00e9szebb \u00e1rnyalatokig t\u00f6bbf\u00e9le sz\u00ednben kaphat\u00f3k, kieg\u00e9sz\u00edtve otthona bels\u0151 \u00e9s k\u00fcls\u0151 sz\u00ednvil\u00e1g\u00e1t. A fa megjelen\u00e9s\u0171 vinil keretek hagyom\u00e1nyos \u00e9rzetet biztos\u00edtanak a fa karbantart\u00e1sa n\u00e9lk\u00fcl. Az \u00fcvegt\u00e1bl\u00e1kon bel\u00fcli r\u00e1csmint\u00e1k tov\u00e1bbi testreszab\u00e1si r\u00e9teget adnak. Az egyszer\u0171 gyarmati st\u00edlust\u00f3l a bonyolult diz\u00e1jnig a r\u00e1csok fokozz\u00e1k tol\u00f3\u00fcveg\u00e9nek l\u00e1tv\u00e1ny\u00e1t, \u00e9s illeszkednek otthona st\u00edlus\u00e1hoz, legyen az hagyom\u00e1nyos, modern vagy kort\u00e1rs.<\/p>\n\n\n<style>.elementor-2365 .elementor-element.elementor-element-3666e33{margin-top:20px;margin-bottom:20px;}.elementor-2365 .elementor-element.elementor-element-0fc0e23 .elementor-cta__content{min-height:100px;text-align:center;}.elementor-2365 .elementor-element.elementor-element-0fc0e23 .elementor-cta__title{font-size:32px;}.elementor-2365 .elementor-element.elementor-element-0fc0e23 .elementor-cta__description{font-size:20px;}.elementor-2365 .elementor-element.elementor-element-0fc0e23 .elementor-cta__button{background-color:var( --e-global-color-primary );border-color:var( --e-global-color-7fada61e );}.elementor-2365 .elementor-element.elementor-element-0fc0e23 .elementor-cta__button:hover{color:var( --e-global-color-secondary );border-color:var( --e-global-color-secondary );}.elementor-2365 .elementor-element.elementor-element-0fc0e23 .elementor-cta .elementor-cta__bg, .elementor-2365 .elementor-element.elementor-element-0fc0e23 .elementor-cta .elementor-cta__bg-overlay{transition-duration:1500ms;}.elementor-2365 .elementor-element.elementor-element-0fc0e23 > .elementor-widget-container{box-shadow:0px 0px 10px 0px rgba(0,0,0,0.5);}@media(max-width:767px){.elementor-2365 .elementor-element.elementor-element-0fc0e23 .elementor-cta__content{min-height:100px;text-align:center;}}<\/style>\t\t<div data-elementor-type=\"container\" data-elementor-id=\"2365\" class=\"elementor elementor-2365\" data-elementor-settings=\"{&quot;ha_cmc_init_switcher&quot;:&quot;no&quot;}\" data-elementor-post-type=\"elementor_library\">\n\t\t\t\t\t\t<section class=\"elementor-section elementor-top-section elementor-element elementor-element-3666e33 ct-section-stretched elementor-section-boxed elementor-section-height-default elementor-section-height-default\" data-id=\"3666e33\" data-element_type=\"section\" data-e-type=\"section\" data-settings=\"{&quot;_ha_eqh_enable&quot;:false}\">\n\t\t\t\t\t\t<div class=\"elementor-container elementor-column-gap-default\">\n\t\t\t\t\t<div class=\"elementor-column elementor-col-100 elementor-top-column elementor-element elementor-element-250bb9c\" data-id=\"250bb9c\" data-element_type=\"column\" data-e-type=\"column\">\n\t\t\t<div class=\"elementor-widget-wrap elementor-element-populated\">\n\t\t\t\t\t\t<div class=\"elementor-element elementor-element-0fc0e23 elementor-cta--layout-image-right elementor-cta--mobile-layout-image-above elementor-cta--skin-classic elementor-animated-content elementor-bg-transform elementor-bg-transform-zoom-in elementor-widget elementor-widget-call-to-action\" data-id=\"0fc0e23\" data-element_type=\"widget\" data-e-type=\"widget\" data-widget_type=\"call-to-action.default\">\n\t\t\t\t<div class=\"elementor-widget-container\">\n\t\t\t\t\t\t\t<a class=\"elementor-cta\" href=\"https:\/\/boswindor.com\/hu\/contact-us\/\">\n\t\t\t\t\t<div class=\"elementor-cta__bg-wrapper\">\n\t\t\t\t<div class=\"elementor-cta__bg elementor-bg\" style=\"background-image: url(https:\/\/boswindor.com\/wp-content\/uploads\/2025\/02\/Aluminum-Window-Walls-for-Living-Room.jpg);\" role=\"img\" aria-label=\"Alum\u00ednium ablakfalak nappalihoz\"><\/div>\n\t\t\t\t<div class=\"elementor-cta__bg-overlay\"><\/div>\n\t\t\t<\/div>\n\t\t\t\t\t\t\t<div class=\"elementor-cta__content\">\n\t\t\t\t\n\t\t\t\t\t\t\t\t\t<h3 class=\"elementor-cta__title elementor-cta__content-item elementor-content-item\">\n\t\t\t\t\t\tBoswindor\t\t\t\t\t<\/h3>\n\t\t\t\t\n\t\t\t\t\t\t\t\t\t<div class=\"elementor-cta__description elementor-cta__content-item elementor-content-item\">\n\t\t\t\t\t\tA Boswindor teljes k\u00f6r\u0171 megold\u00e1sokat k\u00edn\u00e1l minden ablak- \u00e9s ajt\u00f3ig\u00e9ny\u00e9re, a kezdeti konzult\u00e1ci\u00f3t\u00f3l \u00e9s tervez\u00e9st\u0151l kezdve a gy\u00e1rt\u00e1son \u00e9s a kisz\u00e1ll\u00edt\u00e1son \u00e1t.\t\t\t\t\t<\/div>\n\t\t\t\t\n\t\t\t\t\t\t\t\t\t<div class=\"elementor-cta__button-wrapper elementor-cta__content-item elementor-content-item\">\n\t\t\t\t\t<span class=\"elementor-cta__button elementor-button elementor-size-\">\n\t\t\t\t\t\tK\u00c9RJEN \u00c1RAJ\u00c1NLATOT MOST\t\t\t\t\t<\/span>\n\t\t\t\t\t<\/div>\n\t\t\t\t\t\t\t<\/div>\n\t\t\t\t\t\t<\/a>\n\t\t\t\t\t\t<\/div>\n\t\t\t\t<\/div>\n\t\t\t\t\t<\/div>\n\t\t<\/div>\n\t\t\t\t\t<\/div>\n\t\t<\/section>\n\t\t\t\t<\/div>\n\t\t\n\n\n\n<p>A hardver fel\u00fcletek, mint p\u00e9ld\u00e1ul a sz\u00e1lcsiszolt nikkel, az olajjal d\u00f6rzs\u00f6lt bronz vagy a fekete, finom, m\u00e9gis hat\u00e1sos diz\u00e1jn von\u00e1sokat k\u00edn\u00e1lnak. A foganty\u00fak st\u00edlusa a letisztult modernt\u0151l a d\u00edszes hagyom\u00e1nyosig v\u00e1ltozhat, tov\u00e1bb szabva a tol\u00f3 teraszajt\u00f3 megjelen\u00e9s\u00e9t. Az \u00fcvegez\u00e9si lehet\u0151s\u00e9gek az energiahat\u00e9konys\u00e1gon t\u00fal az eszt\u00e9tik\u00e1ig is kiterjednek. V\u00e1lasszon \u00e1tl\u00e1tsz\u00f3 \u00fcveget a maxim\u00e1lis f\u00e9ny \u00e9rdek\u00e9ben, matt \u00fcveget a mag\u00e1n\u00e9let v\u00e9delm\u00e9\u00e9rt, vagy sz\u00ednezett \u00fcveget a t\u00fckr\u00f6z\u0151d\u00e9s \u00e9s a h\u0151 cs\u00f6kkent\u00e9se \u00e9rdek\u00e9ben. A mint\u00e1kkal vagy text\u00far\u00e1kkal ell\u00e1tott dekorat\u00edv \u00fcveg eleganci\u00e1t k\u00f6lcs\u00f6n\u00f6z. Sz\u00e1mos tervez\u00e9si lehet\u0151s\u00e9ggel olyan tol\u00f3ajt\u00f3t hozhat l\u00e9tre, amely funkcion\u00e1lis, energiatakar\u00e9kos \u00e9s gy\u00f6ny\u00f6r\u0171en szem\u00e9lyre szabott. Tudjon meg t\u00f6bbet az egyedi ajt\u00f3k testreszab\u00e1si lehet\u0151s\u00e9geir\u0151l.<\/p>\n\n\n\n<h2 class=\"wp-block-heading\">Hogyan v\u00e1lasszuk ki a megfelel\u0151 \u00fcveg tol\u00f3ajt\u00f3t terasz\u00e1hoz vagy terasz\u00e1hoz?<\/h2>\n\n\n\n<figure class=\"wp-block-image size-full\"><img loading=\"lazy\" decoding=\"async\" width=\"920\" height=\"400\" src=\"https:\/\/boswindor.com\/wp-content\/uploads\/2024\/11\/Your-Top-3-Windows-Doors-Manufacturer-from-China.jpg\" alt=\"\" class=\"wp-image-490\" srcset=\"https:\/\/boswindor.com\/wp-content\/uploads\/2024\/11\/Your-Top-3-Windows-Doors-Manufacturer-from-China.jpg 920w, https:\/\/boswindor.com\/wp-content\/uploads\/2024\/11\/Your-Top-3-Windows-Doors-Manufacturer-from-China-300x130.jpg 300w, https:\/\/boswindor.com\/wp-content\/uploads\/2024\/11\/Your-Top-3-Windows-Doors-Manufacturer-from-China-768x334.jpg 768w\" sizes=\"(max-width: 920px) 100vw, 920px\" \/><figcaption class=\"wp-element-caption\">Boswindor<\/figcaption><\/figure>\n\n\n\n<p>A teraszhoz ide\u00e1lis \u00fcveg tol\u00f3ajt\u00f3 kiv\u00e1laszt\u00e1sakor gondosan m\u00e9rlegelni kell azokat a t\u00e9nyez\u0151ket, amelyek megfelelnek az \u00d6n ig\u00e9nyeinek \u00e9s kieg\u00e9sz\u00edtik otthon\u00e1t. Kezdje a ny\u00edl\u00e1s m\u00e9ret\u00e9nek \u00e9s a rendelkez\u00e9sre \u00e1ll\u00f3 hely felm\u00e9r\u00e9s\u00e9vel. Pontosan m\u00e9rje meg a sz\u00e9less\u00e9get \u00e9s a magass\u00e1got a megfelel\u0151 tol\u00f3ajt\u00f3 m\u00e9retek meghat\u00e1roz\u00e1s\u00e1hoz. Vegye figyelembe a forgalom \u00e1raml\u00e1s\u00e1t \u00e9s az ajt\u00f3haszn\u00e1latot. A nagy forgalm\u00fa ter\u00fcleteken elengedhetetlen egy tart\u00f3s, k\u00f6nnyen kezelhet\u0151 cs\u00faszka. Illessze a tol\u00f3 teraszajt\u00f3 st\u00edlus\u00e1t otthona \u00e9p\u00edt\u00e9szet\u00e9hez.\u00a0<mark style=\"background-color:rgba(0, 0, 0, 0);color:#ff4f01\" class=\"has-inline-color\"><a href=\"https:\/\/boswindor.com\/hu\/\">Boswindor<\/a>\u00a0<\/mark>modern ny\u00edl\u00e1sz\u00e1r\u00f3kat k\u00edn\u00e1l k\u00fcl\u00f6nf\u00e9le st\u00edlusokhoz, biztos\u00edtva a z\u00f6kken\u0151mentes eszt\u00e9tikai integr\u00e1ci\u00f3t.<\/p>\n\n\n\n<p>Vegye figyelembe az \u00e9ghajlati \u00e9s energiahat\u00e9konys\u00e1gi ig\u00e9nyeket. Hidegebb \u00e9ghajlaton el\u0151nyben r\u00e9szes\u00edtse az energiahat\u00e9kony, h\u00e1romszoros \u00fcvegt\u00e1bl\u00e1s tol\u00f3ajt\u00f3kat \u00e9s az alacsony E-bevonatot a maxim\u00e1lis szigetel\u00e9s \u00e9rdek\u00e9ben. Melegebb \u00e9ghajlaton \u00f6sszpontos\u00edtson a h\u0151cs\u00f6kkent\u0151 tulajdons\u00e1gokra, p\u00e9ld\u00e1ul a sz\u00ednezett \u00fcvegekre \u00e9s a meleg id\u0151j\u00e1r\u00e1s eset\u00e9n alkalmazott Low-E bevonatokra. Gondoljon a biztons\u00e1gra, v\u00e1lasszon robusztus z\u00e1rrendszerrel \u00e9s tart\u00f3s \u00fcveggel ell\u00e1tott tol\u00f3ajt\u00f3t. V\u00e9g\u00fcl m\u00e9rlegelje k\u00f6lts\u00e9gvet\u00e9s\u00e9t, \u00e9s hasonl\u00edtsa \u00f6ssze a gy\u00e1rt\u00f3k \u00e9s a telep\u00edt\u0151k \u00e1rait. B\u00e1r az \u00e1r sz\u00e1m\u00edt, a hossz\u00fa t\u00e1v\u00fa \u00e9rt\u00e9k \u00e9rdek\u00e9ben a min\u0151s\u00e9get \u00e9s az energiahat\u00e9konys\u00e1got helyezze el\u0151t\u00e9rbe. A Boswindor, K\u00edna vezet\u0151 ajt\u00f3- \u00e9s ablakgy\u00e1rt\u00f3ja kiv\u00e1l\u00f3 min\u0151s\u00e9g\u0171 \u00fcveg tol\u00f3ajt\u00f3kat k\u00edn\u00e1l versenyk\u00e9pes \u00e1ron, egyens\u00falyban tartva a teljes\u00edtm\u00e9nyt, a st\u00edlust \u00e9s az \u00e9rt\u00e9ket. A legjobb v\u00e1laszt\u00e1s \u00e9rdek\u00e9ben\u00a0<a href=\"https:\/\/boswindor.com\/hu\/contact-us\/\"><mark style=\"background-color:rgba(0, 0, 0, 0);color:#ff4f01\" class=\"has-inline-color\">L\u00e9pjen kapcsolatba vel\u00fcnk a r\u00e9szletes inform\u00e1ci\u00f3k\u00e9rt, \u00e9s tekintse meg a pontos kiviteli mint\u00e1kat<\/mark><\/a>.<\/p>\n\n\n\n<h2 class=\"wp-block-heading\">GYIK<\/h2>\n\n\n<div id=\"rank-math-faq\" class=\"rank-math-block\">\n<div class=\"rank-math-list\">\n<div id=\"faq-question-1743383821833\" class=\"rank-math-list-item\">\n<h3 class=\"rank-math-question\">Egy \u00fcveg tol\u00f3ajt\u00f3 n\u00f6veli az otthon \u00e9rt\u00e9k\u00e9t?<\/h3>\n<div class=\"rank-math-answer\">\n\n<p>Igen, az \u00faj, energiahat\u00e9kony \u00fcveg tol\u00f3ajt\u00f3kra val\u00f3 friss\u00edt\u00e9s n\u00f6velheti otthona \u00e9rt\u00e9k\u00e9t. \u00c9rt\u00e9kes lak\u00e1sfel\u00faj\u00edt\u00e1snak tekintik \u0151ket, amely jav\u00edtja az eszt\u00e9tik\u00e1t \u00e9s a funkcionalit\u00e1st, vonz\u00f3bb\u00e1 t\u00e9ve otthon\u00e1t a v\u00e1s\u00e1rl\u00f3k sz\u00e1m\u00e1ra.<\/p>\n\n<\/div>\n<\/div>\n<div id=\"faq-question-1743383833434\" class=\"rank-math-list-item\">\n<h3 class=\"rank-math-question\">Biztons\u00e1gosak az \u00fcveg tol\u00f3ajt\u00f3k gyermekek \u00e9s h\u00e1zi\u00e1llatok sz\u00e1m\u00e1ra?<\/h3>\n<div class=\"rank-math-answer\">\n\n<p>A modern \u00fcveg tol\u00f3ajt\u00f3kat a biztons\u00e1g szem el\u0151tt tart\u00e1s\u00e1val tervezt\u00e9k. Az olyan jellemz\u0151k, mint az edzett \u00fcveg, amely apr\u00f3, kev\u00e9sb\u00e9 k\u00e1ros darabokra t\u00f6rik, \u00e9s az er\u0151s z\u00e1rrendszerek n\u00f6velik a gyermekek \u00e9s h\u00e1zi\u00e1llatok biztons\u00e1g\u00e1t. A fokozott biztons\u00e1g \u00e9rdek\u00e9ben fontolja meg gyermekz\u00e1rak vagy biztons\u00e1gi f\u00f3lia felszerel\u00e9s\u00e9t.<\/p>\n\n<\/div>\n<\/div>\n<div id=\"faq-question-1743383838658\" class=\"rank-math-list-item\">\n<h3 class=\"rank-math-question\">Hogyan karbantarthatom az \u00fcveg tol\u00f3ajt\u00f3mat, hogy \u00fajszer\u0171 legyen?<\/h3>\n<div class=\"rank-math-answer\">\n\n<p>Az \u00fcveg tol\u00f3ajt\u00f3 karbantart\u00e1sa egyszer\u0171. Rendszeresen tiszt\u00edtsa meg az \u00fcveget enyhe \u00fcvegtiszt\u00edt\u00f3val, \u00e9s t\u00f6r\u00f6lje le a kereteket nedves ruh\u00e1val. Rendszeresen kenje meg a g\u00f6rg\u0151s p\u00e1ly\u00e1kat a zavartalan m\u0171k\u00f6d\u00e9s \u00e9rdek\u00e9ben. \u00c9vente ellen\u0151rizze az id\u0151j\u00e1r\u00e1si hat\u00e1sok csupasz\u00edt\u00e1s\u00e1t \u00e9s a t\u00f6m\u00edt\u00e9seket, cser\u00e9lje ki a s\u00e9r\u00fclt alkatr\u00e9szeket az energiahat\u00e9konys\u00e1g fenntart\u00e1sa \u00e9s a huzat elker\u00fcl\u00e9se \u00e9rdek\u00e9ben.<\/p>\n\n<\/div>\n<\/div>\n<\/div>\n<\/div>","protected":false},"excerpt":{"rendered":"<p>Szeretn\u00e9 f\u00e9nyesebb\u00e9 tenni lak\u00f3ter\u00e9t, \u00e9s z\u00f6kken\u0151mentesen \u00f6sszekapcsolni a bels\u0151 teret a terasz\u00e1val vagy a kerttel?<\/p>\n<p>Fedezze fel, hogyan alak\u00edthatj\u00e1k \u00e1t otthon\u00e1t a vinil tol\u00f3ajt\u00f3k, energiahat\u00e9konys\u00e1got, biztons\u00e1got \u00e9s egy csipetnyi modern eleganci\u00e1t k\u00edn\u00e1lva.<\/p>\n<p>Ez a cikk v\u00e9gigvezeti \u00d6nt az \u00fcveg tol\u00f3ajt\u00f3k vil\u00e1g\u00e1n, \u00e9s seg\u00edt meg\u00e9rteni, mi\u00e9rt t\u00f6k\u00e9letes v\u00e1laszt\u00e1s \u00e9p\u00edt\u0151knek, \u00e9p\u00edt\u00e9szeknek, lak\u00e1stulajdonosoknak \u00e9s ingatlankezel\u0151knek egyar\u00e1nt.<\/p>","protected":false},"author":3,"featured_media":2850,"comment_status":"open","ping_status":"open","sticky":false,"template":"","format":"standard","meta":{"footnotes":""},"categories":[10],"tags":[],"class_list":["post-2846","post","type-post","status-publish","format-standard","has-post-thumbnail","hentry","category-windows-doors"],"blocksy_meta":[],"_links":{"self":[{"href":"https:\/\/boswindor.com\/hu\/wp-json\/wp\/v2\/posts\/2846","targetHints":{"allow":["GET"]}}],"collection":[{"href":"https:\/\/boswindor.com\/hu\/wp-json\/wp\/v2\/posts"}],"about":[{"href":"https:\/\/boswindor.com\/hu\/wp-json\/wp\/v2\/types\/post"}],"author":[{"embeddable":true,"href":"https:\/\/boswindor.com\/hu\/wp-json\/wp\/v2\/users\/3"}],"replies":[{"embeddable":true,"href":"https:\/\/boswindor.com\/hu\/wp-json\/wp\/v2\/comments?post=2846"}],"version-history":[{"count":5,"href":"https:\/\/boswindor.com\/hu\/wp-json\/wp\/v2\/posts\/2846\/revisions"}],"predecessor-version":[{"id":2868,"href":"https:\/\/boswindor.com\/hu\/wp-json\/wp\/v2\/posts\/2846\/revisions\/2868"}],"wp:featuredmedia":[{"embeddable":true,"href":"https:\/\/boswindor.com\/hu\/wp-json\/wp\/v2\/media\/2850"}],"wp:attachment":[{"href":"https:\/\/boswindor.com\/hu\/wp-json\/wp\/v2\/media?parent=2846"}],"wp:term":[{"taxonomy":"category","embeddable":true,"href":"https:\/\/boswindor.com\/hu\/wp-json\/wp\/v2\/categories?post=2846"},{"taxonomy":"post_tag","embeddable":true,"href":"https:\/\/boswindor.com\/hu\/wp-json\/wp\/v2\/tags?post=2846"}],"curies":[{"name":"munkaf\u00fczet","href":"https:\/\/api.w.org\/{rel}","templated":true}]}}