{"id":2697,"date":"2025-03-23T23:10:56","date_gmt":"2025-03-24T07:10:56","guid":{"rendered":"https:\/\/boswindor.com\/?p=2697"},"modified":"2025-04-24T01:25:24","modified_gmt":"2025-04-24T09:25:24","slug":"decoding-window-replacement-costs","status":"publish","type":"post","link":"https:\/\/boswindor.com\/hu\/decoding-window-replacement-costs\/","title":{"rendered":"Az ablakcsere k\u00f6lts\u00e9gek dek\u00f3dol\u00e1sa: mennyibe ker\u00fcl az ablakcsere?"},"content":{"rendered":"<h2 class=\"wp-block-heading\">Mennyi az ablakcsere \u00e1tlagos k\u00f6lts\u00e9ge ablakonk\u00e9nt?<\/h2>\n\n\n\n<figure class=\"wp-block-image size-full\"><img fetchpriority=\"high\" decoding=\"async\" width=\"920\" height=\"480\" src=\"https:\/\/boswindor.com\/wp-content\/uploads\/2024\/11\/Window-Replacement-Labor-Cost.jpg\" alt=\"\" class=\"wp-image-499\" srcset=\"https:\/\/boswindor.com\/wp-content\/uploads\/2024\/11\/Window-Replacement-Labor-Cost.jpg 920w, https:\/\/boswindor.com\/wp-content\/uploads\/2024\/11\/Window-Replacement-Labor-Cost-300x157.jpg 300w, https:\/\/boswindor.com\/wp-content\/uploads\/2024\/11\/Window-Replacement-Labor-Cost-768x401.jpg 768w\" sizes=\"(max-width: 920px) 100vw, 920px\" \/><figcaption class=\"wp-element-caption\">Ablakcsere k\u00f6lts\u00e9gek<\/figcaption><\/figure>\n\n\n\n<p>Amikor egy lak\u00e1sfel\u00faj\u00edt\u00e1si \u00fatba kezd, mint p\u00e9ld\u00e1ul az ablakcsere, az els\u0151 k\u00e9rd\u00e9s: mennyibe ker\u00fcl az ablakcsere? Az \u00e9p\u00edt\u0151k, \u00e9p\u00edt\u00e9szek \u00e9s lak\u00e1stulajdonosok sz\u00e1m\u00e1ra az igazs\u00e1g az, hogy a pontos ablakk\u00f6lts\u00e9g nem egy\u00e9rtelm\u0171. Az ablakcsere k\u00f6lts\u00e9ge nagyon v\u00e1ltoz\u00f3. A lak\u00e1stulajdonosok azonban gyakran azt tapasztalj\u00e1k, hogy az ablakcsere \u00e1tlagos k\u00f6lts\u00e9ge t\u00f3l&nbsp;<strong>$300 \u2013 $1200 ablakonk\u00e9nt<\/strong>, bele\u00e9rtve a professzion\u00e1lis ablakszerel\u00e9st a gyakori ablakst\u00edlusokhoz. Ez a sz\u00e9les v\u00e1laszt\u00e9k t\u00fckr\u00f6zi az ablakst\u00edlusok, az ablakkeret anyagok \u00e9s a be\u00e9p\u00edt\u00e9s bonyolults\u00e1g\u00e1nak elt\u00e9r\u00e9seit.<\/p>\n\n\n\n<p>Ez az \u00e1tlagos k\u00f6lts\u00e9g a kiindul\u00f3pont. Egyetlen r\u00e9gi ablak cser\u00e9je nagyban k\u00fcl\u00f6nb\u00f6zik egy nagy \u00e9p\u00fclet ablakcser\u00e9j\u00e9t\u0151l. Az ablakok sz\u00e1ma jelent\u0151sen befoly\u00e1solja az \u00f6sszk\u00f6lts\u00e9get. T\u00f6bb ablak cser\u00e9je egy vill\u00e1ban nagyobb befektet\u00e9s, mint n\u00e9h\u00e1ny \u00e1ltal\u00e1nos ablakelem cser\u00e9je egy kisebb h\u00e1zban. Ezenk\u00edv\u00fcl kulcsfontoss\u00e1g\u00fa az ablak st\u00edlusa. Egy szabv\u00e1ny <a href=\"https:\/\/boswindor.com\/hu\/double-hung-windows-guide\/\">dupla f\u00fcgg\u0151 ablak<\/a> \u00e1rban k\u00fcl\u00f6nb\u00f6zik az egyedi \u00f6b\u00f6l- vagy k\u00e9pablakokt\u00f3l. M\u00edg az ablakonk\u00e9nti $300-t\u00f3l $1200-ig terjed\u0151 tartom\u00e1ny \u00e1ltal\u00e1nos \u00fatmutat\u00f3, a konkr\u00e9t projektr\u00e9szletek elengedhetetlenek az ablakcsere-projekt pontos k\u00f6lts\u00e9gbecsl\u00e9s\u00e9hez.<\/p>\n\n\n\n<h2 class=\"wp-block-heading\">Milyen t\u00e9nyez\u0151k befoly\u00e1solj\u00e1k az ablakcsere projekt k\u00f6lts\u00e9geit?<\/h2>\n\n\n\n<figure class=\"wp-block-image size-large\"><img decoding=\"async\" width=\"1024\" height=\"536\" src=\"https:\/\/boswindor.com\/wp-content\/uploads\/2025\/02\/\u672a\u547d\u540d_\u526f\u672c-1024x536.jpg\" alt=\"\u00c9p\u00edt\u00e9szeti Windows t\u00edpusok\" class=\"wp-image-1916\" srcset=\"https:\/\/boswindor.com\/wp-content\/uploads\/2025\/02\/\u672a\u547d\u540d_\u526f\u672c-1024x536.jpg 1024w, https:\/\/boswindor.com\/wp-content\/uploads\/2025\/02\/\u672a\u547d\u540d_\u526f\u672c-300x157.jpg 300w, https:\/\/boswindor.com\/wp-content\/uploads\/2025\/02\/\u672a\u547d\u540d_\u526f\u672c-768x402.jpg 768w, https:\/\/boswindor.com\/wp-content\/uploads\/2025\/02\/\u672a\u547d\u540d_\u526f\u672c-18x9.jpg 18w, https:\/\/boswindor.com\/wp-content\/uploads\/2025\/02\/\u672a\u547d\u540d_\u526f\u672c.jpg 1200w\" sizes=\"(max-width: 1024px) 100vw, 1024px\" \/><figcaption class=\"wp-element-caption\">\u00c9p\u00edt\u00e9szeti Windows t\u00edpusok<\/figcaption><\/figure>\n\n\n\n<p>Sz\u00e1mos k\u00f6lts\u00e9gt\u00e9nyez\u0151 hat\u00e1rozza meg az ablakcsere k\u00f6lts\u00e9geit. Az egyik f\u0151 t\u00e9nyez\u0151 az\u00a0<strong>ablakkeret anyaga<\/strong>. A lehet\u0151s\u00e9gek k\u00f6z\u00e9 tartozik <a href=\"https:\/\/boswindor.com\/hu\/vinyl-windows-and-door-for-your-next-project\/\">vinil<\/a>, fa, <a href=\"https:\/\/boswindor.com\/hu\/aluminum-frame-windows-durable-solutions\/\">alum\u00ednium<\/a>, \u00e9s \u00fcvegsz\u00e1las. A vinil ablakok gyakran k\u00f6lts\u00e9gvet\u00e9s-bar\u00e1tok \u00e9s n\u00e9pszer\u0171ek, egyens\u00falyban tartj\u00e1k a k\u00f6lts\u00e9geket \u00e9s az energiahat\u00e9konys\u00e1got. A fa ablakok klasszikus eszt\u00e9tik\u00e1t k\u00edn\u00e1lnak, de dr\u00e1g\u00e1bbak \u00e9s t\u00f6bb karbantart\u00e1st ig\u00e9nyelnek. Az alum\u00ednium ablakok er\u0151sek \u00e9s modernek, m\u00edg az \u00fcvegsz\u00e1las ablakok kiv\u00e1l\u00f3 szigetel\u00e9st \u00e9s tart\u00f3ss\u00e1got k\u00edn\u00e1lnak, gyakran magasabb \u00e1ron. Az ablak anyag\u00e1nak megv\u00e1laszt\u00e1sa els\u0151dleges k\u00f6lts\u00e9gt\u00e9nyez\u0151.<\/p>\n\n\n\n<p>A keret anyag\u00e1n t\u00fal,\u00a0<strong><a href=\"https:\/\/boswindor.com\/hu\/top-window-styles-types-of-windows-for-your-home\/\">ablak t\u00edpusa<\/a><\/strong>\u00a0befoly\u00e1solja a csere k\u00f6lts\u00e9g\u00e9t. Az egyszer\u0171 egy- vagy dupla f\u00fcggeszt\u00e9s\u0171 ablakok olcs\u00f3bbak, mint a tokos ablakok, kiugr\u00f3 ablakok vagy k\u00e9pablakok. A speci\u00e1lis ablakok, p\u00e9ld\u00e1ul a nagy kiugr\u00f3 ablakok vagy az egyedi form\u00e1k n\u00f6velik a projekt k\u00f6lts\u00e9geit. A friss\u00edt\u00e9sek az \u00e1rakat is befoly\u00e1solj\u00e1k. <a href=\"https:\/\/boswindor.com\/hu\/maximize-savings-with-energy-efficient-windows\/\">Energiatakar\u00e9kos ablak<\/a> olyan lehet\u0151s\u00e9gek, mint a dupla- vagy h\u00e1romr\u00e9teg\u0171 \u00fcveg, az alacsony energiatartalm\u00fa bevonatok vagy <a href=\"https:\/\/en.wikipedia.org\/wiki\/Argon\" target=\"_blank\" rel=\"noopener\">argon g\u00e1z<\/a> a kit\u00f6lt\u00e9sek n\u00f6velik az ablak kezdeti k\u00f6lts\u00e9geit, de hossz\u00fa t\u00e1v\u00fa energiamegtakar\u00edt\u00e1st k\u00edn\u00e1lnak. V\u00e9gezet\u00fcl, az ablakok beszerel\u00e9s\u00e9nek b\u00e9rk\u00f6lts\u00e9gei helyenk\u00e9nt \u00e9s beszerel\u0151nk\u00e9nt v\u00e1ltoznak, \u00e9s a teljes ablakcsere k\u00f6lts\u00e9g\u00e9nek jelent\u0151s r\u00e9sz\u00e9t teszik ki. A r\u00e9gebbi \u00e9p\u00fcletekben v\u00e9gzett komplex telep\u00edt\u00e9sek magasabb munkaer\u0151k\u00f6lts\u00e9gekhez vezethetnek, ami kihat az \u00f6sszk\u00f6lts\u00e9gre.<\/p>\n\n\n\n<h2 class=\"wp-block-heading\">A lak\u00e1sok \u00e1tlagos ablakcser\u00e9j\u00e9nek k\u00f6lts\u00e9ge<\/h2>\n\n\n\n<figure class=\"wp-block-image size-full\"><img decoding=\"async\" width=\"900\" height=\"491\" src=\"https:\/\/boswindor.com\/wp-content\/uploads\/2025\/03\/Window-Replacement-Cost-for-Homes.jpg\" alt=\"\" class=\"wp-image-2708\" srcset=\"https:\/\/boswindor.com\/wp-content\/uploads\/2025\/03\/Window-Replacement-Cost-for-Homes.jpg 900w, https:\/\/boswindor.com\/wp-content\/uploads\/2025\/03\/Window-Replacement-Cost-for-Homes-300x164.jpg 300w, https:\/\/boswindor.com\/wp-content\/uploads\/2025\/03\/Window-Replacement-Cost-for-Homes-768x419.jpg 768w, https:\/\/boswindor.com\/wp-content\/uploads\/2025\/03\/Window-Replacement-Cost-for-Homes-18x10.jpg 18w\" sizes=\"(max-width: 900px) 100vw, 900px\" \/><figcaption class=\"wp-element-caption\">Lak\u00e1sok ablakcser\u00e9j\u00e9nek k\u00f6lts\u00e9ge<\/figcaption><\/figure>\n\n\n\n<p>Az ablakcsere k\u00f6lts\u00e9geinek jobb meg\u00e9rt\u00e9se \u00e9rdek\u00e9ben vegye figyelembe a k\u00fcl\u00f6nb\u00f6z\u0151 helyzetekre vonatkoz\u00f3 \u00e1tlagos k\u00f6lts\u00e9gadatokat. Norm\u00e1l m\u00e9ret\u0171re&nbsp;<strong>vinil ablak<\/strong>, $300-$700 v\u00e1rhat\u00f3 ablakonk\u00e9nt, telep\u00edtve.&nbsp;<strong>Fa ablakok<\/strong>&nbsp;$500-t\u00f3l $1200-ig terjed ablakonk\u00e9nt vagy t\u00f6bb, a fa t\u00edpus\u00e1t\u00f3l \u00e9s fel\u00fclet\u00e9t\u0151l f\u00fcgg\u0151en.&nbsp;<strong>\u00dcvegsz\u00e1las ablakok<\/strong>&nbsp;hasonl\u00f3 \u00e1r\u00faak, mint a fa, $500-t\u00f3l $1200+-ig ablakonk\u00e9nt.&nbsp;<strong>Alum\u00ednium ablakok<\/strong>&nbsp;jellemz\u0151en olcs\u00f3bbak, mint a fa vagy \u00fcvegsz\u00e1l, \u00e1tlagosan $400-$900 ablakonk\u00e9nt.<\/p>\n\n\n\n<p>Ezek \u00e1tlagok, \u00e9s a t\u00e9nyleges ablakcsere-projekt k\u00f6lts\u00e9ge v\u00e1ltozhat. Ha egy nagy vill\u00e1ban az ablakokat egyedi, t\u00falm\u00e9retezett ablakokra cser\u00e9li, az meghaladja ezeket a tartom\u00e1nyokat. A szabv\u00e1nyos ablakm\u00e9rettel rendelkez\u0151 kisebb lak\u00e1sok k\u00f6lts\u00e9gei alacsonyabbak lehetnek. Az ablakok sz\u00e1ma is sz\u00e1m\u00edt; t\u00f6bb ablak egyidej\u0171 cser\u00e9je telep\u00edt\u0151i kedvezm\u00e9nyekhez vezethet. Re\u00e1lis k\u00f6lts\u00e9gbetekint\u00e9shez k\u00e9rjen r\u00e9szletes \u00e1raj\u00e1nlatot neves ablakgy\u00e1rt\u00f3 c\u00e9gekt\u0151l. Az \u00e1raj\u00e1nlatokn\u00e1l le kell bontani az ablak\u00e1rakat, az anyag- \u00e9s munkak\u00f6lts\u00e9geket, valamint az esetleges extra k\u00f6lts\u00e9geket. Ez seg\u00edt meg\u00e9rteni az ablakcsere \u00e1tlagos k\u00f6lts\u00e9g\u00e9t az \u00d6n helyzet\u00e9ben.<\/p>\n\n\n\n<p><a href=\"https:\/\/boswindor.com\/hu\/\">Boswindor<\/a>, K\u00edna vezet\u0151 ablak- \u00e9s ajt\u00f3gy\u00e1rt\u00f3ja, k\u00fcl\u00f6nf\u00e9le projektig\u00e9nyeket el\u00e9g\u00edt ki, az otthonokt\u00f3l a nagy \u00e9p\u00edtm\u00e9nyekig. K\u00f6lts\u00e9ghat\u00e9kony, min\u0151s\u00e9gi megold\u00e1sokat k\u00edn\u00e1lunk, biztos\u00edtva, hogy ablakaink megfeleljenek a k\u00fcl\u00f6nb\u00f6z\u0151 k\u00f6lts\u00e9gvet\u00e9seknek \u00e9s projektek terjedelm\u00e9nek.<\/p>\n\n\n\n<h2 class=\"wp-block-heading\">Ablakcsere k\u00f6lts\u00e9ge: A k\u00f6lts\u00e9gek \u00f6sszehasonl\u00edt\u00e1sa keretanyag szerint<\/h2>\n\n\n\n<p>Az ablakkeret anyag\u00e1nak kiv\u00e1laszt\u00e1sa a k\u00f6lts\u00e9geket \u00e9s a teljes\u00edtm\u00e9nyt egyar\u00e1nt befoly\u00e1solja. Hasonl\u00edtsuk \u00f6ssze a k\u00f6lts\u00e9geket keretanyagonk\u00e9nt a megalapozott d\u00f6nt\u00e9sek \u00e9rdek\u00e9ben.<\/p>\n\n\n\n<p><strong>Vinil ablakok:<\/strong>&nbsp;Gyakran a legink\u00e1bb k\u00f6lts\u00e9gk\u00edm\u00e9l\u0151 vinil ablakok t\u00f6meggy\u00e1rt\u00e1s\u00faak, k\u00f6nnyen telep\u00edthet\u0151k \u00e9s kev\u00e9s karbantart\u00e1st ig\u00e9nyelnek. A be\u00e9p\u00edtett vinil ablak \u00e1tlagos k\u00f6lts\u00e9ge:&nbsp;<strong>$300 \u2013 $700 ablakonk\u00e9nt<\/strong>. N\u00e9pszer\u0171 a megfizethet\u0151s\u00e9g \u00e9s az energiahat\u00e9konys\u00e1g miatt.<\/p>\n\n\n\n<p><strong>Fa ablakok:<\/strong>&nbsp;A klasszikus \u00e9s szigetel\u0151 fa ablakok dr\u00e1g\u00e1bbak, mint a vinil, \u00e9s rendszeres karbantart\u00e1st ig\u00e9nyelnek. A fa ablakcsere k\u00f6lts\u00e9gei:&nbsp;<strong>$500 \u2013 $1200+ ablakonk\u00e9nt<\/strong>.<\/p>\n\n\n\n<p><strong>Alum\u00ednium ablakok:<\/strong>&nbsp;Az er\u0151s \u00e9s modern alum\u00ednium ablakok tart\u00f3sak \u00e9s kev\u00e9s karbantart\u00e1st ig\u00e9nyelnek. Kev\u00e9sb\u00e9 energiatakar\u00e9kos termikus sz\u00fcnetek n\u00e9lk\u00fcl. Alum\u00ednium ablak \u00e1ra:&nbsp;<strong>$400 \u2013 $900 ablakonk\u00e9nt<\/strong>.<\/p>\n\n\n\n<p><strong>\u00dcvegsz\u00e1las ablakok:<\/strong>&nbsp;A szil\u00e1rds\u00e1got \u00e9s a szigetel\u00e9st \u00f6tv\u00f6z\u0151 \u00fcvegsz\u00e1las ablakok tart\u00f3sak, energiatakar\u00e9kosak \u00e9s kev\u00e9s karbantart\u00e1st ig\u00e9nyelnek, de dr\u00e1g\u00e1bbak. Elv\u00e1rni&nbsp;<strong>$500 \u2013 $1200+ ablakonk\u00e9nt<\/strong>&nbsp;\u00fcvegsz\u00e1l p\u00f3tl\u00e1s\u00e1ra.<\/p>\n\n\n\n<p>\u00cdme a k\u00f6lts\u00e9gkeret anyag\u00e1nak \u00f6sszehasonl\u00edt\u00e1sa:<\/p>\n\n\n\n<figure class=\"wp-block-table is-style-stripes\"><table class=\"has-palette-color-5-background-color has-background has-fixed-layout\"><tbody><tr><td><strong>Keret Anyag<\/strong><\/td><td><strong>\u00c1tlagos ablakonk\u00e9nti k\u00f6lts\u00e9g (telep\u00edtett)<\/strong><\/td><td><strong>El\u0151ny\u00f6k<\/strong><\/td><td><strong>H\u00e1tr\u00e1nyok<\/strong><\/td><\/tr><tr><td><strong>Vinil<\/strong><\/td><td>$300 &#8211; $700<\/td><td>Megfizethet\u0151, energiatakar\u00e9kos, kev\u00e9s karbantart\u00e1st ig\u00e9nyl\u0151<\/td><td>Kev\u00e9sb\u00e9 pr\u00e9miumnak t\u0171nhet, mint a fa vagy az \u00fcvegsz\u00e1l<\/td><\/tr><tr><td><strong>Faipari<\/strong><\/td><td>$500 &#8211; $1,200+<\/td><td>Klasszikus megjelen\u00e9s, kiv\u00e1l\u00f3 szigetel\u00e9s<\/td><td>Magasabb k\u00f6lts\u00e9g, karbantart\u00e1st ig\u00e9nyel<\/td><\/tr><tr><td><strong>Alum\u00ednium<\/strong><\/td><td>$400 &#8211; $900<\/td><td>Er\u0151s, tart\u00f3s, modern megjelen\u00e9s<\/td><td>Kev\u00e9sb\u00e9 energiahat\u00e9kony (termikus sz\u00fcnet n\u00e9lk\u00fcl)<\/td><\/tr><tr><td><strong>\u00dcveggyapot<\/strong><\/td><td>$500 &#8211; $1,200+<\/td><td>Er\u0151s, energiahat\u00e9kony, kev\u00e9s karbantart\u00e1st ig\u00e9nyl\u0151<\/td><td>Magasabb k\u00f6lts\u00e9g<\/td><\/tr><\/tbody><\/table><\/figure>\n\n\n\n<p>Ezek \u00e1tlagok; Az ablakcsere t\u00e9nyleges k\u00f6lts\u00e9ge az ablak st\u00edlus\u00e1t\u00f3l, m\u00e9ret\u00e9t\u0151l, jellemz\u0151it\u0151l \u00e9s a helyi beszerel\u0151 \u00e1r\u00e1t\u00f3l f\u00fcgg. A k\u00f6lts\u00e9gkeret anyaga szerinti meg\u00e9rt\u00e9se l\u00e9tfontoss\u00e1g\u00fa az ablakcsere k\u00f6lts\u00e9gvet\u00e9s\u00e9ben.<\/p>\n\n\n\n<h2 class=\"wp-block-heading\">Befoly\u00e1solhatja-e az ablakst\u00edlus az ablakcsere k\u00f6lts\u00e9g\u00e9t?<\/h2>\n\n\n\n<figure class=\"wp-block-image size-full\"><img loading=\"lazy\" decoding=\"async\" width=\"900\" height=\"491\" src=\"https:\/\/boswindor.com\/wp-content\/uploads\/2025\/03\/Double-Hung-Window-Replacement.jpg\" alt=\"\" class=\"wp-image-2664\" srcset=\"https:\/\/boswindor.com\/wp-content\/uploads\/2025\/03\/Double-Hung-Window-Replacement.jpg 900w, https:\/\/boswindor.com\/wp-content\/uploads\/2025\/03\/Double-Hung-Window-Replacement-300x164.jpg 300w, https:\/\/boswindor.com\/wp-content\/uploads\/2025\/03\/Double-Hung-Window-Replacement-768x419.jpg 768w, https:\/\/boswindor.com\/wp-content\/uploads\/2025\/03\/Double-Hung-Window-Replacement-18x10.jpg 18w\" sizes=\"(max-width: 900px) 100vw, 900px\" \/><figcaption class=\"wp-element-caption\">Dupla felf\u00fcggeszt\u00e9s\u0171 ablakcsere<\/figcaption><\/figure>\n\n\n\n<p>Igen! Az ablakst\u00edlus hat\u00e1ssal van az eszt\u00e9tik\u00e1ra \u00e9s az ablakcsere projekt k\u00f6lts\u00e9geire is. A gyakori ablakst\u00edlusok gyakran p\u00e9nzt takar\u00edtanak meg az egyedi tervez\u00e9sekn\u00e9l.&nbsp;<strong>K\u00e9tsz\u00e1rny\u00fa ablakok<\/strong>&nbsp;\u00e9s&nbsp;<strong>egy\u00e1g\u00fa ablakok<\/strong>, az otthonokban elterjedt, k\u00f6lts\u00e9ghat\u00e9konyabbak, mint az \u00f6b\u00f6l- vagy sz\u00e1rnyas ablakok. A dupla f\u00fcggeszt\u00e9s\u0171 ablakok k\u00e9t mozg\u00f3 sz\u00e1rny\u00faak, m\u00edg az egysz\u00e1rny\u00faak fix fels\u0151 sz\u00e1rny\u00faak. Hat\u00e9kony gy\u00e1rt\u00e1s \u00e9s egyszer\u0171bb beszerel\u00e9s alacsonyabb ablakk\u00f6lts\u00e9g.<\/p>\n\n\n\n<p><a href=\"https:\/\/boswindor.com\/hu\/windows-types\/casement-window\/\"><strong>Tokos ablakok<\/strong>,<\/a> csukl\u00f3san kifel\u00e9 billenthet\u0151, bonyolult mechanizmusaik miatt valamivel dr\u00e1g\u00e1bbak, mint a f\u00fcggesztett ablakok.\u00a0<a href=\"https:\/\/boswindor.com\/hu\/bay-window-vs-bow-window-key-differences-explained\/\"><strong>Kiugr\u00f3 ablakok<\/strong>\u00a0\u00e9s\u00a0<strong>b\u00f3lint\u00f3s ablakok<\/strong><\/a>, kifel\u00e9 ny\u00falnak, cser\u00e9je a legdr\u00e1g\u00e1bb. T\u00f6bb anyagra van sz\u00fcks\u00e9g\u00fck, bonyolult falny\u00edl\u00e1s-m\u00f3dos\u00edt\u00e1sokra \u00e9s sz\u00fcks\u00e9ges be\u00e9p\u00edt\u00e9sre, ami n\u00f6veli az ablakcsere k\u00f6lts\u00e9g\u00e9t.\u00a0<strong><a href=\"https:\/\/boswindor.com\/hu\/discover-the-beauty-and-advantages-of-picture-windows-and-fixed-windows-in-modern-architecture\/\">K\u00e9p ablakok<\/a><\/strong>, fix \u00e9s nem nyithat\u00f3, az egyszer\u0171bb fel\u00e9p\u00edt\u00e9s miatt olcs\u00f3bbak, mint az azonos m\u00e9ret\u0171, m\u0171k\u00f6dtethet\u0151 ablakok.<\/p>\n\n\n\n<p>A k\u00f6lts\u00e9gk\u00edm\u00e9l\u0151 ablakcsere \u00e9rdek\u00e9ben az olyan szabv\u00e1nyos st\u00edlusok, mint a dupla vagy egy f\u00fcggeszt\u00e9s\u0171, p\u00e9nzt takar\u00edtanak meg. A magas k\u00f6lts\u00e9gek n\u00e9lk\u00fcli f\u00e9ny maximaliz\u00e1l\u00e1sa \u00e9rdek\u00e9ben haszn\u00e1ljon nagyobb ablakokat strat\u00e9giailag elhelyezett, m\u0171k\u00f6dtethet\u0151 ablakokkal a szell\u0151z\u00e9shez. Az ig\u00e9nyek \u00e9s az ablakfunkci\u00f3k gondos m\u00e9rlegel\u00e9se lehet\u0151v\u00e9 teszi a k\u00f6lts\u00e9ghat\u00e9kony, vonz\u00f3 ablakst\u00edlusok kiv\u00e1laszt\u00e1s\u00e1t. A h\u00e1l\u00f3szoba \u00e9s nappali dupla f\u00fcggeszt\u00e9s\u0171 ablakai, valamint az \u00e9tkez\u0151kben tal\u00e1lhat\u00f3 ablakok kiegyens\u00falyozott, k\u00f6lts\u00e9ghat\u00e9kony ablakcser\u00e9t k\u00edn\u00e1lnak.<\/p>\n\n\n\n<h2 class=\"wp-block-heading\">Mikor van a legjobb id\u0151 a r\u00e9gi ablak cser\u00e9j\u00e9re?<\/h2>\n\n\n\n<figure class=\"wp-block-image size-full\"><img loading=\"lazy\" decoding=\"async\" width=\"900\" height=\"491\" src=\"https:\/\/boswindor.com\/wp-content\/uploads\/2025\/03\/A-Bit-Old-Windows.jpg\" alt=\"\" class=\"wp-image-2711\" srcset=\"https:\/\/boswindor.com\/wp-content\/uploads\/2025\/03\/A-Bit-Old-Windows.jpg 900w, https:\/\/boswindor.com\/wp-content\/uploads\/2025\/03\/A-Bit-Old-Windows-300x164.jpg 300w, https:\/\/boswindor.com\/wp-content\/uploads\/2025\/03\/A-Bit-Old-Windows-768x419.jpg 768w, https:\/\/boswindor.com\/wp-content\/uploads\/2025\/03\/A-Bit-Old-Windows-18x10.jpg 18w\" sizes=\"(max-width: 900px) 100vw, 900px\" \/><figcaption class=\"wp-element-caption\">Egy kicsit r\u00e9gi Windows.<\/figcaption><\/figure>\n\n\n\n<p>Az ablakcsere id\u0151pontj\u00e1nak ismerete legal\u00e1bb olyan fontos, mint az ablakok k\u00f6lts\u00e9ge. Sz\u00e1mos jel arra utal, hogy ablakcsere sz\u00fcks\u00e9ges.&nbsp;<strong>R\u00e9gi ablakok<\/strong>, k\u00fcl\u00f6n\u00f6sen az egyt\u00e1bl\u00e1s, jelent\u0151s energiavesztes\u00e9g-forr\u00e1sok. Huzat, hideg foltok t\u00e9len vagy ny\u00e1ri h\u0151s\u00e9g rossz energiahat\u00e9konys\u00e1got jeleznek. Az energiahat\u00e9kony ablakfriss\u00edt\u00e9sek cs\u00f6kkentik az energiasz\u00e1ml\u00e1kat \u00e9s jav\u00edtj\u00e1k a k\u00e9nyelmet.&nbsp;<strong>P\u00e1ralecsap\u00f3d\u00e1s a k\u00e9tr\u00e9teg\u0171 \u00fcvegek k\u00f6z\u00f6tt<\/strong>&nbsp;jelzi az ablak meghib\u00e1sod\u00e1s\u00e1t; a t\u00f6r\u00f6tt t\u00f6m\u00edt\u00e9sek \u00e9s a ki\u00e1raml\u00f3 g\u00e1z cs\u00f6kkenti a hat\u00e9konys\u00e1got.<\/p>\n\n\n\n<p><strong>Neh\u00e9zs\u00e9gek az ablakok kezel\u00e9s\u00e9ben<\/strong>\u00a0egy m\u00e1sik r\u00e9gi ablakprobl\u00e9ma. Az elvetem\u00fclt keretek, a s\u00e9r\u00fclt hardver vagy a fest\u00e9k felhalmoz\u00f3d\u00e1sa akad\u00e1lyozza a m\u0171k\u00f6d\u00e9st \u00e9s biztons\u00e1gi kock\u00e1zatot jelent.\u00a0<strong>L\u00e1that\u00f3 keret s\u00e9r\u00fcl\u00e9s<\/strong>, mint a rothad\u00e1s, reped\u00e9sek vagy vetemed\u00e9s, v\u00f6r\u00f6s z\u00e1szl\u00f3k. A s\u00e9r\u00fclt keretek vesz\u00e9lyeztetik az ablakszerkezetet, leveg\u0151- \u00e9s v\u00edzsziv\u00e1rg\u00e1st okozva. Ha az ablakok \u00e9lettartama k\u00f6zel 10-30 \u00e9v, b\u00f6lcs dolog a proakt\u00edv ablakcsere. Az ablakok teljes meghib\u00e1sod\u00e1sa el\u0151tti cser\u00e9je megakad\u00e1lyozza a v\u00edzk\u00e1rokat, a pen\u00e9szed\u00e9st \u00e9s az energiahat\u00e9konys\u00e1got. M\u00e9rje fel az ablakok kor\u00e1t, \u00e1llapot\u00e1t, energiasz\u00e1ml\u00e1it \u00e9s k\u00e9nyelm\u00e9t annak eld\u00f6nt\u00e9s\u00e9hez, hogy most van-e megfelel\u0151 id\u0151 az ablakcser\u00e9re.<\/p>\n\n\n\n<h2 class=\"wp-block-heading\">Ablakcsere-projekt megtervez\u00e9se a legjobb k\u00f6lts\u00e9ggel<\/h2>\n\n\n\n<figure class=\"wp-block-image size-full\"><a href=\"https:\/\/boswindor.com\/hu\/\"><img loading=\"lazy\" decoding=\"async\" width=\"920\" height=\"400\" src=\"https:\/\/boswindor.com\/wp-content\/uploads\/2024\/11\/Your-Top-3-Windows-Doors-Manufacturer-from-China.jpg\" alt=\"\" class=\"wp-image-490\" srcset=\"https:\/\/boswindor.com\/wp-content\/uploads\/2024\/11\/Your-Top-3-Windows-Doors-Manufacturer-from-China.jpg 920w, https:\/\/boswindor.com\/wp-content\/uploads\/2024\/11\/Your-Top-3-Windows-Doors-Manufacturer-from-China-300x130.jpg 300w, https:\/\/boswindor.com\/wp-content\/uploads\/2024\/11\/Your-Top-3-Windows-Doors-Manufacturer-from-China-768x334.jpg 768w\" sizes=\"(max-width: 920px) 100vw, 920px\" \/><\/a><figcaption class=\"wp-element-caption\">Boswindor<\/figcaption><\/figure>\n\n\n\n<p>A gondos tervez\u00e9s biztos\u00edtja a k\u00f6lts\u00e9ghat\u00e9kony ablakcser\u00e9t. Kezdje ezzel&nbsp;<strong>t\u00f6bb \u00e1raj\u00e1nlat megszerz\u00e9se<\/strong>&nbsp;k\u00fcl\u00f6nb\u00f6z\u0151 ablakgy\u00e1rt\u00f3 c\u00e9gekt\u0151l \u2013 t\u00f6rekedjen legal\u00e1bb h\u00e1romra. Hasonl\u00edtsa \u00f6ssze az ablakcsere k\u00f6lts\u00e9geit, garanci\u00e1it \u00e9s szolg\u00e1ltat\u00e1sokat. Gy\u0151z\u0151dj\u00f6n meg r\u00f3la, hogy a r\u00e9szletes \u00e1raj\u00e1nlatok fedezik az ablakok k\u00f6lts\u00e9geit, a beszerel\u00e9st, a r\u00e9gi ablakok elt\u00e1vol\u00edt\u00e1s\u00e1t \u00e9s az extra k\u00f6lts\u00e9geket.&nbsp;<strong>Gondosan fontolja meg az ablakok anyag\u00e1t \u00e9s st\u00edlus\u00e1t<\/strong>. Gondoljon az otthoni st\u00edlusra, a k\u00f6lts\u00e9gvet\u00e9sre \u00e9s az energiahat\u00e9konys\u00e1gi c\u00e9lokra. Az energiahat\u00e9kony ablakok intelligens hossz\u00fa t\u00e1v\u00fa befektet\u00e9sek.<\/p>\n\n\n\n<p><strong>\u00dctemezze be az ablakcser\u00e9t strat\u00e9giailag<\/strong>&nbsp;enyh\u00e9bb tavaszi vagy \u0151szi id\u0151ben. Ker\u00fclje a sz\u00e9ls\u0151s\u00e9ges h\u0151m\u00e9rs\u00e9kleteket az ablakok k\u00f6nnyebb beszerel\u00e9se \u00e9rdek\u00e9ben.&nbsp;<strong>K\u00e9sz\u00edtse el\u0151 otthon\u00e1t<\/strong>&nbsp;az ablakok k\u00f6r\u00fcli ter\u00fcletek megtiszt\u00edt\u00e1s\u00e1val, a b\u00fatorok mozgat\u00e1s\u00e1val \u00e9s a padl\u00f3 v\u00e9delm\u00e9vel.&nbsp;<strong>Fenntartani az egy\u00e9rtelm\u0171 kommunik\u00e1ci\u00f3t<\/strong>&nbsp;a telep\u00edt\u0151csapattal. Fogalmazzon meg k\u00e9rd\u00e9seket, \u00e9s \u00e9rtse meg az id\u0151vonalat.&nbsp;<strong>Ellen\u0151rizze a befejezett ablak beszerel\u00e9s\u00e9t<\/strong>&nbsp;a z\u00f6kken\u0151mentes m\u0171k\u00f6d\u00e9s, a megfelel\u0151 t\u00f6m\u00edt\u00e9sek \u00e9s a professzion\u00e1lis min\u0151s\u00e9g \u00e9rdek\u00e9ben. Ezek a l\u00e9p\u00e9sek z\u00f6kken\u0151mentes, k\u00f6lts\u00e9gk\u00edm\u00e9l\u0151 ablakcser\u00e9t biztos\u00edtanak.<\/p>\n\n\n\n<p>A Boswindor, a k\u00ednai ablak- \u00e9s ajt\u00f3gy\u00e1rt\u00f3 kiv\u00e1l\u00f3 min\u0151s\u00e9g\u0171, energiatakar\u00e9kos ablakokat k\u00edn\u00e1l k\u00fcl\u00f6nf\u00e9le projektekhez. \u00c9p\u00edt\u0151k, \u00e9p\u00edt\u00e9szek \u00e9s lak\u00e1stulajdonosok sz\u00e1m\u00e1ra megb\u00edzhat\u00f3, k\u00f6lts\u00e9ghat\u00e9kony ablakmegold\u00e1sokat k\u00edn\u00e1lunk.\u00a0<a href=\"https:\/\/boswindor.com\/hu\/contact-us\/\"><mark style=\"background-color:rgba(0, 0, 0, 0);color:#ff4f01\" class=\"has-inline-color\">Fedezze fel ablakkeret anyagk\u00edn\u00e1latunkat projektj\u00e9hez<\/mark>.<\/a><\/p>\n\n\n\n<hr class=\"wp-block-separator has-alpha-channel-opacity\"\/>\n\n\n\n<h2 class=\"wp-block-heading\">GYIK az ablakcsere k\u00f6lts\u00e9geivel kapcsolatban<\/h2>\n\n\n<div id=\"rank-math-faq\" class=\"rank-math-block\">\n<div class=\"rank-math-list\">\n<div id=\"faq-question-1742790113492\" class=\"rank-math-list-item\">\n<h3 class=\"rank-math-question\">Milyen k\u00f6lts\u00e9gk\u00edm\u00e9l\u0151 m\u00f3dok vannak az ablakcser\u00e9re a min\u0151s\u00e9g roml\u00e1sa n\u00e9lk\u00fcl?<\/h3>\n<div class=\"rank-math-answer\">\n\n<p>Telep\u00edtsen szabv\u00e1ny m\u00e9ret\u0171 ablakokat, hogy elker\u00fclje az egyedi k\u00f6lts\u00e9geket. V\u00e1lasszon vinil ablakokat a k\u00f6lts\u00e9ghat\u00e9kony energiahat\u00e9konys\u00e1g \u00e9rdek\u00e9ben. Keressen energiahat\u00e9konys\u00e1gi kedvezm\u00e9nyeket. Hasonl\u00edtsa \u00f6ssze t\u00f6bb telep\u00edt\u0151 aj\u00e1nlatait. Fontolja meg a szezonon k\u00edv\u00fcli telep\u00edt\u00e9st az alacsonyabb \u00e1rak\u00e9rt.<\/p>\n\n<\/div>\n<\/div>\n<div id=\"faq-question-1742790123387\" class=\"rank-math-list-item\">\n<h3 class=\"rank-math-question\">Mennyi ideig tart az ablakcsere?<\/h3>\n<div class=\"rank-math-answer\">\n\n<p>Az ablakcsere id\u0151tartama az ablak sz\u00e1m\u00e1t\u00f3l \u00e9s a be\u00e9p\u00edt\u00e9s bonyolults\u00e1g\u00e1t\u00f3l f\u00fcgg. 10-15 ablak eset\u00e9n egy-k\u00e9t napra sz\u00e1m\u00edtson. A nagyobb projektek tov\u00e1bb tartanak. A telep\u00edt\u0151 megadja a projektspecifikus id\u0151vonalat.<\/p>\n\n<\/div>\n<\/div>\n<div id=\"faq-question-1742790140348\" class=\"rank-math-list-item\">\n<h3 class=\"rank-math-question\">Az energiatakar\u00e9kos ablakok meg\u00e9rik a plusz k\u00f6lts\u00e9get?<\/h3>\n<div class=\"rank-math-answer\">\n\n<p>Igen. M\u00edg el\u0151re dr\u00e1g\u00e1bbak, az energiahat\u00e9kony ablakok hossz\u00fa t\u00e1von p\u00e9nzt takar\u00edtanak meg az alacsonyabb energiasz\u00e1ml\u00e1k \u00e9s a jobb k\u00e9nyelem r\u00e9v\u00e9n. Az otthon \u00e9rt\u00e9k\u00e9t is n\u00f6velik, \u00edgy \u00e9rdemes felfriss\u00edteni \u0151ket.<\/p>\n\n<\/div>\n<\/div>\n<\/div>\n<\/div>\n\n\n<hr class=\"wp-block-separator has-text-color has-luminous-vivid-orange-color has-alpha-channel-opacity has-luminous-vivid-orange-background-color has-background is-style-wide\"\/>\n\n\n\n<p>Megb\u00edzhat\u00f3, nagy teljes\u00edtm\u00e9ny\u0171 ablakok eset\u00e9n fontolja meg a Boswindor ablakmegold\u00e1sokat. V\u00e1ltozatos ablaklehet\u0151s\u00e9geket k\u00edn\u00e1lunk k\u00fcl\u00f6nb\u00f6z\u0151 projektekhez \u00e9s k\u00f6lts\u00e9gvet\u00e9sekhez. Forduljon hozz\u00e1nk m\u00e9g ma, hogy megbesz\u00e9lj\u00fck ablakcsere-sz\u00fcks\u00e9gleteit!<\/p>","protected":false},"excerpt":{"rendered":"<p>\u00daj ablakokon gondolkodik? Val\u00f3sz\u00edn\u0171leg k\u00edv\u00e1ncsi az ablakcsere k\u00f6lts\u00e9geire. <\/p>\n<p>Ez a cikk \u00f6sszefoglalja mindazt, amit az ablakcsere k\u00f6lts\u00e9geir\u0151l tudnia kell, \u00e9s seg\u00edt az \u00e9p\u00edt\u0151knek, \u00e9p\u00edt\u00e9szeknek, lak\u00e1stulajdonosoknak \u00e9s beszerz\u00e9si menedzsereknek egyar\u00e1nt meg\u00e9rteni, hogy mi befoly\u00e1solja az \u00e1rat, \u00e9s hogyan hozzanak okos d\u00f6nt\u00e9seket. <\/p>\n<p>Felt\u00e9rk\u00e9pezz\u00fck az \u00e1tlagos k\u00f6lts\u00e9geket, az anyagv\u00e1laszt\u00e1st, \u00e9s m\u00e9g tippeket is tal\u00e1lunk, hogy p\u00e9nzt takar\u00edthasson meg, \u00edgy biztos\u00edtva, hogy ablakcsere-projektje sz\u00e9p \u00e9s k\u00f6lts\u00e9gk\u00edm\u00e9l\u0151 legyen. K\u00e9szen \u00e1ll, hogy tiszt\u00e1zza az ablakok k\u00f6lts\u00e9geit? Kezdj\u00fck is!<\/p>","protected":false},"author":3,"featured_media":2663,"comment_status":"open","ping_status":"open","sticky":false,"template":"","format":"standard","meta":{"footnotes":""},"categories":[10],"tags":[],"class_list":["post-2697","post","type-post","status-publish","format-standard","has-post-thumbnail","hentry","category-windows-doors"],"blocksy_meta":[],"_links":{"self":[{"href":"https:\/\/boswindor.com\/hu\/wp-json\/wp\/v2\/posts\/2697","targetHints":{"allow":["GET"]}}],"collection":[{"href":"https:\/\/boswindor.com\/hu\/wp-json\/wp\/v2\/posts"}],"about":[{"href":"https:\/\/boswindor.com\/hu\/wp-json\/wp\/v2\/types\/post"}],"author":[{"embeddable":true,"href":"https:\/\/boswindor.com\/hu\/wp-json\/wp\/v2\/users\/3"}],"replies":[{"embeddable":true,"href":"https:\/\/boswindor.com\/hu\/wp-json\/wp\/v2\/comments?post=2697"}],"version-history":[{"count":5,"href":"https:\/\/boswindor.com\/hu\/wp-json\/wp\/v2\/posts\/2697\/revisions"}],"predecessor-version":[{"id":2716,"href":"https:\/\/boswindor.com\/hu\/wp-json\/wp\/v2\/posts\/2697\/revisions\/2716"}],"wp:featuredmedia":[{"embeddable":true,"href":"https:\/\/boswindor.com\/hu\/wp-json\/wp\/v2\/media\/2663"}],"wp:attachment":[{"href":"https:\/\/boswindor.com\/hu\/wp-json\/wp\/v2\/media?parent=2697"}],"wp:term":[{"taxonomy":"category","embeddable":true,"href":"https:\/\/boswindor.com\/hu\/wp-json\/wp\/v2\/categories?post=2697"},{"taxonomy":"post_tag","embeddable":true,"href":"https:\/\/boswindor.com\/hu\/wp-json\/wp\/v2\/tags?post=2697"}],"curies":[{"name":"munkaf\u00fczet","href":"https:\/\/api.w.org\/{rel}","templated":true}]}}