{"id":2549,"date":"2025-03-19T19:45:35","date_gmt":"2025-03-20T03:45:35","guid":{"rendered":"https:\/\/boswindor.com\/?p=2549"},"modified":"2025-04-24T01:25:55","modified_gmt":"2025-04-24T09:25:55","slug":"awning-windows-benefits-styles-options","status":"publish","type":"post","link":"https:\/\/boswindor.com\/hu\/awning-windows-benefits-styles-options\/","title":{"rendered":"Napellenz\u0151 ablakok: A Boswindor Windows el\u0151nyei, st\u00edlusai \u00e9s opci\u00f3i"},"content":{"rendered":"<h2 class=\"wp-block-heading\">Mik azok a napellenz\u0151 ablakok, \u00e9s mi\u00e9rt \u00e9rdemes ezeket figyelembe venni?<\/h2>\n\n\n\n<figure class=\"wp-block-image size-full\"><img fetchpriority=\"high\" decoding=\"async\" width=\"900\" height=\"491\" src=\"https:\/\/boswindor.com\/wp-content\/uploads\/2025\/03\/Aluminum-Awning-Windows.jpg\" alt=\"\" class=\"wp-image-2632\" srcset=\"https:\/\/boswindor.com\/wp-content\/uploads\/2025\/03\/Aluminum-Awning-Windows.jpg 900w, https:\/\/boswindor.com\/wp-content\/uploads\/2025\/03\/Aluminum-Awning-Windows-300x164.jpg 300w, https:\/\/boswindor.com\/wp-content\/uploads\/2025\/03\/Aluminum-Awning-Windows-768x419.jpg 768w, https:\/\/boswindor.com\/wp-content\/uploads\/2025\/03\/Aluminum-Awning-Windows-18x10.jpg 18w\" sizes=\"(max-width: 900px) 100vw, 900px\" \/><figcaption class=\"wp-element-caption\">Alum\u00ednium napellenz\u0151 ablakok<\/figcaption><\/figure>\n\n\n\n<p><a href=\"https:\/\/boswindor.com\/hu\/windows-types\/awning\/\"><mark style=\"background-color:rgba(0, 0, 0, 0);color:#ff4f01\" class=\"has-inline-color\">Napellenz\u0151 ablakok<\/mark><\/a> egy jellegzetes ablakt\u00edpus, amely fels\u0151 csukl\u00f3p\u00e1ntos kialak\u00edt\u00e1sukr\u00f3l ismert. Ellent\u00e9tben a hagyom\u00e1nyos, f\u00fcgg\u0151legesen eltolhat\u00f3 dupla f\u00fcggeszt\u00e9s\u0171 ablakokkal, a napellenz\u0151 ablakok alulr\u00f3l ny\u00edlnak kifel\u00e9, kifel\u00e9 \u00e9s felfel\u00e9 lend\u00fclve. Az ablakny\u00edl\u00e1sb\u00f3l kiny\u00fal\u00f3 kis napellenz\u0151 \u2013 ezek az ablakok l\u00e9nyeg\u00e9ben \u00edgy m\u0171k\u00f6dnek, v\u00e9delmet \u00e9s szell\u0151z\u00e9st is biztos\u00edtva.<\/p>\n\n\n\n<p>De mi\u00e9rt v\u00e1lasszon napellenz\u0151 ablakokat m\u00e1s t\u00edpus\u00fa ablakokkal szemben? Kezdetnek egyedi nyit\u00f3mechanizmusuk kiv\u00e9telesen praktikuss\u00e1 teszi \u0151ket. Mivel fel\u00fcl csukl\u00f3p\u00e1ntosak \u00e9s kifel\u00e9 ny\u00edlnak, kiv\u00e1l\u00f3 v\u00e9delmet ny\u00fajtanak az es\u0151 ellen, m\u00e9g nyitott ablak eset\u00e9n is. \u00c9lvezheti a friss leveg\u0151t \u00e9s a term\u00e9szetes f\u00e9nyt an\u00e9lk\u00fcl, hogy agg\u00f3dnia kellene att\u00f3l, hogy egy k\u00f6nny\u0171 zuhany alatt v\u00edz ker\u00fcl otthon\u00e1ba. Ez jelent\u0151s el\u0151nyt jelent\u00a0<a href=\"https:\/\/boswindor.com\/hu\/windows-types\/casement-window\/\">tokos ablakok<\/a>\u00a0vagy\u00a0<a href=\"https:\/\/boswindor.com\/hu\/double-hung-windows-guide\/\">dupla f\u00fcgg\u0151 ablakok<\/a>\u00a0kisz\u00e1m\u00edthatatlan id\u0151j\u00e1r\u00e1s\u00fa \u00e9ghajlaton.<\/p>\n\n\n\n<p>Ezenk\u00edv\u00fcl a napellenz\u0151 ablakok k\u00fcl\u00f6nf\u00e9le anyagokb\u00f3l \u00e1llnak rendelkez\u00e9sre, bele\u00e9rtve a vinil napellenz\u0151 ablakokat \u00e9s az alum\u00ednium napellenz\u0151 ablakokat, biztos\u00edtva a tart\u00f3ss\u00e1got \u00e9s az alacsony karbantart\u00e1st. Azok sz\u00e1m\u00e1ra, akik az eszt\u00e9tik\u00e1ra \u00f6sszpontos\u00edtanak, a napellenz\u0151 ablakok eleg\u00e1ns \u00e9s modern megjelen\u00e9st k\u00edn\u00e1lnak otthon\u00e1ban, fokozva a j\u00e1rda vonzerej\u00e9t \u00e9s kieg\u00e9sz\u00edtve a k\u00fcl\u00f6nb\u00f6z\u0151 \u00e9p\u00edt\u00e9szeti st\u00edlusokat. Ak\u00e1r egy lak\u00e1stulajdonos, aki ablakcsere-lehet\u0151s\u00e9geket keres, vagy egy \u00faj \u00e9p\u00edt\u00e9si projektet tervez\u0151 \u00e9p\u00edt\u0151, a napellenz\u0151 ablakok olyan st\u00edlust jelentenek, amelyet \u00e9rdemes megfontolni.<\/p>\n\n\n\n<h2 class=\"wp-block-heading\">Hol vannak ide\u00e1lisan elhelyezve a napellenz\u0151 ablakok otthon\u00e1ban?<\/h2>\n\n\n\n<figure class=\"wp-block-image size-full\"><img decoding=\"async\" width=\"900\" height=\"491\" src=\"https:\/\/boswindor.com\/wp-content\/uploads\/2025\/03\/Awning-Windows-for-Bathroom.jpg\" alt=\"\" class=\"wp-image-2634\" srcset=\"https:\/\/boswindor.com\/wp-content\/uploads\/2025\/03\/Awning-Windows-for-Bathroom.jpg 900w, https:\/\/boswindor.com\/wp-content\/uploads\/2025\/03\/Awning-Windows-for-Bathroom-300x164.jpg 300w, https:\/\/boswindor.com\/wp-content\/uploads\/2025\/03\/Awning-Windows-for-Bathroom-768x419.jpg 768w, https:\/\/boswindor.com\/wp-content\/uploads\/2025\/03\/Awning-Windows-for-Bathroom-18x10.jpg 18w\" sizes=\"(max-width: 900px) 100vw, 900px\" \/><figcaption class=\"wp-element-caption\">Napellenz\u0151 ablakok a f\u00fcrd\u0151szob\u00e1hoz<\/figcaption><\/figure>\n\n\n\n<p>A napellenz\u0151 ablakok sokoldal\u00fas\u00e1ga azt jelenti, hogy be\u00e9p\u00edthet\u0151k otthona k\u00fcl\u00f6nf\u00e9le ter\u00fcleteibe. Egyed\u00fcl\u00e1ll\u00f3 funkcionalit\u00e1suk miatt k\u00fcl\u00f6n\u00f6sen alkalmasak bizonyos helyekre. Az egyik legfontosabb hely a f\u00fcrd\u0151szobai terek. A f\u00fcrd\u0151szob\u00e1kban gyakran el\u0151fordulnak kis ablakok, hogy meg\u0151rizz\u00e9k a mag\u00e1n\u00e9letet, mik\u00f6zben lehet\u0151v\u00e9 teszik a szell\u0151z\u00e9st \u00e9s a f\u00e9nyt. A napellenz\u0151 ablakok t\u00f6k\u00e9letes megold\u00e1st jelentenek erre, hiszen magasan a falra helyezhet\u0151k, \u00edgy biztos\u00edtva a mag\u00e1n\u00e9letet, mik\u00f6zben beengedik a term\u00e9szetes f\u00e9nyt \u00e9s a friss leveg\u0151t. A kifel\u00e9 ny\u00edl\u00f3 kialak\u00edt\u00e1s biztos\u00edtja a nedvess\u00e9g t\u00e1voz\u00e1s\u00e1t, cs\u00f6kkenti a p\u00e1ratartalmat \u00e9s megakad\u00e1lyozza a pen\u00e9sz kialakul\u00e1s\u00e1t.<\/p>\n\n\n\n<p>Egy m\u00e1sik ide\u00e1lis elhelyez\u00e9s a pinc\u00e9ben. A pinceablakok gyakran kisebbek \u00e9s k\u00f6zelebb helyezkednek el a talajszinthez. A napellenz\u0151 ablakai kifel\u00e9 ny\u00edlnak, ami el\u0151ny\u00f6s az alagsorban, ahol a befel\u00e9 ny\u00edl\u00f3 ablakok akad\u00e1lyozhat\u00f3k vagy k\u00e9nyelmetlenek lehetnek. Hat\u00e9konyan elhelyezhet\u0151k a tet\u0151vonal ment\u00e9n bolt\u00edves mennyezetekben vagy ajt\u00f3k felett, hogy f\u00e9nyt \u00e9s leveg\u0151t vigyenek be az egy\u00e9bk\u00e9nt gyeng\u00e9n megvil\u00e1g\u00edtott helyekre.<\/p>\n\n\n\n<p>Fontolja meg a napellenz\u0151 ablakok haszn\u00e1lat\u00e1t a konyh\u00e1kban, k\u00fcl\u00f6n\u00f6sen a munkalapok vagy a mosogat\u00f3 felett. Fel\u00fclre csukl\u00f3s kialak\u00edt\u00e1suk egyszer\u0171 kezel\u00e9st tesz lehet\u0151v\u00e9, m\u00e9g akkor is, ha a munkalap f\u00f6l\u00e9 ny\u00falunk, \u00e9s kiv\u00e1l\u00f3 szell\u0151z\u00e9st biztos\u00edtanak a f\u0151z\u00e9si szagok elt\u00e1vol\u00edt\u00e1s\u00e1hoz. Remek v\u00e1laszt\u00e1s a mos\u00f3konyh\u00e1khoz vagy minden olyan helyis\u00e9ghez, ahol egyenletes l\u00e9g\u00e1raml\u00e1st szeretne a biztons\u00e1g vagy az id\u0151j\u00e1r\u00e1s elleni v\u00e9delem fel\u00e1ldoz\u00e1sa n\u00e9lk\u00fcl. <\/p>\n\n\n\n<h2 class=\"wp-block-heading\">Hogyan biztos\u00edtanak kiv\u00e1l\u00f3 szell\u0151z\u00e9st \u00e9s f\u00e9nyt a napellenz\u0151 ablakai?<\/h2>\n\n\n\n<figure class=\"wp-block-image size-full\"><img decoding=\"async\" width=\"920\" height=\"502\" src=\"https:\/\/boswindor.com\/wp-content\/uploads\/2025\/01\/Awning-Windows.jpg\" alt=\"\" class=\"wp-image-1480\" srcset=\"https:\/\/boswindor.com\/wp-content\/uploads\/2025\/01\/Awning-Windows.jpg 920w, https:\/\/boswindor.com\/wp-content\/uploads\/2025\/01\/Awning-Windows-300x164.jpg 300w, https:\/\/boswindor.com\/wp-content\/uploads\/2025\/01\/Awning-Windows-768x419.jpg 768w, https:\/\/boswindor.com\/wp-content\/uploads\/2025\/01\/Awning-Windows-18x10.jpg 18w\" sizes=\"(max-width: 920px) 100vw, 920px\" \/><\/figure>\n\n\n\n<p>A szell\u0151z\u00e9s kulcsfontoss\u00e1g\u00fa t\u00e9nyez\u0151 az otthon k\u00e9nyelm\u00e9ben \u00e9s eg\u00e9szs\u00e9g\u00e9ben, a napellenz\u0151 ablakai pedig kiv\u00e9teles l\u00e9g\u00e1raml\u00e1st biztos\u00edtanak. Kialak\u00edt\u00e1suk lehet\u0151v\u00e9 teszi, hogy enyhe es\u0151ben is enyh\u00e9n nyitva hagyj\u00e1k az ablakot, ami lehet\u0151v\u00e9 teszi a folyamatos szell\u0151z\u00e9st. Az ablak kifel\u00e9 ny\u00edlik, megfogja a szell\u0151t, \u00e9s friss leveg\u0151t ir\u00e1ny\u00edt az otthon\u00e1ba. Ez k\u00fcl\u00f6n\u00f6sen el\u0151ny\u00f6s a f\u00fclledt vagy p\u00e1r\u00e1s \u00e9ghajlat\u00fa ter\u00fcleteken.<\/p>\n\n\n\n<p>A tokos \u00e9s napellenz\u0151 ablakokhoz k\u00e9pest a napellenz\u0151 ablakokat gyakran el\u0151nyben r\u00e9szes\u00edtik szell\u0151ztet\u00e9sre, mert nyit\u00e1si mechanizmusuk m\u00e9ret\u00fckh\u00f6z k\u00e9pest sz\u00e9lesebb nyit\u00e1si ter\u00fcletet tesz lehet\u0151v\u00e9. B\u00e1r a tokos ablakok is kifel\u00e9 ny\u00edlnak, a napellenz\u0151 ablakok bizonyos helyzetekben nagyobb m\u00e9rt\u00e9kben nyithat\u00f3k, maximaliz\u00e1lva a l\u00e9g\u00e1raml\u00e1st.<\/p>\n\n\n\n<p>A szell\u0151z\u00e9sen t\u00fal a napellenz\u0151 ablakok b\u0151s\u00e9ges term\u00e9szetes f\u00e9nyt biztos\u00edtanak. Kialak\u00edt\u00e1suk maximaliz\u00e1lja az \u00fcvegfel\u00fcletet, lehet\u0151v\u00e9 t\u00e9ve a napf\u00e9ny be\u00e1raml\u00e1s\u00e1t a szob\u00e1ba. Ez jelent\u0151sen felvil\u00e1gos\u00edthatja lak\u00f3tereit, cs\u00f6kkentheti a mesters\u00e9ges vil\u00e1g\u00edt\u00e1st\u00f3l val\u00f3 f\u00fcgg\u0151s\u00e9get, \u00e9s hozz\u00e1j\u00e1rulhat otthona energiahat\u00e9konys\u00e1g\u00e1hoz. K\u00e9pzelje el, hogy a napellenz\u0151 ablakokat fest\u0151ablakokkal kombin\u00e1lja, hogy nagy kiterjed\u00e9s\u0171 \u00fcveget hozzon l\u00e9tre, amely behozza a szabadba, \u00e9s el\u00e1rasztja otthon\u00e1t f\u00e9nnyel \u00e9s friss leveg\u0151vel.<\/p>\n\n\n\n<p>Azokban a terekben, ahol a mag\u00e1n\u00e9let a legfontosabb, de a f\u00e9ny \u00e9s a leveg\u0151 tov\u00e1bbra is k\u00edv\u00e1natos, a napellenz\u0151 ablakok kev\u00e9sb\u00e9 tolakod\u00f3ak, mint a t\u00f6bbi ablakt\u00edpus. Magasan a falakra helyezve lehet\u0151v\u00e9 teszik a f\u00e9ny \u00e1thatol\u00e1s\u00e1t, mik\u00f6zben meg\u0151rzik a mag\u00e1n\u00e9letet. Ez okos v\u00e1laszt\u00e1ss\u00e1 teszi \u0151ket f\u00fcrd\u0151szob\u00e1kba, folyos\u00f3kba vagy a forgalmas utc\u00e1kra n\u00e9z\u0151 szob\u00e1kba.<\/p>\n\n\n\n<h2 class=\"wp-block-heading\">Milyen tervez\u00e9si \u00e9s st\u00edluslehet\u0151s\u00e9gek \u00e1llnak rendelkez\u00e9sre a napellenz\u0151 ablakokhoz?<\/h2>\n\n\n\n<figure class=\"wp-block-image size-full\"><img loading=\"lazy\" decoding=\"async\" width=\"900\" height=\"500\" src=\"https:\/\/boswindor.com\/wp-content\/uploads\/2025\/03\/Awning-Windows-for-Office-Building.png\" alt=\"\" class=\"wp-image-2636\" srcset=\"https:\/\/boswindor.com\/wp-content\/uploads\/2025\/03\/Awning-Windows-for-Office-Building.png 900w, https:\/\/boswindor.com\/wp-content\/uploads\/2025\/03\/Awning-Windows-for-Office-Building-300x167.png 300w, https:\/\/boswindor.com\/wp-content\/uploads\/2025\/03\/Awning-Windows-for-Office-Building-768x427.png 768w, https:\/\/boswindor.com\/wp-content\/uploads\/2025\/03\/Awning-Windows-for-Office-Building-18x10.png 18w\" sizes=\"(max-width: 900px) 100vw, 900px\" \/><figcaption class=\"wp-element-caption\">Napellenz\u0151 ablakok irodah\u00e1zba<\/figcaption><\/figure>\n\n\n\n<p>A napellenz\u0151 ablakok a tervez\u00e9si lehet\u0151s\u00e9gek sz\u00e9les sk\u00e1l\u00e1j\u00e1ban \u00e1llnak rendelkez\u00e9sre, hogy megfeleljenek a k\u00fcl\u00f6nb\u00f6z\u0151 \u00e9p\u00edt\u00e9szeti st\u00edlusoknak \u00e9s a lak\u00e1stulajdonosok preferenci\u00e1inak. A keretanyagokt\u00f3l a fel\u00fcletekig \u00e9s a r\u00e1csmint\u00e1kig testreszabhatja a napellenz\u0151 ablakait, hogy t\u00f6k\u00e9letesen kieg\u00e9sz\u00edtse otthona eszt\u00e9tik\u00e1j\u00e1t.<\/p>\n\n\n\n<p>A vinil napellenz\u0151 ablakok megfizethet\u0151s\u00e9g\u00fck, alacsony karbantart\u00e1suk \u00e9s energiahat\u00e9konys\u00e1guk miatt n\u00e9pszer\u0171 v\u00e1laszt\u00e1s. K\u00fcl\u00f6nb\u00f6z\u0151 sz\u00ednekben kaphat\u00f3k, \u00e9s a kapcsol\u00f3d\u00f3 karbantart\u00e1s n\u00e9lk\u00fcl ut\u00e1nozhatj\u00e1k a fa megjelen\u00e9s\u00e9t. Az alum\u00ednium napellenz\u0151 ablakok m\u00e9g nagyobb tart\u00f3ss\u00e1got \u00e9s szil\u00e1rds\u00e1got, valamint t\u00f6bb sz\u00ednv\u00e1laszt\u00e9kot k\u00edn\u00e1lnak. A klasszikus megjelen\u00e9s \u00e9rdek\u00e9ben fontolja meg a fa napellenz\u0151 ablakokat, amelyek meleget \u00e9s eleganci\u00e1t k\u00f6lcs\u00f6n\u00f6znek, b\u00e1r t\u00f6bb karbantart\u00e1st ig\u00e9nyelnek.<\/p>\n\n\n\n<p>A keret sz\u00ednei a szabv\u00e1nyos feh\u00e9rt\u0151l \u00e9s b\u00e9zst\u0151l a mer\u00e9szebb \u00e1rnyalatokig, s\u0151t egyedi sz\u00ednekig terjedhetnek, hogy illeszkedjenek otthona k\u00fclsej\u00e9hez. A bels\u0151 dekor\u00e1ci\u00f3 is kiv\u00e1laszthat\u00f3 a bels\u0151 dekor\u00e1ci\u00f3hoz. A r\u00e1csmint\u00e1k vagy muntinok d\u00edsz\u00edt\u0151 hat\u00e1st adhatnak a hagyom\u00e1nyos gyarmati r\u00e1csokt\u00f3l a modern pr\u00e9ri st\u00edlus\u00fa r\u00e1csokig. A letisztult, modern megjelen\u00e9s \u00e9rdek\u00e9ben r\u00e1cs n\u00e9lk\u00fclit is v\u00e1laszthat.<\/p>\n\n\n\n<p>A napellenz\u0151ablakok hardver opci\u00f3i k\u00f6z\u00f6tt szerepel a k\u00fcl\u00f6nb\u00f6z\u0151 foganty\u00fast\u00edlusok \u00e9s kidolgoz\u00e1sok, amelyek lehet\u0151v\u00e9 teszik az ablakok szem\u00e9lyre szab\u00e1s\u00e1t. Fontolja meg a k\u00f6nnyen elcs\u00fasztathat\u00f3 meghajt\u00f3 hardvert a z\u00f6kken\u0151mentes \u00e9s k\u00f6nnyed nyit\u00e1s \u00e9s z\u00e1r\u00e1s \u00e9rdek\u00e9ben, k\u00fcl\u00f6n\u00f6sen a gyakran kicsi ablakok vagy a nehezen el\u00e9rhet\u0151 helyeken l\u00e9v\u0151 ablakok eset\u00e9ben. A napellenz\u0151 ablakok sz\u00e9les v\u00e1laszt\u00e9k\u00e1val k\u00f6nnyed\u00e9n megtal\u00e1lhatja azt a napellenz\u0151 ablakst\u00edlust, amely t\u00f6k\u00e9letesen t\u00fckr\u00f6zi \u00edzl\u00e9s\u00e9t, \u00e9s jav\u00edtja otthona \u00e1ltal\u00e1nos megjelen\u00e9s\u00e9t.<\/p>\n\n\n\n<h2 class=\"wp-block-heading\">Mennyire energiatakar\u00e9kosak a napellenz\u0151 ablakok modern otthonokhoz?<\/h2>\n\n\n\n<figure class=\"wp-block-image size-full\"><img loading=\"lazy\" decoding=\"async\" width=\"900\" height=\"502\" src=\"https:\/\/boswindor.com\/wp-content\/uploads\/2025\/03\/Boswindor-Energy-Efficient-Windows.jpg\" alt=\"\" class=\"wp-image-2322\" srcset=\"https:\/\/boswindor.com\/wp-content\/uploads\/2025\/03\/Boswindor-Energy-Efficient-Windows.jpg 900w, https:\/\/boswindor.com\/wp-content\/uploads\/2025\/03\/Boswindor-Energy-Efficient-Windows-300x167.jpg 300w, https:\/\/boswindor.com\/wp-content\/uploads\/2025\/03\/Boswindor-Energy-Efficient-Windows-768x428.jpg 768w, https:\/\/boswindor.com\/wp-content\/uploads\/2025\/03\/Boswindor-Energy-Efficient-Windows-18x10.jpg 18w\" sizes=\"(max-width: 900px) 100vw, 900px\" \/><figcaption class=\"wp-element-caption\">Boswindor-Energy-Efficient-Windows.jpg<\/figcaption><\/figure>\n\n\n\n<p>A mai vil\u00e1gban az energiahat\u00e9konys\u00e1g a legfontosabb a lak\u00e1stulajdonosok sz\u00e1m\u00e1ra. A napellenz\u0151 ablakok kiemelked\u0151ek ezen a ter\u00fcleten, hozz\u00e1j\u00e1rulva az alacsonyabb energiak\u00f6lts\u00e9gekhez \u00e9s a k\u00e9nyelmesebb otthoni k\u00f6rnyezethez. Z\u00e1rt \u00e1llapotban l\u00e9v\u0151 szoros t\u00f6m\u00edt\u00e9s\u00fck minimaliz\u00e1lja a leveg\u0151 sziv\u00e1rg\u00e1s\u00e1t, cs\u00f6kkenti a huzatot \u00e9s jav\u00edtja a szigetel\u00e9st.<\/p>\n\n\n\n<p>Modern napellenz\u0151 ablakok k\u00e9sz\u00fclnek\u00a0<a href=\"https:\/\/en.wikipedia.org\/wiki\/Insulated_glazing\" target=\"_blank\" rel=\"noopener\">energiatakar\u00e9kos \u00fcveg<\/a> opci\u00f3k, mint p\u00e9ld\u00e1ul a k\u00e9t- vagy h\u00e1romr\u00e9teg\u0171 \u00fcveg alacsony-E-bevonattal \u00e9s argon- vagy kriptong\u00e1z t\u00f6ltettel. Ezek a tulajdons\u00e1gok jelent\u0151sen jav\u00edtj\u00e1k a h\u0151teljes\u00edtm\u00e9nyt, cs\u00f6kkentik a h\u0151\u00e1tad\u00e1st ny\u00e1ron \u00e9s a h\u0151vesztes\u00e9get t\u00e9len. Ez alacsonyabb f\u0171t\u00e9si \u00e9s h\u0171t\u00e9si sz\u00e1ml\u00e1kat, valamint egyenletesebb belt\u00e9ri h\u0151m\u00e9rs\u00e9kletet jelent.<\/p>\n\n\n\n<p>A vinil napellenz\u0151 ablakok \u00e9s az \u00fcvegsz\u00e1las napellenz\u0151 ablakok k\u00fcl\u00f6n\u00f6sen ismertek kiv\u00e1l\u00f3 szigetel\u0151 tulajdons\u00e1gaikr\u00f3l. A vinil keretek term\u00e9szetesen szigetel\u0151ek, m\u00edg az \u00fcvegsz\u00e1las keretek kiv\u00e1l\u00f3 h\u0151teljes\u00edtm\u00e9nyt \u00e9s h\u0151m\u00e9rs\u00e9klet-ingadoz\u00e1sokkal szembeni ellen\u00e1ll\u00e1st k\u00edn\u00e1lnak. Az energiatakar\u00e9kos napellenz\u0151 ablakok kiv\u00e1laszt\u00e1sa jelent\u0151sen jav\u00edthatja otthona \u00e1ltal\u00e1nos energiahat\u00e9konys\u00e1g\u00e1t.<\/p>\n\n\n\n<p>Az energiahat\u00e9konys\u00e1g maximaliz\u00e1l\u00e1sa \u00e9rdek\u00e9ben az anyagokon \u00e9s az \u00fcvegen t\u00fal a megfelel\u0151 telep\u00edt\u00e9s is kulcsfontoss\u00e1g\u00fa. Az ablakkeretek k\u00f6r\u00fcli l\u00e9gmentes t\u00f6m\u00edt\u00e9sekkel \u00e9s megfelel\u0151 szigetel\u0151anyagok haszn\u00e1lat\u00e1val elker\u00fclhet\u0151 az energiavesztes\u00e9g \u00e9s a huzat. Befektet\u00e9s a napellenz\u0151 ablakok cser\u00e9j\u00e9be <a href=\"https:\/\/en.wikipedia.org\/wiki\/Energy_Star\" target=\"_blank\" rel=\"noopener\">ENERGY STAR\u00ae tan\u00fas\u00edtv\u00e1nnyal rendelkezik<\/a> egy intelligens m\u00f3dszer otthona energiahat\u00e9konys\u00e1g\u00e1nak n\u00f6vel\u00e9s\u00e9re \u00e9s k\u00f6rnyezeti l\u00e1bnyom\u00e1nak cs\u00f6kkent\u00e9s\u00e9re.<\/p>\n\n\n\n<h2 class=\"wp-block-heading\">Mennyibe ker\u00fcl a napellenz\u0151 ablakok \u00e9s telep\u00edt\u00e9se?<\/h2>\n\n\n\n<figure class=\"wp-block-image size-full\"><img loading=\"lazy\" decoding=\"async\" width=\"920\" height=\"500\" src=\"https:\/\/boswindor.com\/wp-content\/uploads\/2025\/02\/Install-a-Transom-Window.jpg\" alt=\"\" class=\"wp-image-1609\" srcset=\"https:\/\/boswindor.com\/wp-content\/uploads\/2025\/02\/Install-a-Transom-Window.jpg 920w, https:\/\/boswindor.com\/wp-content\/uploads\/2025\/02\/Install-a-Transom-Window-300x163.jpg 300w, https:\/\/boswindor.com\/wp-content\/uploads\/2025\/02\/Install-a-Transom-Window-768x417.jpg 768w, https:\/\/boswindor.com\/wp-content\/uploads\/2025\/02\/Install-a-Transom-Window-18x10.jpg 18w\" sizes=\"(max-width: 920px) 100vw, 920px\" \/><\/figure>\n\n\n\n<p>A napellenz\u0151 ablakok k\u00f6lts\u00e9ge t\u00f6bb t\u00e9nyez\u0151t\u0151l f\u00fcgg\u0151en v\u00e1ltozhat, bele\u00e9rtve az ablak m\u00e9ret\u00e9t, a keret anyag\u00e1t (vinil, alum\u00ednium, fa), az \u00fcvegez\u00e9si lehet\u0151s\u00e9geket \u00e9s a be\u00e9p\u00edt\u00e9s bonyolults\u00e1g\u00e1t. \u00c1ltal\u00e1noss\u00e1gban elmondhat\u00f3, hogy a napellenz\u0151 ablakok olcs\u00f3bbak, mint n\u00e9h\u00e1ny m\u00e1s t\u00edpus\u00fa ablak, mint p\u00e9ld\u00e1ul a kiugr\u00f3 ablakok vagy az orr-ablakok, de valamivel dr\u00e1g\u00e1bbak lehetnek, mint az egyszer\u0171, dupla felf\u00fcggeszt\u00e9s\u0171 ablakok.<\/p>\n\n\n\n<p>A vinil napellenz\u0151 ablakok \u00e1ltal\u00e1ban a legkedvez\u0151bb \u00e1r\u00faak, amelyek egyens\u00falyt k\u00edn\u00e1lnak a k\u00f6lts\u00e9ghat\u00e9konys\u00e1g \u00e9s az energiahat\u00e9konys\u00e1g k\u00f6z\u00f6tt. Az \u00fcvegsz\u00e1las \u00e9s fa napellenz\u0151 ablakok \u00e1ltal\u00e1ban dr\u00e1g\u00e1bbak pr\u00e9mium anyagaik \u00e9s jobb teljes\u00edtm\u00e9nyjellemz\u0151ik miatt. A nagyobb ablakm\u00e9ret term\u00e9szetesen n\u00f6veli a k\u00f6lts\u00e9geket, csak\u00fagy, mint a korszer\u0171s\u00edt\u00e9sek, p\u00e9ld\u00e1ul a h\u00e1romr\u00e9teg\u0171 \u00fcveg vagy az egyedi fel\u00fcletek.<\/p>\n\n\n\n<p>A teljes \u00e1rhoz a telep\u00edt\u00e9si k\u00f6lts\u00e9gek is hozz\u00e1j\u00e1rulnak. Professzion\u00e1lis beszerel\u00e9s javasolt a megfelel\u0151 illeszked\u00e9s \u00e9s teljes\u00edtm\u00e9ny biztos\u00edt\u00e1sa \u00e9rdek\u00e9ben, k\u00fcl\u00f6n\u00f6sen a napellenz\u0151 csereablakok eset\u00e9ben. A telep\u00edt\u00e9si k\u00f6lts\u00e9gek az ablakok sz\u00e1m\u00e1t\u00f3l, a telep\u00edt\u00e9s \u00f6sszetetts\u00e9g\u00e9t\u0151l \u00e9s a helyi munkaer\u0151-k\u00f6lts\u00e9gekt\u0151l f\u00fcgg\u0151en v\u00e1ltozhatnak.<\/p>\n\n\n\n<p>Ahhoz, hogy pontos becsl\u00e9st kaphasson a projektje napellenz\u0151j\u00e9nek k\u00f6lts\u00e9geir\u0151l, a legjobb, ha \u00e1raj\u00e1nlatot k\u00e9r egy j\u00f3 h\u00edr\u0171 k\u00ednai ajt\u00f3- \u00e9s ablakgy\u00e1rt\u00f3t\u00f3l, mint pl.\u00a0<a href=\"https:\/\/boswindor.com\/hu\/\"><mark style=\"background-color:rgba(0, 0, 0, 0);color:#ff4f01\" class=\"has-inline-color\">Boswindor\u00a0<\/mark><\/a>vagy helyi ablaktelep\u00edt\u0151k. Az \u00faj napellenz\u0151 ablakokba val\u00f3 beruh\u00e1z\u00e1s \u00e9rt\u00e9kel\u00e9sekor vegye figyelembe az olyan t\u00e9nyez\u0151ket, mint a hossz\u00fa t\u00e1v\u00fa energiamegtakar\u00edt\u00e1s \u00e9s a megn\u00f6vekedett lak\u00e1s\u00e9rt\u00e9k. M\u00edg a napellenz\u0151 ablakok kezdeti k\u00f6lts\u00e9ge megfontoland\u00f3, a k\u00e9nyelem, az energiahat\u00e9konys\u00e1g \u00e9s a lak\u00e1s\u00e9rt\u00e9k hossz\u00fa t\u00e1v\u00fa el\u0151nyei megt\u00e9r\u00fcl\u0151 befektet\u00e9ss\u00e9 teszik \u0151ket.<\/p>\n\n\n<style>.elementor-2365 .elementor-element.elementor-element-3666e33{margin-top:20px;margin-bottom:20px;}.elementor-2365 .elementor-element.elementor-element-0fc0e23 .elementor-cta__content{min-height:100px;text-align:center;}.elementor-2365 .elementor-element.elementor-element-0fc0e23 .elementor-cta__title{font-size:32px;}.elementor-2365 .elementor-element.elementor-element-0fc0e23 .elementor-cta__description{font-size:20px;}.elementor-2365 .elementor-element.elementor-element-0fc0e23 .elementor-cta__button{background-color:var( --e-global-color-primary );border-color:var( --e-global-color-7fada61e );}.elementor-2365 .elementor-element.elementor-element-0fc0e23 .elementor-cta__button:hover{color:var( --e-global-color-secondary );border-color:var( --e-global-color-secondary );}.elementor-2365 .elementor-element.elementor-element-0fc0e23 .elementor-cta .elementor-cta__bg, .elementor-2365 .elementor-element.elementor-element-0fc0e23 .elementor-cta .elementor-cta__bg-overlay{transition-duration:1500ms;}.elementor-2365 .elementor-element.elementor-element-0fc0e23 > .elementor-widget-container{box-shadow:0px 0px 10px 0px rgba(0,0,0,0.5);}@media(max-width:767px){.elementor-2365 .elementor-element.elementor-element-0fc0e23 .elementor-cta__content{min-height:100px;text-align:center;}}<\/style>\t\t<div data-elementor-type=\"container\" data-elementor-id=\"2365\" class=\"elementor elementor-2365\" data-elementor-settings=\"{&quot;ha_cmc_init_switcher&quot;:&quot;no&quot;}\" data-elementor-post-type=\"elementor_library\">\n\t\t\t\t\t\t<section class=\"elementor-section elementor-top-section elementor-element elementor-element-3666e33 ct-section-stretched elementor-section-boxed elementor-section-height-default elementor-section-height-default\" data-id=\"3666e33\" data-element_type=\"section\" data-e-type=\"section\" data-settings=\"{&quot;_ha_eqh_enable&quot;:false}\">\n\t\t\t\t\t\t<div class=\"elementor-container elementor-column-gap-default\">\n\t\t\t\t\t<div class=\"elementor-column elementor-col-100 elementor-top-column elementor-element elementor-element-250bb9c\" data-id=\"250bb9c\" data-element_type=\"column\" data-e-type=\"column\">\n\t\t\t<div class=\"elementor-widget-wrap elementor-element-populated\">\n\t\t\t\t\t\t<div class=\"elementor-element elementor-element-0fc0e23 elementor-cta--layout-image-right elementor-cta--mobile-layout-image-above elementor-cta--skin-classic elementor-animated-content elementor-bg-transform elementor-bg-transform-zoom-in elementor-widget elementor-widget-call-to-action\" data-id=\"0fc0e23\" data-element_type=\"widget\" data-e-type=\"widget\" data-widget_type=\"call-to-action.default\">\n\t\t\t\t<div class=\"elementor-widget-container\">\n\t\t\t\t\t\t\t<a class=\"elementor-cta\" href=\"https:\/\/boswindor.com\/hu\/contact-us\/\">\n\t\t\t\t\t<div class=\"elementor-cta__bg-wrapper\">\n\t\t\t\t<div class=\"elementor-cta__bg elementor-bg\" style=\"background-image: url(https:\/\/boswindor.com\/wp-content\/uploads\/2025\/02\/Aluminum-Window-Walls-for-Living-Room.jpg);\" role=\"img\" aria-label=\"Alum\u00ednium ablakfalak nappalihoz\"><\/div>\n\t\t\t\t<div class=\"elementor-cta__bg-overlay\"><\/div>\n\t\t\t<\/div>\n\t\t\t\t\t\t\t<div class=\"elementor-cta__content\">\n\t\t\t\t\n\t\t\t\t\t\t\t\t\t<h3 class=\"elementor-cta__title elementor-cta__content-item elementor-content-item\">\n\t\t\t\t\t\tBoswindor\t\t\t\t\t<\/h3>\n\t\t\t\t\n\t\t\t\t\t\t\t\t\t<div class=\"elementor-cta__description elementor-cta__content-item elementor-content-item\">\n\t\t\t\t\t\tA Boswindor teljes k\u00f6r\u0171 megold\u00e1sokat k\u00edn\u00e1l minden ablak- \u00e9s ajt\u00f3ig\u00e9ny\u00e9re, a kezdeti konzult\u00e1ci\u00f3t\u00f3l \u00e9s tervez\u00e9st\u0151l kezdve a gy\u00e1rt\u00e1son \u00e9s a kisz\u00e1ll\u00edt\u00e1son \u00e1t.\t\t\t\t\t<\/div>\n\t\t\t\t\n\t\t\t\t\t\t\t\t\t<div class=\"elementor-cta__button-wrapper elementor-cta__content-item elementor-content-item\">\n\t\t\t\t\t<span class=\"elementor-cta__button elementor-button elementor-size-\">\n\t\t\t\t\t\tK\u00c9RJEN \u00c1RAJ\u00c1NLATOT MOST\t\t\t\t\t<\/span>\n\t\t\t\t\t<\/div>\n\t\t\t\t\t\t\t<\/div>\n\t\t\t\t\t\t<\/a>\n\t\t\t\t\t\t<\/div>\n\t\t\t\t<\/div>\n\t\t\t\t\t<\/div>\n\t\t<\/div>\n\t\t\t\t\t<\/div>\n\t\t<\/section>\n\t\t\t\t<\/div>\n\t\t\n\n\n\n<h2 class=\"wp-block-heading\">Gyakran ism\u00e9telt k\u00e9rd\u00e9sek a napellenz\u0151vel kapcsolatban<\/h2>\n\n\n<div id=\"rank-math-faq\" class=\"rank-math-block\">\n<div class=\"rank-math-list\">\n<div id=\"faq-question-1742269069233\" class=\"rank-math-list-item\">\n<h3 class=\"rank-math-question\">Biztons\u00e1gosak a napellenz\u0151 ablakok?<\/h3>\n<div class=\"rank-math-answer\">\n\n<p>A napellenz\u0151 ablakokat \u00e1ltal\u00e1ban biztons\u00e1gosnak tekintik, k\u00fcl\u00f6n\u00f6sen z\u00e1rva \u00e9s z\u00e1rva. Sok modern napellenz\u0151 ablak t\u00f6bbpontos z\u00e1rrendszerrel rendelkezik, amely fokozza a biztons\u00e1got. Kisebb m\u00e9ret\u00fck \u00e9s kifel\u00e9 ny\u00edl\u00f3 mechanizmusuk a nagyobb ablakt\u00edpusokhoz k\u00e9pest a behatol\u00f3k sz\u00e1m\u00e1ra is kev\u00e9sb\u00e9 hozz\u00e1f\u00e9rhet\u0151v\u00e9 teszi \u0151ket.<\/p>\n\n<\/div>\n<\/div>\n<div id=\"faq-question-1742269077349\" class=\"rank-math-list-item\">\n<h3 class=\"rank-math-question\">Minden \u00e9ghajlaton haszn\u00e1lhat\u00f3 napellenz\u0151 ablakok?<\/h3>\n<div class=\"rank-math-answer\">\n\n<p>Igen, a napellenz\u0151 ablakok sokoldal\u00faak \u00e9s k\u00fcl\u00f6nf\u00e9le \u00e9ghajlati viszonyok k\u00f6z\u00f6tt alkalmazhat\u00f3k. Id\u0151j\u00e1r\u00e1s\u00e1ll\u00f3 kialak\u00edt\u00e1suk, k\u00fcl\u00f6n\u00f6sen, ha a napellenz\u0151 ablakai fel\u00fcl csukl\u00f3san vannak, kiv\u00e1l\u00f3an alkalmass\u00e1 teszi \u0151ket es\u0151s \u00e9ghajlatra. A meleg \u00e9s hideg \u00e9ghajlathoz energiahat\u00e9kony opci\u00f3k \u00e1llnak rendelkez\u00e9sre, amelyek eg\u00e9sz \u00e9vben biztos\u00edtj\u00e1k a k\u00e9nyelmet \u00e9s az energiamegtakar\u00edt\u00e1st.<\/p>\n\n<\/div>\n<\/div>\n<div id=\"faq-question-1742269085446\" class=\"rank-math-list-item\">\n<h3 class=\"rank-math-question\">Hogyan tiszt\u00edtod a napellenz\u0151 ablakokat?<\/h3>\n<div class=\"rank-math-answer\">\n\n<p>A napellenz\u0151 ablakok tiszt\u00edt\u00e1sa viszonylag egyszer\u0171. Bel\u00fclr\u0151l az ablak kinyit\u00e1sa ut\u00e1n gyakran el\u00e9rheti az \u00fcveg mindk\u00e9t oldal\u00e1t. K\u00fcls\u0151 tiszt\u00edt\u00e1shoz az ablak kialak\u00edt\u00e1s\u00e1t\u00f3l \u00e9s megk\u00f6zel\u00edthet\u0151s\u00e9g\u00e9t\u0151l f\u00fcgg\u0151en el\u0151fordulhat, hogy k\u00edv\u00fclr\u0151l kell tiszt\u00edtani, magasabb ablakokhoz l\u00e9tr\u00e1t kell haszn\u00e1lni, vagy ablaktiszt\u00edt\u00f3 szolg\u00e1ltat\u00e1st kell ig\u00e9nybe venni.<\/p>\n\n<\/div>\n<\/div>\n<\/div>\n<\/div>\n\n\n<h2 class=\"wp-block-heading\">\u00d6sszefoglal\u00e1s: A napellenz\u0151 ablakok legfontosabb tudnival\u00f3i<\/h2>\n\n\n\n<figure class=\"wp-block-image size-full\"><a href=\"https:\/\/boswindor.com\/hu\/\"><img loading=\"lazy\" decoding=\"async\" width=\"920\" height=\"400\" src=\"https:\/\/boswindor.com\/wp-content\/uploads\/2024\/11\/Your-Top-3-Windows-Doors-Manufacturer-from-China.jpg\" alt=\"\" class=\"wp-image-490\" srcset=\"https:\/\/boswindor.com\/wp-content\/uploads\/2024\/11\/Your-Top-3-Windows-Doors-Manufacturer-from-China.jpg 920w, https:\/\/boswindor.com\/wp-content\/uploads\/2024\/11\/Your-Top-3-Windows-Doors-Manufacturer-from-China-300x130.jpg 300w, https:\/\/boswindor.com\/wp-content\/uploads\/2024\/11\/Your-Top-3-Windows-Doors-Manufacturer-from-China-768x334.jpg 768w\" sizes=\"(max-width: 920px) 100vw, 920px\" \/><\/a><figcaption class=\"wp-element-caption\">Boswindor<\/figcaption><\/figure>\n\n\n\n<ul class=\"wp-block-list\">\n<li>Kiv\u00e1l\u00f3 szell\u0151z\u00e9s: A napellenz\u0151 ablakok kiv\u00e1l\u00f3 szell\u0151z\u00e9st biztos\u00edtanak m\u00e9g enyhe es\u0151ben is, k\u00f6sz\u00f6nhet\u0151en a fel\u00fcl ny\u00edl\u00f3, kifel\u00e9 ny\u00edl\u00f3 kialak\u00edt\u00e1suknak.<\/li>\n\n\n\n<li>Term\u00e9szetes f\u00e9ny: Maximaliz\u00e1lj\u00e1k a term\u00e9szetes f\u00e9nyt, vil\u00e1gosabb\u00e1 teszik a bels\u0151 tereket, \u00e9s cs\u00f6kkentik a mesters\u00e9ges vil\u00e1g\u00edt\u00e1st\u00f3l val\u00f3 f\u00fcgg\u00e9st.<\/li>\n\n\n\n<li>Energiahat\u00e9konys\u00e1g: A modern napellenz\u0151 ablakok energiahat\u00e9konyak, cs\u00f6kkentik az energiak\u00f6lts\u00e9geket \u00e9s jav\u00edtj\u00e1k az otthon k\u00e9nyelm\u00e9t.<\/li>\n\n\n\n<li>Sokoldal\u00fa elhelyez\u00e9s: Ide\u00e1lis f\u00fcrd\u0151szob\u00e1kba, pinc\u00e9kbe, konyh\u00e1kba \u00e9s magas fal\u00fa helyekre, biztos\u00edtva a mag\u00e1n\u00e9letet \u00e9s a l\u00e9g\u00e1raml\u00e1st, ahol sz\u00fcks\u00e9ges.<\/li>\n\n\n\n<li>Tervez\u00e9si lehet\u0151s\u00e9gek: K\u00fcl\u00f6nb\u00f6z\u0151 anyagokban, sz\u00ednekben \u00e9s st\u00edlusokban kaphat\u00f3, hogy b\u00e1rmilyen otthoni kialak\u00edt\u00e1st kieg\u00e9sz\u00edtsen.<\/li>\n\n\n\n<li>Id\u0151j\u00e1r\u00e1s elleni v\u00e9delem: A napellenz\u0151 hat\u00e1s megv\u00e9di a bels\u0151 tereket az es\u0151t\u0151l, lehet\u0151v\u00e9 t\u00e9ve a szell\u0151z\u00e9st m\u00e9g rossz id\u0151ben is.<\/li>\n\n\n\n<li>Fokozott biztons\u00e1g: Z\u00e1rt \u00e9s z\u00e1rt napellenz\u0151 ablakok n\u00f6velik otthona biztons\u00e1g\u00e1t.<\/li>\n<\/ul>\n\n\n\n<p>Ha st\u00edlusos, funkcion\u00e1lis \u00e9s energiatakar\u00e9kos ablakokkal szeretn\u00e9 feldobni otthon\u00e1t, fontolja meg a napellenz\u0151 ablakok el\u0151nyeit. K\u00edna vezet\u0151 ajt\u00f3- \u00e9s ablakgy\u00e1rt\u00f3jak\u00e9nt a Boswindor napellenz\u0151 ablakok sz\u00e9les v\u00e1laszt\u00e9k\u00e1t k\u00edn\u00e1lja, hogy megfeleljen az \u00d6n egyedi ig\u00e9nyeinek \u00e9s tervez\u00e9si preferenci\u00e1inak. <a href=\"https:\/\/boswindor.com\/hu\/contact-us\/\"><mark style=\"background-color:rgba(0, 0, 0, 0);color:#ff4f01\" class=\"has-inline-color\">L\u00e9pjen kapcsolatba vel\u00fcnk m\u00e9g ma, \u00e9s fedezze fel, hogyan alak\u00edthatja \u00e1t a Boswindor projektjeit a napellenz\u0151 ablakokkal.<\/mark><\/a><\/p>","protected":false},"excerpt":{"rendered":"<p>Olyan ablakokkal szeretn\u00e9 feldobni otthon\u00e1t, amelyek kiv\u00e1l\u00f3 szell\u0151z\u00e9st, energiahat\u00e9konys\u00e1got \u00e9s egy kis eleganci\u00e1t k\u00edn\u00e1lnak? <\/p>\n<p>Ez a cikk a napellenz\u0151 ablakok vil\u00e1g\u00e1t t\u00e1rja fel, egy olyan ablakt\u00edpust, amely egyed\u00fcl\u00e1ll\u00f3 funkcionalit\u00e1s\u00e1r\u00f3l \u00e9s eszt\u00e9tikai vonzerej\u00e9r\u0151l h\u00edres. Fedezze fel, hogy a Boswindorhoz hasonl\u00f3 gy\u00e1rt\u00f3k napellenz\u0151i mi\u00e9rt v\u00e1lnak az \u00e9p\u00edt\u0151k, \u00e9p\u00edt\u00e9szek \u00e9s lak\u00e1stulajdonosok legjobb v\u00e1laszt\u00e1s\u00e1v\u00e1. <\/p>\n<p>N\u00e9zz\u00fck meg, milyen funkci\u00f3kkal, el\u0151ny\u00f6kkel \u00e9s inspir\u00e1l\u00f3 \u00f6tletekkel illesztheti be a napellenz\u0151 ablakokat a k\u00f6vetkez\u0151 projektj\u00e9be.<\/p>","protected":false},"author":3,"featured_media":2631,"comment_status":"open","ping_status":"open","sticky":false,"template":"","format":"standard","meta":{"footnotes":""},"categories":[10],"tags":[],"class_list":["post-2549","post","type-post","status-publish","format-standard","has-post-thumbnail","hentry","category-windows-doors"],"blocksy_meta":[],"_links":{"self":[{"href":"https:\/\/boswindor.com\/hu\/wp-json\/wp\/v2\/posts\/2549","targetHints":{"allow":["GET"]}}],"collection":[{"href":"https:\/\/boswindor.com\/hu\/wp-json\/wp\/v2\/posts"}],"about":[{"href":"https:\/\/boswindor.com\/hu\/wp-json\/wp\/v2\/types\/post"}],"author":[{"embeddable":true,"href":"https:\/\/boswindor.com\/hu\/wp-json\/wp\/v2\/users\/3"}],"replies":[{"embeddable":true,"href":"https:\/\/boswindor.com\/hu\/wp-json\/wp\/v2\/comments?post=2549"}],"version-history":[{"count":5,"href":"https:\/\/boswindor.com\/hu\/wp-json\/wp\/v2\/posts\/2549\/revisions"}],"predecessor-version":[{"id":2645,"href":"https:\/\/boswindor.com\/hu\/wp-json\/wp\/v2\/posts\/2549\/revisions\/2645"}],"wp:featuredmedia":[{"embeddable":true,"href":"https:\/\/boswindor.com\/hu\/wp-json\/wp\/v2\/media\/2631"}],"wp:attachment":[{"href":"https:\/\/boswindor.com\/hu\/wp-json\/wp\/v2\/media?parent=2549"}],"wp:term":[{"taxonomy":"category","embeddable":true,"href":"https:\/\/boswindor.com\/hu\/wp-json\/wp\/v2\/categories?post=2549"},{"taxonomy":"post_tag","embeddable":true,"href":"https:\/\/boswindor.com\/hu\/wp-json\/wp\/v2\/tags?post=2549"}],"curies":[{"name":"munkaf\u00fczet","href":"https:\/\/api.w.org\/{rel}","templated":true}]}}