{"id":1865,"date":"2025-02-13T22:17:55","date_gmt":"2025-02-14T06:17:55","guid":{"rendered":"https:\/\/boswindor.com\/?p=1865"},"modified":"2025-04-24T01:32:32","modified_gmt":"2025-04-24T09:32:32","slug":"operable-window-vs-fixed-window-key-differences","status":"publish","type":"post","link":"https:\/\/boswindor.com\/hu\/operable-window-vs-fixed-window-key-differences\/","title":{"rendered":"M\u0171k\u00f6dtet\u0151 ablak \u00e9s fix ablak: legfontosabb k\u00fcl\u00f6nbs\u00e9gek \u00e9s az \u00d6n sz\u00e1m\u00e1ra megfelel\u0151"},"content":{"rendered":"<h2 class=\"wp-block-heading\">Melyek az alapvet\u0151 k\u00fcl\u00f6nbs\u00e9gek a m\u0171k\u00f6d\u0151 \u00e9s a r\u00f6gz\u00edtett Windows k\u00f6z\u00f6tt?<\/h2>\n\n\n\n<p>A legalapvet\u0151bb k\u00fcl\u00f6nbs\u00e9g a k\u00f6z\u00f6tt\u00a0<strong>m\u0171k\u00f6dtethet\u0151 ablakok<\/strong>\u00a0\u00e9s\u00a0<strong>r\u00f6gz\u00edtett ablakok<\/strong>\u00a0funkcionalit\u00e1sukban rejlik.\u00a0<strong>M\u0171k\u00f6dtet\u0151 ablakok<\/strong>, ahogy a neve is sugallja, nyithat\u00f3 \u00e9s z\u00e1rhat\u00f3, biztos\u00edtva a szell\u0151z\u00e9st \u00e9s a szabadba val\u00f3 kijut\u00e1st.\u00a0<strong><a href=\"https:\/\/boswindor.com\/hu\/discover-the-beauty-and-advantages-of-picture-windows-and-fixed-windows-in-modern-architecture\/\"><mark style=\"background-color:rgba(0, 0, 0, 0);color:#ab6f00\" class=\"has-inline-color\">Fix ablakok<\/mark><\/a><\/strong>ellenben \u00e1ll\u00f3ak \u00e9s nem nyithat\u00f3k. Ez az egyszer\u0171nek t\u0171n\u0151 megk\u00fcl\u00f6nb\u00f6ztet\u00e9s alkalmaz\u00e1saik, el\u0151nyeik \u00e9s h\u00e1tr\u00e1nyaik k\u00f6z\u00f6tti k\u00fcl\u00f6nbs\u00e9gek sorozat\u00e1hoz vezet.<\/p>\n\n\n\n<p>Gondold ezt \u00edgy: an\u00a0<strong>m\u0171k\u00f6dtethet\u0151 ablak<\/strong>\u00a0olyan, mint egy ajt\u00f3 a leveg\u0151 sz\u00e1m\u00e1ra, m\u00edg a\u00a0<strong>fix ablak<\/strong>\u00a0olyan, mint egy \u00e1tl\u00e1tsz\u00f3 fal. A k\u00f6zt\u00fck val\u00f3 v\u00e1laszt\u00e1s teljes m\u00e9rt\u00e9kben az ablak tervezett rendeltet\u00e9s\u00e9t\u0151l \u00e9s az \u00e9p\u00fclet tervez\u00e9s\u00e9nek priorit\u00e1sait\u00f3l f\u00fcgg. P\u00e9ld\u00e1ul egy f\u00fcrd\u0151szob\u00e1ban vagy konyh\u00e1ban a szell\u0151z\u00e9st egy\u00a0<strong>m\u0171k\u00f6dtethet\u0151 ablak<\/strong>\u00a0nagyszer\u0171.<\/p>\n\n\n\n<h2 class=\"wp-block-heading\">Melyek a k\u00fcl\u00f6nb\u00f6z\u0151 t\u00edpus\u00fa m\u0171k\u00f6d\u0151 Windowsok?<\/h2>\n\n\n\n<figure class=\"wp-block-image size-full\"><img fetchpriority=\"high\" decoding=\"async\" width=\"900\" height=\"491\" src=\"https:\/\/boswindor.com\/wp-content\/uploads\/2025\/02\/Casement-Window-and-Sliding-Window.jpg\" alt=\"\" class=\"wp-image-1872\" srcset=\"https:\/\/boswindor.com\/wp-content\/uploads\/2025\/02\/Casement-Window-and-Sliding-Window.jpg 900w, https:\/\/boswindor.com\/wp-content\/uploads\/2025\/02\/Casement-Window-and-Sliding-Window-300x164.jpg 300w, https:\/\/boswindor.com\/wp-content\/uploads\/2025\/02\/Casement-Window-and-Sliding-Window-768x419.jpg 768w, https:\/\/boswindor.com\/wp-content\/uploads\/2025\/02\/Casement-Window-and-Sliding-Window-18x10.jpg 18w\" sizes=\"(max-width: 900px) 100vw, 900px\" \/><figcaption class=\"wp-element-caption\">Tokos ablak \u00e9s tol\u00f3ablak<\/figcaption><\/figure>\n\n\n\n<p>V\u00e1ltozatos a v\u00e1laszt\u00e9k&nbsp;<strong>m\u0171k\u00f6dtethet\u0151 ablak<\/strong>&nbsp;st\u00edlusok, mindegyik egyedi nyit\u00f3mechanizmussal \u00e9s eszt\u00e9tikai vonzer\u0151vel rendelkezik. \u00cdme n\u00e9h\u00e1ny a leggyakoribbak k\u00f6z\u00fcl&nbsp;<strong>m\u0171k\u00f6d\u0151 ablakok t\u00edpusai<\/strong>:<\/p>\n\n\n\n<ul class=\"wp-block-list\">\n<li><strong>Tokos ablakok:<\/strong>\u00a0Ezek az ablakok az egyik oldalon zsan\u00e9rosak \u00e9s kifel\u00e9 ny\u00edlnak, ak\u00e1r egy ajt\u00f3. Hagyom\u00e1nyos <a href=\"https:\/\/boswindor.com\/hu\/windows-types\/casement-window\/\"><mark style=\"background-color:rgba(0, 0, 0, 0);color:#ab6f00\" class=\"has-inline-color\">tokos ablakok<\/mark><\/a> kiv\u00e1l\u00f3 szell\u0151z\u00e9st \u00e9s akad\u00e1lytalan kil\u00e1t\u00e1st k\u00edn\u00e1lnak.<\/li>\n\n\n\n<li><strong>Napellenz\u0151 ablakok:<\/strong>\u00a0Fel\u00fcl csukl\u00f3san, a napellenz\u0151 ablakai alulr\u00f3l kifel\u00e9 ny\u00edlnak, l\u00e9trehozva egy <a href=\"https:\/\/boswindor.com\/hu\/windows-types\/awning\/\"><mark style=\"background-color:rgba(0, 0, 0, 0);color:#ab6f00\" class=\"has-inline-color\">napellenz\u0151<\/mark><\/a>-szer\u0171 hat\u00e1s. Ide\u00e1lisak a szell\u0151z\u00e9shez m\u00e9g gyenge es\u0151ben is.<\/li>\n\n\n\n<li><strong>Cs\u00faszka ablakok:<\/strong>&nbsp;Ezek az ablakok v\u00edzszintesen cs\u00fasznak egy p\u00e1lya ment\u00e9n. N\u00e9pszer\u0171 v\u00e1laszt\u00e1s a modern otthonok sz\u00e1m\u00e1ra, \u00e9s egyszer\u0171 kezel\u00e9st k\u00edn\u00e1lnak.<\/li>\n\n\n\n<li><strong>F\u00fcggesztett Windows:<\/strong>\u00a0<strong>F\u00fcggesztett ablakok<\/strong>\u00a0egy vagy k\u00e9t f\u00fcgg\u0151legesen elcs\u00fasztathat\u00f3 sz\u00e1rnya legyen.\u00a0<strong>K\u00e9tsz\u00e1rny\u00fa ablakok<\/strong>\u00a0van\u00a0<strong>k\u00e9t m\u0171k\u00f6dtethet\u0151 sz\u00e1rny<\/strong>, amely fel\u00fclr\u0151l \u00e9s alulr\u00f3l is lehet\u0151v\u00e9 teszi a szell\u0151z\u00e9st.\u00a0<strong>Egy- \u00e9s dupla felf\u00fcggeszt\u00e9s\u0171<\/strong>\u00a0gyakran v\u00e1lasztj\u00e1k k\u00fcl\u00f6nf\u00e9le\u00a0<strong>ablak st\u00edlus\u00fa<\/strong>\u00a0opci\u00f3k.<\/li>\n\n\n\n<li><strong>Ind\u00edt\u00f3ablak:<\/strong>&nbsp;Nyit\u00e1shoz hajt\u00f3kar haszn\u00e1l, a tokban \u00e9s napellenz\u0151ben elterjedt, k\u00f6nnyen haszn\u00e1lhat\u00f3 hajt\u00f3kar.<\/li>\n<\/ul>\n\n\n\n<p>Ezek mindegyike&nbsp;<strong>ablakok t\u00edpusai<\/strong>&nbsp;elt\u00e9r\u0151 egyens\u00falyt k\u00edn\u00e1l a szell\u0151z\u00e9s, a k\u00f6nny\u0171 haszn\u00e1lat \u00e9s az eszt\u00e9tikai megjelen\u00e9s k\u00f6z\u00f6tt. A Boswindorn\u00e1l a magas sz\u00ednvonal\u00fa kivitelez\u00e9sre szakosodtunk&nbsp;<strong>m\u0171k\u00f6dtethet\u0151 ablakok<\/strong>&nbsp;sokf\u00e9le st\u00edlusban, t\u00f6k\u00e9letes illeszked\u00e9st biztos\u00edtva b\u00e1rmilyen projekthez.<\/p>\n\n\n\n<h2 class=\"wp-block-heading\">Mi\u00e9rt v\u00e1lasszon m\u0171k\u00f6d\u0151 Windowst projektj\u00e9hez?<\/h2>\n\n\n\n<figure class=\"wp-block-image size-full\"><img decoding=\"async\" width=\"900\" height=\"491\" src=\"https:\/\/boswindor.com\/wp-content\/uploads\/2025\/02\/Double-hung-windows.jpg\" alt=\"\" class=\"wp-image-1874\" srcset=\"https:\/\/boswindor.com\/wp-content\/uploads\/2025\/02\/Double-hung-windows.jpg 900w, https:\/\/boswindor.com\/wp-content\/uploads\/2025\/02\/Double-hung-windows-300x164.jpg 300w, https:\/\/boswindor.com\/wp-content\/uploads\/2025\/02\/Double-hung-windows-768x419.jpg 768w, https:\/\/boswindor.com\/wp-content\/uploads\/2025\/02\/Double-hung-windows-18x10.jpg 18w\" sizes=\"(max-width: 900px) 100vw, 900px\" \/><figcaption class=\"wp-element-caption\"><strong>Dupla felf\u00fcggeszt\u00e9s\u0171, m\u0171k\u00f6dtethet\u0151 ablakok<\/strong><\/figcaption><\/figure>\n\n\n\n<p>A d\u00f6nt\u00e9s <strong>m\u0171k\u00f6d\u0151 ablakok kiv\u00e1laszt\u00e1s\u00e1hoz<\/strong>\u00a0gyakran a szell\u0151ztet\u00e9s sz\u00fcks\u00e9gess\u00e9g\u00e9re, a szabadba val\u00f3 bejut\u00e1sra \u00e9s a belt\u00e9ri k\u00f6rnyezet nagyobb ellen\u0151rz\u00e9s\u00e9re ir\u00e1nyul\u00f3 v\u00e1gyra vezethet\u0151 vissza. \u00cdme a legfontosabb el\u0151ny\u00f6k lebont\u00e1sa:<\/p>\n\n\n\n<ul class=\"wp-block-list\">\n<li><strong>Szell\u0151z\u00e9s:<\/strong>&nbsp;<strong>M\u0171k\u00f6dtet\u0151 ablakok<\/strong>&nbsp;term\u00e9szetes szell\u0151z\u00e9st biztos\u00edtanak, lehet\u0151v\u00e9 t\u00e9ve a friss leveg\u0151 kering\u00e9s\u00e9t, \u00e9s cs\u00f6kkentik a mechanikus rendszerekre, p\u00e9ld\u00e1ul a l\u00e9gkondicion\u00e1l\u00f3kra val\u00f3 t\u00e1maszkod\u00e1st. Ez jelent\u0151s energiamegtakar\u00edt\u00e1st \u00e9s eg\u00e9szs\u00e9gesebb belt\u00e9ri k\u00f6rnyezetet eredm\u00e9nyezhet.<\/li>\n\n\n\n<li><strong>Term\u00e9szetes f\u00e9ny:<\/strong>&nbsp;Mik\u00f6zben mindkett\u0151&nbsp;<strong>m\u0171k\u00f6d\u0151k\u00e9pes \u00e9s fix<\/strong>&nbsp;az ablakok beengedik a term\u00e9szetes f\u00e9nyt, nyithatnak egyet&nbsp;<strong>m\u0171k\u00f6dtethet\u0151 ablak<\/strong>&nbsp;fokozhatja a k\u00fclvil\u00e1ghoz val\u00f3 kapcsol\u00f3d\u00e1s \u00e9rz\u00e9s\u00e9t, m\u00e9g olyan helyeken is, ahol a&nbsp;<strong>nagy k\u00e9pablak<\/strong>&nbsp;nem kivitelezhet\u0151.<\/li>\n\n\n\n<li><strong>Kij\u00e1rat:<\/strong>&nbsp;Bizonyos esetekben az \u00e9p\u00edt\u00e9si szab\u00e1lyzat el\u0151\u00edrja&nbsp;<strong>m\u0171k\u00f6dtethet\u0151 ablakok<\/strong>&nbsp;egy bizonyos m\u00e9ret\u0171, hogy v\u00e9szkij\u00e1ratk\u00e9nt (kij\u00e1rati ablakk\u00e9nt) szolg\u00e1ljanak.<\/li>\n\n\n\n<li>Ellen\u0151rz\u00e9s:&nbsp;<strong>M\u0171k\u00f6dtet\u0151 ablakok esed\u00e9kes<\/strong>&nbsp;term\u00e9szet\u00fckb\u0151l ad\u00f3d\u00f3an jobban szab\u00e1lyozz\u00e1k a h\u0151m\u00e9rs\u00e9kletet, a leveg\u0151min\u0151s\u00e9get \u00e9s a k\u00fcls\u0151h\u00f6z val\u00f3 csatlakoz\u00e1st.<\/li>\n<\/ul>\n\n\n\n<p><strong>M\u0171k\u00f6dtet\u0151 ablakok<\/strong>&nbsp;dinamikus elemet k\u00edn\u00e1lnak az \u00e9p\u00fcletnek, lehet\u0151v\u00e9 t\u00e9ve a lak\u00f3k sz\u00e1m\u00e1ra, hogy a bels\u0151 k\u00f6rnyezetet saj\u00e1t ig\u00e9nyeikhez igaz\u00edts\u00e1k.<\/p>\n\n\n\n<h2 class=\"wp-block-heading\">Hogyan hasonl\u00edthat\u00f3 \u00f6ssze a jav\u00edtott Windows a funkcionalit\u00e1s \u00e9s az el\u0151ny\u00f6k tekintet\u00e9ben?<\/h2>\n\n\n\n<p><strong>Fix ablakok is vannak<\/strong>&nbsp;k\u00e9pablakok n\u00e9ven ismertek, \u00e9s m\u00e1s, de ugyanolyan fontos c\u00e9lt szolg\u00e1lnak. B\u00e1r nem k\u00edn\u00e1lnak szell\u0151z\u00e9st,&nbsp;<strong>r\u00f6gz\u00edtett ablakok<\/strong>&nbsp;m\u00e1s ter\u00fcleteken is kiv\u00e1l\u00f3:<\/p>\n\n\n\n<ul class=\"wp-block-list\">\n<li><strong>Zavartalan kil\u00e1t\u00e1s:<\/strong>&nbsp;<strong>K\u00e9p ablakok<\/strong>&nbsp;kiterjedt, zavartalan kil\u00e1t\u00e1st ny\u00fajt a k\u00f6rnyez\u0151 t\u00e1jra. Gyakran haszn\u00e1lj\u00e1k nappaliban, \u00e9tkez\u0151ben vagy minden olyan helyis\u00e9gben, ahol a kil\u00e1t\u00e1s maximaliz\u00e1l\u00e1sa priorit\u00e1s.<\/li>\n\n\n\n<li><strong>Energiahat\u00e9konys\u00e1g:<\/strong>\u00a0Mert nem nyitnak ki,\u00a0<strong>r\u00f6gz\u00edtett ablakst\u00edlusok<\/strong>\u00a0valamivel t\u00f6bb\u00a0<strong><a href=\"https:\/\/boswindor.com\/hu\/maximize-savings-with-energy-efficient-windows\/\"><mark style=\"background-color:rgba(0, 0, 0, 0);color:#ab6f00\" class=\"has-inline-color\">energiahat\u00e9kony<\/mark><\/a><\/strong>\u00a0mint\u00a0<strong>m\u0171k\u00f6dtethet\u0151 ablakok<\/strong>, az anyagok egyenl\u0151ek. Kevesebb t\u00f6m\u00edt\u00e9s\u00fck \u00e9s r\u00e9s\u00fck van, ahol a leveg\u0151 sziv\u00e1roghat.<\/li>\n\n\n\n<li><strong>Biztons\u00e1g:<\/strong>&nbsp;<strong>Fix ablakok<\/strong>&nbsp;eredend\u0151en biztons\u00e1gosabbak, mint&nbsp;<strong>m\u0171k\u00f6dtethet\u0151 ablakok<\/strong>&nbsp;mivel k\u00edv\u00fclr\u0151l nem nyithat\u00f3k.<\/li>\n\n\n\n<li><strong>K\u00f6lts\u00e9ghat\u00e9konys\u00e1g:<\/strong>&nbsp;\u00c1ltal\u00e1ban,&nbsp;<strong>r\u00f6gz\u00edtett ablakok<\/strong>&nbsp;olcs\u00f3bbak, mint&nbsp;<strong>m\u0171k\u00f6dtethet\u0151 ablakok<\/strong>&nbsp;azonos m\u00e9ret\u0171 \u00e9s anyag\u00fa.<\/li>\n\n\n\n<li><strong>Forma \u00e9s m\u00e9ret:<\/strong>&nbsp;A r\u00f6gz\u00edtett ablakok k\u00f6nnyen elk\u00e9sz\u00edthet\u0151k egyedi form\u00e1kban, bele\u00e9rtve&nbsp;<strong>f\u00e9l k\u00f6r<\/strong>, ragyog\u00f3 kil\u00e1t\u00e1ssal.<\/li>\n<\/ul>\n\n\n\n<p>M\u00edg&nbsp;<strong>r\u00f6gz\u00edtett ablakok<\/strong>&nbsp;hi\u00e1nyzik a sokoldal\u00fas\u00e1g&nbsp;<strong>m\u0171k\u00f6dtethet\u0151 ablakok<\/strong>, hat\u00e1rozott el\u0151ny\u00f6ket k\u00edn\u00e1lnak a n\u00e9zetek, az energiahat\u00e9konys\u00e1g \u00e9s a biztons\u00e1g tekintet\u00e9ben. A legjobb v\u00e1laszt\u00e1s gyakran a kett\u0151 kombin\u00e1ci\u00f3j\u00e1t jelenti&nbsp;<strong>r\u00f6gz\u00edtett \u00e9s m\u0171k\u00f6d\u0151 st\u00edlusok<\/strong>.<\/p>\n\n\n\n<h2 class=\"wp-block-heading\">Milyen el\u0151nyei vannak a szell\u0151ztet\u0151 ablakoknak?<\/h2>\n\n\n\n<figure class=\"wp-block-image size-full\"><img decoding=\"async\" width=\"900\" height=\"491\" src=\"https:\/\/boswindor.com\/wp-content\/uploads\/2025\/02\/Custom-Awning-Windows.jpg\" alt=\"\" class=\"wp-image-1875\" srcset=\"https:\/\/boswindor.com\/wp-content\/uploads\/2025\/02\/Custom-Awning-Windows.jpg 900w, https:\/\/boswindor.com\/wp-content\/uploads\/2025\/02\/Custom-Awning-Windows-300x164.jpg 300w, https:\/\/boswindor.com\/wp-content\/uploads\/2025\/02\/Custom-Awning-Windows-768x419.jpg 768w, https:\/\/boswindor.com\/wp-content\/uploads\/2025\/02\/Custom-Awning-Windows-18x10.jpg 18w\" sizes=\"(max-width: 900px) 100vw, 900px\" \/><figcaption class=\"wp-element-caption\">Egyedi napellenz\u0151vel m\u0171k\u00f6dtethet\u0151 Windows<\/figcaption><\/figure>\n\n\n\n<p><strong>Szell\u0151z\u00e9s<\/strong>&nbsp;vitathatatlanul a legjelent\u0151sebb&nbsp;<strong>a m\u0171k\u00f6dtethet\u0151 ablakok el\u0151nyei<\/strong>. A megfelel\u0151 szell\u0151z\u00e9s kulcsfontoss\u00e1g\u00fa az eg\u00e9szs\u00e9ges \u00e9s k\u00e9nyelmes belt\u00e9ri k\u00f6rnyezet fenntart\u00e1s\u00e1hoz. \u00cdme, mi\u00e9rt:<\/p>\n\n\n\n<ul class=\"wp-block-list\">\n<li><strong>Friss leveg\u0151csere:<\/strong>&nbsp;<strong>M\u0171k\u00f6dtet\u0151 ablakok<\/strong>&nbsp;lehet\u0151v\u00e9 teszi az elhaszn\u00e1l\u00f3dott belt\u00e9ri leveg\u0151 cser\u00e9j\u00e9t friss k\u00fclt\u00e9ri leveg\u0151vel, elt\u00e1vol\u00edtva a szennyez\u0151d\u00e9seket, a szagokat \u00e9s a felesleges nedvess\u00e9get.<\/li>\n\n\n\n<li><strong>Cs\u00f6kkentett p\u00e1ratartalom:<\/strong>\u00a0Az ablakok kinyit\u00e1sa cs\u00f6kkentheti a p\u00e1ratartalom szintj\u00e9t, megakad\u00e1lyozva a pen\u00e9sz \u00e9s a pen\u00e9sz elszaporod\u00e1s\u00e1t. Ez k\u00fcl\u00f6n\u00f6sen fontos a f\u00fcrd\u0151szob\u00e1kban \u00e9s a konyh\u00e1kban. Potenci\u00e1lisan\u00a0<strong>forma<\/strong>\u00a0probl\u00e9m\u00e1k kik\u00fcsz\u00f6b\u00f6lhet\u0151k.<\/li>\n\n\n\n<li><strong>Term\u00e9szetes h\u0171t\u00e9s:<\/strong>&nbsp;H\u0171v\u00f6sebb id\u0151szakokban nyit\u00e1s&nbsp;<strong>m\u0171k\u00f6dtethet\u0151 ablakok<\/strong>&nbsp;term\u00e9szetes h\u0171t\u00e9st biztos\u00edt, cs\u00f6kkenti a l\u00e9gkondicion\u00e1l\u00e1s sz\u00fcks\u00e9gess\u00e9g\u00e9t \u00e9s energi\u00e1t takar\u00edt meg.<\/li>\n\n\n\n<li><strong>Jav\u00edtott leveg\u0151min\u0151s\u00e9g:<\/strong>&nbsp;A megfelel\u0151 szell\u0151ztet\u00e9s jelent\u0151sen jav\u00edthatja a belt\u00e9ri leveg\u0151 min\u0151s\u00e9g\u00e9t, ami el\u0151ny\u00f6s az allergi\u00e1s, asztm\u00e1s vagy egy\u00e9b l\u00e9g\u00fati betegs\u00e9gben szenved\u0151k sz\u00e1m\u00e1ra.<\/li>\n<\/ul>\n\n\n\n<p><strong>Hozz\u00e1f\u00e9r\u00e9s a leveg\u0151h\u00f6z<\/strong>\u00a0a mozg\u00e1s sz\u00e1mos otthon \u00e9s \u00e9p\u00fclet kulcsfontoss\u00e1g\u00fa tervez\u00e9si jellemz\u0151je. <a href=\"https:\/\/boswindor.com\/hu\/\"><strong><mark style=\"background-color:rgba(0, 0, 0, 0);color:#ff4f01\" class=\"has-inline-color\">Boswindor<\/mark><\/strong>&#039;s\u00a0<\/a><strong>m\u0171k\u00f6dtethet\u0151 ablakok<\/strong>\u00a0\u00fagy tervezt\u00e9k, hogy maximaliz\u00e1lj\u00e1k a l\u00e9g\u00e1raml\u00e1st, mik\u00f6zben meg\u0151rzik az energiahat\u00e9konys\u00e1got \u00e9s a biztons\u00e1got.<\/p>\n\n\n\n<h2 class=\"wp-block-heading\">Hogyan jav\u00edtj\u00e1k a m\u0171k\u00f6d\u0151 ablakok a term\u00e9szetes f\u00e9nyt \u00e9s az eszt\u00e9tik\u00e1t?<\/h2>\n\n\n\n<p>B\u00e1r minden ablak hozz\u00e1j\u00e1rul a term\u00e9szetes f\u00e9nyhez,&nbsp;<strong>m\u0171k\u00f6dtethet\u0151 ablakok<\/strong>&nbsp;a funkcionalit\u00e1s \u00e9s az eszt\u00e9tikai vonzer\u0151 egyed\u00fcl\u00e1ll\u00f3 kever\u00e9k\u00e9t k\u00edn\u00e1lj\u00e1k. \u00cdgy jav\u00edtj\u00e1k mindkett\u0151t:<\/p>\n\n\n\n<ul class=\"wp-block-list\">\n<li><strong>Csatlakoz\u00e1s a szabadt\u00e9rhez:<\/strong>&nbsp;Az ablak kinyit\u00e1s\u00e1nak k\u00e9pess\u00e9ge er\u0151sebb kapcsolatot teremt a k\u00fclvil\u00e1ggal, elmosva a hat\u00e1rokat a belt\u00e9ri \u00e9s a k\u00fclt\u00e9ri terek k\u00f6z\u00f6tt.<\/li>\n\n\n\n<li><strong>Tov\u00e1bbfejlesztett n\u00e9zetek:<\/strong>&nbsp;M\u00e9g z\u00e1rva is,&nbsp;<strong>m\u0171k\u00f6dtethet\u0151 ablakok<\/strong>&nbsp;gy\u00f6ny\u00f6r\u0171en keretezheti a n\u00e9zeteket. A megnyit\u00e1s lehet\u0151s\u00e9ge tov\u00e1bb fokozza az \u00e9lm\u00e9nyt.<\/li>\n\n\n\n<li><strong>\u00c9p\u00edt\u00e9szeti \u00e9rdekl\u0151d\u00e9s:<\/strong>&nbsp;<strong>M\u0171k\u00f6dtet\u0151 ablakok<\/strong>&nbsp;vizu\u00e1lis \u00e9rdekl\u0151d\u00e9st k\u00f6lcs\u00f6n\u00f6z az \u00e9p\u00fclet homlokzat\u00e1nak, megbontja a nagy falfel\u00fcleteket, \u00e9s dinamikusabb megjelen\u00e9st k\u00f6lcs\u00f6n\u00f6z. Azt is hozz\u00e1tehetik a&nbsp;<strong>bels\u0151 vagy k\u00fcls\u0151<\/strong>&nbsp;dekor\u00e1ci\u00f3.<\/li>\n\n\n\n<li><strong>Ablak st\u00edlus<\/strong>: A&nbsp;<strong>ablak st\u00edlus<\/strong>&nbsp;hozz\u00e1adhat az \u00e1ltal\u00e1nos kialak\u00edt\u00e1shoz, hozz\u00e1adva a&nbsp;<strong>id\u0151tlen vizu\u00e1lis vonzer\u0151<\/strong>.<\/li>\n<\/ul>\n\n\n\n<p>A Boswindor sz\u00e9les v\u00e1laszt\u00e9k\u00e1t k\u00edn\u00e1lja&nbsp;<strong>m\u0171k\u00f6dtethet\u0151 ablak<\/strong>&nbsp;st\u00edlusok \u00e9s mint\u00e1k, amelyek b\u00e1rmilyen \u00e9p\u00edt\u00e9szeti st\u00edlust kieg\u00e9sz\u00edtenek, a hagyom\u00e1nyost\u00f3l a modernig. Ablakaink prec\u00edzen \u00e9s a r\u00e9szletekre val\u00f3 odafigyel\u00e9ssel k\u00e9sz\u00fclnek, biztos\u00edtva a sz\u00e9ps\u00e9get \u00e9s a funkcionalit\u00e1st.&nbsp;<strong>Az \u00f6b\u00f6l- \u00e9s orr-ablakok hozz\u00e1ad\u00f3dnak<\/strong>&nbsp;az a k\u00e9pess\u00e9g, hogy&nbsp;<strong>kuck\u00f3t hozzon l\u00e9tre<\/strong>&nbsp;otthon, a&nbsp;<strong>naps\u00fct\u00f6tte olvas\u00f3t\u00e9r<\/strong>&nbsp;vagy a&nbsp;<strong>reggeli reggeli kuck\u00f3<\/strong>.<\/p>\n\n\n\n<h2 class=\"wp-block-heading\">A m\u0171k\u00f6d\u0151 Windows jav\u00edthatja az energiahat\u00e9konys\u00e1got?<\/h2>\n\n\n\n<figure class=\"wp-block-image size-full\"><img loading=\"lazy\" decoding=\"async\" width=\"920\" height=\"502\" src=\"https:\/\/boswindor.com\/wp-content\/uploads\/2025\/02\/Thermal-insulation-windows.jpg\" alt=\"\" class=\"wp-image-1803\" srcset=\"https:\/\/boswindor.com\/wp-content\/uploads\/2025\/02\/Thermal-insulation-windows.jpg 920w, https:\/\/boswindor.com\/wp-content\/uploads\/2025\/02\/Thermal-insulation-windows-300x164.jpg 300w, https:\/\/boswindor.com\/wp-content\/uploads\/2025\/02\/Thermal-insulation-windows-768x419.jpg 768w, https:\/\/boswindor.com\/wp-content\/uploads\/2025\/02\/Thermal-insulation-windows-18x10.jpg 18w\" sizes=\"(max-width: 920px) 100vw, 920px\" \/><figcaption class=\"wp-element-caption\">H\u0151szigetelt ablakok<\/figcaption><\/figure>\n\n\n\n<p>M\u00edg&nbsp;<strong>r\u00f6gz\u00edtett ablakok<\/strong>&nbsp;eleve valamivel energiatakar\u00e9kosabbak a mozg\u00f3 alkatr\u00e9szek hi\u00e1nya miatt, modernek&nbsp;<strong>m\u0171k\u00f6dtethet\u0151 ablakok<\/strong>, k\u00fcl\u00f6n\u00f6sen a Boswindor \u00e1ltal gy\u00e1rtottak, kiv\u00e1l\u00f3 energiahat\u00e9konys\u00e1gi szintet \u00e9rhetnek el. \u00cdme, hogyan:<\/p>\n\n\n\n<ul class=\"wp-block-list\">\n<li><strong>Kiv\u00e1l\u00f3 min\u0151s\u00e9g\u0171 anyagok:<\/strong>&nbsp;A h\u0151\u00e1tad\u00e1s minimaliz\u00e1l\u00e1sa \u00e9rdek\u00e9ben pr\u00e9mium anyagokat haszn\u00e1lunk, bele\u00e9rtve a tart\u00f3s kereteket \u00e9s a nagy teljes\u00edtm\u00e9ny\u0171 \u00fcveget. Az anyagok tartalmazhatnak&nbsp;<strong>alum\u00ednium vagy fa<\/strong>.<\/li>\n\n\n\n<li><strong>Fejlett \u00fcvegez\u00e9s:<\/strong>&nbsp;Ablakaink fejlett \u00fcvegez\u00e9si lehet\u0151s\u00e9gekkel rendelkeznek, mint p\u00e9ld\u00e1ul az alacsony energiatartalm\u00fa bevonatok \u00e9s&nbsp;<strong>argon<\/strong>&nbsp;g\u00e1zt\u00f6ltet, cs\u00f6kkenti a t\u00e9li h\u0151vesztes\u00e9get \u00e9s ny\u00e1ron a h\u0151nyeres\u00e9get.<\/li>\n\n\n\n<li><strong>T\u00f6m\u00edt\u00e9sek:<\/strong>&nbsp;A mi\u00e9nk&nbsp;<strong>m\u0171k\u00f6dtethet\u0151 ablakok<\/strong>&nbsp;szoros t\u00f6m\u00edt\u00e9sekkel vannak kialak\u00edtva, hogy megakad\u00e1lyozz\u00e1k a leveg\u0151 sziv\u00e1rg\u00e1s\u00e1t, minimaliz\u00e1lj\u00e1k a huzatot \u00e9s maximaliz\u00e1lj\u00e1k az energiahat\u00e9konys\u00e1got.<\/li>\n\n\n\n<li><strong>Megfelel\u0151 telep\u00edt\u00e9s:<\/strong>&nbsp;A megfelel\u0151 telep\u00edt\u00e9s kulcsfontoss\u00e1g\u00fa az energiahat\u00e9konys\u00e1g szempontj\u00e1b\u00f3l. Csapatunk gondoskodik arr\u00f3l, hogy ablakainkat megfelel\u0151en telep\u00edts\u00e9k, hogy maximaliz\u00e1lj\u00e1k a teljes\u00edtm\u00e9ny\u00fcket. A megfelel\u0151 telep\u00edt\u00e9s a legfontosabb.<\/li>\n<\/ul>\n\n\n\n<p><strong>N\u00f6velje az energiahat\u00e9konys\u00e1got<\/strong>&nbsp;megfelel\u0151 term\u00e9kv\u00e1laszt\u00e9kkal. A kiv\u00e1l\u00f3 min\u0151s\u00e9g\u0171 anyagok, a fejlett \u00fcvegez\u00e9s \u00e9s a prec\u00edz tervez\u00e9s kombin\u00e1l\u00e1s\u00e1val a Boswindor&#039;s&nbsp;<strong>m\u0171k\u00f6dtethet\u0151 ablakok<\/strong>&nbsp;seg\u00edthet el\u00e9rni energiahat\u00e9konys\u00e1gi c\u00e9ljait an\u00e9lk\u00fcl, hogy fel\u00e1ldozn\u00e1 a szell\u0151z\u00e9st vagy az eszt\u00e9tik\u00e1t.<\/p>\n\n\n\n<h2 class=\"wp-block-heading\">Milyen biztons\u00e1gi szolg\u00e1ltat\u00e1sokat k\u00edn\u00e1l a m\u0171k\u00f6d\u0151 Windows?<\/h2>\n\n\n\n<figure class=\"wp-block-image size-full\"><img loading=\"lazy\" decoding=\"async\" width=\"1000\" height=\"600\" src=\"https:\/\/boswindor.com\/wp-content\/uploads\/2024\/11\/High-Quality-Durable-Hardware.jpg\" alt=\"\" class=\"wp-image-466\" srcset=\"https:\/\/boswindor.com\/wp-content\/uploads\/2024\/11\/High-Quality-Durable-Hardware.jpg 1000w, https:\/\/boswindor.com\/wp-content\/uploads\/2024\/11\/High-Quality-Durable-Hardware-300x180.jpg 300w, https:\/\/boswindor.com\/wp-content\/uploads\/2024\/11\/High-Quality-Durable-Hardware-768x461.jpg 768w\" sizes=\"(max-width: 1000px) 100vw, 1000px\" \/><figcaption class=\"wp-element-caption\">Kiv\u00e1l\u00f3 min\u0151s\u00e9g\u0171 tart\u00f3s hardver<\/figcaption><\/figure>\n\n\n\n<p>A biztons\u00e1g minden \u00e9p\u00fclettulajdonos sz\u00e1m\u00e1ra els\u0151dleges szempont. M\u00edg&nbsp;<strong>r\u00f6gz\u00edtett ablakok<\/strong>&nbsp;rejl\u0151 biztons\u00e1gi el\u0151ny\u00f6ket k\u00edn\u00e1l, a Boswindor&nbsp;<strong>m\u0171k\u00f6dtethet\u0151 ablakok<\/strong>&nbsp;robusztus biztons\u00e1gi funkci\u00f3kkal k\u00e9sz\u00fcltek, hogy nyugalmat biztos\u00edtsanak:<\/p>\n\n\n\n<ul class=\"wp-block-list\">\n<li><strong>T\u00f6bbpontos z\u00e1rrendszerek:<\/strong>\u00a0Sokan k\u00f6z\u00fcl\u00fcnk\u00a0<strong>m\u0171k\u00f6dtethet\u0151 ablakok<\/strong>\u00a0t\u00f6bbpontos z\u00e1rrendszerrel rendelkezik, amely a keret t\u00f6bb pontj\u00e1n r\u00f6gz\u00edti az ablakot, \u00edgy sokkal nehezebb er\u0151szakkal nyitni.<\/li>\n\n\n\n<li><strong>Tart\u00f3s keretek:<\/strong>&nbsp;Ablakkereteink er\u0151s, tart\u00f3s anyagokb\u00f3l k\u00e9sz\u00fclnek, amelyek ellen\u00e1llnak a k\u00e9nyszer behatol\u00e1snak.<\/li>\n\n\n\n<li><strong>Kiv\u00e1l\u00f3 min\u0151s\u00e9g\u0171 hardver:<\/strong>&nbsp;Kiv\u00e1l\u00f3 min\u0151s\u00e9g\u0171 zsan\u00e9rokat, z\u00e1rakat \u00e9s egy\u00e9b hardvereket haszn\u00e1lunk a tart\u00f3s biztons\u00e1g \u00e9rdek\u00e9ben.<\/li>\n\n\n\n<li><strong>Fokozott biztons\u00e1got tesz lehet\u0151v\u00e9:<\/strong>&nbsp;T\u00f6bb reteszel\u00e9si pont jobb biztons\u00e1got ny\u00fajt.<\/li>\n<\/ul>\n\n\n\n<p>A Boswindor biztons\u00e1g ir\u00e1nti elk\u00f6telezetts\u00e9ge mindenben t\u00fckr\u00f6z\u0151dik&nbsp;<strong>m\u0171k\u00f6dtethet\u0151 ablak<\/strong>&nbsp;gy\u00e1rtunk. Tiszt\u00e1ban vagyunk vele, hogy a biztons\u00e1g nem csak a tulajdon v\u00e9delm\u00e9r\u0151l sz\u00f3l; ez a nyugalom biztos\u00edt\u00e1s\u00e1r\u00f3l sz\u00f3l. Tudjon meg t\u00f6bbet ablak hardver\u00fcnkr\u0151l.<\/p>\n\n\n\n<h2 class=\"wp-block-heading\">Milyen szerepet j\u00e1tszanak a m\u0171k\u00f6d\u0151 Windowsok az \u00e9p\u00edt\u00e9szeti tervez\u00e9sben?<\/h2>\n\n\n\n<figure class=\"wp-block-image size-full\"><img loading=\"lazy\" decoding=\"async\" width=\"920\" height=\"502\" src=\"https:\/\/boswindor.com\/wp-content\/uploads\/2025\/01\/Push-Out-Casement-Windows-1.jpg\" alt=\"\" class=\"wp-image-1391\" srcset=\"https:\/\/boswindor.com\/wp-content\/uploads\/2025\/01\/Push-Out-Casement-Windows-1.jpg 920w, https:\/\/boswindor.com\/wp-content\/uploads\/2025\/01\/Push-Out-Casement-Windows-1-300x164.jpg 300w, https:\/\/boswindor.com\/wp-content\/uploads\/2025\/01\/Push-Out-Casement-Windows-1-768x419.jpg 768w, https:\/\/boswindor.com\/wp-content\/uploads\/2025\/01\/Push-Out-Casement-Windows-1-18x10.jpg 18w\" sizes=\"(max-width: 920px) 100vw, 920px\" \/><figcaption class=\"wp-element-caption\">M\u0171k\u00f6dtet\u0151 ablakok a modern \u00e9p\u00edt\u00e9szeti tervez\u00e9shez<\/figcaption><\/figure>\n\n\n\n<p><strong>M\u0171k\u00f6dtet\u0151 ablakok<\/strong>&nbsp;nem csup\u00e1n funkcion\u00e1lis elemek; ezek szerves r\u00e9sz\u00e9t k\u00e9pezik az \u00e9p\u00fclet \u00e1ltal\u00e1nos \u00e9p\u00edt\u00e9szeti terv\u00e9nek. \u00cdgy j\u00e1rulnak hozz\u00e1:<\/p>\n\n\n\n<ul class=\"wp-block-list\">\n<li><strong>St\u00edlus \u00e9s eszt\u00e9tika:<\/strong>&nbsp;<strong>M\u0171k\u00f6dtet\u0151 ablakok<\/strong>&nbsp;st\u00edlusok sz\u00e9les sk\u00e1l\u00e1j\u00e1ban kaphat\u00f3, a klasszikust\u00f3l kezdve&nbsp;<strong>dupla f\u00fcgg\u0151 ablakok<\/strong>&nbsp;a modern tokos ablakokhoz, \u00edgy az \u00e9p\u00edt\u00e9szek kiv\u00e1laszthatj\u00e1k az \u00e9p\u00fclet kialak\u00edt\u00e1s\u00e1nak t\u00f6k\u00e9letes kieg\u00e9sz\u00edt\u0151j\u00e9t.<\/li>\n\n\n\n<li><strong>Ar\u00e1ny \u00e9s egyens\u00faly:<\/strong>&nbsp;Elhelyez\u00e9se \u00e9s m\u00e9rete&nbsp;<strong>m\u0171k\u00f6dtethet\u0151 ablakok<\/strong>&nbsp;d\u00f6nt\u0151 szerepet j\u00e1tszanak a kiegyens\u00falyozott \u00e9s eszt\u00e9tikus homlokzat kialak\u00edt\u00e1s\u00e1ban.<\/li>\n\n\n\n<li><strong>Term\u00e9szetes f\u00e9ny \u00e9s kil\u00e1t\u00e1s:<\/strong>&nbsp;<strong>M\u0171k\u00f6dtet\u0151 ablakok<\/strong>, egy\u00fctt&nbsp;<strong>r\u00f6gz\u00edtett ablakok<\/strong>, strat\u00e9giailag elhelyezhet\u0151 a term\u00e9szetes f\u00e9ny maximaliz\u00e1l\u00e1sa \u00e9s a k\u00edv\u00e1natos n\u00e9zet megalkot\u00e1sa \u00e9rdek\u00e9ben.<\/li>\n\n\n\n<li><strong>Csatlakoz\u00e1s a szabadt\u00e9rhez:<\/strong>&nbsp;<strong>M\u0171k\u00f6dtet\u0151 ablakok<\/strong>&nbsp;z\u00f6kken\u0151mentes \u00e1tmenetet hozzon l\u00e9tre a belt\u00e9ri \u00e9s a k\u00fclt\u00e9ri terek k\u00f6z\u00f6tt, jav\u00edtva az \u00e1ltal\u00e1nos \u00e9let\u00e9lm\u00e9nyt.<\/li>\n\n\n\n<li><strong>Specifikus \u00e9p\u00edt\u00e9szeti<\/strong>&nbsp;k\u00f6vetelm\u00e9nyeknek k\u00fcl\u00f6nb\u00f6z\u0151 st\u00edlusokkal \u00e9s m\u0171veletekkel lehet megfelelni.<\/li>\n<\/ul>\n\n\n\n<p>A Boswindor \u00e9p\u00edt\u00e9szekkel \u00e9s \u00e9p\u00edttet\u0151kkel m\u0171k\u00f6dik egy\u00fctt az egyedi tervez\u00e9s \u00e9rdek\u00e9ben&nbsp;<strong>m\u0171k\u00f6dtethet\u0151 ablak<\/strong>&nbsp;olyan megold\u00e1sok, amelyek megfelelnek a&nbsp;<strong>saj\u00e1tos \u00e9p\u00edt\u00e9szeti<\/strong>&nbsp;az egyes projektek ig\u00e9nyeit. Meg\u00e9rtj\u00fck, hogy az ablakok nem csup\u00e1n ny\u00edl\u00e1sok a falban; ezek szerves r\u00e9sz\u00e9t k\u00e9pezik az \u00e1tfog\u00f3 tervez\u00e9si j\u00f6v\u0151k\u00e9pnek.<\/p>\n\n\n\n<h2 class=\"wp-block-heading\">Hogyan biztos\u00edtja a Boswindor a min\u0151s\u00e9get a m\u0171k\u00f6d\u0151 ablakok gy\u00e1rt\u00e1s\u00e1ban?<\/h2>\n\n\n\n<p>A Boswindor elk\u00f6telezett amellett, hogy a legmagasabb min\u0151s\u00e9get ny\u00fajtsa&nbsp;<strong>m\u0171k\u00f6dtethet\u0151 ablakok<\/strong>&nbsp;a piacon. A min\u0151s\u00e9g ir\u00e1nti elk\u00f6telezetts\u00e9g\u00fcnk gy\u00e1rt\u00e1si folyamatunk minden l\u00e9p\u00e9s\u00e9ben nyilv\u00e1nval\u00f3:<\/p>\n\n\n\n<ul class=\"wp-block-list\">\n<li><strong>Pr\u00e9mium anyagok:<\/strong>&nbsp;Csak a legkiv\u00e1l\u00f3bb anyagokat sz\u00e1ll\u00edtjuk, biztos\u00edtva a tart\u00f3ss\u00e1got, a hossz\u00fa \u00e9lettartamot \u00e9s a teljes\u00edtm\u00e9nyt.<\/li>\n\n\n\n<li><strong><a href=\"https:\/\/en.wikipedia.org\/wiki\/Precision_engineering\" target=\"_blank\" rel=\"noopener\">Prec\u00edzi\u00f3s M\u00e9rn\u00f6ks\u00e9g<\/a>:<\/strong>\u00a0Ablakainkat a r\u00e9szletekre val\u00f3 odafigyel\u00e9ssel tervezt\u00fck, \u00edgy biztos\u00edtva a t\u00f6k\u00e9letes illeszked\u00e9st \u00e9s a z\u00f6kken\u0151mentes m\u0171k\u00f6d\u00e9st.<\/li>\n\n\n\n<li><strong>Szakk\u00e9pzett k\u00e9zm\u0171vess\u00e9g:<\/strong>&nbsp;Tapasztalt k\u00e9zm\u0171ves csapatunk b\u00fcszke a munk\u00e1jukra, biztos\u00edtva, hogy minden ablak megfeleljen szigor\u00fa min\u0151s\u00e9gi el\u0151\u00edr\u00e1sainknak.<\/li>\n\n\n\n<li><strong>Szigor\u00fa tesztel\u00e9s:<\/strong>&nbsp;Ablakainkat szigor\u00fa tesztel\u00e9snek vetik al\u00e1, hogy megbizonyosodjanak arr\u00f3l, hogy megfelelnek vagy meghaladj\u00e1k a teljes\u00edtm\u00e9ny, a tart\u00f3ss\u00e1g \u00e9s a biztons\u00e1g ipari szabv\u00e1nyait.<\/li>\n\n\n\n<li><strong>\u00dcgyf\u00e9lk\u00f6zpont\u00fas\u00e1g:<\/strong>&nbsp;C\u00e9lunk, hogy kiv\u00e9teles \u00fcgyf\u00e9lszolg\u00e1latot ny\u00fajtsunk, a kezdeti konzult\u00e1ci\u00f3t\u00f3l a v\u00e9gs\u0151 telep\u00edt\u00e9sig. Rendelkez\u00e9sre \u00e1ll a c\u00e9lnyilatkozat.<\/li>\n<\/ul>\n\n\n\n<p>A Boswindor min\u0151s\u00e9gi h\u00edrneve t\u00f6bb \u00e9vtizedes tapasztalatra \u00e9s a kiv\u00e1l\u00f3s\u00e1g k\u00f6ny\u00f6rtelen t\u00f6rekv\u00e9s\u00e9re \u00e9p\u00fcl. B\u00fcszk\u00e9k vagyunk arra, hogy az \u00e9p\u00edt\u0151k, \u00e9p\u00edt\u00e9szek \u00e9s lak\u00e1stulajdonosok megb\u00edzhat\u00f3 partnerei lehet\u00fcnk&nbsp;<strong>t\u00f6bb nemzetk\u00f6zi orsz\u00e1g<\/strong>. Mi&nbsp;<strong>tervez\u00e9s \u00e9s gy\u00e1rt\u00e1s<\/strong>&nbsp;minden term\u00e9k\u00fcnket.<\/p>\n\n\n<style>.elementor-1432 .elementor-element.elementor-element-827b281{--display:flex;--flex-direction:column;--container-widget-width:100%;--container-widget-height:initial;--container-widget-flex-grow:0;--container-widget-align-self:initial;--flex-wrap-mobile:wrap;--margin-top:0px;--margin-bottom:0px;--margin-left:0px;--margin-right:0px;--padding-top:40px;--padding-bottom:40px;--padding-left:0px;--padding-right:0px;}.elementor-1432 .elementor-element.elementor-element-18a73d2{text-align:center;}.elementor-1432 .elementor-element.elementor-element-18a73d2 > .elementor-widget-container{margin:0px 0px -20px 0px;padding:0px 0px 0px 0px;}.elementor-1432 .elementor-element.elementor-element-809c6bb{text-align:center;font-size:20px;}.elementor-1432 .elementor-element.elementor-element-68551e0{--e-image-carousel-slides-to-show:3;}@media(min-width:768px){.elementor-1432 .elementor-element.elementor-element-827b281{--content-width:1300px;}}<\/style>\t\t<div data-elementor-type=\"container\" data-elementor-id=\"1432\" class=\"elementor elementor-1432\" data-elementor-settings=\"{&quot;ha_cmc_init_switcher&quot;:&quot;no&quot;}\" data-elementor-post-type=\"elementor_library\">\n\t\t\t\t<div class=\"elementor-element elementor-element-827b281 e-flex e-con-boxed e-con e-parent\" data-id=\"827b281\" data-element_type=\"container\" data-e-type=\"container\" data-settings=\"{&quot;_ha_eqh_enable&quot;:false}\">\n\t\t\t\t\t<div class=\"e-con-inner\">\n\t\t\t\t<div class=\"elementor-element elementor-element-18a73d2 elementor-widget elementor-widget-heading\" data-id=\"18a73d2\" data-element_type=\"widget\" data-e-type=\"widget\" data-widget_type=\"heading.default\">\n\t\t\t\t<div class=\"elementor-widget-container\">\n\t\t\t\t\t<h3 class=\"elementor-heading-title elementor-size-default\">Boswindor ajt\u00f3k \u00e9s ablakok \u2013 az \u00d6n ig\u00e9nyeinek megfelel\u0151 megold\u00e1sok<\/h3>\t\t\t\t<\/div>\n\t\t\t\t<\/div>\n\t\t\t\t<div class=\"elementor-element elementor-element-809c6bb elementor-widget elementor-widget-text-editor\" data-id=\"809c6bb\" data-element_type=\"widget\" data-e-type=\"widget\" data-widget_type=\"text-editor.default\">\n\t\t\t\t<div class=\"elementor-widget-container\">\n\t\t\t\t\t\t\t\t\t<p>Tart\u00f3ss\u00e1g, Alacsony karbantart\u00e1si ig\u00e9ny, K\u00f6nny\u0171 s\u00faly, Er\u0151ss\u00e9g, Eleg\u00e1ns eszt\u00e9tika, Energiahat\u00e9konys\u00e1g, \u00dajrahasznos\u00edthat\u00f3, Korr\u00f3zi\u00f3\u00e1ll\u00f3s\u00e1g, Hossz\u00fa \u00e9lettartam, Testreszabhat\u00f3s\u00e1g, Biztons\u00e1g<\/p>\t\t\t\t\t\t\t\t<\/div>\n\t\t\t\t<\/div>\n\t\t\t\t<div class=\"elementor-element elementor-element-68551e0 elementor-arrows-position-inside elementor-pagination-position-outside elementor-widget elementor-widget-image-carousel\" data-id=\"68551e0\" data-element_type=\"widget\" data-e-type=\"widget\" data-settings=\"{&quot;slides_to_show&quot;:&quot;3&quot;,&quot;navigation&quot;:&quot;both&quot;,&quot;autoplay&quot;:&quot;yes&quot;,&quot;pause_on_hover&quot;:&quot;yes&quot;,&quot;pause_on_interaction&quot;:&quot;yes&quot;,&quot;autoplay_speed&quot;:5000,&quot;infinite&quot;:&quot;yes&quot;,&quot;speed&quot;:500,&quot;image_spacing_custom&quot;:{&quot;unit&quot;:&quot;px&quot;,&quot;size&quot;:20,&quot;sizes&quot;:[]},&quot;image_spacing_custom_tablet&quot;:{&quot;unit&quot;:&quot;px&quot;,&quot;size&quot;:&quot;&quot;,&quot;sizes&quot;:[]},&quot;image_spacing_custom_mobile&quot;:{&quot;unit&quot;:&quot;px&quot;,&quot;size&quot;:&quot;&quot;,&quot;sizes&quot;:[]}}\" data-widget_type=\"image-carousel.default\">\n\t\t\t\t<div class=\"elementor-widget-container\">\n\t\t\t\t\t\t\t<div class=\"elementor-image-carousel-wrapper swiper\" role=\"region\" aria-roledescription=\"carousel\" aria-label=\"K\u00e9pforg\u00f3\" dir=\"ltr\">\n\t\t\t<div class=\"elementor-image-carousel swiper-wrapper\" aria-live=\"off\">\n\t\t\t\t\t\t\t\t<div class=\"swiper-slide\" role=\"group\" aria-roledescription=\"slide\" aria-label=\"1 \/ 9\"><figure class=\"swiper-slide-inner\"><img decoding=\"async\" class=\"swiper-slide-image\" src=\"https:\/\/boswindor.com\/wp-content\/uploads\/2025\/01\/Boswindor-Factory-Manufacturing-Windows-7.jpg\" alt=\"Boswindor gy\u00e1r Windows 7-et gy\u00e1rt\" \/><\/figure><\/div><div class=\"swiper-slide\" role=\"group\" aria-roledescription=\"slide\" aria-label=\"2 \/ 9\"><figure class=\"swiper-slide-inner\"><img decoding=\"async\" class=\"swiper-slide-image\" src=\"https:\/\/boswindor.com\/wp-content\/uploads\/2025\/01\/Boswindor-Factory-Manufacturing-Windows-8.jpg\" alt=\"Boswindor gy\u00e1r Windows 8-at gy\u00e1rt\" \/><\/figure><\/div><div class=\"swiper-slide\" role=\"group\" aria-roledescription=\"slide\" aria-label=\"3 \/ 9\"><figure class=\"swiper-slide-inner\"><img decoding=\"async\" class=\"swiper-slide-image\" src=\"https:\/\/boswindor.com\/wp-content\/uploads\/2025\/01\/Install-New-Construction-Windows-1.jpg\" alt=\"\u00daj \u00e9p\u00edt\u00e9s\u0171 ablakok telep\u00edt\u00e9se\" \/><\/figure><\/div><div class=\"swiper-slide\" role=\"group\" aria-roledescription=\"slide\" aria-label=\"4 \/ 9\"><figure class=\"swiper-slide-inner\"><img decoding=\"async\" class=\"swiper-slide-image\" src=\"https:\/\/boswindor.com\/wp-content\/uploads\/2025\/01\/Boswindor-Factory-Manufacturing-Windows-1.jpg\" alt=\"Boswindor gy\u00e1r ablakokat gy\u00e1rt 1\" \/><\/figure><\/div><div class=\"swiper-slide\" role=\"group\" aria-roledescription=\"slide\" aria-label=\"5 \/ 9\"><figure class=\"swiper-slide-inner\"><img decoding=\"async\" class=\"swiper-slide-image\" src=\"https:\/\/boswindor.com\/wp-content\/uploads\/2025\/01\/Boswindor-Factory-Manufacturing-Windows-2.jpg\" alt=\"Boswindor gy\u00e1r Windows 2 gy\u00e1rt\u00e1sa\" \/><\/figure><\/div><div class=\"swiper-slide\" role=\"group\" aria-roledescription=\"slide\" aria-label=\"6 \/ 9\"><figure class=\"swiper-slide-inner\"><img decoding=\"async\" class=\"swiper-slide-image\" src=\"https:\/\/boswindor.com\/wp-content\/uploads\/2025\/01\/Boswindor-Factory-Manufacturing-Windows-3.jpg\" alt=\"Boswindor gy\u00e1r Windows 3 gy\u00e1rt\u00e1sa\" \/><\/figure><\/div><div class=\"swiper-slide\" role=\"group\" aria-roledescription=\"slide\" aria-label=\"7 \/ 9\"><figure class=\"swiper-slide-inner\"><img decoding=\"async\" class=\"swiper-slide-image\" src=\"https:\/\/boswindor.com\/wp-content\/uploads\/2025\/01\/Boswindor-Factory-Manufacturing-Windows-4.jpg\" alt=\"Boswindor gy\u00e1r Windows 4-et gy\u00e1rt\" \/><\/figure><\/div><div class=\"swiper-slide\" role=\"group\" aria-roledescription=\"slide\" aria-label=\"8 \/ 9\"><figure class=\"swiper-slide-inner\"><img decoding=\"async\" class=\"swiper-slide-image\" src=\"https:\/\/boswindor.com\/wp-content\/uploads\/2025\/01\/Boswindor-Factory-Manufacturing-Windows-5.jpg\" alt=\"Boswindor gy\u00e1r Windows 5 gy\u00e1rt\u00e1sa\" \/><\/figure><\/div><div class=\"swiper-slide\" role=\"group\" aria-roledescription=\"slide\" aria-label=\"9 \/ 9\"><figure class=\"swiper-slide-inner\"><img decoding=\"async\" class=\"swiper-slide-image\" src=\"https:\/\/boswindor.com\/wp-content\/uploads\/2025\/01\/Boswindor-Factory-Manufacturing-Windows-6.jpg\" alt=\"Boswindor gy\u00e1r Windows 6-ot gy\u00e1rt\" \/><\/figure><\/div>\t\t\t<\/div>\n\t\t\t\t\t\t\t\t\t\t\t\t<div class=\"elementor-swiper-button elementor-swiper-button-prev\" role=\"button\" tabindex=\"0\">\n\t\t\t\t\t\t<svg aria-hidden=\"true\" class=\"e-font-icon-svg e-eicon-chevron-left\" viewbox=\"0 0 1000 1000\" xmlns=\"http:\/\/www.w3.org\/2000\/svg\"><path d=\"M646 125C629 125 613 133 604 142L308 442C296 454 292 471 292 487 292 504 296 521 308 533L604 854C617 867 629 875 646 875 663 875 679 871 692 858 704 846 713 829 713 812 713 796 708 779 692 767L438 487 692 225C700 217 708 204 708 187 708 171 704 154 692 142 675 129 663 125 646 125Z\"><\/path><\/svg>\t\t\t\t\t<\/div>\n\t\t\t\t\t<div class=\"elementor-swiper-button elementor-swiper-button-next\" role=\"button\" tabindex=\"0\">\n\t\t\t\t\t\t<svg aria-hidden=\"true\" class=\"e-font-icon-svg e-eicon-chevron-right\" viewbox=\"0 0 1000 1000\" xmlns=\"http:\/\/www.w3.org\/2000\/svg\"><path d=\"M696 533C708 521 713 504 713 487 713 471 708 454 696 446L400 146C388 133 375 125 354 125 338 125 325 129 313 142 300 154 292 171 292 187 292 204 296 221 308 233L563 492 304 771C292 783 288 800 288 817 288 833 296 850 308 863 321 871 338 875 354 875 371 875 388 867 400 854L696 533Z\"><\/path><\/svg>\t\t\t\t\t<\/div>\n\t\t\t\t\n\t\t\t\t\t\t\t\t\t<div class=\"swiper-pagination\"><\/div>\n\t\t\t\t\t\t\t\t\t<\/div>\n\t\t\t\t\t\t<\/div>\n\t\t\t\t<\/div>\n\t\t\t\t<div class=\"elementor-element elementor-element-7cd9127 elementor-align-center elementor-widget elementor-widget-button\" data-id=\"7cd9127\" data-element_type=\"widget\" data-e-type=\"widget\" data-widget_type=\"button.default\">\n\t\t\t\t<div class=\"elementor-widget-container\">\n\t\t\t\t\t\t\t\t\t<div class=\"elementor-button-wrapper\">\n\t\t\t\t\t<a class=\"elementor-button elementor-button-link elementor-size-sm\" href=\"https:\/\/boswindor.com\/hu\/contact-us\/\">\n\t\t\t\t\t\t<span class=\"elementor-button-content-wrapper\">\n\t\t\t\t\t\t\t\t\t<span class=\"elementor-button-text\">K\u00e9rjen ingyenes \u00e1raj\u00e1nlatot most<\/span>\n\t\t\t\t\t<\/span>\n\t\t\t\t\t<\/a>\n\t\t\t\t<\/div>\n\t\t\t\t\t\t\t\t<\/div>\n\t\t\t\t<\/div>\n\t\t\t\t\t<\/div>\n\t\t\t\t<\/div>\n\t\t\t\t<\/div>\n\t\t\n\n\n\n<hr class=\"wp-block-separator has-alpha-channel-opacity\"\/>\n\n\n\n<h2 class=\"wp-block-heading\">GYIK:<\/h2>\n\n\n<div id=\"rank-math-faq\" class=\"rank-math-block\">\n<div class=\"rank-math-list\">\n<div id=\"faq-question-1739513367418\" class=\"rank-math-list-item\">\n<h3 class=\"rank-math-question\"><strong>Mit jelent a m\u0171k\u00f6d\u0151 ablak?<\/strong><\/h3>\n<div class=\"rank-math-answer\">\n\n<p>M\u0171k\u00f6dtet\u0151 ablak minden nyithat\u00f3 \u00e9s z\u00e1rhat\u00f3 ablak, szemben a fix ablakkal, amely \u00e1ll\u00f3 helyzetben van.<\/p>\n\n<\/div>\n<\/div>\n<div id=\"faq-question-1739513376024\" class=\"rank-math-list-item\">\n<h3 class=\"rank-math-question\"><strong>A fix ablakok olcs\u00f3bbak, mint a m\u0171k\u00f6d\u0151 ablakok?<\/strong><\/h3>\n<div class=\"rank-math-answer\">\n\n<p>\u00c1ltal\u00e1ban igen. A fix ablakok \u00e1ltal\u00e1ban olcs\u00f3bbak, mert kevesebb alkatr\u00e9sz\u00fck van, \u00e9s egyszer\u0171bb a gy\u00e1rt\u00e1suk.<\/p>\n\n<\/div>\n<\/div>\n<div id=\"faq-question-1739513384470\" class=\"rank-math-list-item\">\n<h3 class=\"rank-math-question\"><strong>Ha a hajt\u00f3kar nem m\u0171k\u00f6dik megfelel\u0151en, mit tegyek?<\/strong><\/h3>\n<div class=\"rank-math-answer\">\n\n<p>El\u0151sz\u00f6r ellen\u0151rizze, hogy az ablak nincs-e bez\u00e1rva. Ezut\u00e1n ellen\u0151rizze, hogy nincs-e semmi akad\u00e1lya a mozg\u00e1snak. Ha van m\u00e9g egy\u00a0<strong>k\u00e9rd\u00e9s \u2013 ak\u00e1r<\/strong>\u00a0vegye fel a kapcsolatot az ablakot be\u00e9p\u00edt\u0151 c\u00e9ggel vagy az ablakot gy\u00e1rt\u00f3 c\u00e9ggel.<\/p>\n\n<\/div>\n<\/div>\n<div id=\"faq-question-1739513396084\" class=\"rank-math-list-item\">\n<h3 class=\"rank-math-question\"><strong>Kaphatok egy nagy ablakot, ami r\u00e9szben fix, r\u00e9szben pedig m\u0171k\u00f6d\u0151k\u00e9pes?<\/strong><\/h3>\n<div class=\"rank-math-answer\">\n\n<p>Igen, sok ablakkonfigur\u00e1ci\u00f3 egyetlen egys\u00e9gen bel\u00fcl egyes\u00edti a r\u00f6gz\u00edtett \u00e9s a m\u0171k\u00f6dtethet\u0151 r\u00e9szeket. El\u0151fordulhat p\u00e9ld\u00e1ul, hogy van egy nagy ablaka kisebb napellenz\u0151 ablakokkal felette vagy alatta szell\u0151z\u00e9s c\u00e9lj\u00e1b\u00f3l.<\/p>\n\n<\/div>\n<\/div>\n<\/div>\n<\/div>\n\n\n<hr class=\"wp-block-separator has-alpha-channel-opacity\"\/>\n\n\n\n<h2 class=\"wp-block-heading\">A legfontosabb tudnival\u00f3k:<\/h2>\n\n\n\n<figure class=\"wp-block-image size-full\"><img loading=\"lazy\" decoding=\"async\" width=\"920\" height=\"400\" src=\"https:\/\/boswindor.com\/wp-content\/uploads\/2024\/11\/Your-Top-3-Windows-Doors-Manufacturer-from-China.jpg\" alt=\"\" class=\"wp-image-490\" srcset=\"https:\/\/boswindor.com\/wp-content\/uploads\/2024\/11\/Your-Top-3-Windows-Doors-Manufacturer-from-China.jpg 920w, https:\/\/boswindor.com\/wp-content\/uploads\/2024\/11\/Your-Top-3-Windows-Doors-Manufacturer-from-China-300x130.jpg 300w, https:\/\/boswindor.com\/wp-content\/uploads\/2024\/11\/Your-Top-3-Windows-Doors-Manufacturer-from-China-768x334.jpg 768w\" sizes=\"(max-width: 920px) 100vw, 920px\" \/><figcaption class=\"wp-element-caption\">A 3 legjobb egyedi ablak- \u00e9s ajt\u00f3gy\u00e1rt\u00f3 K\u00edn\u00e1b\u00f3l<\/figcaption><\/figure>\n\n\n\n<ul class=\"wp-block-list\">\n<li><strong>M\u0171k\u00f6dtet\u0151 ablakok<\/strong>&nbsp;szell\u0151z\u00e9st, term\u00e9szetes f\u00e9nyszab\u00e1lyoz\u00e1st \u00e9s k\u00fcls\u0151 csatlakoz\u00e1st k\u00edn\u00e1lnak.<\/li>\n\n\n\n<li><strong>Fix ablakok<\/strong>\u00a0akad\u00e1lytalan kil\u00e1t\u00e1st, fokozott biztons\u00e1got ny\u00fajtanak, \u00e9s \u00e1ltal\u00e1ban energiahat\u00e9konyabbak.<\/li>\n\n\n\n<li>A v\u00e1laszt\u00e1s k\u00f6z\u00f6tt\u00a0<strong>m\u0171k\u00f6d\u0151k\u00e9pes vagy fix<\/strong>\u00a0ablakok a projekt konkr\u00e9t ig\u00e9nyeit\u0151l \u00e9s priorit\u00e1sait\u00f3l f\u00fcggenek. Gyakran a k\u00e9t t\u00edpus kombin\u00e1ci\u00f3ja az ide\u00e1lis megold\u00e1s.<\/li>\n\n\n\n<li>A term\u00e9szetes f\u00e9ny jav\u00edt\u00e1sa jav\u00edtja a hangulatot.<\/li>\n\n\n\n<li>A szell\u0151z\u00e9s nagyszer\u0171, \u00e9s seg\u00edt megel\u0151zni a pen\u00e9szed\u00e9st.<\/li>\n\n\n\n<li>A Boswindor sz\u00e9les v\u00e1laszt\u00e9k\u00e1t k\u00edn\u00e1lja&nbsp;<strong>m\u0171k\u00f6dtethet\u0151 ablak<\/strong>&nbsp;st\u00edlusok, amelyek b\u00e1rmilyen \u00e9p\u00edt\u00e9szeti tervet kieg\u00e9sz\u00edtenek. A leggyakoribb kih\u00edv\u00e1s megtal\u00e1lni a megfelel\u0151 egyens\u00falyt a saj\u00e1toddal&nbsp;<strong>nappali falai<\/strong>, a f\u00e9ny \u00e9s a funkci\u00f3 maximaliz\u00e1l\u00e1sa \u00e9rdek\u00e9ben.<\/li>\n\n\n\n<li>Ne csak a kezdeti k\u00f6lts\u00e9geket vegye figyelembe, hanem a hossz\u00fa t\u00e1v\u00fa el\u0151ny\u00f6ket is.<\/li>\n\n\n\n<li><a href=\"https:\/\/boswindor.com\/hu\/contact-us\/\"><strong><mark style=\"background-color:rgba(0, 0, 0, 0);color:#ff4f01\" class=\"has-inline-color\">L\u00e9pjen kapcsolatba a Boswindorral m\u00e9g ma<\/mark><\/strong><\/a> hogy megbesz\u00e9lje projektj\u00e9t, \u00e9s megtal\u00e1lja az ig\u00e9nyeinek megfelel\u0151 ablakmegold\u00e1st. Ne feledje,\u00a0<strong>a sz\u00f3rakoz\u00e1s r\u00e9sze<\/strong>\u00a0megtal\u00e1lja a legjobb megold\u00e1st! A\u00a0<strong>cikk szolg\u00e1lni fog<\/strong>\u00a0nagyszer\u0171 \u00fatmutat\u00f3k\u00e9nt.<\/li>\n<\/ul>","protected":false},"excerpt":{"rendered":"<p>Ez a cikk a m\u0171k\u00f6dtethet\u0151 \u00e9s a fix ablakok k\u00f6z\u00f6tti alapvet\u0151 k\u00fcl\u00f6nbs\u00e9geket t\u00e1rja fel, \u00e9s seg\u00edt eld\u00f6nteni, hogy melyik t\u00edpus felel meg legink\u00e1bb az ig\u00e9nyeinek, legyen sz\u00f3 \u00e9p\u00edt\u0151r\u0151l, \u00e9p\u00edt\u00e9szr\u0151l, h\u00e1ztulajdonosr\u00f3l vagy egy sz\u00e1llodai beszerz\u00e9si menedzserr\u0151l. <\/p>\n<p>Megvizsg\u00e1ljuk a k\u00fcl\u00f6nb\u00f6z\u0151 t\u00edpus\u00fa m\u0171k\u00f6dtethet\u0151 ablakokat, azok el\u0151nyeit, \u00e9s azt, hogy a Boswindor, a m\u0171k\u00f6dtethet\u0151 ablakok vezet\u0151 gy\u00e1rt\u00f3ja hogyan tud t\u00f6k\u00e9letes megold\u00e1st ny\u00fajtani projektje sz\u00e1m\u00e1ra. <\/p>\n<p>\u00c9rdemes elolvasni, mert a megfelel\u0151 ablakt\u00edpus kiv\u00e1laszt\u00e1sa jelent\u0151sen befoly\u00e1solja az \u00e9p\u00fclet energiahat\u00e9konys\u00e1g\u00e1t, eszt\u00e9tik\u00e1j\u00e1t \u00e9s funkcionalit\u00e1s\u00e1t.<\/p>","protected":false},"author":3,"featured_media":1870,"comment_status":"open","ping_status":"open","sticky":false,"template":"","format":"standard","meta":{"footnotes":""},"categories":[10],"tags":[],"class_list":["post-1865","post","type-post","status-publish","format-standard","has-post-thumbnail","hentry","category-windows-doors"],"blocksy_meta":[],"_links":{"self":[{"href":"https:\/\/boswindor.com\/hu\/wp-json\/wp\/v2\/posts\/1865","targetHints":{"allow":["GET"]}}],"collection":[{"href":"https:\/\/boswindor.com\/hu\/wp-json\/wp\/v2\/posts"}],"about":[{"href":"https:\/\/boswindor.com\/hu\/wp-json\/wp\/v2\/types\/post"}],"author":[{"embeddable":true,"href":"https:\/\/boswindor.com\/hu\/wp-json\/wp\/v2\/users\/3"}],"replies":[{"embeddable":true,"href":"https:\/\/boswindor.com\/hu\/wp-json\/wp\/v2\/comments?post=1865"}],"version-history":[{"count":5,"href":"https:\/\/boswindor.com\/hu\/wp-json\/wp\/v2\/posts\/1865\/revisions"}],"predecessor-version":[{"id":1888,"href":"https:\/\/boswindor.com\/hu\/wp-json\/wp\/v2\/posts\/1865\/revisions\/1888"}],"wp:featuredmedia":[{"embeddable":true,"href":"https:\/\/boswindor.com\/hu\/wp-json\/wp\/v2\/media\/1870"}],"wp:attachment":[{"href":"https:\/\/boswindor.com\/hu\/wp-json\/wp\/v2\/media?parent=1865"}],"wp:term":[{"taxonomy":"category","embeddable":true,"href":"https:\/\/boswindor.com\/hu\/wp-json\/wp\/v2\/categories?post=1865"},{"taxonomy":"post_tag","embeddable":true,"href":"https:\/\/boswindor.com\/hu\/wp-json\/wp\/v2\/tags?post=1865"}],"curies":[{"name":"munkaf\u00fczet","href":"https:\/\/api.w.org\/{rel}","templated":true}]}}