{"id":1840,"date":"2025-02-12T22:26:38","date_gmt":"2025-02-13T06:26:38","guid":{"rendered":"https:\/\/boswindor.com\/?p=1840"},"modified":"2025-04-24T01:32:41","modified_gmt":"2025-04-24T09:32:41","slug":"window-wall-basics-curtain-wall-vs-window-wall","status":"publish","type":"post","link":"https:\/\/boswindor.com\/hu\/window-wall-basics-curtain-wall-vs-window-wall\/","title":{"rendered":"Az ablakfal alapjai: F\u00fcgg\u00f6nyfal vs ablakfal \u2013 V\u00e1lassz 2025-ben"},"content":{"rendered":"<h2 class=\"wp-block-heading\">Mi az az ablakfalrendszer? Az ablakfal alapjainak leleplez\u00e9se<\/h2>\n\n\n\n<figure class=\"wp-block-image size-full\"><img fetchpriority=\"high\" decoding=\"async\" width=\"900\" height=\"491\" src=\"https:\/\/boswindor.com\/wp-content\/uploads\/2025\/02\/Window-Wall-System.jpg\" alt=\"\" class=\"wp-image-1846\" srcset=\"https:\/\/boswindor.com\/wp-content\/uploads\/2025\/02\/Window-Wall-System.jpg 900w, https:\/\/boswindor.com\/wp-content\/uploads\/2025\/02\/Window-Wall-System-300x164.jpg 300w, https:\/\/boswindor.com\/wp-content\/uploads\/2025\/02\/Window-Wall-System-768x419.jpg 768w, https:\/\/boswindor.com\/wp-content\/uploads\/2025\/02\/Window-Wall-System-18x10.jpg 18w\" sizes=\"(max-width: 900px) 100vw, 900px\" \/><figcaption class=\"wp-element-caption\">Ablakfal rendszer<\/figcaption><\/figure>\n\n\n\n<p>Csod\u00e1ltad a kiterjedt \u00fcvegez\u00e9s\u0171 \u00e9p\u00fcleteket, amelyek z\u00f6kken\u0151mentesen keverednek k\u00edv\u00fcl \u00e9s bel\u00fcl? Val\u00f3sz\u00edn\u0171leg a&nbsp;<strong>ablakfal<\/strong>&nbsp;rendszer. De mi az a&nbsp;<strong>ablakfal<\/strong>? Ez egy nem szerkezeti k\u00fcls\u0151 fal, els\u0151sorban \u00fcveg \u00e9s alum\u00ednium keretez\u00e9s, a hagyom\u00e1nyos f\u00f6d\u00e9m-ablakok friss\u00edt\u00e9se. A maximaliz\u00e1l\u00e1sra tervezt\u00e9k&nbsp;<strong>term\u00e9szetes f\u00e9ny<\/strong>&nbsp;\u00e9s n\u00e9zetek, a&nbsp;<strong>ablakfal<\/strong>&nbsp;a padl\u00f3t\u00f3l a mennyezetig terjed, l\u00e9trehozva a&nbsp;<strong>padl\u00f3t\u00f3l a mennyezetig \u00e9r\u0151 ablak<\/strong>&nbsp;hat\u00e1s, amely \u00e1talak\u00edtja a tereket, ellent\u00e9tben a t\u00f6m\u00f6r falakkal.<\/p>\n\n\n\n<p>At <a href=\"https:\/\/boswindor.com\/hu\/\"><mark style=\"background-color:rgba(0, 0, 0, 0);color:#ff4f01\" class=\"has-inline-color\">Boswindor<\/mark><\/a>, nagy teljes\u00edtm\u00e9ny\u0171\u00a0<strong>alum\u00ednium ablakfalak<\/strong>\u00a0v\u00e1ltozatos projektekhez. A falrendszer kiv\u00e1laszt\u00e1sa bonyolult lehet, ez\u00e9rt ez az \u00fatmutat\u00f3 egy\u00e9rtelm\u0171v\u00e9 teszi\u00a0<strong>ablakfal alapjai<\/strong>\u00a0megalapozott d\u00f6nt\u00e9sek\u00e9rt. Gyakran \u00f6sszet\u00e9vesztik a\u00a0<strong>f\u00fcgg\u00f6nyfalak<\/strong>,\u00a0<strong>ablak falai<\/strong>\u00a0kulcsfontoss\u00e1g\u00fa k\u00fcl\u00f6nbs\u00e9gek vannak, amelyeket megvizsg\u00e1lunk. A\u00a0<strong>ablak falrendszer<\/strong>\u00a0k\u00f6z\u00f6tt van telep\u00edtve\u00a0<strong>\u00e9p\u00fclet f\u00f6d\u00e9mjei<\/strong>, leny\u0171g\u00f6z\u0151 \u00fcveggel t\u00f6ltve meg a teret.<\/p>\n\n\n\n<h2 class=\"wp-block-heading\">Ablakfal \u00e9s f\u00fcgg\u00f6nyfal: A legfontosabb k\u00fcl\u00f6nbs\u00e9gek magyar\u00e1zata<\/h2>\n\n\n\n<figure class=\"wp-block-image size-full\"><img decoding=\"async\" width=\"900\" height=\"491\" src=\"https:\/\/boswindor.com\/wp-content\/uploads\/2025\/02\/Window-Wall-vs.-Curtain-Wall.jpg\" alt=\"\" class=\"wp-image-1848\" srcset=\"https:\/\/boswindor.com\/wp-content\/uploads\/2025\/02\/Window-Wall-vs.-Curtain-Wall.jpg 900w, https:\/\/boswindor.com\/wp-content\/uploads\/2025\/02\/Window-Wall-vs.-Curtain-Wall-300x164.jpg 300w, https:\/\/boswindor.com\/wp-content\/uploads\/2025\/02\/Window-Wall-vs.-Curtain-Wall-768x419.jpg 768w, https:\/\/boswindor.com\/wp-content\/uploads\/2025\/02\/Window-Wall-vs.-Curtain-Wall-18x10.jpg 18w\" sizes=\"(max-width: 900px) 100vw, 900px\" \/><figcaption class=\"wp-element-caption\">Ablakfal kontra F\u00fcgg\u00f6nyfal<\/figcaption><\/figure>\n\n\n\n<p><strong>Ablakfal<\/strong>&nbsp;\u00e9s&nbsp;<strong>f\u00fcgg\u00f6nyfal<\/strong>&nbsp;gyakran felcser\u00e9lhet\u0151en haszn\u00e1lj\u00e1k, de alapvet\u0151 k\u00fcl\u00f6nbs\u00e9geik meg\u00e9rt\u00e9se elengedhetetlen az \u00e9p\u00edt\u0151ipari szakemberek \u00e9s a tulajdonosok sz\u00e1m\u00e1ra. Mindkett\u0151 nem struktur\u00e1lis&nbsp;<strong>homlokzat<\/strong>&nbsp;rendszerek, de a tervez\u00e9s \u00e9s az alkalmaz\u00e1s k\u00fcl\u00f6nb\u00f6zik. A&nbsp;<strong>f\u00fcgg\u00f6nyfal rendszer<\/strong>&nbsp;t\u00f6bb emeleten \u00e1t\u00edvel, mint a&nbsp;<strong>f\u00fcgg\u00f6ny<\/strong>&nbsp;az \u00e9p\u00fclet keret\u00e9b\u0151l.&nbsp;<strong>A f\u00fcgg\u00f6nyfalak szerkezetiek<\/strong>&nbsp;f\u00fcggetlen att\u00f3l&nbsp;<strong>padl\u00f3lapok<\/strong>, elviselik a s\u00falyukat \u00e9s ellen\u00e1llnak a sz\u00e9lnek, gyakoriak&nbsp;<strong>sokemeletes \u00e9p\u00fcletek<\/strong>.<\/p>\n\n\n\n<p><strong>Ablakfalak<\/strong>k\u00f6z\u00f6tt vannak be\u00e9p\u00edtve azonban k\u00f6zelebb \u00e1llnak a hagyom\u00e1nyos ablakokhoz\u00a0<strong>padl\u00f3lapok<\/strong>, amely egy emeletet \u00f6lel fel.\u00a0<strong>Ellent\u00e9tben <a href=\"https:\/\/en.wikipedia.org\/wiki\/Curtain_wall_(architecture)\" target=\"_blank\" rel=\"noopener\">f\u00fcgg\u00f6nyfalak<\/a><\/strong>,\u00a0<strong>ablakfalak vannak be\u00e9p\u00edtve<\/strong>\u00a0szerkezeti ny\u00edl\u00e1sokon bel\u00fcl, minden emeleten al\u00e1t\u00e1masztva. Ez megfelel k\u00f6z\u00e9pmagas, lakoss\u00e1gi \u00e9s emeleti telep\u00edt\u00e9sekhez. A megk\u00fcl\u00f6nb\u00f6ztet\u00e9s hat\u00e1ssal van a m\u00e9rn\u00f6ki \u00e9s\u00a0<strong>ablak fal be\u00e9p\u00edt\u00e9se<\/strong>. T\u00f6bbemeleteshez\u00a0<strong>&quot;ablak&quot; f\u00fcgg\u00f6nyfal<\/strong>\u00a0n\u00e9zd, a\u00a0<strong>f\u00fcgg\u00f6nyfal<\/strong>\u00a0ez lehet a v\u00e1lasz, de a padl\u00f3r\u00f3l emeletre eleganci\u00e1hoz,\u00a0<strong>ablakfalak aj\u00e1nlata<\/strong>\u00a0meggy\u0151z\u0151 megold\u00e1s.<\/p>\n\n\n\n<h2 class=\"wp-block-heading\">Mi\u00e9rt v\u00e1lassza az ablakfalakat? Az el\u0151ny\u00f6k felt\u00e1r\u00e1sa<\/h2>\n\n\n\n<figure class=\"wp-block-image size-full\"><img decoding=\"async\" width=\"900\" height=\"491\" src=\"https:\/\/boswindor.com\/wp-content\/uploads\/2025\/02\/Window-Walls-for-Bedroom.jpg\" alt=\"\" class=\"wp-image-1850\" srcset=\"https:\/\/boswindor.com\/wp-content\/uploads\/2025\/02\/Window-Walls-for-Bedroom.jpg 900w, https:\/\/boswindor.com\/wp-content\/uploads\/2025\/02\/Window-Walls-for-Bedroom-300x164.jpg 300w, https:\/\/boswindor.com\/wp-content\/uploads\/2025\/02\/Window-Walls-for-Bedroom-768x419.jpg 768w, https:\/\/boswindor.com\/wp-content\/uploads\/2025\/02\/Window-Walls-for-Bedroom-18x10.jpg 18w\" sizes=\"(max-width: 900px) 100vw, 900px\" \/><figcaption class=\"wp-element-caption\">Ablakfalak a h\u00e1l\u00f3szob\u00e1hoz<\/figcaption><\/figure>\n\n\n\n<p>Mi\u00e9rt\u00a0<strong>el\u0151nyben r\u00e9szes\u00edtik az ablakfalakat<\/strong>\u00a0hagyom\u00e1nyos falak felett ill\u00a0<strong>f\u00fcgg\u00f6nyfalak<\/strong>? Az el\u0151ny\u00f6k leny\u0171g\u00f6z\u0151ek. El\u0151sz\u00f6r,\u00a0<strong>ablakfalak lehet\u0151v\u00e9 teszik<\/strong>\u00a0b\u0151s\u00e9ges\u00a0<strong>term\u00e9szetes f\u00e9ny<\/strong>, vil\u00e1gos\u00edt\u00f3\u00a0<strong>bels\u0151 terek<\/strong>, a mesters\u00e9ges vil\u00e1g\u00edt\u00e1s cs\u00f6kkent\u00e9se, \u00e9s l\u00e9trehoz\u00e1sa\u00a0<strong><a href=\"https:\/\/boswindor.com\/hu\/maximize-savings-with-energy-efficient-windows\/\"><mark style=\"background-color:rgba(0, 0, 0, 0);color:#ab6f00\" class=\"has-inline-color\">energiamegtakar\u00edt\u00e1s<\/mark><\/a><\/strong>. K\u00e9pzeld\u00a0<strong>padl\u00f3t\u00f3l a mennyezetig<\/strong>\u00a0ablakok vill\u00e1kban, sz\u00e1llod\u00e1kban vagy irod\u00e1kban \u2013 a nyitotts\u00e1g p\u00e1ratlan.<\/p>\n\n\n\n<p>A f\u00e9nyen t\u00fal,\u00a0<strong>ablakfalak aj\u00e1nlata<\/strong>\u00a0<strong>tervez\u00e9si rugalmass\u00e1g<\/strong>, a kort\u00e1rst\u00f3l a hagyom\u00e1nyosig ill\u0151 st\u00edlusok. V\u00e9kony\u00a0<strong>alum\u00ednium ablakfalak<\/strong>\u00a0maximaliz\u00e1lni\u00a0<strong>\u00fcveg<\/strong>, akad\u00e1lytalan kil\u00e1t\u00e1st biztos\u00edtva \u00e9s fokozva\u00a0<strong>eszt\u00e9tika<\/strong>. Ezek is fokozz\u00e1k\u00a0<strong>energiahat\u00e9konys\u00e1g<\/strong>. Modern\u00a0<strong>\u00fcvegez\u00e9s<\/strong>, tetszik\u00a0<strong><a href=\"https:\/\/boswindor.com\/hu\/double-vs-triple-pane-windows-for-your-home\/\"><mark style=\"background-color:rgba(0, 0, 0, 0);color:#ab6f00\" class=\"has-inline-color\">dupla vagy h\u00e1romr\u00e9teg\u0171 \u00fcvegez\u00e9s<\/mark><\/a><\/strong>, a termikusan t\u00f6r\u00f6tt alum\u00ednium keretek pedig kiv\u00e1l\u00f3\u00a0<strong>szigetel\u00e9s<\/strong>, a h\u0151vesztes\u00e9g \u00e9s -nyeres\u00e9g minimaliz\u00e1l\u00e1sa, cs\u00f6kkent\u00e9se\u00a0<strong>f\u0171t\u00e9s \u00e9s h\u0171t\u00e9s<\/strong>\u00a0k\u00f6lts\u00e9geket. Fenntarthat\u00f3 \u00e9s lak\u00f3k\u00f6zpont\u00fa projektekhez,\u00a0<strong>ablak falai<\/strong>\u00a0ide\u00e1lisak.<\/p>\n\n\n\n<h2 class=\"wp-block-heading\">Term\u00e9szetes f\u00e9ny \u00e9s szell\u0151z\u00e9s: Maximaliz\u00e1lja a m\u0171k\u00f6dtethet\u0151 ablakfalakat<\/h2>\n\n\n\n<p>R\u00f6gz\u00edtett\u00a0<strong>ablak falai<\/strong>\u00a0maximaliz\u00e1lja a f\u00e9nyt, de\u00a0<strong>m\u0171k\u00f6dtethet\u0151 ablakok<\/strong>\u00a0a\u00a0<strong>ablak falrendszer<\/strong>\u00a0add hozz\u00e1\u00a0<strong>szell\u0151z\u00e9s<\/strong>.\u00a0<strong>M\u0171k\u00f6dtethet\u0151<\/strong>\u00a0szakaszok lehet\u0151v\u00e9 teszik a friss leveg\u0151t, jav\u00edtva a belt\u00e9ri leveg\u0151 min\u0151s\u00e9g\u00e9t. Ez l\u00e9tfontoss\u00e1g\u00fa h\u00e1l\u00f3szob\u00e1kban, nappalikban \u00e9s irod\u00e1kban.\u00a0<strong>M\u0171k\u00f6dtet\u0151 ablakok<\/strong>\u00a0J\u00f6jj\u00f6n be <a href=\"https:\/\/boswindor.com\/hu\/windows-types\/casement-window\/\"><mark style=\"background-color:rgba(0, 0, 0, 0);color:#ab6f00\" class=\"has-inline-color\">ablaksz\u00e1rny<\/mark><\/a>, <a href=\"https:\/\/boswindor.com\/hu\/windows-types\/awning\/\"><mark style=\"background-color:rgba(0, 0, 0, 0);color:#ab6f00\" class=\"has-inline-color\">napellenz\u0151<\/mark><\/a>, \u00e9s garatst\u00edlusok, amelyek v\u00e1ltozatos szell\u0151z\u00e9st \u00e9s eszt\u00e9tik\u00e1t k\u00edn\u00e1lnak.<\/p>\n\n\n\n<p>Modern&nbsp;<strong>ablakfal<\/strong>&nbsp;a tervez\u00e9s integr\u00e1lja&nbsp;<strong>m\u0171k\u00f6dtethet\u0151 ablakok<\/strong>&nbsp;z\u00f6kken\u0151mentesen, karbantartva&nbsp;<strong>ablak megjelen\u00e9se<\/strong>&nbsp;\u00e9s&nbsp;<strong>energiahat\u00e9konys\u00e1g<\/strong>. A strat\u00e9giai elhelyez\u00e9s optimaliz\u00e1lja mind a f\u00e9nyt, mind a&nbsp;<strong>szell\u0151z\u00e9s<\/strong>. K\u00e9pzeld&nbsp;<strong>m\u0171k\u00f6d\u0151 \u00e9s funkcion\u00e1lis padl\u00f3t\u00f3l a mennyezetig \u00e9r\u0151 ablakok<\/strong>&nbsp;sz\u00e1llodai lakoszt\u00e1lyokban. Boswindor k\u00edn\u00e1l&nbsp;<strong>m\u0171k\u00f6dtethet\u0151<\/strong>&nbsp;megold\u00e1sok sz\u00e1munkra&nbsp;<strong>ablakfal<\/strong>&nbsp;projektjeire szabott rendszerek, a vill\u00e1kt\u00f3l a kereskedelmi \u00e9p\u00fcletekig. \u00c9lvezze a f\u00e9nyt \u00e9s a szell\u0151z\u00e9st&nbsp;<strong>m\u0171k\u00f6dtethet\u0151 ablakfalak<\/strong>.<\/p>\n\n\n\n<h2 class=\"wp-block-heading\">Energiahat\u00e9konys\u00e1g \u00e9s szigetel\u00e9s: a h\u0151teljes\u00edtm\u00e9ny fokoz\u00e1sa<\/h2>\n\n\n\n<p><strong>Energiahat\u00e9konys\u00e1g<\/strong>&nbsp;d\u00f6nt\u0151 fontoss\u00e1g\u00fa, \u00e9s&nbsp;<strong>ablak falai<\/strong>&nbsp;vezet\u0151 szerepet t\u00f6lt be a fenntarthat\u00f3 tervez\u00e9sben. Nagy teljes\u00edtm\u00e9ny\u0171&nbsp;<strong>ablak falai<\/strong>&nbsp;minimaliz\u00e1lja az energiavesztes\u00e9get \u00e9s -nyeres\u00e9get, cs\u00f6kkenti&nbsp;<strong>f\u0171t\u00e9s \u00e9s h\u0171t\u00e9s<\/strong>&nbsp;k\u00f6lts\u00e9geket.&nbsp;<strong>H\u0151teljes\u00edtm\u00e9ny<\/strong>&nbsp;t\u00e1maszkodik&nbsp;<strong>\u00fcvegez\u00e9s<\/strong>&nbsp;\u00e9s keretez\u00e9s.&nbsp;<strong>Dupla vagy h\u00e1romr\u00e9teg\u0171 \u00fcvegez\u00e9s<\/strong>&nbsp;szigetel\u0151 l\u00e9gtereket hoz l\u00e9tre. Az Low-E bevonatok fokozz\u00e1k&nbsp;<strong>energiahat\u00e9konys\u00e1g<\/strong>&nbsp;a h\u0151 visszaver\u00e9s\u00e9vel.<\/p>\n\n\n\n<p>A keretez\u00e9s is kulcsfontoss\u00e1g\u00fa. Termikusan t\u00f6r\u00f6tt&nbsp;<strong>alum\u00ednium ablakfalak<\/strong>&nbsp;megakad\u00e1lyozz\u00e1k a h\u0151\u00e1tad\u00e1st \u00e9s jav\u00edtj\u00e1k&nbsp;<strong>szigetel\u00e9s<\/strong>. Boswindor\u00e9&nbsp;<strong>alum\u00ednium ablakfalak<\/strong>&nbsp;fejlett h\u0151t\u00f6r\u00e9si technol\u00f3gi\u00e1t \u00e9s nagy teljes\u00edtm\u00e9nyt haszn\u00e1l&nbsp;<strong>\u00fcvegez\u00e9s<\/strong>&nbsp;kiv\u00e1l\u00f3\u00e9rt&nbsp;<strong>energiahat\u00e9konys\u00e1g<\/strong>. Ez cs\u00f6kkenti a k\u00f6rnyezetterhel\u00e9st \u00e9s az \u00fczemeltet\u00e9si k\u00f6lts\u00e9geket. Befektet\u00e9s&nbsp;<strong>kiv\u00e1l\u00f3 min\u0151s\u00e9g\u0171 ablak<\/strong>&nbsp;rendszereket, mint&nbsp;<strong>ablak falai<\/strong>&nbsp;okos a fenntarthat\u00f3s\u00e1g \u00e9s a k\u00f6lts\u00e9gmegtakar\u00edt\u00e1s \u00e9rdek\u00e9ben. Fontolja meg a hossz\u00fa t\u00e1v\u00fa&nbsp;<strong>energiamegtakar\u00edt\u00e1s<\/strong>&nbsp;\u2013 az el\u0151ny\u00f6k jelent\u0151sek.<\/p>\n\n\n\n<h2 class=\"wp-block-heading\">Tervez\u00e9si rugalmass\u00e1g \u00e9s eszt\u00e9tika: z\u00f6kken\u0151mentes megjelen\u00e9s<\/h2>\n\n\n\n<p><strong>Ablakfalak<\/strong>&nbsp;teljes\u00edtm\u00e9nyr\u0151l \u00e9s eszt\u00e9tik\u00e1r\u00f3l sz\u00f3lnak. K\u00edn\u00e1lnak&nbsp;<strong>tervez\u00e9si rugalmass\u00e1g<\/strong>, amely leny\u0171g\u00f6z\u0151, modern \u00e9p\u00fcleteket tesz lehet\u0151v\u00e9. V\u00e9kony&nbsp;<strong>alum\u00ednium ablakfalak<\/strong>&nbsp;maximaliz\u00e1lni&nbsp;<strong>\u00fcveg<\/strong>, l\u00e9trehoz\u00e1sa a&nbsp;<strong>varrat n\u00e9lk\u00fcli ablak fal<\/strong>&nbsp;megjelen\u00e9s, eleg\u00e1ns \u00e9s modern. Ez&nbsp;<strong>\u00fcveg<\/strong>&nbsp;hangs\u00faly teszi a&nbsp;<strong>homlokzat<\/strong>&nbsp;\u00e9p\u00edt\u00e9szeti nyilatkozat. K\u00e9pzelj el egy vill\u00e1t a&nbsp;<strong>z\u00f6kken\u0151mentes<\/strong>&nbsp;<strong>ablakfal<\/strong>&nbsp;t\u00e1jra n\u00e9z\u0151 \u2013 vizu\u00e1lisan hat\u00e1sos.<\/p>\n\n\n\n<p><strong>Ablakfalak<\/strong>&nbsp;testreszab\u00e1st k\u00edn\u00e1lnak. T\u00f3l&nbsp;<strong>\u00fcvegez\u00e9s<\/strong>&nbsp;\u00e1rnyalatok keretbevonatokhoz, testreszabhatja a&nbsp;<strong>ablakfal<\/strong>&nbsp;rendszert a l\u00e1t\u00e1sodhoz.&nbsp;<strong>\u00c1tl\u00e1tszatlan spandrel panelek<\/strong>&nbsp;elrejtheti az emeletek k\u00f6z\u00f6tti ter\u00fcleteket, meg\u0151rizve az egys\u00e9gess\u00e9get&nbsp;<strong>ablak megjelen\u00e9se<\/strong>.&nbsp;<strong>Tervez\u00e9si lehet\u0151s\u00e9gek<\/strong>&nbsp;hatalmasak. Minimalista vagy kifejez\u0151&nbsp;<strong>homlokzatok<\/strong>,&nbsp;<strong>ablak falai<\/strong>&nbsp;sokoldal\u00fas\u00e1got biztos\u00edtanak. A Boswindor szem\u00e9lyre szabja&nbsp;<strong>ablakfal<\/strong>&nbsp;megold\u00e1sok, sz\u00e9pek \u00e9s funkcion\u00e1lisak.<\/p>\n\n\n\n<h2 class=\"wp-block-heading\">Alum\u00ednium ablakfalak: tart\u00f3s \u00e9s modern homlokzati v\u00e1laszt\u00e1s<\/h2>\n\n\n\n<figure class=\"wp-block-image size-full\"><img loading=\"lazy\" decoding=\"async\" width=\"900\" height=\"491\" src=\"https:\/\/boswindor.com\/wp-content\/uploads\/2025\/02\/Aluminum-Window-Walls-for-Living-Room.jpg\" alt=\"\" class=\"wp-image-1852\" srcset=\"https:\/\/boswindor.com\/wp-content\/uploads\/2025\/02\/Aluminum-Window-Walls-for-Living-Room.jpg 900w, https:\/\/boswindor.com\/wp-content\/uploads\/2025\/02\/Aluminum-Window-Walls-for-Living-Room-300x164.jpg 300w, https:\/\/boswindor.com\/wp-content\/uploads\/2025\/02\/Aluminum-Window-Walls-for-Living-Room-768x419.jpg 768w, https:\/\/boswindor.com\/wp-content\/uploads\/2025\/02\/Aluminum-Window-Walls-for-Living-Room-18x10.jpg 18w\" sizes=\"(max-width: 900px) 100vw, 900px\" \/><figcaption class=\"wp-element-caption\">Alum\u00ednium ablakfalak nappalihoz<\/figcaption><\/figure>\n\n\n\n<p>Mert&nbsp;<strong>ablak falai<\/strong>,&nbsp;<strong>alum\u00ednium<\/strong>&nbsp;a legjobb v\u00e1laszt\u00e1s a modern \u00e9p\u00edtkez\u00e9shez.&nbsp;<strong>Alum\u00ednium ablakfalak<\/strong>&nbsp;aj\u00e1nlat&nbsp;<strong>tart\u00f3ss\u00e1g<\/strong>, er\u0151 \u00e9s eszt\u00e9tikai vonzer\u0151.&nbsp;<strong>Alum\u00ednium<\/strong>&nbsp;ellen\u00e1ll a korr\u00f3zi\u00f3nak, hossz\u00fa \u00e9lettartamot biztos\u00edtva. Er\u0151s, m\u00e9gis k\u00f6nny\u0171, ide\u00e1lis nagyoknak&nbsp;<strong>\u00fcveg<\/strong>&nbsp;\u00e9s \u00f6sszetett rendszerek. Az er\u0151 karcs\u00fabb kereteket tesz lehet\u0151v\u00e9, maximaliz\u00e1lva&nbsp;<strong>\u00fcveg<\/strong>&nbsp;\u00e9s n\u00e9zetek.<\/p>\n\n\n\n<p><strong>Alum\u00ednium<\/strong>&nbsp;fenntarthat\u00f3 \u00e9s \u00fajrahasznos\u00edthat\u00f3. Eleg\u00e1ns, modern megjelen\u00e9se kieg\u00e9sz\u00edti a kort\u00e1rs st\u00edlusokat, id\u0151t\u00e1ll\u00f3t teremtve&nbsp;<strong>homlokzat<\/strong>. A Boswindor erre specializ\u00e1l\u00f3dott&nbsp;<strong>alum\u00ednium ablakfalak<\/strong>&nbsp;a legjobb anyagok\u00e9rt. A mi\u00e9nk&nbsp;<strong>alum\u00ednium ablakfalak<\/strong>&nbsp;kiv\u00e1l\u00f3 min\u0151s\u00e9g\u0171ek, biztos\u00edtva&nbsp;<strong>tart\u00f3ss\u00e1g<\/strong>,&nbsp;<strong>energiahat\u00e9konys\u00e1g<\/strong>, \u00e9s eszt\u00e9tika \u00e9vek \u00f3ta. V\u00e1lasszon&nbsp;<strong>alum\u00ednium ablakfalak<\/strong>&nbsp;az er\u0151\u00e9rt, a sz\u00e9ps\u00e9g\u00e9rt \u00e9s a fenntarthat\u00f3s\u00e1g\u00e9rt.<\/p>\n\n\n\n<h2 class=\"wp-block-heading\">Ablakfalak projektekhez: Lakoss\u00e1gi \u00e9s kereskedelmi sokoldal\u00fas\u00e1g<\/h2>\n\n\n\n<figure class=\"wp-block-image size-full\"><img loading=\"lazy\" decoding=\"async\" width=\"900\" height=\"491\" src=\"https:\/\/boswindor.com\/wp-content\/uploads\/2025\/02\/Installing-Aluminum-Window-Walls.jpg\" alt=\"\" class=\"wp-image-1854\" srcset=\"https:\/\/boswindor.com\/wp-content\/uploads\/2025\/02\/Installing-Aluminum-Window-Walls.jpg 900w, https:\/\/boswindor.com\/wp-content\/uploads\/2025\/02\/Installing-Aluminum-Window-Walls-300x164.jpg 300w, https:\/\/boswindor.com\/wp-content\/uploads\/2025\/02\/Installing-Aluminum-Window-Walls-768x419.jpg 768w, https:\/\/boswindor.com\/wp-content\/uploads\/2025\/02\/Installing-Aluminum-Window-Walls-18x10.jpg 18w\" sizes=\"(max-width: 900px) 100vw, 900px\" \/><figcaption class=\"wp-element-caption\">Alum\u00ednium ablakfalak telep\u00edt\u00e9se<\/figcaption><\/figure>\n\n\n\n<p><strong>Ablakfalak<\/strong>&nbsp;sz\u00e1m\u00e1ra sokoldal\u00faak&nbsp;<strong>lakoss\u00e1gi \u00e9s kereskedelmi<\/strong>&nbsp;projektek. Az otthonokban,&nbsp;<strong>ablak falai<\/strong>&nbsp;f\u00e9nnyel teli terek l\u00e9trehoz\u00e1sa, maximaliz\u00e1lva a kil\u00e1t\u00e1st. K\u00e9pzeld&nbsp;<strong>padl\u00f3t\u00f3l a mennyezetig<\/strong>&nbsp;ablakok nappaliban vagy h\u00e1l\u00f3szob\u00e1ban \u2013 luxus \u00e9s t\u00e1gas. A vill\u00e1k, apartmanok \u00e9s modern otthonok el\u0151ny\u00f6sek&nbsp;<strong>ablak falai<\/strong>.<\/p>\n\n\n\n<p>Kereskedelmi \u00e9p\u00fcletekben,\u00a0<strong>ablak falai<\/strong>\u00a0jav\u00edtja a munkater\u00fcleteket, vil\u00e1gos, h\u00edvogat\u00f3 ter\u00fcleteket hozva l\u00e9tre. Sz\u00e1llod\u00e1k, irod\u00e1k, kiskereskedelem \u00e9s \u00e9ttermek r\u00e9szes\u00fclnek ebb\u0151l\u00a0<strong>ablakfal<\/strong>\u00a0eszt\u00e9tika \u00e9s\u00a0<strong>energiahat\u00e9konys\u00e1g<\/strong>. Kiterjedt\u00a0<strong>\u00fcveg<\/strong>\u00a0nyitotts\u00e1got teremt, bar\u00e1ts\u00e1goss\u00e1 t\u00e9ve az \u00e9p\u00fcleteket. Otthonokhoz vagy nagy komplexumokhoz,\u00a0<strong>ablak falai<\/strong>\u00a0rugalmass\u00e1got \u00e9s teljes\u00edtm\u00e9nyt k\u00edn\u00e1lnak. <a href=\"https:\/\/boswindor.com\/hu\/\"><mark style=\"background-color:rgba(0, 0, 0, 0);color:#ff4f01\" class=\"has-inline-color\">Boswindor <\/mark><\/a>megold\u00e1sokat k\u00edn\u00e1l k\u00fcl\u00f6nf\u00e9le projektekhez, az otthonokt\u00f3l a sz\u00e1llod\u00e1kig, bemutatva azok sz\u00e9les k\u00f6r\u0171 alkalmaz\u00e1s\u00e1t.<\/p>\n\n\n\n<h2 class=\"wp-block-heading\">Ablakfalak beszerz\u00e9se 2025-ben: F\u0151bb szempontok<\/h2>\n\n\n\n<p>Kiv\u00e1laszt\u00e1s&nbsp;<strong>ablak falai<\/strong>&nbsp;2024-ben kulcsfontoss\u00e1g\u00fa megfontol\u00e1sokat ig\u00e9nyel. Priorit\u00e1s&nbsp;<strong>energiahat\u00e9konys\u00e1g<\/strong>. Keressen nagy teljes\u00edtm\u00e9ny\u0171 rendszereket&nbsp;<strong>\u00fcvegez\u00e9s<\/strong>, h\u0151t\u00f6r\u00e9sek \u00e9s leveg\u0151\/v\u00edz besziv\u00e1rg\u00e1si ellen\u00e1ll\u00e1s a&nbsp;<strong>h\u0151teljes\u00edtm\u00e9ny<\/strong>&nbsp;\u00e9s&nbsp;<strong>energia<\/strong>&nbsp;megtakar\u00edt\u00e1s. Vegye figyelembe az \u00e9ghajlatot, \u00e9s v\u00e1lassza ki a megfelel\u0151t&nbsp;<strong>\u00fcvegez\u00e9s<\/strong>.&nbsp;<strong>Leveg\u0151 \u00e9s v\u00edz<\/strong>&nbsp;besziv\u00e1rg\u00e1si ellen\u00e1ll\u00e1s elengedhetetlen az id\u0151j\u00e1r\u00e1s elleni v\u00e9delemhez.<\/p>\n\n\n\n<p>Tekintse meg a  c\u00edmet.\u00a0<strong>tervez\u00e9si rugalmass\u00e1g<\/strong>\u00a0\u00e9s az eszt\u00e9tika, \u00f6sszhangban az \u00d6n elk\u00e9pzel\u00e9seivel \u00e9s testreszab\u00e1si ig\u00e9nyeivel. Gondolj a keret befejez\u00e9s\u00e9re,\u00a0<strong>\u00fcvegez\u00e9s<\/strong>\u00a0\u00e1rnyalatok, \u00e9s\u00a0<strong>m\u0171k\u00f6dtethet\u0151 ablakok<\/strong>. Telep\u00edt\u00e9si t\u00e9nyez\u0151.\u00a0<strong>El\u0151re gy\u00e1rtani<\/strong>d rendszerek \u00e9sszer\u0171s\u00edt\u00e9se\u00a0<strong>ablak fal be\u00e9p\u00edt\u00e9se<\/strong>\u00a0\u00e9s cs\u00f6kkenti a helysz\u00ednen t\u00f6lt\u00f6tt id\u0151t. V\u00e9g\u00fcl vegye figyelembe a gy\u00e1rt\u00f3 h\u00edrnev\u00e9t. V\u00e1lassza a Boswindort, amelyr\u0151l ismert\u00a0<strong>kiv\u00e1l\u00f3 min\u0151s\u00e9g\u0171 ablakfal<\/strong>\u00a0megold\u00e1sokat \u00e9s t\u00e1mogat\u00e1st. A gondos m\u00e9rlegel\u00e9s garant\u00e1lja\u00a0<strong>v\u00e1lasszon 202-ben<\/strong>5 a t\u00f6k\u00e9letes\u00a0<strong>ablakfal<\/strong>\u00a0rendszer.<\/p>\n\n\n<style>.elementor-1432 .elementor-element.elementor-element-827b281{--display:flex;--flex-direction:column;--container-widget-width:100%;--container-widget-height:initial;--container-widget-flex-grow:0;--container-widget-align-self:initial;--flex-wrap-mobile:wrap;--margin-top:0px;--margin-bottom:0px;--margin-left:0px;--margin-right:0px;--padding-top:40px;--padding-bottom:40px;--padding-left:0px;--padding-right:0px;}.elementor-1432 .elementor-element.elementor-element-18a73d2{text-align:center;}.elementor-1432 .elementor-element.elementor-element-18a73d2 > .elementor-widget-container{margin:0px 0px -20px 0px;padding:0px 0px 0px 0px;}.elementor-1432 .elementor-element.elementor-element-809c6bb{text-align:center;font-size:20px;}.elementor-1432 .elementor-element.elementor-element-68551e0{--e-image-carousel-slides-to-show:3;}@media(min-width:768px){.elementor-1432 .elementor-element.elementor-element-827b281{--content-width:1300px;}}<\/style>\t\t<div data-elementor-type=\"container\" data-elementor-id=\"1432\" class=\"elementor elementor-1432\" data-elementor-settings=\"{&quot;ha_cmc_init_switcher&quot;:&quot;no&quot;}\" data-elementor-post-type=\"elementor_library\">\n\t\t\t\t<div class=\"elementor-element elementor-element-827b281 e-flex e-con-boxed e-con e-parent\" data-id=\"827b281\" data-element_type=\"container\" data-e-type=\"container\" data-settings=\"{&quot;_ha_eqh_enable&quot;:false}\">\n\t\t\t\t\t<div class=\"e-con-inner\">\n\t\t\t\t<div class=\"elementor-element elementor-element-18a73d2 elementor-widget elementor-widget-heading\" data-id=\"18a73d2\" data-element_type=\"widget\" data-e-type=\"widget\" data-widget_type=\"heading.default\">\n\t\t\t\t<div class=\"elementor-widget-container\">\n\t\t\t\t\t<h3 class=\"elementor-heading-title elementor-size-default\">Boswindor ajt\u00f3k \u00e9s ablakok \u2013 az \u00d6n ig\u00e9nyeinek megfelel\u0151 megold\u00e1sok<\/h3>\t\t\t\t<\/div>\n\t\t\t\t<\/div>\n\t\t\t\t<div class=\"elementor-element elementor-element-809c6bb elementor-widget elementor-widget-text-editor\" data-id=\"809c6bb\" data-element_type=\"widget\" data-e-type=\"widget\" data-widget_type=\"text-editor.default\">\n\t\t\t\t<div class=\"elementor-widget-container\">\n\t\t\t\t\t\t\t\t\t<p>Tart\u00f3ss\u00e1g, Alacsony karbantart\u00e1si ig\u00e9ny, K\u00f6nny\u0171 s\u00faly, Er\u0151ss\u00e9g, Eleg\u00e1ns eszt\u00e9tika, Energiahat\u00e9konys\u00e1g, \u00dajrahasznos\u00edthat\u00f3, Korr\u00f3zi\u00f3\u00e1ll\u00f3s\u00e1g, Hossz\u00fa \u00e9lettartam, Testreszabhat\u00f3s\u00e1g, Biztons\u00e1g<\/p>\t\t\t\t\t\t\t\t<\/div>\n\t\t\t\t<\/div>\n\t\t\t\t<div class=\"elementor-element elementor-element-68551e0 elementor-arrows-position-inside elementor-pagination-position-outside elementor-widget elementor-widget-image-carousel\" data-id=\"68551e0\" data-element_type=\"widget\" data-e-type=\"widget\" data-settings=\"{&quot;slides_to_show&quot;:&quot;3&quot;,&quot;navigation&quot;:&quot;both&quot;,&quot;autoplay&quot;:&quot;yes&quot;,&quot;pause_on_hover&quot;:&quot;yes&quot;,&quot;pause_on_interaction&quot;:&quot;yes&quot;,&quot;autoplay_speed&quot;:5000,&quot;infinite&quot;:&quot;yes&quot;,&quot;speed&quot;:500,&quot;image_spacing_custom&quot;:{&quot;unit&quot;:&quot;px&quot;,&quot;size&quot;:20,&quot;sizes&quot;:[]},&quot;image_spacing_custom_tablet&quot;:{&quot;unit&quot;:&quot;px&quot;,&quot;size&quot;:&quot;&quot;,&quot;sizes&quot;:[]},&quot;image_spacing_custom_mobile&quot;:{&quot;unit&quot;:&quot;px&quot;,&quot;size&quot;:&quot;&quot;,&quot;sizes&quot;:[]}}\" data-widget_type=\"image-carousel.default\">\n\t\t\t\t<div class=\"elementor-widget-container\">\n\t\t\t\t\t\t\t<div class=\"elementor-image-carousel-wrapper swiper\" role=\"region\" aria-roledescription=\"carousel\" aria-label=\"K\u00e9pforg\u00f3\" dir=\"ltr\">\n\t\t\t<div class=\"elementor-image-carousel swiper-wrapper\" aria-live=\"off\">\n\t\t\t\t\t\t\t\t<div class=\"swiper-slide\" role=\"group\" aria-roledescription=\"slide\" aria-label=\"1 \/ 9\"><figure class=\"swiper-slide-inner\"><img decoding=\"async\" class=\"swiper-slide-image\" src=\"https:\/\/boswindor.com\/wp-content\/uploads\/2025\/01\/Boswindor-Factory-Manufacturing-Windows-7.jpg\" alt=\"Boswindor gy\u00e1r Windows 7-et gy\u00e1rt\" \/><\/figure><\/div><div class=\"swiper-slide\" role=\"group\" aria-roledescription=\"slide\" aria-label=\"2 \/ 9\"><figure class=\"swiper-slide-inner\"><img decoding=\"async\" class=\"swiper-slide-image\" src=\"https:\/\/boswindor.com\/wp-content\/uploads\/2025\/01\/Boswindor-Factory-Manufacturing-Windows-8.jpg\" alt=\"Boswindor gy\u00e1r Windows 8-at gy\u00e1rt\" \/><\/figure><\/div><div class=\"swiper-slide\" role=\"group\" aria-roledescription=\"slide\" aria-label=\"3 \/ 9\"><figure class=\"swiper-slide-inner\"><img decoding=\"async\" class=\"swiper-slide-image\" src=\"https:\/\/boswindor.com\/wp-content\/uploads\/2025\/01\/Install-New-Construction-Windows-1.jpg\" alt=\"\u00daj \u00e9p\u00edt\u00e9s\u0171 ablakok telep\u00edt\u00e9se\" \/><\/figure><\/div><div class=\"swiper-slide\" role=\"group\" aria-roledescription=\"slide\" aria-label=\"4 \/ 9\"><figure class=\"swiper-slide-inner\"><img decoding=\"async\" class=\"swiper-slide-image\" src=\"https:\/\/boswindor.com\/wp-content\/uploads\/2025\/01\/Boswindor-Factory-Manufacturing-Windows-1.jpg\" alt=\"Boswindor gy\u00e1r ablakokat gy\u00e1rt 1\" \/><\/figure><\/div><div class=\"swiper-slide\" role=\"group\" aria-roledescription=\"slide\" aria-label=\"5 \/ 9\"><figure class=\"swiper-slide-inner\"><img decoding=\"async\" class=\"swiper-slide-image\" src=\"https:\/\/boswindor.com\/wp-content\/uploads\/2025\/01\/Boswindor-Factory-Manufacturing-Windows-2.jpg\" alt=\"Boswindor gy\u00e1r Windows 2 gy\u00e1rt\u00e1sa\" \/><\/figure><\/div><div class=\"swiper-slide\" role=\"group\" aria-roledescription=\"slide\" aria-label=\"6 \/ 9\"><figure class=\"swiper-slide-inner\"><img decoding=\"async\" class=\"swiper-slide-image\" src=\"https:\/\/boswindor.com\/wp-content\/uploads\/2025\/01\/Boswindor-Factory-Manufacturing-Windows-3.jpg\" alt=\"Boswindor gy\u00e1r Windows 3 gy\u00e1rt\u00e1sa\" \/><\/figure><\/div><div class=\"swiper-slide\" role=\"group\" aria-roledescription=\"slide\" aria-label=\"7 \/ 9\"><figure class=\"swiper-slide-inner\"><img decoding=\"async\" class=\"swiper-slide-image\" src=\"https:\/\/boswindor.com\/wp-content\/uploads\/2025\/01\/Boswindor-Factory-Manufacturing-Windows-4.jpg\" alt=\"Boswindor gy\u00e1r Windows 4-et gy\u00e1rt\" \/><\/figure><\/div><div class=\"swiper-slide\" role=\"group\" aria-roledescription=\"slide\" aria-label=\"8 \/ 9\"><figure class=\"swiper-slide-inner\"><img decoding=\"async\" class=\"swiper-slide-image\" src=\"https:\/\/boswindor.com\/wp-content\/uploads\/2025\/01\/Boswindor-Factory-Manufacturing-Windows-5.jpg\" alt=\"Boswindor gy\u00e1r Windows 5 gy\u00e1rt\u00e1sa\" \/><\/figure><\/div><div class=\"swiper-slide\" role=\"group\" aria-roledescription=\"slide\" aria-label=\"9 \/ 9\"><figure class=\"swiper-slide-inner\"><img decoding=\"async\" class=\"swiper-slide-image\" src=\"https:\/\/boswindor.com\/wp-content\/uploads\/2025\/01\/Boswindor-Factory-Manufacturing-Windows-6.jpg\" alt=\"Boswindor gy\u00e1r Windows 6-ot gy\u00e1rt\" \/><\/figure><\/div>\t\t\t<\/div>\n\t\t\t\t\t\t\t\t\t\t\t\t<div class=\"elementor-swiper-button elementor-swiper-button-prev\" role=\"button\" tabindex=\"0\">\n\t\t\t\t\t\t<svg aria-hidden=\"true\" class=\"e-font-icon-svg e-eicon-chevron-left\" viewbox=\"0 0 1000 1000\" xmlns=\"http:\/\/www.w3.org\/2000\/svg\"><path d=\"M646 125C629 125 613 133 604 142L308 442C296 454 292 471 292 487 292 504 296 521 308 533L604 854C617 867 629 875 646 875 663 875 679 871 692 858 704 846 713 829 713 812 713 796 708 779 692 767L438 487 692 225C700 217 708 204 708 187 708 171 704 154 692 142 675 129 663 125 646 125Z\"><\/path><\/svg>\t\t\t\t\t<\/div>\n\t\t\t\t\t<div class=\"elementor-swiper-button elementor-swiper-button-next\" role=\"button\" tabindex=\"0\">\n\t\t\t\t\t\t<svg aria-hidden=\"true\" class=\"e-font-icon-svg e-eicon-chevron-right\" viewbox=\"0 0 1000 1000\" xmlns=\"http:\/\/www.w3.org\/2000\/svg\"><path d=\"M696 533C708 521 713 504 713 487 713 471 708 454 696 446L400 146C388 133 375 125 354 125 338 125 325 129 313 142 300 154 292 171 292 187 292 204 296 221 308 233L563 492 304 771C292 783 288 800 288 817 288 833 296 850 308 863 321 871 338 875 354 875 371 875 388 867 400 854L696 533Z\"><\/path><\/svg>\t\t\t\t\t<\/div>\n\t\t\t\t\n\t\t\t\t\t\t\t\t\t<div class=\"swiper-pagination\"><\/div>\n\t\t\t\t\t\t\t\t\t<\/div>\n\t\t\t\t\t\t<\/div>\n\t\t\t\t<\/div>\n\t\t\t\t<div class=\"elementor-element elementor-element-7cd9127 elementor-align-center elementor-widget elementor-widget-button\" data-id=\"7cd9127\" data-element_type=\"widget\" data-e-type=\"widget\" data-widget_type=\"button.default\">\n\t\t\t\t<div class=\"elementor-widget-container\">\n\t\t\t\t\t\t\t\t\t<div class=\"elementor-button-wrapper\">\n\t\t\t\t\t<a class=\"elementor-button elementor-button-link elementor-size-sm\" href=\"https:\/\/boswindor.com\/hu\/contact-us\/\">\n\t\t\t\t\t\t<span class=\"elementor-button-content-wrapper\">\n\t\t\t\t\t\t\t\t\t<span class=\"elementor-button-text\">K\u00e9rjen ingyenes \u00e1raj\u00e1nlatot most<\/span>\n\t\t\t\t\t<\/span>\n\t\t\t\t\t<\/a>\n\t\t\t\t<\/div>\n\t\t\t\t\t\t\t\t<\/div>\n\t\t\t\t<\/div>\n\t\t\t\t\t<\/div>\n\t\t\t\t<\/div>\n\t\t\t\t<\/div>\n\t\t\n\n\n\n<h2 class=\"wp-block-heading\">Boswindor: Az \u00d6n partnere az ablakfal-megold\u00e1sok ter\u00e9n<\/h2>\n\n\n\n<p>Boswindor kiv\u00e9teleseket alkot&nbsp;<strong>ablakfal<\/strong>&nbsp;rendszerek, terek \u00e1talak\u00edt\u00e1sa. Mint&nbsp;<strong>alum\u00ednium ablakfal<\/strong>&nbsp;gy\u00e1rt\u00f3kn\u00e1l a technol\u00f3gi\u00e1t \u00e9s a kivitelez\u00e9st a min\u0151s\u00e9g \u00e9s a teljes\u00edtm\u00e9ny \u00e9rdek\u00e9ben egyes\u00edtj\u00fck. A mi\u00e9nk&nbsp;<strong>ablak falai<\/strong>&nbsp;kiv\u00e1l\u00f3&nbsp;<strong>energiahat\u00e9konys\u00e1g<\/strong>,&nbsp;<strong>tart\u00f3ss\u00e1g<\/strong>, \u00e9s az eszt\u00e9tika. A megold\u00e1sokat az \u00d6n tervez\u00e9si \u00e9s teljes\u00edtm\u00e9nyig\u00e9nyei szerint alak\u00edtjuk ki.<\/p>\n\n\n\n<p>A tervez\u00e9st\u0151l a&nbsp;<strong>ablak fal be\u00e9p\u00edt\u00e9se<\/strong>, Boswindor a partnered. Egy\u00fcttm\u0171k\u00f6d\u00fcnk \u00e9p\u00edt\u0151kkel, \u00e9p\u00edt\u00e9szekkel \u00e9s tulajdonosokkal a z\u00f6kken\u0151mentes projektek \u00e9rdek\u00e9ben. Elk\u00f6telezetts\u00e9g\u00fcnk kiterjed az \u00fcgyf\u00e9lszolg\u00e1latra, szak\u00e9rt\u0151i tan\u00e1csad\u00e1sra \u00e9s t\u00e1mogat\u00e1sra. V\u00e1lassza a Boswindort egy olyan partnernek, aki a siker\u00e9be fektetett.&nbsp;<strong>Szerezzen ablakfalakat<\/strong>&nbsp;a sz\u00e9ps\u00e9g, a teljes\u00edtm\u00e9ny \u00e9s az \u00e9rt\u00e9k n\u00f6vel\u00e9se.<\/p>\n\n\n\n<h2 class=\"wp-block-heading\">Gyakran ism\u00e9telt k\u00e9rd\u00e9sek az ablakfalakkal kapcsolatban<\/h2>\n\n\n<div id=\"rank-math-faq\" class=\"rank-math-block\">\n<div class=\"rank-math-list\">\n<div id=\"faq-question-1739348558930\" class=\"rank-math-list-item\">\n<h3 class=\"rank-math-question\"><strong>Energiatakar\u00e9kosak az ablakfalak?<\/strong><\/h3>\n<div class=\"rank-math-answer\">\n\n<p>Igen, modern\u00a0<strong>ablak falai<\/strong>\u00a0magasan vannak\u00a0<strong>energiahat\u00e9kony<\/strong>, melyben\u00a0<strong>dupla vagy h\u00e1romr\u00e9teg\u0171 \u00fcvegez\u00e9s<\/strong>, h\u0151t\u00f6r\u00e9sek \u00e9s alacsony E bevonatok a kiv\u00e1l\u00f3\u00a0<strong>szigetel\u00e9s<\/strong>\u00a0\u00e9s\u00a0<strong>energia<\/strong>\u00a0megtakar\u00edt\u00e1s.<\/p>\n\n<\/div>\n<\/div>\n<div id=\"faq-question-1739348568928\" class=\"rank-math-list-item\">\n<h3 class=\"rank-math-question\"><strong>Testreszabhat\u00f3k az ablakfalak?<\/strong><\/h3>\n<div class=\"rank-math-answer\">\n\n<p>Teljesen!\u00a0<strong>Ablakfalak<\/strong>\u00a0remek aj\u00e1nlat\u00a0<strong>tervez\u00e9si rugalmass\u00e1g<\/strong>\u00a0\u00e9s testreszab\u00e1s m\u00e9retben, form\u00e1ban,\u00a0<strong>\u00fcvegez\u00e9s<\/strong>, v\u00e1zkik\u00e9sz\u00edt\u00e9sek, \u00e9s\u00a0<strong>m\u0171k\u00f6dtethet\u0151 ablakok<\/strong>. A Boswindor szem\u00e9lyre szabott megold\u00e1sokat k\u00edn\u00e1l.<\/p>\n\n<\/div>\n<\/div>\n<div id=\"faq-question-1739348578755\" class=\"rank-math-list-item\">\n<h3 class=\"rank-math-question\"><strong>Lak\u00f3- \u00e9s kereskedelmi \u00e9p\u00fcletek ablakfalai?<\/strong><\/h3>\n<div class=\"rank-math-answer\">\n\n<p>Igen,\u00a0<strong>ablak falai<\/strong>\u00a0mindkett\u0151 sz\u00e1m\u00e1ra sokoldal\u00faak\u00a0<strong>lakoss\u00e1gi \u00e9s kereskedelmi<\/strong>\u00a0felhaszn\u00e1l\u00e1sok, otthonok, sz\u00e1llod\u00e1k, irod\u00e1k \u00e9s egyebek fejleszt\u00e9se.<\/p>\n\n<\/div>\n<\/div>\n<div id=\"faq-question-1739348588871\" class=\"rank-math-list-item\">\n<h3 class=\"rank-math-question\"><strong>Hogyan viszonyulnak az ablakfalak a t\u00f6m\u00f6r falakhoz a term\u00e9szetes f\u00e9ny \u00e9rdek\u00e9ben?<\/strong><\/h3>\n<div class=\"rank-math-answer\">\n\n<p><strong>Ablakfalak<\/strong>\u00a0jelent\u0151sen fel\u00fclm\u00falj\u00e1k\u00a0<strong>t\u00f6m\u00f6r falak<\/strong>\u00a0be\u00a0<strong>term\u00e9szetes f\u00e9ny<\/strong>, maximaliz\u00e1l\u00e1sa\u00a0<strong>\u00fcveg<\/strong>\u00a0vil\u00e1gosabb, eg\u00e9szs\u00e9gesebb terek\u00e9rt.\u00a0<strong>Szil\u00e1rd fal<\/strong>\u00a0szakaszok blokkolj\u00e1k a f\u00e9nyt.<\/p>\n\n<\/div>\n<\/div>\n<div id=\"faq-question-1739348603545\" class=\"rank-math-list-item\">\n<h3 class=\"rank-math-question\"><strong>Mi\u00e9rt haszn\u00e1ljunk alum\u00edniumot ablakfalkeretekhez?<\/strong><\/h3>\n<div class=\"rank-math-answer\">\n\n<p><strong>Alum\u00ednium<\/strong>\u00a0miatt ide\u00e1lis keretekhez\u00a0<strong>tart\u00f3ss\u00e1g<\/strong>, szil\u00e1rds\u00e1g, k\u00f6nny\u0171 s\u00faly \u00e9s korr\u00f3zi\u00f3\u00e1ll\u00f3s\u00e1g.\u00a0<strong>Alum\u00ednium ablakfalak<\/strong>\u00a0hossz\u00fa \u00e9lettartam\u00faak, eleg\u00e1nsak \u00e9s fenntarthat\u00f3ak.<\/p>\n\n<\/div>\n<\/div>\n<div id=\"faq-question-1739348622879\" class=\"rank-math-list-item\">\n<h3 class=\"rank-math-question\"><strong>Hogyan integr\u00e1lhat\u00f3k a m\u0171k\u00f6d\u0151 ablakok?<\/strong><\/h3>\n<div class=\"rank-math-answer\">\n\n<p><strong>M\u0171k\u00f6dtet\u0151 ablakok<\/strong>\u00a0z\u00f6kken\u0151mentesen integr\u00e1lhat\u00f3\u00a0<strong>ablak falrendszerek<\/strong>\u00a0a  oldalon.\u00a0<strong>szell\u0151z\u00e9s<\/strong>. A tok, a napellenz\u0151 \u00e9s a garat st\u00edlusok kompromisszumok n\u00e9lk\u00fcl be\u00e9p\u00edthet\u0151k\u00a0<strong>ablak megjelen\u00e9se<\/strong>\u00a0vagy\u00a0<strong>energiahat\u00e9konys\u00e1g<\/strong>.<\/p>\n\n<\/div>\n<\/div>\n<\/div>\n<\/div>\n\n\n<h2 class=\"wp-block-heading\">A legfontosabb tudnival\u00f3k: Az \u00e9p\u00fclettervez\u00e9s j\u00f6v\u0151je<\/h2>\n\n\n\n<figure class=\"wp-block-image size-large\"><img loading=\"lazy\" decoding=\"async\" width=\"1024\" height=\"536\" src=\"https:\/\/boswindor.com\/wp-content\/uploads\/2024\/12\/Your-Top-3-Windows-Doors-Manufacturer-from-China-1024x536.jpg\" alt=\"\" class=\"wp-image-948\" srcset=\"https:\/\/boswindor.com\/wp-content\/uploads\/2024\/12\/Your-Top-3-Windows-Doors-Manufacturer-from-China-1024x536.jpg 1024w, https:\/\/boswindor.com\/wp-content\/uploads\/2024\/12\/Your-Top-3-Windows-Doors-Manufacturer-from-China-300x157.jpg 300w, https:\/\/boswindor.com\/wp-content\/uploads\/2024\/12\/Your-Top-3-Windows-Doors-Manufacturer-from-China-768x402.jpg 768w, https:\/\/boswindor.com\/wp-content\/uploads\/2024\/12\/Your-Top-3-Windows-Doors-Manufacturer-from-China-18x9.jpg 18w, https:\/\/boswindor.com\/wp-content\/uploads\/2024\/12\/Your-Top-3-Windows-Doors-Manufacturer-from-China.jpg 1200w\" sizes=\"(max-width: 1024px) 100vw, 1024px\" \/><figcaption class=\"wp-element-caption\">A 3 legjobb egyedi ablak- \u00e9s ajt\u00f3gy\u00e1rt\u00f3 K\u00edn\u00e1b\u00f3l<\/figcaption><\/figure>\n\n\n\n<ul class=\"wp-block-list\">\n<li><strong>Maximaliz\u00e1lja a term\u00e9szetes f\u00e9nyt:<\/strong>&nbsp;<strong>Ablakfalak<\/strong>&nbsp;hozzon b\u0151s\u00e9gesen&nbsp;<strong>term\u00e9szetes f\u00e9ny<\/strong>&nbsp;fedett.<\/li>\n\n\n\n<li><strong>Az energiahat\u00e9konys\u00e1g n\u00f6vel\u00e9se:<\/strong>\u00a0<a href=\"https:\/\/boswindor.com\/hu\/modern-windows-and-doors-elevate-your-home-with-boswindor-windows\/\"><mark style=\"background-color:rgba(0, 0, 0, 0);color:#ab6f00\" class=\"has-inline-color\">Modern\u00a0<strong>ablak<\/strong><\/mark><\/a><strong> falak<\/strong>\u00a0jav\u00edtani\u00a0<strong>h\u0151teljes\u00edtm\u00e9ny<\/strong>\u00a0\u00e9s cs\u00f6kkenti az energiak\u00f6lts\u00e9geket.<\/li>\n\n\n\n<li><strong>Leny\u0171g\u00f6z\u0151 eszt\u00e9tika el\u00e9r\u00e9se:<\/strong>&nbsp;<strong>Ablakfalak<\/strong>&nbsp;eleg\u00e1ns megjelen\u00e9st biztos\u00edt,&nbsp;<strong>z\u00f6kken\u0151mentes<\/strong>, modern \u00e9p\u00fclet megjelen\u00e9s.<\/li>\n\n\n\n<li><strong>\u00c9lvezze a tervez\u00e9si rugalmass\u00e1got:<\/strong>&nbsp;<strong>Ablakfalak<\/strong>&nbsp;k\u00fcl\u00f6nb\u00f6z\u0151 st\u00edlusokhoz testreszabhat\u00f3k.<\/li>\n\n\n\n<li><strong>Az ingatlan \u00e9rt\u00e9k\u00e9nek n\u00f6vel\u00e9se:<\/strong>&nbsp;<strong>Ablakfalak<\/strong>&nbsp;fokozza az eszt\u00e9tik\u00e1t, a funkci\u00f3t \u00e9s&nbsp;<strong>energiahat\u00e9konys\u00e1g<\/strong>, hozz\u00e1adott \u00e9rt\u00e9ket.<\/li>\n\n\n\n<li><strong>V\u00e1lassza a Boswindort:<\/strong>&nbsp;Partner a Boswindorral&nbsp;<strong>kiv\u00e1l\u00f3 min\u0151s\u00e9g\u0171 ablakfal<\/strong>&nbsp;megold\u00e1sokat.<\/li>\n<\/ul>\n\n\n\n<p><strong>K\u00e9szen \u00e1ll arra, hogy \u00e1talak\u00edtsa projektj\u00e9t a Boswindor ablakfalakkal? <a href=\"https:\/\/boswindor.com\/hu\/contact-us\/\"><mark style=\"background-color:rgba(0, 0, 0, 0);color:#ff4f01\" class=\"has-inline-color\">L\u00e9pjen kapcsolatba vel\u00fcnk m\u00e9g ma<\/mark><\/a> hogy megtudja, mik\u00e9nt jav\u00edthatj\u00e1k rendszereink az \u00d6n tervez\u00e9s\u00e9t \u00e9s teljes\u00edtm\u00e9ny\u00e9t.<\/strong><\/p>","protected":false},"excerpt":{"rendered":"<p>Fedezze fel az ablakfalak \u00e1talak\u00edt\u00f3 erej\u00e9t! Ez az \u00e1tfog\u00f3 \u00fatmutat\u00f3 felt\u00e1rja az ablakfalrendszerek alapjait, \u00e9s felt\u00e1rja, mi\u00e9rt ide\u00e1lis v\u00e1laszt\u00e1s a modern \u00e9p\u00edt\u00e9si \u00e9s fel\u00faj\u00edt\u00e1si projektekhez. <\/p>\n<p>Tanulja meg, hogyan jav\u00edthatja a term\u00e9szetes f\u00e9nyt, n\u00f6velheti az energiahat\u00e9konys\u00e1got, \u00e9s hogyan \u00e9rhet el leny\u0171g\u00f6z\u0151 eszt\u00e9tik\u00e1t az ablakfalakkal a Boswindort\u00f3l, megb\u00edzhat\u00f3 gy\u00e1rt\u00f3 partner\u00e9t\u0151l.<\/p>","protected":false},"author":3,"featured_media":1845,"comment_status":"open","ping_status":"open","sticky":false,"template":"","format":"standard","meta":{"footnotes":""},"categories":[10],"tags":[],"class_list":["post-1840","post","type-post","status-publish","format-standard","has-post-thumbnail","hentry","category-windows-doors"],"blocksy_meta":[],"_links":{"self":[{"href":"https:\/\/boswindor.com\/hu\/wp-json\/wp\/v2\/posts\/1840","targetHints":{"allow":["GET"]}}],"collection":[{"href":"https:\/\/boswindor.com\/hu\/wp-json\/wp\/v2\/posts"}],"about":[{"href":"https:\/\/boswindor.com\/hu\/wp-json\/wp\/v2\/types\/post"}],"author":[{"embeddable":true,"href":"https:\/\/boswindor.com\/hu\/wp-json\/wp\/v2\/users\/3"}],"replies":[{"embeddable":true,"href":"https:\/\/boswindor.com\/hu\/wp-json\/wp\/v2\/comments?post=1840"}],"version-history":[{"count":5,"href":"https:\/\/boswindor.com\/hu\/wp-json\/wp\/v2\/posts\/1840\/revisions"}],"predecessor-version":[{"id":1864,"href":"https:\/\/boswindor.com\/hu\/wp-json\/wp\/v2\/posts\/1840\/revisions\/1864"}],"wp:featuredmedia":[{"embeddable":true,"href":"https:\/\/boswindor.com\/hu\/wp-json\/wp\/v2\/media\/1845"}],"wp:attachment":[{"href":"https:\/\/boswindor.com\/hu\/wp-json\/wp\/v2\/media?parent=1840"}],"wp:term":[{"taxonomy":"category","embeddable":true,"href":"https:\/\/boswindor.com\/hu\/wp-json\/wp\/v2\/categories?post=1840"},{"taxonomy":"post_tag","embeddable":true,"href":"https:\/\/boswindor.com\/hu\/wp-json\/wp\/v2\/tags?post=1840"}],"curies":[{"name":"munkaf\u00fczet","href":"https:\/\/api.w.org\/{rel}","templated":true}]}}