{"id":1636,"date":"2025-02-06T19:10:00","date_gmt":"2025-02-07T03:10:00","guid":{"rendered":"https:\/\/boswindor.com\/?p=1636"},"modified":"2025-04-24T01:33:47","modified_gmt":"2025-04-24T09:33:47","slug":"bifold-windows-folding-window-and-door-solutions","status":"publish","type":"post","link":"https:\/\/boswindor.com\/hu\/bifold-windows-folding-window-and-door-solutions\/","title":{"rendered":"K\u00e9tszeres ablakok: \u00f6sszecsukhat\u00f3 ablakok \u00e9s ajt\u00f3k megold\u00e1sai otthona nyit\u00e1s\u00e1hoz"},"content":{"rendered":"<h2 class=\"wp-block-heading\">Mi\u00e9rt nyitj\u00e1k meg gy\u00f6ny\u00f6r\u0171en a k\u00e9toldalas ablakok otthon\u00e1t?<\/h2>\n\n\n\n<figure class=\"wp-block-image size-full\"><img fetchpriority=\"high\" decoding=\"async\" width=\"920\" height=\"502\" src=\"https:\/\/boswindor.com\/wp-content\/uploads\/2025\/02\/Bifold-Windows-for-Kitchen.jpg\" alt=\"\" class=\"wp-image-1640\" srcset=\"https:\/\/boswindor.com\/wp-content\/uploads\/2025\/02\/Bifold-Windows-for-Kitchen.jpg 920w, https:\/\/boswindor.com\/wp-content\/uploads\/2025\/02\/Bifold-Windows-for-Kitchen-300x164.jpg 300w, https:\/\/boswindor.com\/wp-content\/uploads\/2025\/02\/Bifold-Windows-for-Kitchen-768x419.jpg 768w, https:\/\/boswindor.com\/wp-content\/uploads\/2025\/02\/Bifold-Windows-for-Kitchen-18x10.jpg 18w\" sizes=\"(max-width: 920px) 100vw, 920px\" \/><figcaption class=\"wp-element-caption\">K\u00e9tszeres ablakok a konyh\u00e1ba<\/figcaption><\/figure>\n\n\n\n<p>K\u00e9szen \u00e1llsz l\u00e1tni a\u00a0<strong>forradalom az \u00faton<\/strong>\u00a0otthonokat tervez\u00fcnk?\u00a0<strong>K\u00e9tszeres ablakok<\/strong>, n\u00e9ha h\u00edvj\u00e1k\u00a0<strong>k\u00e9t \u00f6sszecsukhat\u00f3 ablakok<\/strong>\u00a0vagy\u00a0<strong><a href=\"https:\/\/boswindor.com\/hu\/windows-types\/folding-window\/\">\u00f6sszecsukhat\u00f3 ablakok<\/a><\/strong>, olyanok, mint a var\u00e1zslat a falai sz\u00e1m\u00e1ra. Ezek egyfajta\u00a0<strong>ablak \u00e9s ajt\u00f3<\/strong>\u00a0ez az\u00a0<strong>most forradalmat teremt<\/strong>\u00a0abban, hogy mik\u00e9nt gondolkodunk az \u00e9p\u00fcletekr\u0151l. A szok\u00e1sost\u00f3l elt\u00e9r\u0151en\u00a0<strong>ablaksz\u00e1rny<\/strong>\u00a0vagy\u00a0<strong>ablaksz\u00e1rny<\/strong>\u00a0ablakok,\u00a0<strong>k\u00e9tir\u00e1ny\u00fa ablakok<\/strong>\u00a0haszn\u00e1lj egy okosat\u00a0<strong>kett\u00e9hajthat\u00f3<\/strong>\u00a0rendszer. Ez azt jelenti, hogy a\u00a0<strong>ablakt\u00e1bl\u00e1k<\/strong>\u00a0tud\u00a0<strong>hajtsd vissza<\/strong>\u00a0sz\u00e9pen \u00e9s\u00a0<strong>egyik oldalra halmozzuk<\/strong>, hatalmas ny\u00edl\u00e1st csin\u00e1lva a falon.<\/p>\n\n\n\n<p>K\u00e9pzelje el, hogy konyh\u00e1j\u00e1t a&nbsp;<strong>szerver ablak<\/strong>&nbsp;amely k\u00f6zvetlen\u00fcl a teraszra ny\u00edlik, vagy a nappali \u00e1raml\u00e1s\u00e1t teszi lehet\u0151v\u00e9&nbsp;<strong>z\u00f6kken\u0151mentes<\/strong>ly a kertedbe.&nbsp;<strong>K\u00e9tszeres ablakok<\/strong>&nbsp;nem csak ablakok;&nbsp;<strong>ez egy diz\u00e1jn<\/strong>&nbsp;v\u00e1laszt\u00e1s, amely tonn\u00e1kat hoz&nbsp;<strong>term\u00e9szetes f\u00e9ny \u00e9s friss leveg\u0151<\/strong>, \u00e9s otthon\u00e1t nagyobbnak \u00e9s f\u00e9nyesebbnek \u00e9rzi. B\u00e1rki sz\u00e1m\u00e1ra t\u00f6k\u00e9letesek \u2013 a h\u00e1ztulajdonosokt\u00f3l kezdve&nbsp;<strong>lak\u00e1sfel\u00faj\u00edt\u00e1s<\/strong>&nbsp;nagy sz\u00e1llodai ingatlanc\u00e9geknek \u2013 akik szeretn\u00e9k a legt\u00f6bbet kihozni ter\u00fckb\u0151l \u00e9s szeretet\u00fckb\u0151l&nbsp;<strong>benti \u00e9s k\u00fclt\u00e9ri \u00e9letvitel<\/strong>. Villatulajdonosok \u00e9s sz\u00e1llodai beszerz\u00e9si menedzserek sz\u00e1m\u00e1ra,&nbsp;<strong>k\u00e9tir\u00e1ny\u00fa ablakok<\/strong>&nbsp;adjon hozz\u00e1 egy csipetnyi luxust \u00e9s modern st\u00edlust, amelyet a vend\u00e9gek igaz\u00e1n \u00e9rt\u00e9kelni fognak.<\/p>\n\n\n\n<h2 class=\"wp-block-heading\">Milyen csod\u00e1latos Bifold ablakfunkci\u00f3kat \u00e9rdemes tudni?<\/h2>\n\n\n\n<figure class=\"wp-block-image size-full\"><img decoding=\"async\" width=\"920\" height=\"502\" src=\"https:\/\/boswindor.com\/wp-content\/uploads\/2025\/02\/Bifold-Windows-for-Broad-Field-of-Vision.jpg\" alt=\"\" class=\"wp-image-1642\" srcset=\"https:\/\/boswindor.com\/wp-content\/uploads\/2025\/02\/Bifold-Windows-for-Broad-Field-of-Vision.jpg 920w, https:\/\/boswindor.com\/wp-content\/uploads\/2025\/02\/Bifold-Windows-for-Broad-Field-of-Vision-300x164.jpg 300w, https:\/\/boswindor.com\/wp-content\/uploads\/2025\/02\/Bifold-Windows-for-Broad-Field-of-Vision-768x419.jpg 768w, https:\/\/boswindor.com\/wp-content\/uploads\/2025\/02\/Bifold-Windows-for-Broad-Field-of-Vision-18x10.jpg 18w\" sizes=\"(max-width: 920px) 100vw, 920px\" \/><figcaption class=\"wp-element-caption\">K\u00e9tszeres ablakok a sz\u00e9les l\u00e1t\u00f3mez\u0151\u00e9rt<\/figcaption><\/figure>\n\n\n\n<p>Sz\u00f3val, mit\u0151l a&nbsp;<strong>k\u00e9t \u00f6sszecsukhat\u00f3 ablak<\/strong>&nbsp;olyan k\u00fcl\u00f6nleges? Nem csak arr\u00f3l van sz\u00f3, hogy hogyan&nbsp;<strong>\u00f6sszecsukhat\u00f3<\/strong>&nbsp;el;&nbsp;<strong>bifold ablak jellemz\u0151i<\/strong>&nbsp;arr\u00f3l sz\u00f3lnak, hogy jobb\u00e1 tegy\u00e9k az \u00e9letedet \u00e9s szebb\u00e9 tedd az otthonodat. Az egyik legjobb dolog az&nbsp;<strong>akad\u00e1lytalan kil\u00e1t\u00e1s<\/strong>. Amikor&nbsp;<strong>k\u00e9t \u00f6sszecsukhat\u00f3 ablakok<\/strong>&nbsp;teljesen nyitottak, nincsenek&nbsp;<strong>ablaksz\u00e1rny<\/strong>&nbsp;keretek akad\u00e1lyozz\u00e1k a l\u00e1t\u00e1st, \u00e9s sz\u00e9les, ny\u00edlt r\u00e1l\u00e1t\u00e1st biztos\u00edtanak arra, ami k\u00edv\u00fcl van. Ez fantasztikus, ha van egy gy\u00f6ny\u00f6r\u0171 kertje, egy leny\u0171g\u00f6z\u0151 t\u00e1j, vagy ak\u00e1r egy \u00e9l\u00e9nk v\u00e1rosi kil\u00e1t\u00e1s.<\/p>\n\n\n\n<p>R\u00e1ad\u00e1sul a mai\u00a0<strong>k\u00e9t \u00f6sszecsukhat\u00f3 ablak<\/strong>\u00a0szuperek a tervek\u00a0<strong>energiahat\u00e9kony<\/strong>. Itt at <a href=\"https:\/\/boswindor.com\/hu\/contact-us\/\">Boswindor<\/a>, tudjuk, mennyire fontos az energiatakar\u00e9koss\u00e1g \u00e9s a k\u00e9nyelem. Ez\u00e9rt a mi\u00e9nk\u00a0<strong>j\u00f6nnek az ablakok<\/strong>\u00a0a  c\u00edmen\u00a0<strong>fejlett \u00fcvegez\u00e9si lehet\u0151s\u00e9gek<\/strong>, mint pl\u00a0<strong>low-e<\/strong>\u00a0\u00fcveg. Ez a speci\u00e1lis \u00fcveg seg\u00edt kint tartani a h\u0151t ny\u00e1ron \u00e9s t\u00e9len, \u00e9s v\u00e9di \u00d6nt is\u00a0<strong>bels\u0151<\/strong>\u00a0a k\u00e1rost\u00f3l\u00a0<strong>uv sugarak<\/strong>\u00a0a\u00a0<strong>nap\u00e9<\/strong>\u00a0sugarak. Er\u0151ssel\u00a0<strong>alum\u00ednium bor\u00edt\u00e1s\u00fa<\/strong>\u00a0vagy\u00a0<strong>csupa fa<\/strong>\u00a0keretek,\u00a0<strong>k\u00e9t \u00f6sszecsukhat\u00f3 ablakok<\/strong>\u00a0seg\u00edt otthona hangulatos meg\u0151rz\u00e9s\u00e9ben eg\u00e9sz \u00e9vben, \u00edgy p\u00e9nzt takar\u00edthat meg az energiasz\u00e1ml\u00e1kon. Az extra biztons\u00e1g \u00e9rdek\u00e9ben pedig a\u00a0<strong>t\u00f6bbpontos z\u00e1rrendszer<\/strong>\u00a0gondoskodik arr\u00f3l, hogy otthona biztons\u00e1gban legyen.<\/p>\n\n\n\n<h2 class=\"wp-block-heading\">Hogyan t\u00fckr\u00f6zi az egy\u00e9ni, k\u00e9toldalas ablakok az \u00d6n szem\u00e9lyes st\u00edlus\u00e1t?<\/h2>\n\n\n\n<figure class=\"wp-block-image size-full\"><img decoding=\"async\" width=\"920\" height=\"502\" src=\"https:\/\/boswindor.com\/wp-content\/uploads\/2025\/02\/Custom-Bifold-Windows.jpg\" alt=\"\" class=\"wp-image-1644\" srcset=\"https:\/\/boswindor.com\/wp-content\/uploads\/2025\/02\/Custom-Bifold-Windows.jpg 920w, https:\/\/boswindor.com\/wp-content\/uploads\/2025\/02\/Custom-Bifold-Windows-300x164.jpg 300w, https:\/\/boswindor.com\/wp-content\/uploads\/2025\/02\/Custom-Bifold-Windows-768x419.jpg 768w, https:\/\/boswindor.com\/wp-content\/uploads\/2025\/02\/Custom-Bifold-Windows-18x10.jpg 18w\" sizes=\"(max-width: 920px) 100vw, 920px\" \/><figcaption class=\"wp-element-caption\">Egyedi Bifold Windows<\/figcaption><\/figure>\n\n\n\n<p>Szeretn\u00e9, hogy otthona val\u00f3ban megmutassa egyedi \u00edzl\u00e9s\u00e9t?\u00a0<strong><a href=\"https:\/\/boswindor.com\/hu\/large-custom-windows-discover-boswindors-premium-custom-window-solutions\/\">Egyedi k\u00e9tir\u00e1ny\u00fa ablakok<\/a><\/strong>\u00a0a Boswindort\u00f3l megengedte\u00a0<strong>megrendel<\/strong>\u00a0pontosan azt. Meg\u00e9rtj\u00fck, hogy minden \u00e9p\u00fclet\u00a0<strong>projekt egyedi ig\u00e9nyeit<\/strong>, \u00e9s ez\u00e9rt nem csak szabv\u00e1nyos ablakokat \u00e1rulunk. Helyette,\u00a0<strong>bifold ablak egyedi<\/strong>\u00a0csak neked k\u00e9sz\u00fclt, pontosan az \u00d6n ig\u00e9nyei szerint\u00a0<strong>sz\u00e9less\u00e9ge \u00e9s magass\u00e1ga<\/strong>\u00a0m\u00e9r\u00e9sek. Ez biztos\u00edtja, hogy t\u00f6k\u00e9letesen illeszkedjenek, \u00e9s csod\u00e1latosan n\u00e9znek ki az \u00d6n helyis\u00e9g\u00e9ben.<\/p>\n\n\n\n<p>A&nbsp;<strong>tervez\u00e9si lehet\u0151s\u00e9gek<\/strong>&nbsp;a  oldalon.&nbsp;<strong>egyedi bifold ablakok<\/strong>&nbsp;szinte v\u00e9gtelen, \u00edgy val\u00f3ban&nbsp;<strong>minden r\u00e9sz\u00e9t ir\u00e1ny\u00edtani<\/strong>&nbsp;a megjelen\u00e9sr\u0151l. Ak\u00e1r az eleg\u00e1ns, modern megjelen\u00e9st, ak\u00e1r valami klasszikusabbat szereti, mi megval\u00f3s\u00edtjuk. V\u00e1lasszon a k\u00fcl\u00f6nb\u00f6z\u0151 keretanyagok k\u00f6z\u00fcl, p\u00e9ld\u00e1ul er\u0151s&nbsp;<strong>er\u0151s alum\u00ednium<\/strong>, meleg&nbsp;<strong>gy\u00f6ny\u00f6r\u0171 fa<\/strong>, vagy&nbsp;<strong>alum\u00ednium bor\u00edt\u00e1s\u00fa<\/strong>&nbsp;fa mindk\u00e9t vil\u00e1g legjobbjai\u00e9rt. V\u00e1laszd ki a kedvencedet&nbsp;<strong>fafajt\u00e1k<\/strong>&nbsp;hogy megfeleljen a ti\u00e9dnek&nbsp;<strong>bels\u0151<\/strong>&nbsp;tervez\u00e9s. V\u00e1lassza ki a k\u00edv\u00e1nt sz\u00ednt, \u00e9s mi gondoskodunk r\u00f3la, hogy kiv\u00e1l\u00f3an tart\u00f3s legyen&nbsp;<strong>sz\u00edntart\u00e1s<\/strong>. M\u00e9g olyan r\u00e9szleteket is szem\u00e9lyre szabhat, mint pl&nbsp;<strong>osztott f\u00e9nyek<\/strong>&nbsp;\u00e9s&nbsp;<strong>r\u00e1csok<\/strong>&nbsp;hogy a pontos legyen&nbsp;<strong>ablak st\u00edlus<\/strong>&nbsp;te ut\u00e1naj\u00e1rsz. A Boswindor seg\u00edts\u00e9g\u00e9vel minden r\u00e9szletet megtervezhet, alkothat&nbsp;<strong>k\u00e9tir\u00e1ny\u00fa ablakok<\/strong>&nbsp;amelyek val\u00f3ban&nbsp;<strong>szem\u00e9lyre szabottan neked\u2026<\/strong>.<\/p>\n\n\n\n<h2 class=\"wp-block-heading\">Bi-folding vs. norm\u00e1l ablakrendszerek: mi a val\u00f3di k\u00fcl\u00f6nbs\u00e9g?<\/h2>\n\n\n\n<figure class=\"wp-block-image size-full\"><img loading=\"lazy\" decoding=\"async\" width=\"920\" height=\"502\" src=\"https:\/\/boswindor.com\/wp-content\/uploads\/2025\/02\/Bi-Folding-Windows-for-Modern-Villa.jpg\" alt=\"\" class=\"wp-image-1647\" srcset=\"https:\/\/boswindor.com\/wp-content\/uploads\/2025\/02\/Bi-Folding-Windows-for-Modern-Villa.jpg 920w, https:\/\/boswindor.com\/wp-content\/uploads\/2025\/02\/Bi-Folding-Windows-for-Modern-Villa-300x164.jpg 300w, https:\/\/boswindor.com\/wp-content\/uploads\/2025\/02\/Bi-Folding-Windows-for-Modern-Villa-768x419.jpg 768w, https:\/\/boswindor.com\/wp-content\/uploads\/2025\/02\/Bi-Folding-Windows-for-Modern-Villa-18x10.jpg 18w\" sizes=\"(max-width: 920px) 100vw, 920px\" \/><figcaption class=\"wp-element-caption\">K\u00e9tszeresen \u00f6sszecsukhat\u00f3 ablakok modern vill\u00e1hoz<\/figcaption><\/figure>\n\n\n\n<p>Amikor \u00fajat v\u00e1lasztasz\u00a0<strong>ablakok \u00e1llnak rendelkez\u00e9sre<\/strong>\u00a0egy \u00e9p\u00fclet eset\u00e9ben felmer\u00fclhet a k\u00e9rd\u00e9s, hogyan\u00a0<strong>kett\u00e9hajthat\u00f3<\/strong>\u00a0rendszerek\u00a0<strong>Hasonl\u00edtsa \u00f6ssze a k\u00e9tir\u00e1ny\u00fa ablakokat<\/strong>\u00a0a rendesekhez. Szab\u00e1lyos\u00a0<strong>ablakrendszerek<\/strong>, tetszik\u00a0<a href=\"https:\/\/boswindor.com\/hu\/windows-types\/casement-window\/\"><strong>ablaksz\u00e1rny<\/strong>\u00a0ablakokat<\/a> amelyek fel-le cs\u00fasztathat\u00f3 nyithat\u00f3 vagy dupla f\u00fcgg\u0151 ablakok, kerettel \u00e9s\u00a0<strong>ablaksz\u00e1rny<\/strong>\u00a0amelyek nyitott \u00e1llapotban is helyet foglalnak. Korl\u00e1tozhatj\u00e1k az ablak kinyit\u00e1s\u00e1nak m\u00e9rt\u00e9k\u00e9t, \u00e9s blokkolhatj\u00e1k a n\u00e9zet egy r\u00e9sz\u00e9t.<\/p>\n\n\n\n<p>De&nbsp;<strong>k\u00e9t \u00f6sszecsukhat\u00f3 ablakok<\/strong>&nbsp;k\u00fcl\u00f6nb\u00f6znek. Az \u0151 k\u00fcl\u00f6nlegess\u00e9g\u00fck&nbsp;<strong>\u00f6sszecsukhat\u00f3<\/strong>&nbsp;A nyit\u00e1s m\u00f3dja sokkal nagyobb ny\u00edl\u00e1sok l\u00e9trehoz\u00e1s\u00e1t teszi lehet\u0151v\u00e9, n\u00e9ha olyan sz\u00e9lesek, mint&nbsp;<strong>23 l\u00e1b sz\u00e9les<\/strong>&nbsp;\u00e9s&nbsp;<strong>7 l\u00e1b magas<\/strong>, -val&nbsp;<strong>t\u00f6bb mint 8 paneles<\/strong>. Ez \u00f3ri\u00e1si k\u00fcl\u00f6nbs\u00e9get jelent, szinte kit\u00f6rli a falat a kett\u0151 k\u00f6z\u00f6tt&nbsp;<strong>bels\u0151<\/strong>&nbsp;\u00e9s&nbsp;<strong>k\u00fcls\u0151<\/strong>. Gondoljon bele, mi a k\u00fcl\u00f6nbs\u00e9g ak\u00f6z\u00f6tt, hogy bes\u00e9t\u00e1l az ajt\u00f3n, \u00e9s ha az eg\u00e9sz fal elt\u0171nik \u2013 ez az&nbsp;<strong>k\u00e9t \u00f6sszecsukhat\u00f3 ablakok<\/strong>&nbsp;megteheti! Plusz,&nbsp;<strong>k\u00e9t \u00f6sszecsukhat\u00f3 ablakok<\/strong>&nbsp;gyakran modernebbnek \u00e9s st\u00edlusosabbnak t\u0171nnek letisztult vonalaikkal \u00e9s&nbsp;<strong>z\u00f6kken\u0151mentes<\/strong>&nbsp;m\u0171k\u00f6d\u00e9se a r\u00e9gebbiekhez k\u00e9pest&nbsp;<strong>ablakrendszerek<\/strong>.<\/p>\n\n\n\n<figure class=\"wp-block-table is-style-stripes\"><table class=\"has-palette-color-5-background-color has-background has-fixed-layout\"><thead><tr><th>Funkci\u00f3<\/th><th>Norm\u00e1l ablakok (sz\u00e1rnyas, dupla f\u00fcgg\u0151)<\/th><th><strong>K\u00e9tir\u00e1ny\u00fa ablakok<\/strong><\/th><\/tr><\/thead><tbody><tr><td>Nyit\u00e1si m\u00e9ret<\/td><td>Keret \u00e9s sz\u00e1rny korl\u00e1tozza<\/td><td>Nagyon nagy, az eg\u00e9sz falat fel tudja nyitni<\/td><\/tr><tr><td>Megtekint\u00e9s nyit\u00e1skor<\/td><td>A sz\u00e1rny blokkolhatja a n\u00e9zet egy r\u00e9sz\u00e9t<\/td><td><strong>Zavartalan kil\u00e1t\u00e1s<\/strong>&nbsp;amikor teljesen nyitva van<\/td><\/tr><tr><td>Helyhaszn\u00e1lat nyitott \u00e1llapotban<\/td><td>Felveheti&nbsp;<strong>bels\u0151<\/strong>&nbsp;vagy&nbsp;<strong>k\u00fcls\u0151<\/strong>&nbsp;t\u00e9r<\/td><td><strong>Halmozd fel az egyik oldalra<\/strong>, minim\u00e1lis helyet foglal el<\/td><\/tr><tr><td>St\u00edlus<\/td><td>Lehet hagyom\u00e1nyos vagy modern<\/td><td>\u00c1ltal\u00e1ban modern \u00e9s eleg\u00e1ns<\/td><\/tr><tr><td><strong>Konfigur\u00e1ci\u00f3<\/strong><\/td><td>Kevesebb lehet\u0151s\u00e9g<\/td><td>Rendk\u00edv\u00fcl rugalmas&nbsp;<strong>konfigur\u00e1ci\u00f3<\/strong>&nbsp;opci\u00f3k<\/td><\/tr><tr><td><strong>Energiatakar\u00e9kos<\/strong>&nbsp;Tervez\u00e9s<\/td><td>Lehet&nbsp;<strong>energiahat\u00e9kony<\/strong><\/td><td>\u00dagy tervezt\u00e9k, hogy magas legyen&nbsp;<strong>energiahat\u00e9kony<\/strong><\/td><\/tr><\/tbody><\/table><\/figure>\n\n\n\n<h2 class=\"wp-block-heading\">K\u00e9tszeresen \u00f6sszehajthat\u00f3 ablak specifik\u00e1ci\u00f3ja: fontos szempontok?<\/h2>\n\n\n\n<figure class=\"wp-block-image size-full\"><img loading=\"lazy\" decoding=\"async\" width=\"920\" height=\"502\" src=\"https:\/\/boswindor.com\/wp-content\/uploads\/2025\/02\/Aluminum-Bifold-Windows.jpg\" alt=\"\" class=\"wp-image-1649\" srcset=\"https:\/\/boswindor.com\/wp-content\/uploads\/2025\/02\/Aluminum-Bifold-Windows.jpg 920w, https:\/\/boswindor.com\/wp-content\/uploads\/2025\/02\/Aluminum-Bifold-Windows-300x164.jpg 300w, https:\/\/boswindor.com\/wp-content\/uploads\/2025\/02\/Aluminum-Bifold-Windows-768x419.jpg 768w, https:\/\/boswindor.com\/wp-content\/uploads\/2025\/02\/Aluminum-Bifold-Windows-18x10.jpg 18w\" sizes=\"(max-width: 920px) 100vw, 920px\" \/><figcaption class=\"wp-element-caption\">Alum\u00ednium k\u00e9toldalas ablakok<\/figcaption><\/figure>\n\n\n\n<p>Haszn\u00e1laton gondolkodik\u00a0<strong>k\u00e9t \u00f6sszecsukhat\u00f3 ablak<\/strong>\u00a0a projektedben? Ismerve a\u00a0<strong>k\u00e9t \u00f6sszecsukhat\u00f3 ablak specifik\u00e1ci\u00f3\u2026<\/strong>\u00a0kulcsfontoss\u00e1g\u00fa a megszerz\u00e9s\u00e9hez\u00a0<strong>legjobb telep\u00edt\u00e9s<\/strong>. El\u0151sz\u00f6r is gondolja \u00e1t a m\u00e9retet \u00e9s\u00a0<strong>konfigur\u00e1ci\u00f3<\/strong>\u00a0sz\u00fcks\u00e9ged van. <a href=\"https:\/\/boswindor.com\/hu\/\">Boswindor<\/a>\u00a0<strong>bifold ablak egyedi<\/strong>\u00a0pontosan az \u00d6n hely\u00e9re k\u00e9sz\u00fclt, \u00edgy ismerve a\u00a0<strong>sz\u00e9less\u00e9ge \u00e9s magass\u00e1ga<\/strong>\u00a0amit akarsz, az az els\u0151 l\u00e9p\u00e9s. D\u00f6ntse el, h\u00e1ny\u00a0<strong>ablakt\u00e1bl\u00e1k<\/strong>\u00a0sz\u00fcks\u00e9ged van r\u00e1juk, \u00e9s ahogy szeretn\u00e9d\u00a0<strong>egyik oldalra halmozzuk<\/strong>\u00a0amikor nyitva vannak.<\/p>\n\n\n\n<p>Ezut\u00e1n fontos a megfelel\u0151 anyag kiv\u00e1laszt\u00e1sa.&nbsp;<strong>Er\u0151s alum\u00ednium<\/strong>&nbsp;A keretekr\u0151l ismert, hogy er\u0151sek, kev\u00e9s karbantart\u00e1st ig\u00e9nyelnek, \u00e9s modern megjelen\u00e9s\u0171ek. Ez kiv\u00e1l\u00f3an alkalmass\u00e1 teszi \u0151ket modern \u00e9p\u00fcletekhez \u00e9s&nbsp;<strong>k\u00fcls\u0151<\/strong>&nbsp;ott haszn\u00e1lj\u00e1k, ahol szembes\u00fclnek az id\u0151j\u00e1r\u00e1ssal.&nbsp;<strong>Kiv\u00e1l\u00f3 fa<\/strong>&nbsp;A keretek melegs\u00e9get \u00e9s term\u00e9szetes sz\u00e9ps\u00e9get hoznak, t\u00f6k\u00e9letesek&nbsp;<strong>bels\u0151<\/strong>&nbsp;olyan terek, amelyek klasszikus, otthonos hangulatot szeretn\u00e9nek.&nbsp;<strong>Alum\u00ednium bor\u00edt\u00e1s\u00fa<\/strong>&nbsp;a fa mindkett\u0151b\u0151l a legjobbat ny\u00fajtja, strapab\u00edr\u00f3val&nbsp;<strong>alum\u00ednium k\u00fcls\u0151<\/strong>&nbsp;v\u00e9delem \u00e9s sz\u00e9p&nbsp;<strong>fa bels\u0151<\/strong>&nbsp;melegs\u00e9g. Gondoljon arra is, hogy a&nbsp;<strong>profilok kiv\u00e1laszt\u00e1sa<\/strong>&nbsp;\u2013 az ablakkeret \u00e9leinek form\u00e1ja \u00e9s st\u00edlusa \u2013 hogy az illeszkedjen az \u00e9p\u00fclet st\u00edlus\u00e1hoz. V\u00e9g\u00fcl fedezze fel&nbsp;<strong>fejlett \u00fcvegez\u00e9si lehet\u0151s\u00e9gek<\/strong>&nbsp;olyan m\u00e1rk\u00e1kt\u00f3l, mint&nbsp;<strong>a pella insulshield\u00ae \u00fcvegkollekci\u00f3ja<\/strong>&nbsp;vagy&nbsp;<strong>Sierra Pacific aj\u00e1nlatok<\/strong>&nbsp;hogy az ablakai olyanok legyenek&nbsp;<strong>energiahat\u00e9kony<\/strong>&nbsp;amennyire lehets\u00e9ges, az adott id\u0151j\u00e1r\u00e1shoz \u00e9s&nbsp;<strong>projekt egyedi ig\u00e9nyeit<\/strong>.&nbsp;<strong>A Pella InsulShield\u00ae Glass Collection innovat\u00edv \u00e9s energiatakar\u00e9kos megold\u00e1sokat k\u00edn\u00e1l az \u00d6n \u00e9ghajlat\u00e1hoz<\/strong>.<\/p>\n\n\n\n<h2 class=\"wp-block-heading\">Milyen tervez\u00e9si lehet\u0151s\u00e9gek l\u00e9teznek a Bifold Windows sz\u00e1m\u00e1ra?<\/h2>\n\n\n\n<figure class=\"wp-block-image size-full\"><img loading=\"lazy\" decoding=\"async\" width=\"920\" height=\"502\" src=\"https:\/\/boswindor.com\/wp-content\/uploads\/2025\/02\/Bifold-Windows-for-Bed-Room.jpg\" alt=\"\" class=\"wp-image-1651\" srcset=\"https:\/\/boswindor.com\/wp-content\/uploads\/2025\/02\/Bifold-Windows-for-Bed-Room.jpg 920w, https:\/\/boswindor.com\/wp-content\/uploads\/2025\/02\/Bifold-Windows-for-Bed-Room-300x164.jpg 300w, https:\/\/boswindor.com\/wp-content\/uploads\/2025\/02\/Bifold-Windows-for-Bed-Room-768x419.jpg 768w, https:\/\/boswindor.com\/wp-content\/uploads\/2025\/02\/Bifold-Windows-for-Bed-Room-18x10.jpg 18w\" sizes=\"(max-width: 920px) 100vw, 920px\" \/><figcaption class=\"wp-element-caption\">K\u00e9tszeres ablakok a h\u00e1l\u00f3szob\u00e1hoz<\/figcaption><\/figure>\n\n\n\n<p>Az egyik nagyszer\u0171 dolog&nbsp;<strong>k\u00e9tir\u00e1ny\u00fa ablakok<\/strong>&nbsp;nem csak az, hogy hogyan m\u0171k\u00f6dnek, hanem az \u00f6sszes&nbsp;<strong>tervez\u00e9si lehet\u0151s\u00e9gek<\/strong>&nbsp;v\u00e1laszthat. Az anyagon \u00e9s a sz\u00ednen k\u00edv\u00fcl igaz\u00e1n finomhangolhatja a r\u00e9szleteket is, hogy az \u00d6n ig\u00e9nyeihez igazodjon&nbsp;<strong>ablakokat<\/strong>&nbsp;igaz\u00e1n k\u00fcl\u00f6nleges. Szereted a letisztult, egyszer\u0171 megjelen\u00e9st, amely t\u00f6k\u00e9letes&nbsp;<strong>soho \u00e9s kort\u00e1rs<\/strong>&nbsp;otthonok? Vagy ink\u00e1bb&nbsp;<strong>r\u00e1csok<\/strong>&nbsp;vagy&nbsp;<strong>osztott f\u00e9nyek<\/strong>&nbsp;hogy hagyom\u00e1nyosabb hangulatot adjunk nekik? Minden rajtad m\u00falik.<\/p>\n\n\n\n<p>A v\u00e1lasztott hardver nagyban befoly\u00e1solja az ablakok megjelen\u00e9s\u00e9t \u00e9s m\u0171k\u00f6d\u00e9s\u00e9t. K\u00fcl\u00f6nb\u00f6z\u0151 st\u00edlus\u00fa foganty\u00fakat v\u00e1laszthat,&nbsp;<strong>zsan\u00e9r<\/strong>s, \u00e9s&nbsp;<strong>z\u00e1rrendszer<\/strong>&nbsp;a keretekhez \u00e9s sz\u00ednekhez illeszked\u0151 fel\u00fcletek. Gondoljon arra is, hogyan fogja haszn\u00e1lni a hardvert.&nbsp;<strong>D-foganty\u00fak<\/strong>&nbsp;k\u00f6nnyen megfoghat\u00f3k \u00e9s haszn\u00e1lhat\u00f3k, mik\u00f6zben&nbsp;<strong>\u00f6bl\u00edt\u0151csavarok<\/strong>&nbsp;extra biztons\u00e1got \u00e9s a&nbsp;<strong>z\u00f6kken\u0151mentes<\/strong>&nbsp;n\u00e9zd meg mikor a&nbsp;<strong>ablakokat<\/strong>&nbsp;z\u00e1rva vannak, gyakran egy\u00fctt&nbsp;<strong>z\u00e1rak a tetej\u00e9n<\/strong>&nbsp;\u00e9s als\u00f3 a nagyobb biztons\u00e1g \u00e9rdek\u00e9ben. A Boswindor sz\u00e1mos hardverv\u00e1laszt\u00e9kkal rendelkezik, \u00edgy ablak\u00e1nak minden r\u00e9sze olyan lehet, amilyennek szeretn\u00e9. Ne feledje, v\u00e1lassza ki a saj\u00e1tj\u00e1t&nbsp;<strong>tervez\u00e9si lehet\u0151s\u00e9gek<\/strong>&nbsp;egy lehet\u0151s\u00e9g arra, hogy igaz\u00e1n feldobja a teret, \u00e9s saj\u00e1tj\u00e1v\u00e1 tegye.<\/p>\n\n\n\n<h2 class=\"wp-block-heading\">\u00d6sszecsukhat\u00f3 ajt\u00f3k \u00e9s ablakok: hozzon l\u00e9tre bels\u0151 \u00e9s k\u00fcls\u0151 \u00e1raml\u00e1st?<\/h2>\n\n\n\n<p>Az \u00f6tlet a&nbsp;<strong>\u00f6sszecsukhat\u00f3<\/strong>&nbsp;nem csak arra val\u00f3&nbsp;<strong>ablakokat<\/strong>; sz\u00e1m\u00e1ra m\u0171k\u00f6dik&nbsp;<strong>ajt\u00f3k \u00e9s ablakok<\/strong>&nbsp;is! Ezzel l\u00e9trehozhat egy igaz\u00e1n&nbsp;<strong>z\u00f6kken\u0151mentes<\/strong>&nbsp;\u00e1raml\u00e1s a ti\u00e9d k\u00f6z\u00f6tt&nbsp;<strong>bels\u0151 \u00e9s k\u00fcls\u0151<\/strong>&nbsp;terek.&nbsp;<strong>\u00d6sszecsukhat\u00f3 ajt\u00f3k \u00e9s ablakok<\/strong>&nbsp;dolgozzanak egy\u00fctt, hogy a lehet\u0151 legnagyobb ny\u00edl\u00e1sokat hozhass\u00e1k l\u00e9tre, \u00f6sszekapcsolva \u00d6nt&nbsp;<strong>benti \u00e9s k\u00fclt\u00e9ri \u00e9letvitel<\/strong>&nbsp;ter\u00fcleteket gy\u00f6ny\u00f6r\u0171 m\u00f3don. K\u00e9pzeld el&nbsp;<strong>k\u00e9tir\u00e1ny\u00fa ablakok<\/strong>&nbsp;az \u00e9tkez\u0151j\u00e9ben, amely k\u00f6zvetlen\u00fcl ny\u00edlik r\u00e1&nbsp;<strong>k\u00e9toldalas teraszajt\u00f3k<\/strong>&nbsp;a h\u00e1ts\u00f3 udvarba vezet \u2013 egy hatalmas, nyitott teret kap, amely elk\u00e9peszt\u0151&nbsp;<strong>otthon \u00e9s sz\u00f3rakoztatni<\/strong>ing.<\/p>\n\n\n\n<p>Ez a z\u00f6kken\u0151mentes kapcsolat k\u00fcl\u00f6n\u00f6sen j\u00f3 azoknak a lak\u00e1stulajdonosoknak, akik \u00e9lvezni szeretn\u00e9k a saj\u00e1tjukat&nbsp;<strong>szabadt\u00e9ri \u00e9lett\u00e9r<\/strong>&nbsp;t\u00f6bb. Legyen sz\u00f3 nagy teraszr\u00f3l, kis erk\u00e9lyr\u0151l vagy sz\u00e9p kertr\u0151l,&nbsp;<strong>\u00f6sszecsukhat\u00f3 ajt\u00f3k \u00e9s ablakok<\/strong>&nbsp;alak\u00edtsa ezeket a ter\u00fcleteket otthona r\u00e9sz\u00e9v\u00e9. Sz\u00e1llod\u00e1k \u00e9s vill\u00e1k eset\u00e9ben ez&nbsp;<strong>belt\u00e9ri-k\u00fclt\u00e9ri<\/strong>&nbsp;A feeling f\u00e9ny\u0171z\u0151 \u00e9s bar\u00e1ts\u00e1gos helly\u00e9 teszi a vend\u00e9geket. Boswindor k\u00edn\u00e1lata&nbsp;<strong>\u00f6sszecsukhat\u00f3 ajt\u00f3k \u00e9s ablakok<\/strong>&nbsp;t\u00f6k\u00e9letesen egy\u00fcttm\u0171k\u00f6dnek, gy\u00f6ny\u00f6r\u0171 \u00e9s funkcion\u00e1lis diz\u00e1jnt hozva l\u00e9tre b\u00e1rmely \u00e9p\u00fclet sz\u00e1m\u00e1ra.<\/p>\n\n\n\n<h2 class=\"wp-block-heading\">Mi\u00e9rt hasonl\u00edtsa \u00f6ssze a Bifold ablakokat, miel\u0151tt v\u00e1lasztana?<\/h2>\n\n\n\n<p>Vannak&nbsp;<strong>k\u00e9tir\u00e1ny\u00fa ablakok<\/strong>&nbsp;a megfelel\u0151 v\u00e1laszt\u00e1s az \u00d6n \u00e9p\u00fclet\u00e9hez? Hogy t\u00e9nyleg&nbsp;<strong>Hasonl\u00edtsa \u00f6ssze a k\u00e9tir\u00e1ny\u00fa ablakokat<\/strong>, gondold \u00e1t, mi a legfontosabb sz\u00e1modra. Ha t\u00e9nyleg sokat akarsz&nbsp;<strong>term\u00e9szetes f\u00e9ny \u00e9s friss leveg\u0151<\/strong>, nagy&nbsp;<strong>akad\u00e1lytalan kil\u00e1t\u00e1s<\/strong>, valamint a belt\u00e9ri \u00e9s k\u00fclt\u00e9ri terek \u00f6sszekapcsol\u00e1s\u00e1nak m\u00f3dja&nbsp;<strong>k\u00e9t \u00f6sszecsukhat\u00f3 ablakok<\/strong>&nbsp;fantasztikus v\u00e1laszt\u00e1s. Kiv\u00e1l\u00f3an alkalmasak olyan helyis\u00e9gekben, ahol a k\u00fcls\u0151vel szeretne kapcsolatban lenni, mint p\u00e9ld\u00e1ul a konyh\u00e1k, a nappalik, a napoz\u00f3terek, \u00e9s m\u00e9g az olyan v\u00e1llalkoz\u00e1sok sz\u00e1m\u00e1ra is, mint az \u00e9ttermek \u00e9s k\u00e1v\u00e9z\u00f3k.<\/p>\n\n\n\n<p>\u00c9rdemes azonban \u00e1tgondolni a k\u00f6lts\u00e9gvet\u00e9st \u00e9s a telep\u00edt\u00e9s m\u00f3dj\u00e1t is.&nbsp;<strong>K\u00e9tszeres ablakok<\/strong>&nbsp;gyakran magasabb kateg\u00f3ri\u00e1j\u00faak&nbsp;<strong>ablak st\u00edlus<\/strong>&nbsp;mert j\u00f3l megtervezettek \u00e9s egyediek. Megszerezni a&nbsp;<strong>legjobb telep\u00edt\u00e9s<\/strong>&nbsp;nagyon fontos, hogy z\u00f6kken\u0151mentesen m\u0171k\u00f6djenek \u00e9s hossz\u00fa ideig m\u0171k\u00f6djenek. Ha olyan megb\u00edzhat\u00f3 gy\u00e1rt\u00f3t v\u00e1laszt, mint a Boswindor, akkor szak\u00e9rt\u0151i tan\u00e1csokat, kiv\u00e1l\u00f3 min\u0151s\u00e9g\u0171 term\u00e9keket \u00e9s t\u00e1mogat\u00e1st kap a projekt sor\u00e1n. V\u00e9g\u00fcl, ha \u00e9rt\u00e9keli a nagy ny\u00edl\u00e1sokat, a sima \u00e1tmeneteket \u00e9s a modern diz\u00e1jnt,&nbsp;<strong>k\u00e9tir\u00e1ny\u00fa ablakok<\/strong>&nbsp;nagyszer\u0171 befektet\u00e9s, amely val\u00f3ban jav\u00edtja ingatlan\u00e1t.<\/p>\n\n\n\n<h2 class=\"wp-block-heading\">Hogyan jav\u00edtja a Bifold ablak az otthont \u00e9s a sz\u00f3rakoz\u00e1st?<\/h2>\n\n\n\n<figure class=\"wp-block-image size-full\"><img loading=\"lazy\" decoding=\"async\" width=\"920\" height=\"502\" src=\"https:\/\/boswindor.com\/wp-content\/uploads\/2025\/02\/Bifold-Windows-Space.jpg\" alt=\"\" class=\"wp-image-1655\" srcset=\"https:\/\/boswindor.com\/wp-content\/uploads\/2025\/02\/Bifold-Windows-Space.jpg 920w, https:\/\/boswindor.com\/wp-content\/uploads\/2025\/02\/Bifold-Windows-Space-300x164.jpg 300w, https:\/\/boswindor.com\/wp-content\/uploads\/2025\/02\/Bifold-Windows-Space-768x419.jpg 768w, https:\/\/boswindor.com\/wp-content\/uploads\/2025\/02\/Bifold-Windows-Space-18x10.jpg 18w\" sizes=\"(max-width: 920px) 100vw, 920px\" \/><figcaption class=\"wp-element-caption\">Bifold Windows Space<\/figcaption><\/figure>\n\n\n\n<p>K\u00e9pzeld el ezt: bar\u00e1taid vannak, \u00e9s a te&nbsp;<strong>bifold ablak<\/strong>&nbsp;a fal t\u00e1rva-nyitva, \u00edgy az \u00d6n&nbsp;<strong>otthon \u00e9s sz\u00f3rakoztatni<\/strong>A teret hatalmasnak \u00e9s h\u00edvogat\u00f3nak \u00e9rzi.&nbsp;<strong>K\u00e9tszeres ablakok<\/strong>&nbsp;teremtsd meg a nyitotts\u00e1g \u00e9s a kapcsolat \u00e9rz\u00e9s\u00e9t, amely t\u00f6k\u00e9letes bulikhoz, csal\u00e1di \u00f6sszej\u00f6vetelekhez vagy egyszer\u0171en csak otthoni pihen\u00e9shez. A&nbsp;<strong>akad\u00e1lytalan kil\u00e1t\u00e1s<\/strong>&nbsp;gy\u00f6ny\u00f6r\u0171 h\u00e1tter\u00e9v\u00e9 v\u00e1lik az \u00d6n sz\u00e1m\u00e1ra&nbsp;<strong>bels\u0151<\/strong>, elmosva a hat\u00e1rokat belt\u00e9ri \u00e9s k\u00fclt\u00e9ri vil\u00e1ga k\u00f6z\u00f6tt. K\u00e9pzeljen el ny\u00e1ri est\u00e9ket, amikor az emberek k\u00f6nnyed\u00e9n s\u00e9t\u00e1lhatnak a konyh\u00e1ja \u00e9s a terasza k\u00f6z\u00f6tt, \u00e9lvezve a friss leveg\u0151t \u00e9s a gy\u00f6ny\u00f6r\u0171 f\u00e9nyt, amely \u00e1t\u00e1ramlik a konyh\u00e1j\u00e1n.&nbsp;<strong>k\u00e9t \u00f6sszecsukhat\u00f3 ablakok<\/strong>.<\/p>\n\n\n\n<p>Villatulajdonosok \u00e9s sz\u00e1llodatulajdonosok beszerz\u00e9si menedzserei sz\u00e1m\u00e1ra,&nbsp;<strong>k\u00e9tir\u00e1ny\u00fa ablakok<\/strong>&nbsp;jelent\u0151s pluszt jelentenek. A luxus \u00e9s a t\u00e1gass\u00e1g \u00e9rzet\u00e9t keltik, amit a vend\u00e9gek im\u00e1dni fognak. Gondoljon a sz\u00e1llodai szob\u00e1kra&nbsp;<strong>k\u00e9t \u00f6sszecsukhat\u00f3 ablakok<\/strong>&nbsp;saj\u00e1t erk\u00e9lyekre ny\u00edl\u00f3 csod\u00e1latos kil\u00e1t\u00e1ssal az \u00f3ce\u00e1nra \u2013 ez egy olyan \u00e9lm\u00e9ny, amelyre a vend\u00e9gek eml\u00e9kezni fognak. Legyen sz\u00f3 otthonr\u00f3l vagy \u00fczletr\u0151l,&nbsp;<strong>k\u00e9tir\u00e1ny\u00fa ablakok<\/strong>&nbsp;alak\u00edtsa a tereket bar\u00e1ts\u00e1gos \u00e9s dinamikus helyekk\u00e9, ahol az emberek szeretn\u00e9nek lenni.<\/p>\n\n\n\n<h2 class=\"wp-block-heading\">Hol fedezheti fel testreszabott Windows-k\u00edn\u00e1latunkat?<\/h2>\n\n\n<style>.elementor-1432 .elementor-element.elementor-element-827b281{--display:flex;--flex-direction:column;--container-widget-width:100%;--container-widget-height:initial;--container-widget-flex-grow:0;--container-widget-align-self:initial;--flex-wrap-mobile:wrap;--margin-top:0px;--margin-bottom:0px;--margin-left:0px;--margin-right:0px;--padding-top:40px;--padding-bottom:40px;--padding-left:0px;--padding-right:0px;}.elementor-1432 .elementor-element.elementor-element-18a73d2{text-align:center;}.elementor-1432 .elementor-element.elementor-element-18a73d2 > .elementor-widget-container{margin:0px 0px -20px 0px;padding:0px 0px 0px 0px;}.elementor-1432 .elementor-element.elementor-element-809c6bb{text-align:center;font-size:20px;}.elementor-1432 .elementor-element.elementor-element-68551e0{--e-image-carousel-slides-to-show:3;}@media(min-width:768px){.elementor-1432 .elementor-element.elementor-element-827b281{--content-width:1300px;}}<\/style>\t\t<div data-elementor-type=\"container\" data-elementor-id=\"1432\" class=\"elementor elementor-1432\" data-elementor-settings=\"{&quot;ha_cmc_init_switcher&quot;:&quot;no&quot;}\" data-elementor-post-type=\"elementor_library\">\n\t\t\t\t<div class=\"elementor-element elementor-element-827b281 e-flex e-con-boxed e-con e-parent\" data-id=\"827b281\" data-element_type=\"container\" data-e-type=\"container\" data-settings=\"{&quot;_ha_eqh_enable&quot;:false}\">\n\t\t\t\t\t<div class=\"e-con-inner\">\n\t\t\t\t<div class=\"elementor-element elementor-element-18a73d2 elementor-widget elementor-widget-heading\" data-id=\"18a73d2\" data-element_type=\"widget\" data-e-type=\"widget\" data-widget_type=\"heading.default\">\n\t\t\t\t<div class=\"elementor-widget-container\">\n\t\t\t\t\t<h3 class=\"elementor-heading-title elementor-size-default\">Boswindor ajt\u00f3k \u00e9s ablakok \u2013 az \u00d6n ig\u00e9nyeinek megfelel\u0151 megold\u00e1sok<\/h3>\t\t\t\t<\/div>\n\t\t\t\t<\/div>\n\t\t\t\t<div class=\"elementor-element elementor-element-809c6bb elementor-widget elementor-widget-text-editor\" data-id=\"809c6bb\" data-element_type=\"widget\" data-e-type=\"widget\" data-widget_type=\"text-editor.default\">\n\t\t\t\t<div class=\"elementor-widget-container\">\n\t\t\t\t\t\t\t\t\t<p>Tart\u00f3ss\u00e1g, Alacsony karbantart\u00e1si ig\u00e9ny, K\u00f6nny\u0171 s\u00faly, Er\u0151ss\u00e9g, Eleg\u00e1ns eszt\u00e9tika, Energiahat\u00e9konys\u00e1g, \u00dajrahasznos\u00edthat\u00f3, Korr\u00f3zi\u00f3\u00e1ll\u00f3s\u00e1g, Hossz\u00fa \u00e9lettartam, Testreszabhat\u00f3s\u00e1g, Biztons\u00e1g<\/p>\t\t\t\t\t\t\t\t<\/div>\n\t\t\t\t<\/div>\n\t\t\t\t<div class=\"elementor-element elementor-element-68551e0 elementor-arrows-position-inside elementor-pagination-position-outside elementor-widget elementor-widget-image-carousel\" data-id=\"68551e0\" data-element_type=\"widget\" data-e-type=\"widget\" data-settings=\"{&quot;slides_to_show&quot;:&quot;3&quot;,&quot;navigation&quot;:&quot;both&quot;,&quot;autoplay&quot;:&quot;yes&quot;,&quot;pause_on_hover&quot;:&quot;yes&quot;,&quot;pause_on_interaction&quot;:&quot;yes&quot;,&quot;autoplay_speed&quot;:5000,&quot;infinite&quot;:&quot;yes&quot;,&quot;speed&quot;:500,&quot;image_spacing_custom&quot;:{&quot;unit&quot;:&quot;px&quot;,&quot;size&quot;:20,&quot;sizes&quot;:[]},&quot;image_spacing_custom_tablet&quot;:{&quot;unit&quot;:&quot;px&quot;,&quot;size&quot;:&quot;&quot;,&quot;sizes&quot;:[]},&quot;image_spacing_custom_mobile&quot;:{&quot;unit&quot;:&quot;px&quot;,&quot;size&quot;:&quot;&quot;,&quot;sizes&quot;:[]}}\" data-widget_type=\"image-carousel.default\">\n\t\t\t\t<div class=\"elementor-widget-container\">\n\t\t\t\t\t\t\t<div class=\"elementor-image-carousel-wrapper swiper\" role=\"region\" aria-roledescription=\"carousel\" aria-label=\"K\u00e9pforg\u00f3\" dir=\"ltr\">\n\t\t\t<div class=\"elementor-image-carousel swiper-wrapper\" aria-live=\"off\">\n\t\t\t\t\t\t\t\t<div class=\"swiper-slide\" role=\"group\" aria-roledescription=\"slide\" aria-label=\"1 \/ 9\"><figure class=\"swiper-slide-inner\"><img decoding=\"async\" class=\"swiper-slide-image\" src=\"https:\/\/boswindor.com\/wp-content\/uploads\/2025\/01\/Boswindor-Factory-Manufacturing-Windows-7.jpg\" alt=\"Boswindor gy\u00e1r Windows 7-et gy\u00e1rt\" \/><\/figure><\/div><div class=\"swiper-slide\" role=\"group\" aria-roledescription=\"slide\" aria-label=\"2 \/ 9\"><figure class=\"swiper-slide-inner\"><img decoding=\"async\" class=\"swiper-slide-image\" src=\"https:\/\/boswindor.com\/wp-content\/uploads\/2025\/01\/Boswindor-Factory-Manufacturing-Windows-8.jpg\" alt=\"Boswindor gy\u00e1r Windows 8-at gy\u00e1rt\" \/><\/figure><\/div><div class=\"swiper-slide\" role=\"group\" aria-roledescription=\"slide\" aria-label=\"3 \/ 9\"><figure class=\"swiper-slide-inner\"><img decoding=\"async\" class=\"swiper-slide-image\" src=\"https:\/\/boswindor.com\/wp-content\/uploads\/2025\/01\/Install-New-Construction-Windows-1.jpg\" alt=\"\u00daj \u00e9p\u00edt\u00e9s\u0171 ablakok telep\u00edt\u00e9se\" \/><\/figure><\/div><div class=\"swiper-slide\" role=\"group\" aria-roledescription=\"slide\" aria-label=\"4 \/ 9\"><figure class=\"swiper-slide-inner\"><img decoding=\"async\" class=\"swiper-slide-image\" src=\"https:\/\/boswindor.com\/wp-content\/uploads\/2025\/01\/Boswindor-Factory-Manufacturing-Windows-1.jpg\" alt=\"Boswindor gy\u00e1r ablakokat gy\u00e1rt 1\" \/><\/figure><\/div><div class=\"swiper-slide\" role=\"group\" aria-roledescription=\"slide\" aria-label=\"5 \/ 9\"><figure class=\"swiper-slide-inner\"><img decoding=\"async\" class=\"swiper-slide-image\" src=\"https:\/\/boswindor.com\/wp-content\/uploads\/2025\/01\/Boswindor-Factory-Manufacturing-Windows-2.jpg\" alt=\"Boswindor gy\u00e1r Windows 2 gy\u00e1rt\u00e1sa\" \/><\/figure><\/div><div class=\"swiper-slide\" role=\"group\" aria-roledescription=\"slide\" aria-label=\"6 \/ 9\"><figure class=\"swiper-slide-inner\"><img decoding=\"async\" class=\"swiper-slide-image\" src=\"https:\/\/boswindor.com\/wp-content\/uploads\/2025\/01\/Boswindor-Factory-Manufacturing-Windows-3.jpg\" alt=\"Boswindor gy\u00e1r Windows 3 gy\u00e1rt\u00e1sa\" \/><\/figure><\/div><div class=\"swiper-slide\" role=\"group\" aria-roledescription=\"slide\" aria-label=\"7 \/ 9\"><figure class=\"swiper-slide-inner\"><img decoding=\"async\" class=\"swiper-slide-image\" src=\"https:\/\/boswindor.com\/wp-content\/uploads\/2025\/01\/Boswindor-Factory-Manufacturing-Windows-4.jpg\" alt=\"Boswindor gy\u00e1r Windows 4-et gy\u00e1rt\" \/><\/figure><\/div><div class=\"swiper-slide\" role=\"group\" aria-roledescription=\"slide\" aria-label=\"8 \/ 9\"><figure class=\"swiper-slide-inner\"><img decoding=\"async\" class=\"swiper-slide-image\" src=\"https:\/\/boswindor.com\/wp-content\/uploads\/2025\/01\/Boswindor-Factory-Manufacturing-Windows-5.jpg\" alt=\"Boswindor gy\u00e1r Windows 5 gy\u00e1rt\u00e1sa\" \/><\/figure><\/div><div class=\"swiper-slide\" role=\"group\" aria-roledescription=\"slide\" aria-label=\"9 \/ 9\"><figure class=\"swiper-slide-inner\"><img decoding=\"async\" class=\"swiper-slide-image\" src=\"https:\/\/boswindor.com\/wp-content\/uploads\/2025\/01\/Boswindor-Factory-Manufacturing-Windows-6.jpg\" alt=\"Boswindor gy\u00e1r Windows 6-ot gy\u00e1rt\" \/><\/figure><\/div>\t\t\t<\/div>\n\t\t\t\t\t\t\t\t\t\t\t\t<div class=\"elementor-swiper-button elementor-swiper-button-prev\" role=\"button\" tabindex=\"0\">\n\t\t\t\t\t\t<svg aria-hidden=\"true\" class=\"e-font-icon-svg e-eicon-chevron-left\" viewbox=\"0 0 1000 1000\" xmlns=\"http:\/\/www.w3.org\/2000\/svg\"><path d=\"M646 125C629 125 613 133 604 142L308 442C296 454 292 471 292 487 292 504 296 521 308 533L604 854C617 867 629 875 646 875 663 875 679 871 692 858 704 846 713 829 713 812 713 796 708 779 692 767L438 487 692 225C700 217 708 204 708 187 708 171 704 154 692 142 675 129 663 125 646 125Z\"><\/path><\/svg>\t\t\t\t\t<\/div>\n\t\t\t\t\t<div class=\"elementor-swiper-button elementor-swiper-button-next\" role=\"button\" tabindex=\"0\">\n\t\t\t\t\t\t<svg aria-hidden=\"true\" class=\"e-font-icon-svg e-eicon-chevron-right\" viewbox=\"0 0 1000 1000\" xmlns=\"http:\/\/www.w3.org\/2000\/svg\"><path d=\"M696 533C708 521 713 504 713 487 713 471 708 454 696 446L400 146C388 133 375 125 354 125 338 125 325 129 313 142 300 154 292 171 292 187 292 204 296 221 308 233L563 492 304 771C292 783 288 800 288 817 288 833 296 850 308 863 321 871 338 875 354 875 371 875 388 867 400 854L696 533Z\"><\/path><\/svg>\t\t\t\t\t<\/div>\n\t\t\t\t\n\t\t\t\t\t\t\t\t\t<div class=\"swiper-pagination\"><\/div>\n\t\t\t\t\t\t\t\t\t<\/div>\n\t\t\t\t\t\t<\/div>\n\t\t\t\t<\/div>\n\t\t\t\t<div class=\"elementor-element elementor-element-7cd9127 elementor-align-center elementor-widget elementor-widget-button\" data-id=\"7cd9127\" data-element_type=\"widget\" data-e-type=\"widget\" data-widget_type=\"button.default\">\n\t\t\t\t<div class=\"elementor-widget-container\">\n\t\t\t\t\t\t\t\t\t<div class=\"elementor-button-wrapper\">\n\t\t\t\t\t<a class=\"elementor-button elementor-button-link elementor-size-sm\" href=\"https:\/\/boswindor.com\/hu\/contact-us\/\">\n\t\t\t\t\t\t<span class=\"elementor-button-content-wrapper\">\n\t\t\t\t\t\t\t\t\t<span class=\"elementor-button-text\">K\u00e9rjen ingyenes \u00e1raj\u00e1nlatot most<\/span>\n\t\t\t\t\t<\/span>\n\t\t\t\t\t<\/a>\n\t\t\t\t<\/div>\n\t\t\t\t\t\t\t\t<\/div>\n\t\t\t\t<\/div>\n\t\t\t\t\t<\/div>\n\t\t\t\t<\/div>\n\t\t\t\t<\/div>\n\t\t\n\n\n\n<p>Izgatottan v\u00e1rja, hogy megtal\u00e1lja projektje sz\u00e1m\u00e1ra a t\u00f6k\u00e9letes k\u00e9toldalas ablakokat? Fedezze fel k\u00edn\u00e1latunkat a <a href=\"https:\/\/boswindor.com\/hu\/\"><strong><mark style=\"background-color:rgba(0, 0, 0, 0);color:#ff4f01\" class=\"has-inline-color\">Boswindor<\/mark><\/strong> <\/a>\u00e9s n\u00e9zze meg, hogyan hozhatunk l\u00e9tre egyedi, k\u00e9tfel\u00e9 hajthat\u00f3 ablakokat, amelyek val\u00f3ban szem\u00e9lyre szabottak\u2026 Vezet\u0151 k\u00e9tsz\u00e1rny\u00fa ablakgy\u00e1rt\u00f3 \u00fczemekk\u00e9nt elk\u00f6telezettek vagyunk a kiv\u00e1l\u00f3 min\u0151s\u00e9g\u0171 ablakok gy\u00e1rt\u00e1s\u00e1ban \u00e9s a kiv\u00e1l\u00f3 \u00fcgyf\u00e9lszolg\u00e1latban. Az els\u0151 telefonh\u00edv\u00e1st\u00f3l a v\u00e9gs\u0151 telep\u00edt\u00e9sig szak\u00e9rt\u0151 csapatunk minden l\u00e9p\u00e9sben a seg\u00edts\u00e9g\u00e9re lesz.<\/p>\n\n\n\n<p>Kiz\u00e1r\u00f3lag a legjobb anyagokat haszn\u00e1ljuk. Extrud\u00e1lt alum\u00ednium kereteink nagy teljes\u00edtm\u00e9ny\u0171 fel\u00fcletkezel\u00e9ssel rendelkeznek, amely megfelel az AAMA 2604 \u00e9s m\u00e9g a szigor\u00fabb AAMA 2605 szabv\u00e1nyoknak is, ami azt jelenti, hogy kiv\u00e1l\u00f3an tartj\u00e1k a sz\u00ednt, \u00e9s \u00e9vekig kitartanak. Emellett az energiahat\u00e9kony megold\u00e1sokra is \u00f6sszpontos\u00edtunk, \u00e9s k\u00f6vetj\u00fck a kaliforniai energiateljes\u00edtm\u00e9nyre vonatkoz\u00f3 szab\u00e1lyoz\u00e1si k\u00f3dexet. <a href=\"https:\/\/boswindor.com\/hu\/contact-us\/\"><strong><mark style=\"background-color:rgba(0, 0, 0, 0);color:#ff4f01\" class=\"has-inline-color\">L\u00e9pjen kapcsolatba vel\u00fcnk m\u00e9g ma<\/mark><\/strong><\/a> hogy besz\u00e9ljen projektj\u00e9r\u0151l, \u00e9s szem\u00e9lyre szabott \u00e1raj\u00e1nlatot k\u00e9rjen Boswindor szak\u00e9rt\u0151ink egyik\u00e9t\u0151l. Hagyja, hogy a Boswindor seg\u00edtsen kinyitni otthon\u00e1t, \u00e9s gy\u00f6ny\u00f6r\u0171, inspir\u00e1l\u00f3 tereket teremteni.<\/p>","protected":false},"excerpt":{"rendered":"<p>K\u00e9pzeljen el egy otthont, ahol elt\u0171nnek a falak, z\u00f6kken\u0151mentesen keverve bels\u0151 ter\u00e9t a k\u00fclvil\u00e1g sz\u00e9ps\u00e9g\u00e9vel. A kett\u0151s ablakok ezt az \u00e1lmot val\u00f3ra v\u00e1ltj\u00e1k. <\/p>\n<p>Ez a cikk azt vizsg\u00e1lja, hogy ezek az innovat\u00edv ablakrendszerek hogyan v\u00e1ltoztathatj\u00e1k meg tereit, akad\u00e1lytalan kil\u00e1t\u00e1st \u00e9s forradalmi megk\u00f6zel\u00edt\u00e9st k\u00edn\u00e1lva az ablak- \u00e9s ajt\u00f3tervez\u00e9sben. <\/p>\n<p>Olvasson tov\u00e1bb, hogy megtudja, hogyan emelhetik a Boswindor egyedi, k\u00e9tir\u00e1ny\u00fa ablakai a k\u00f6vetkez\u0151 projektet.<\/p>","protected":false},"author":3,"featured_media":1639,"comment_status":"open","ping_status":"open","sticky":false,"template":"","format":"standard","meta":{"footnotes":""},"categories":[10],"tags":[],"class_list":["post-1636","post","type-post","status-publish","format-standard","has-post-thumbnail","hentry","category-windows-doors"],"blocksy_meta":[],"_links":{"self":[{"href":"https:\/\/boswindor.com\/hu\/wp-json\/wp\/v2\/posts\/1636","targetHints":{"allow":["GET"]}}],"collection":[{"href":"https:\/\/boswindor.com\/hu\/wp-json\/wp\/v2\/posts"}],"about":[{"href":"https:\/\/boswindor.com\/hu\/wp-json\/wp\/v2\/types\/post"}],"author":[{"embeddable":true,"href":"https:\/\/boswindor.com\/hu\/wp-json\/wp\/v2\/users\/3"}],"replies":[{"embeddable":true,"href":"https:\/\/boswindor.com\/hu\/wp-json\/wp\/v2\/comments?post=1636"}],"version-history":[{"count":5,"href":"https:\/\/boswindor.com\/hu\/wp-json\/wp\/v2\/posts\/1636\/revisions"}],"predecessor-version":[{"id":1658,"href":"https:\/\/boswindor.com\/hu\/wp-json\/wp\/v2\/posts\/1636\/revisions\/1658"}],"wp:featuredmedia":[{"embeddable":true,"href":"https:\/\/boswindor.com\/hu\/wp-json\/wp\/v2\/media\/1639"}],"wp:attachment":[{"href":"https:\/\/boswindor.com\/hu\/wp-json\/wp\/v2\/media?parent=1636"}],"wp:term":[{"taxonomy":"category","embeddable":true,"href":"https:\/\/boswindor.com\/hu\/wp-json\/wp\/v2\/categories?post=1636"},{"taxonomy":"post_tag","embeddable":true,"href":"https:\/\/boswindor.com\/hu\/wp-json\/wp\/v2\/tags?post=1636"}],"curies":[{"name":"munkaf\u00fczet","href":"https:\/\/api.w.org\/{rel}","templated":true}]}}