{"id":1438,"date":"2025-01-15T23:15:42","date_gmt":"2025-01-16T07:15:42","guid":{"rendered":"https:\/\/boswindor.com\/?p=1438"},"modified":"2025-01-15T23:15:44","modified_gmt":"2025-01-16T07:15:44","slug":"sliding-glass-patio-doors-for-your-home","status":"publish","type":"post","link":"https:\/\/boswindor.com\/hu\/sliding-glass-patio-doors-for-your-home\/","title":{"rendered":"\u00dcveg tol\u00f3ajt\u00f3k otthon\u00e1ba"},"content":{"rendered":"<h2 class=\"wp-block-heading has-large-font-size\">Melyek a tol\u00f3 teraszajt\u00f3k f\u0151 el\u0151nyei?<\/h2>\n\n\n\n<figure class=\"wp-block-image size-full\"><img fetchpriority=\"high\" decoding=\"async\" width=\"920\" height=\"502\" src=\"https:\/\/boswindor.com\/wp-content\/uploads\/2025\/01\/Slide-Patio-Door-for-Your-Home.jpg\" alt=\"\" class=\"wp-image-1444\" srcset=\"https:\/\/boswindor.com\/wp-content\/uploads\/2025\/01\/Slide-Patio-Door-for-Your-Home.jpg 920w, https:\/\/boswindor.com\/wp-content\/uploads\/2025\/01\/Slide-Patio-Door-for-Your-Home-300x164.jpg 300w, https:\/\/boswindor.com\/wp-content\/uploads\/2025\/01\/Slide-Patio-Door-for-Your-Home-768x419.jpg 768w, https:\/\/boswindor.com\/wp-content\/uploads\/2025\/01\/Slide-Patio-Door-for-Your-Home-18x10.jpg 18w\" sizes=\"(max-width: 920px) 100vw, 920px\" \/><figcaption class=\"wp-element-caption\">Tol\u00f3s teraszajt\u00f3 otthon\u00e1ba<\/figcaption><\/figure>\n\n\n\n<p><strong>Terasz ajt\u00f3k<\/strong>&nbsp;hogy&nbsp;<strong>cs\u00faszik<\/strong>&nbsp;a funkcionalit\u00e1s \u00e9s az eszt\u00e9tikai vonzer\u0151 fantasztikus kever\u00e9k\u00e9t k\u00edn\u00e1lj\u00e1k. Maximaliz\u00e1lj\u00e1k&nbsp;<strong>t\u00e9r<\/strong>&nbsp;a hagyom\u00e1nyos leng\u00e9s\u00edv megsz\u00fcntet\u00e9s\u00e9vel&nbsp;<strong>zsan\u00e9r<\/strong>&nbsp;ajt\u00f3k, \u00edgy ide\u00e1lisak olyan helyis\u00e9gekbe, ahol&nbsp;<strong>t\u00e9r<\/strong>&nbsp;pr\u00e9miumban van. Gondolj bele, mennyivel haszn\u00e1lhat\u00f3bb&nbsp;<strong>\u00e9lett\u00e9r<\/strong>&nbsp;akkor v\u00e1lik, ha nem kell att\u00f3l tartanod, hogy egy ajt\u00f3 akad\u00e1lyozza a b\u00fatorok elhelyez\u00e9s\u00e9t. Tov\u00e1bb\u00e1 nagy&nbsp;<strong>\u00fcveg tol\u00f3ajt\u00f3k<\/strong>&nbsp;b\u0151s\u00e9ges term\u00e9szetes f\u00e9nyt biztos\u00edt, elmosva a hat\u00e1rvonalakat&nbsp;<strong>belt\u00e9ri \u00e9s k\u00fclt\u00e9ri<\/strong>&nbsp;\u00e9l\u0151. A villatulajdonosok \u00e9s a lak\u00e1stulajdonosok sz\u00e1m\u00e1ra ez egy vil\u00e1gosabb, nyitottabb l\u00e9gk\u00f6rt teremt. Vegye figyelembe az \u00e1ltaluk biztos\u00edtott k\u00f6nny\u0171 hozz\u00e1f\u00e9r\u00e9st&nbsp;<strong>k\u00fclt\u00e9ri terek<\/strong>&nbsp;\u2013 t\u00f6k\u00e9letes sz\u00f3rakoz\u00e1sra vagy egyszer\u0171en csak egy csendes pillanat \u00e9lvezet\u00e9re&nbsp;<strong>terasz<\/strong>.<\/p>\n\n\n\n<h2 class=\"wp-block-heading has-large-font-size\">Melyik ajt\u00f3t\u00edpus felel meg a legjobban az \u00d6n ig\u00e9nyeinek: cs\u00fasz\u00f3, zsan\u00e9r vagy t\u00f6bb tol\u00f3ajt\u00f3?<\/h2>\n\n\n\n<figure class=\"wp-block-image size-full\"><img decoding=\"async\" width=\"920\" height=\"502\" src=\"https:\/\/boswindor.com\/wp-content\/uploads\/2025\/01\/Sliding-Doors.jpg\" alt=\"\" class=\"wp-image-1445\" srcset=\"https:\/\/boswindor.com\/wp-content\/uploads\/2025\/01\/Sliding-Doors.jpg 920w, https:\/\/boswindor.com\/wp-content\/uploads\/2025\/01\/Sliding-Doors-300x164.jpg 300w, https:\/\/boswindor.com\/wp-content\/uploads\/2025\/01\/Sliding-Doors-768x419.jpg 768w, https:\/\/boswindor.com\/wp-content\/uploads\/2025\/01\/Sliding-Doors-18x10.jpg 18w\" sizes=\"(max-width: 920px) 100vw, 920px\" \/><figcaption class=\"wp-element-caption\">Tol\u00f3ajt\u00f3k<\/figcaption><\/figure>\n\n\n\n<p>A megfelel\u0151 v\u00e1laszt\u00e1s&nbsp;<strong>ajt\u00f3 t\u00edpus<\/strong>&nbsp;d\u00f6nt\u0151 fontoss\u00e1g\u00fa. M\u00edg&nbsp;<strong>tol\u00f3 teraszajt\u00f3k<\/strong>&nbsp;kit\u0171nj\u00f6n&nbsp;<strong>t\u00e9r<\/strong>&nbsp;ment\u00e9se \u00e9s kiterjedt n\u00e9zetek biztos\u00edt\u00e1sa,&nbsp;<strong>csukl\u00f3s teraszajt\u00f3k<\/strong>, gyakran emlegetik&nbsp;<strong>francia ajt\u00f3k<\/strong>, klasszikus eszt\u00e9tik\u00e1t k\u00edn\u00e1lnak, \u00e9s mindk\u00e9t panelt sz\u00e9lesebbre nyithatj\u00e1k&nbsp;<strong>ny\u00edl\u00e1s<\/strong>. Nagyobb projektek eset\u00e9n fontolja meg&nbsp;<strong>t\u00f6bb dia<\/strong>&nbsp;ajt\u00f3k, amelyek val\u00f3ban panor\u00e1m\u00e1s ny\u00edl\u00e1sokat hozhatnak l\u00e9tre, z\u00f6kken\u0151mentesen \u00f6sszeolvadva&nbsp;<strong>belt\u00e9ri \u00e9s k\u00fclt\u00e9ri<\/strong>. Gondoljon az \u00e9p\u00edt\u00e9szeti st\u00edlusra \u00e9s az ajt\u00f3ny\u00edl\u00e1s tervezett haszn\u00e1lat\u00e1ra. Nagy forgalm\u00fa ter\u00fcleteken, amelyek a&nbsp;<strong>terasz<\/strong>&nbsp;vagy fed\u00e9lzeten,&nbsp;<strong>cs\u00faszik<\/strong>&nbsp;ajt\u00f3k z\u00f6kken\u0151mentes m\u0171k\u00f6d\u00e9st \u00e9s&nbsp;<strong>tart\u00f3ss\u00e1g<\/strong>. Olyan helyekre, ahol hagyom\u00e1nyosabb megjelen\u00e9sre van sz\u00fcks\u00e9g,&nbsp;<strong>csukl\u00f3s teraszajt\u00f3k<\/strong>&nbsp;lehet a jobb v\u00e1laszt\u00e1s.<\/p>\n\n\n\n<h2 class=\"wp-block-heading has-large-font-size\">Vinil vagy alum\u00ednium: melyik anyag ny\u00fajt kiemelked\u0151en tart\u00f3s teraszajt\u00f3t?<\/h2>\n\n\n\n<figure class=\"wp-block-image size-full\"><img decoding=\"async\" width=\"920\" height=\"502\" src=\"https:\/\/boswindor.com\/wp-content\/uploads\/2025\/01\/Black-Aluminum-Sliding-Door.jpg\" alt=\"\" class=\"wp-image-1446\" srcset=\"https:\/\/boswindor.com\/wp-content\/uploads\/2025\/01\/Black-Aluminum-Sliding-Door.jpg 920w, https:\/\/boswindor.com\/wp-content\/uploads\/2025\/01\/Black-Aluminum-Sliding-Door-300x164.jpg 300w, https:\/\/boswindor.com\/wp-content\/uploads\/2025\/01\/Black-Aluminum-Sliding-Door-768x419.jpg 768w, https:\/\/boswindor.com\/wp-content\/uploads\/2025\/01\/Black-Aluminum-Sliding-Door-18x10.jpg 18w\" sizes=\"(max-width: 920px) 100vw, 920px\" \/><figcaption class=\"wp-element-caption\">Fekete alum\u00ednium tol\u00f3ajt\u00f3<\/figcaption><\/figure>\n\n\n\n<p>Az \u00d6n sz\u00e1m\u00e1ra kiv\u00e1lasztott anyag&nbsp;<strong>teraszajt\u00f3k<\/strong>&nbsp;jelent\u0151sen befoly\u00e1solja \u0151ket&nbsp;<strong>tart\u00f3ss\u00e1g<\/strong>&nbsp;\u00e9s a hossz\u00fa \u00e9lettartam.&nbsp;<strong>Vinil teraszajt\u00f3k<\/strong>&nbsp;megfizethet\u0151s\u00e9g\u00fck \u00e9s alacsony karbantart\u00e1si ig\u00e9ny\u00fck miatt n\u00e9pszer\u0171 v\u00e1laszt\u00e1s. Ellen\u00e1llnak a rothad\u00e1snak \u00e9s a k\u00e1rtev\u0151knek, \u00e9s j\u00f3t tesznek&nbsp;<strong>energiahat\u00e9konys\u00e1g<\/strong>. Viszont,&nbsp;<strong>Alum\u00ednium teraszajt\u00f3k<\/strong>&nbsp;vesz&nbsp;<strong>tart\u00f3ss\u00e1g<\/strong>&nbsp;a k\u00f6vetkez\u0151 szintre.&nbsp;<strong>Az alum\u00ednium ellen\u00e1ll a horpad\u00e1soknak<\/strong>, karcol\u00e1sok \u00e9s fakul\u00e1s, \u00edgy ide\u00e1lisak olyan ter\u00fcleteken, ahol zord id\u0151j\u00e1r\u00e1si k\u00f6r\u00fclm\u00e9nyek tapasztalhat\u00f3k. Az \u00e9p\u00edt\u0151m\u00e9rn\u00f6k\u00f6k \u00e9s a sz\u00e1llodai ingatlanok beszerz\u00e9si menedzserei sz\u00e1m\u00e1ra ez kevesebb cser\u00e9t \u00e9s alacsonyabb hossz\u00fa t\u00e1v\u00fa k\u00f6lts\u00e9geket jelent. Vegye figyelembe az \u00e9ghajlatot \u00e9s az elhaszn\u00e1l\u00f3d\u00e1s m\u00e9rt\u00e9k\u00e9t&nbsp;<strong>ajt\u00f3k<\/strong>&nbsp;ki fog b\u00edrni.<\/p>\n\n\n\n<h2 class=\"wp-block-heading has-large-font-size\">Milyen tervez\u00e9si lehet\u0151s\u00e9gek \u00e1llnak rendelkez\u00e9sre a tol\u00f3 teraszajt\u00f3 tervez\u00e9s\u00e9hez?<\/h2>\n\n\n\n<p>A&nbsp;<strong>tervez\u00e9si lehet\u0151s\u00e9gek<\/strong>&nbsp;a  oldalon.&nbsp;<strong>tol\u00f3 teraszajt\u00f3 kialak\u00edt\u00e1sa<\/strong>&nbsp;hatalmasak, lehet\u0151v\u00e9 t\u00e9ve, hogy testreszabhassa \u0151ket b\u00e1rmilyen eszt\u00e9tikai megjelen\u00e9shez. A keret sz\u00edn\u00e9t\u0151l a vasalat st\u00edlus\u00e1ig \u00e9s az \u00fcveg t\u00edpus\u00e1ig sz\u00e1mos v\u00e1laszt\u00e1si lehet\u0151s\u00e9g k\u00f6z\u00fcl v\u00e1laszthat. Fontolja meg a r\u00e1csmint\u00e1kat a hagyom\u00e1nyosabb megjelen\u00e9s \u00e9rdek\u00e9ben, vagy a letisztult, minimalista kereteket a modern \u00e9rz\u00e9s \u00e9rdek\u00e9ben. Gondoljon olyan funkci\u00f3k hozz\u00e1ad\u00e1s\u00e1ra, mint a be\u00e9p\u00edtett red\u0151ny\u00f6k a fokozott mag\u00e1n\u00e9let \u00e9rdek\u00e9ben vagy a dekorat\u00edv \u00fcveg a vizu\u00e1lis \u00e9rdekl\u0151d\u00e9s n\u00f6vel\u00e9se \u00e9rdek\u00e9ben. Az \u00e9p\u00edt\u00e9szek \u00e9s villatulajdonosok sz\u00e1m\u00e1ra szem\u00e9lyre szabhat\u00f3 a&nbsp;<strong>tervez\u00e9s<\/strong>&nbsp;biztos\u00edtja a&nbsp;<strong>teraszajt\u00f3k<\/strong>&nbsp;z\u00f6kken\u0151mentesen illeszkedik az \u00e1ltal\u00e1nos \u00e9p\u00edt\u00e9szeti j\u00f6v\u0151k\u00e9pbe. A Boswindor sz\u00e9les sk\u00e1l\u00e1j\u00e1t k\u00edn\u00e1lja&nbsp;<strong>tervez\u00e9si lehet\u0151s\u00e9gek<\/strong>&nbsp;b\u00e1rmely projekt kieg\u00e9sz\u00edt\u00e9s\u00e9re.<\/p>\n\n\n\n<h2 class=\"wp-block-heading has-large-font-size\" style=\"line-height:1.4\">Mennyire fontos az \u00faj teraszajt\u00f3k szakszer\u0171 beszerel\u00e9se?<\/h2>\n\n\n\n<figure class=\"wp-block-image size-full\"><img loading=\"lazy\" decoding=\"async\" width=\"920\" height=\"502\" src=\"https:\/\/boswindor.com\/wp-content\/uploads\/2025\/01\/Installation-for-New-Patio-Doors.jpg\" alt=\"\" class=\"wp-image-1447\" srcset=\"https:\/\/boswindor.com\/wp-content\/uploads\/2025\/01\/Installation-for-New-Patio-Doors.jpg 920w, https:\/\/boswindor.com\/wp-content\/uploads\/2025\/01\/Installation-for-New-Patio-Doors-300x164.jpg 300w, https:\/\/boswindor.com\/wp-content\/uploads\/2025\/01\/Installation-for-New-Patio-Doors-768x419.jpg 768w, https:\/\/boswindor.com\/wp-content\/uploads\/2025\/01\/Installation-for-New-Patio-Doors-18x10.jpg 18w\" sizes=\"(max-width: 920px) 100vw, 920px\" \/><figcaption class=\"wp-element-caption\">\u00daj teraszajt\u00f3k beszerel\u00e9se<\/figcaption><\/figure>\n\n\n\n<p>B\u00e1r a bark\u00e1csol\u00e1s cs\u00e1b\u00edt\u00f3nak t\u0171nhet, professzion\u00e1lis&nbsp;<strong>telep\u00edt\u00e9s<\/strong>&nbsp;kulcsfontoss\u00e1g\u00fa az \u00d6n hossz\u00fa \u00e9lettartam\u00e1nak \u00e9s teljes\u00edtm\u00e9ny\u00e9nek biztos\u00edt\u00e1s\u00e1ban&nbsp;<strong>\u00faj teraszajt\u00f3k<\/strong>. Egy k\u00e9pzett&nbsp;<strong>v\u00e1llalkoz\u00f3<\/strong>&nbsp;biztos\u00edtja a&nbsp;<strong>ajt\u00f3k<\/strong>&nbsp;megfelel\u0151en vannak be\u00e1ll\u00edtva \u00e9s t\u00f6m\u00edtettek, megakad\u00e1lyozva a huzatot \u00e9s a v\u00edzsziv\u00e1rg\u00e1st, ami hozz\u00e1j\u00e1rul a jobb m\u0171k\u00f6d\u00e9shez&nbsp;<strong>energiahat\u00e9konys\u00e1g<\/strong>. \u00c9p\u00edt\u0151knek \u00e9s lak\u00e1stulajdonosoknak egyar\u00e1nt megfelel\u0151&nbsp;<strong>telep\u00edt\u00e9s<\/strong>&nbsp;leford\u00edtja a nyugalmat, \u00e9s elker\u00fcli a k\u00f6lts\u00e9ges jav\u00edt\u00e1sokat. Helytelen&nbsp;<strong>telep\u00edt\u00e9s<\/strong>&nbsp;m\u0171k\u00f6d\u00e9si probl\u00e9m\u00e1kat \u00e9s ak\u00e1r a garancia \u00e9rv\u00e9nytelens\u00e9g\u00e9t is okozhatja. Professzion\u00e1lis befektet\u00e9s&nbsp;<strong>telep\u00edt\u00e9s<\/strong>&nbsp;befektet\u00e9s az \u00d6n hossz\u00fa t\u00e1v\u00fa \u00e9rt\u00e9k\u00e9be \u00e9s funkcionalit\u00e1s\u00e1ba&nbsp;<strong>teraszajt\u00f3k<\/strong>.<\/p>\n\n\n\n<h2 class=\"wp-block-heading has-large-font-size\">Milyen szempontokat kell figyelembe vennie a lak\u00e1stulajdonosoknak a csereteraszajt\u00f3k kiv\u00e1laszt\u00e1sakor?<\/h2>\n\n\n\n<p>Keres\u0151 lak\u00e1stulajdonosoknak&nbsp;<strong>teraszajt\u00f3k cser\u00e9je<\/strong>, t\u00f6bb t\u00e9nyez\u0151 is szerepet j\u00e1tszik. El\u0151sz\u00f6r is fontolja meg a megl\u00e9v\u0151t&nbsp;<strong>ny\u00edl\u00e1s<\/strong>&nbsp;\u00e9s biztos\u00edtsa az \u00fajat&nbsp;<strong>ajt\u00f3k<\/strong>&nbsp;z\u00f6kken\u0151mentesen illeszkedik majd. Gondolja \u00e1t otthona st\u00edlus\u00e1t, \u00e9s v\u00e1lasszon&nbsp;<strong>teraszajt\u00f3k cser\u00e9je<\/strong>&nbsp;amelyek kieg\u00e9sz\u00edtik a megl\u00e9v\u0151 architekt\u00far\u00e1t.&nbsp;<strong>Energiahat\u00e9konys\u00e1g<\/strong>&nbsp;egy m\u00e1sik kulcsfontoss\u00e1g\u00fa szempont; keres&nbsp;<strong>ajt\u00f3k<\/strong>&nbsp;olyan funkci\u00f3kkal, mint az alacsony energiatartalm\u00fa \u00fcveg \u00e9s a szigetelt keretek, amelyek seg\u00edtenek cs\u00f6kkenteni az energiasz\u00e1ml\u00e1kat. V\u00e9g\u00fcl vegye figyelembe a biztons\u00e1gi szintet&nbsp;<strong>ajt\u00f3k<\/strong>&nbsp;aj\u00e1nlat. Boswindor\u00e9&nbsp;<strong>ablakcsere<\/strong>&nbsp;\u00e9s&nbsp;<strong>teraszajt\u00f3k<\/strong>&nbsp;vannak&nbsp;<strong>mindegyikhez tervezt\u00e9k<\/strong>&nbsp;otthon, amely a st\u00edlus, a biztons\u00e1g \u00e9s a biztons\u00e1g t\u00f6k\u00e9letes kever\u00e9k\u00e9t k\u00edn\u00e1lja&nbsp;<strong>energiahat\u00e9konys\u00e1g<\/strong>.<\/p>\n\n\n\n<h2 class=\"wp-block-heading has-large-font-size\">Hogyan jav\u00edthatj\u00e1k az \u00fcvegsz\u00e1las teraszajt\u00f3k a k\u00fclt\u00e9ri \u00e9lm\u00e9nyt?<\/h2>\n\n\n\n<figure class=\"wp-block-image size-full\"><img loading=\"lazy\" decoding=\"async\" width=\"920\" height=\"502\" src=\"https:\/\/boswindor.com\/wp-content\/uploads\/2025\/01\/Patio-Doors-Enhance-the-Outdoor-Experience.jpg\" alt=\"\" class=\"wp-image-1448\" srcset=\"https:\/\/boswindor.com\/wp-content\/uploads\/2025\/01\/Patio-Doors-Enhance-the-Outdoor-Experience.jpg 920w, https:\/\/boswindor.com\/wp-content\/uploads\/2025\/01\/Patio-Doors-Enhance-the-Outdoor-Experience-300x164.jpg 300w, https:\/\/boswindor.com\/wp-content\/uploads\/2025\/01\/Patio-Doors-Enhance-the-Outdoor-Experience-768x419.jpg 768w, https:\/\/boswindor.com\/wp-content\/uploads\/2025\/01\/Patio-Doors-Enhance-the-Outdoor-Experience-18x10.jpg 18w\" sizes=\"(max-width: 920px) 100vw, 920px\" \/><figcaption class=\"wp-element-caption\">A teraszajt\u00f3k fokozz\u00e1k a szabadt\u00e9ri \u00e9lm\u00e9nyt<\/figcaption><\/figure>\n\n\n\n<p><strong>\u00dcvegsz\u00e1las teraszajt\u00f3k<\/strong>&nbsp;kiv\u00e1l\u00f3 v\u00e1laszt\u00e1s a&nbsp;<strong>szabadt\u00e9ri<\/strong>&nbsp;tapasztalat. Er\u0151ss\u00e9g\u00fck karcs\u00fabb kereteket tesz lehet\u0151v\u00e9, maximaliz\u00e1lva az \u00fcvegfel\u00fcletet, \u00e9s akad\u00e1lytalan kil\u00e1t\u00e1st biztos\u00edtva r\u00e1d&nbsp;<strong>k\u00fclt\u00e9ri terek<\/strong>. K\u00e9pzelje el, hogy \u00e9lvezi a kertj\u00e9t vagy&nbsp;<strong>terasz<\/strong>&nbsp;kiterjedt kil\u00e1t\u00e1ssal, \u00edgy a sz\u00e9ps\u00e9g a&nbsp;<strong>szabadban<\/strong>&nbsp;bels\u0151. Tov\u00e1bb\u00e1 a&nbsp;<strong>tart\u00f3ss\u00e1g<\/strong>&nbsp;-b\u00f3l&nbsp;<strong>\u00fcvegsz\u00e1las<\/strong>&nbsp;jelenti a ti\u00e9d&nbsp;<strong>ajt\u00f3k<\/strong>&nbsp;akarat&nbsp;<strong>ellen\u00e1llni<\/strong>&nbsp;az elemeket, \u00e9vekig tart\u00f3 \u00e9lvezetet biztos\u00edtva. Villatulajdonosok \u00e9s azok sz\u00e1m\u00e1ra, akik az eszt\u00e9tik\u00e1t \u00e9s a hossz\u00fa \u00e9lettartamot r\u00e9szes\u00edtik el\u0151nyben,&nbsp;<strong>\u00fcvegsz\u00e1las teraszajt\u00f3k<\/strong>&nbsp;pr\u00e9mium megold\u00e1st k\u00edn\u00e1l.<\/p>\n\n\n\n<h2 class=\"wp-block-heading has-large-font-size\">Mi\u00e9rt kulcsfontoss\u00e1g\u00fa az energiahat\u00e9konys\u00e1g a teraszajt\u00f3k aj\u00e1nlat\u00e1nak kiv\u00e1laszt\u00e1sakor?<\/h2>\n\n\n\n<p><strong>Energiahat\u00e9konys\u00e1g<\/strong>&nbsp;kritikus szempont a kiv\u00e1laszt\u00e1sn\u00e1l&nbsp;<strong>teraszajt\u00f3k k\u00edn\u00e1lata<\/strong>. Huzatos, nem hat\u00e9kony&nbsp;<strong>ajt\u00f3k<\/strong>&nbsp;jelent\u0151s energiavesztes\u00e9ghez vezethet, ami n\u00f6veli a f\u0171t\u00e9si \u00e9s h\u0171t\u00e9si k\u00f6lts\u00e9geit. Keres&nbsp;<strong>teraszajt\u00f3k<\/strong>&nbsp;olyan funkci\u00f3kkal, mint az alacsony fesz\u00fclts\u00e9g\u0171 \u00fcveg, amely ny\u00e1ron visszaveri a h\u0151t, t\u00e9len pedig megtartja a h\u0151t. A szigetelt keretek is hozz\u00e1j\u00e1rulnak a jobbhoz&nbsp;<strong>energiahat\u00e9konys\u00e1g<\/strong>. Lak\u00e1stulajdonosok \u00e9s sz\u00e1llodai beszerz\u00e9si menedzserek sz\u00e1m\u00e1ra, akik befektetnek&nbsp;<strong>energiahat\u00e9kony<\/strong>&nbsp;<strong>teraszajt\u00f3k<\/strong>&nbsp;hossz\u00fa t\u00e1v\u00fa megtakar\u00edt\u00e1st \u00e9s k\u00e9nyelmesebbet jelent&nbsp;<strong>\u00e9lett\u00e9r<\/strong>. Boswindor&nbsp;<strong>teraszajt\u00f3k sz\u00e1ll\u00edtanak<\/strong>&nbsp;<strong>kiemelked\u0151 energiahat\u00e9konys\u00e1g<\/strong>, \u00edgy p\u00e9nzt takar\u00edthat meg \u00e9s cs\u00f6kkentheti k\u00f6rnyezeti l\u00e1bnyom\u00e1t.<\/p>\n\n\n\n<h2 class=\"wp-block-heading has-large-font-size\">Hogyan befoly\u00e1solj\u00e1k a tol\u00f3 teraszajt\u00f3 tervez\u00e9si lehet\u0151s\u00e9gei az \u00d6n lak\u00f3ter\u00e9t?<\/h2>\n\n\n\n<p>A&nbsp;<strong>tol\u00f3 teraszajt\u00f3 kialak\u00edt\u00e1sa<\/strong>&nbsp;jelent\u0151sen befoly\u00e1solja \u00d6nt&nbsp;<strong>\u00e9lett\u00e9r<\/strong>. A m\u00e9rete \u00e9s konfigur\u00e1ci\u00f3ja&nbsp;<strong>ajt\u00f3k<\/strong>&nbsp;dr\u00e1mai m\u00f3don megv\u00e1ltoztathatja a f\u00e9ny \u00e1raml\u00e1s\u00e1t \u00e9s az \u00d6n k\u00f6z\u00f6tti kapcsolatot&nbsp;<strong>belt\u00e9ri \u00e9s k\u00fclt\u00e9ri<\/strong>&nbsp;ter\u00fcleteken. Nagy&nbsp;<strong>\u00fcveg tol\u00f3ajt\u00f3k<\/strong>&nbsp;t\u00e1gasabb\u00e1 \u00e9s szell\u0151sebb\u00e9 teheti a helyis\u00e9get, mik\u00f6zben kisebb&nbsp;<strong>ajt\u00f3k<\/strong>&nbsp;alkalmas lehet intimebb helyekre. Fontolja meg, hogyan a&nbsp;<strong>ajt\u00f3k<\/strong>&nbsp;a design kieg\u00e9sz\u00edti b\u00fatorait \u00e9s dekor\u00e1ci\u00f3j\u00e1t. Egy j\u00f3l megv\u00e1lasztott&nbsp;<strong>tol\u00f3 teraszajt\u00f3 kialak\u00edt\u00e1sa<\/strong>&nbsp;jav\u00edthatja az \u00d6n \u00e1ltal\u00e1nos hangulat\u00e1t&nbsp;<strong>\u00e9lett\u00e9r<\/strong>, \u00edgy h\u00edvogat\u00f3bb\u00e1 \u00e9s \u00e9lvezetesebb\u00e9 v\u00e1lik.<\/p>\n\n\n\n<h2 class=\"wp-block-heading has-large-font-size\">K\u00e9szen \u00e1ll, hogy behozza a k\u00fcls\u0151t? Fedezze fel teraszajt\u00f3 lehet\u0151s\u00e9geit a Boswindorral!<\/h2>\n\n\n<style>.elementor-1432 .elementor-element.elementor-element-827b281{--display:flex;--flex-direction:column;--container-widget-width:100%;--container-widget-height:initial;--container-widget-flex-grow:0;--container-widget-align-self:initial;--flex-wrap-mobile:wrap;--margin-top:0px;--margin-bottom:0px;--margin-left:0px;--margin-right:0px;--padding-top:40px;--padding-bottom:40px;--padding-left:0px;--padding-right:0px;}.elementor-1432 .elementor-element.elementor-element-18a73d2{text-align:center;}.elementor-1432 .elementor-element.elementor-element-18a73d2 > .elementor-widget-container{margin:0px 0px -20px 0px;padding:0px 0px 0px 0px;}.elementor-1432 .elementor-element.elementor-element-809c6bb{text-align:center;font-size:20px;}.elementor-1432 .elementor-element.elementor-element-68551e0{--e-image-carousel-slides-to-show:3;}@media(min-width:768px){.elementor-1432 .elementor-element.elementor-element-827b281{--content-width:1300px;}}<\/style>\t\t<div data-elementor-type=\"container\" data-elementor-id=\"1432\" class=\"elementor elementor-1432\" data-elementor-settings=\"{&quot;ha_cmc_init_switcher&quot;:&quot;no&quot;}\" data-elementor-post-type=\"elementor_library\">\n\t\t\t\t<div class=\"elementor-element elementor-element-827b281 e-flex e-con-boxed e-con e-parent\" data-id=\"827b281\" data-element_type=\"container\" data-e-type=\"container\" data-settings=\"{&quot;_ha_eqh_enable&quot;:false}\">\n\t\t\t\t\t<div class=\"e-con-inner\">\n\t\t\t\t<div class=\"elementor-element elementor-element-18a73d2 elementor-widget elementor-widget-heading\" data-id=\"18a73d2\" data-element_type=\"widget\" data-e-type=\"widget\" data-widget_type=\"heading.default\">\n\t\t\t\t<div class=\"elementor-widget-container\">\n\t\t\t\t\t<h3 class=\"elementor-heading-title elementor-size-default\">Boswindor ajt\u00f3k \u00e9s ablakok \u2013 az \u00d6n ig\u00e9nyeinek megfelel\u0151 megold\u00e1sok<\/h3>\t\t\t\t<\/div>\n\t\t\t\t<\/div>\n\t\t\t\t<div class=\"elementor-element elementor-element-809c6bb elementor-widget elementor-widget-text-editor\" data-id=\"809c6bb\" data-element_type=\"widget\" data-e-type=\"widget\" data-widget_type=\"text-editor.default\">\n\t\t\t\t<div class=\"elementor-widget-container\">\n\t\t\t\t\t\t\t\t\t<p>Tart\u00f3ss\u00e1g, Alacsony karbantart\u00e1si ig\u00e9ny, K\u00f6nny\u0171 s\u00faly, Er\u0151ss\u00e9g, Eleg\u00e1ns eszt\u00e9tika, Energiahat\u00e9konys\u00e1g, \u00dajrahasznos\u00edthat\u00f3, Korr\u00f3zi\u00f3\u00e1ll\u00f3s\u00e1g, Hossz\u00fa \u00e9lettartam, Testreszabhat\u00f3s\u00e1g, Biztons\u00e1g<\/p>\t\t\t\t\t\t\t\t<\/div>\n\t\t\t\t<\/div>\n\t\t\t\t<div class=\"elementor-element elementor-element-68551e0 elementor-arrows-position-inside elementor-pagination-position-outside elementor-widget elementor-widget-image-carousel\" data-id=\"68551e0\" data-element_type=\"widget\" data-e-type=\"widget\" data-settings=\"{&quot;slides_to_show&quot;:&quot;3&quot;,&quot;navigation&quot;:&quot;both&quot;,&quot;autoplay&quot;:&quot;yes&quot;,&quot;pause_on_hover&quot;:&quot;yes&quot;,&quot;pause_on_interaction&quot;:&quot;yes&quot;,&quot;autoplay_speed&quot;:5000,&quot;infinite&quot;:&quot;yes&quot;,&quot;speed&quot;:500,&quot;image_spacing_custom&quot;:{&quot;unit&quot;:&quot;px&quot;,&quot;size&quot;:20,&quot;sizes&quot;:[]},&quot;image_spacing_custom_tablet&quot;:{&quot;unit&quot;:&quot;px&quot;,&quot;size&quot;:&quot;&quot;,&quot;sizes&quot;:[]},&quot;image_spacing_custom_mobile&quot;:{&quot;unit&quot;:&quot;px&quot;,&quot;size&quot;:&quot;&quot;,&quot;sizes&quot;:[]}}\" data-widget_type=\"image-carousel.default\">\n\t\t\t\t<div class=\"elementor-widget-container\">\n\t\t\t\t\t\t\t<div class=\"elementor-image-carousel-wrapper swiper\" role=\"region\" aria-roledescription=\"carousel\" aria-label=\"K\u00e9pforg\u00f3\" dir=\"ltr\">\n\t\t\t<div class=\"elementor-image-carousel swiper-wrapper\" aria-live=\"off\">\n\t\t\t\t\t\t\t\t<div class=\"swiper-slide\" role=\"group\" aria-roledescription=\"slide\" aria-label=\"1 \/ 9\"><figure class=\"swiper-slide-inner\"><img decoding=\"async\" class=\"swiper-slide-image\" src=\"https:\/\/boswindor.com\/wp-content\/uploads\/2025\/01\/Boswindor-Factory-Manufacturing-Windows-7.jpg\" alt=\"Boswindor gy\u00e1r Windows 7-et gy\u00e1rt\" \/><\/figure><\/div><div class=\"swiper-slide\" role=\"group\" aria-roledescription=\"slide\" aria-label=\"2 \/ 9\"><figure class=\"swiper-slide-inner\"><img decoding=\"async\" class=\"swiper-slide-image\" src=\"https:\/\/boswindor.com\/wp-content\/uploads\/2025\/01\/Boswindor-Factory-Manufacturing-Windows-8.jpg\" alt=\"Boswindor gy\u00e1r Windows 8-at gy\u00e1rt\" \/><\/figure><\/div><div class=\"swiper-slide\" role=\"group\" aria-roledescription=\"slide\" aria-label=\"3 \/ 9\"><figure class=\"swiper-slide-inner\"><img decoding=\"async\" class=\"swiper-slide-image\" src=\"https:\/\/boswindor.com\/wp-content\/uploads\/2025\/01\/Install-New-Construction-Windows-1.jpg\" alt=\"\u00daj \u00e9p\u00edt\u00e9s\u0171 ablakok telep\u00edt\u00e9se\" \/><\/figure><\/div><div class=\"swiper-slide\" role=\"group\" aria-roledescription=\"slide\" aria-label=\"4 \/ 9\"><figure class=\"swiper-slide-inner\"><img decoding=\"async\" class=\"swiper-slide-image\" src=\"https:\/\/boswindor.com\/wp-content\/uploads\/2025\/01\/Boswindor-Factory-Manufacturing-Windows-1.jpg\" alt=\"Boswindor gy\u00e1r ablakokat gy\u00e1rt 1\" \/><\/figure><\/div><div class=\"swiper-slide\" role=\"group\" aria-roledescription=\"slide\" aria-label=\"5 \/ 9\"><figure class=\"swiper-slide-inner\"><img decoding=\"async\" class=\"swiper-slide-image\" src=\"https:\/\/boswindor.com\/wp-content\/uploads\/2025\/01\/Boswindor-Factory-Manufacturing-Windows-2.jpg\" alt=\"Boswindor gy\u00e1r Windows 2 gy\u00e1rt\u00e1sa\" \/><\/figure><\/div><div class=\"swiper-slide\" role=\"group\" aria-roledescription=\"slide\" aria-label=\"6 \/ 9\"><figure class=\"swiper-slide-inner\"><img decoding=\"async\" class=\"swiper-slide-image\" src=\"https:\/\/boswindor.com\/wp-content\/uploads\/2025\/01\/Boswindor-Factory-Manufacturing-Windows-3.jpg\" alt=\"Boswindor gy\u00e1r Windows 3 gy\u00e1rt\u00e1sa\" \/><\/figure><\/div><div class=\"swiper-slide\" role=\"group\" aria-roledescription=\"slide\" aria-label=\"7 \/ 9\"><figure class=\"swiper-slide-inner\"><img decoding=\"async\" class=\"swiper-slide-image\" src=\"https:\/\/boswindor.com\/wp-content\/uploads\/2025\/01\/Boswindor-Factory-Manufacturing-Windows-4.jpg\" alt=\"Boswindor gy\u00e1r Windows 4-et gy\u00e1rt\" \/><\/figure><\/div><div class=\"swiper-slide\" role=\"group\" aria-roledescription=\"slide\" aria-label=\"8 \/ 9\"><figure class=\"swiper-slide-inner\"><img decoding=\"async\" class=\"swiper-slide-image\" src=\"https:\/\/boswindor.com\/wp-content\/uploads\/2025\/01\/Boswindor-Factory-Manufacturing-Windows-5.jpg\" alt=\"Boswindor gy\u00e1r Windows 5 gy\u00e1rt\u00e1sa\" \/><\/figure><\/div><div class=\"swiper-slide\" role=\"group\" aria-roledescription=\"slide\" aria-label=\"9 \/ 9\"><figure class=\"swiper-slide-inner\"><img decoding=\"async\" class=\"swiper-slide-image\" src=\"https:\/\/boswindor.com\/wp-content\/uploads\/2025\/01\/Boswindor-Factory-Manufacturing-Windows-6.jpg\" alt=\"Boswindor gy\u00e1r Windows 6-ot gy\u00e1rt\" \/><\/figure><\/div>\t\t\t<\/div>\n\t\t\t\t\t\t\t\t\t\t\t\t<div class=\"elementor-swiper-button elementor-swiper-button-prev\" role=\"button\" tabindex=\"0\">\n\t\t\t\t\t\t<svg aria-hidden=\"true\" class=\"e-font-icon-svg e-eicon-chevron-left\" viewbox=\"0 0 1000 1000\" xmlns=\"http:\/\/www.w3.org\/2000\/svg\"><path d=\"M646 125C629 125 613 133 604 142L308 442C296 454 292 471 292 487 292 504 296 521 308 533L604 854C617 867 629 875 646 875 663 875 679 871 692 858 704 846 713 829 713 812 713 796 708 779 692 767L438 487 692 225C700 217 708 204 708 187 708 171 704 154 692 142 675 129 663 125 646 125Z\"><\/path><\/svg>\t\t\t\t\t<\/div>\n\t\t\t\t\t<div class=\"elementor-swiper-button elementor-swiper-button-next\" role=\"button\" tabindex=\"0\">\n\t\t\t\t\t\t<svg aria-hidden=\"true\" class=\"e-font-icon-svg e-eicon-chevron-right\" viewbox=\"0 0 1000 1000\" xmlns=\"http:\/\/www.w3.org\/2000\/svg\"><path d=\"M696 533C708 521 713 504 713 487 713 471 708 454 696 446L400 146C388 133 375 125 354 125 338 125 325 129 313 142 300 154 292 171 292 187 292 204 296 221 308 233L563 492 304 771C292 783 288 800 288 817 288 833 296 850 308 863 321 871 338 875 354 875 371 875 388 867 400 854L696 533Z\"><\/path><\/svg>\t\t\t\t\t<\/div>\n\t\t\t\t\n\t\t\t\t\t\t\t\t\t<div class=\"swiper-pagination\"><\/div>\n\t\t\t\t\t\t\t\t\t<\/div>\n\t\t\t\t\t\t<\/div>\n\t\t\t\t<\/div>\n\t\t\t\t<div class=\"elementor-element elementor-element-7cd9127 elementor-align-center elementor-widget elementor-widget-button\" data-id=\"7cd9127\" data-element_type=\"widget\" data-e-type=\"widget\" data-widget_type=\"button.default\">\n\t\t\t\t<div class=\"elementor-widget-container\">\n\t\t\t\t\t\t\t\t\t<div class=\"elementor-button-wrapper\">\n\t\t\t\t\t<a class=\"elementor-button elementor-button-link elementor-size-sm\" href=\"https:\/\/boswindor.com\/hu\/contact-us\/\">\n\t\t\t\t\t\t<span class=\"elementor-button-content-wrapper\">\n\t\t\t\t\t\t\t\t\t<span class=\"elementor-button-text\">K\u00e9rjen ingyenes \u00e1raj\u00e1nlatot most<\/span>\n\t\t\t\t\t<\/span>\n\t\t\t\t\t<\/a>\n\t\t\t\t<\/div>\n\t\t\t\t\t\t\t\t<\/div>\n\t\t\t\t<\/div>\n\t\t\t\t\t<\/div>\n\t\t\t\t<\/div>\n\t\t\t\t<\/div>\n\t\t\n\n\n\n<p>A Boswindorn\u00e1l vezet\u0151k\u00e9nt&nbsp;<strong>terasz ablakok<\/strong>&nbsp;A gy\u00e1rt\u00f3 \u00fczemben meg\u00e9rtj\u00fck a min\u0151s\u00e9g, a st\u00edlus \u00e9s a funkcionalit\u00e1s fontoss\u00e1g\u00e1t.&nbsp;<strong>Ak\u00e1r keresed<\/strong>&nbsp;az eleg\u00e1ns&nbsp;<strong>vinil teraszajt\u00f3<\/strong>&nbsp;opci\u00f3k vagy a v\u00e9gs\u0151 megold\u00e1s&nbsp;<strong>tart\u00f3ss\u00e1g<\/strong>&nbsp;a  c\u00edmen&nbsp;<strong>\u00fcvegsz\u00e1las teraszajt\u00f3k<\/strong>, t\u00f6k\u00e9letes megold\u00e1st k\u00edn\u00e1lunk az \u00d6n sz\u00e1m\u00e1ra. A mi\u00e9nk&nbsp;<strong>ajt\u00f3k vannak kialak\u00edtva<\/strong>&nbsp;a lak\u00f3h\u00e1zakt\u00f3l a nagym\u00e9ret\u0171 kereskedelmi \u00e9p\u00fcletekig b\u00e1rmilyen projekt fejleszt\u00e9s\u00e9re. Mi&nbsp;<strong>enged\u00e9lyezni<\/strong>&nbsp;fedezze fel sz\u00e9les k\u00edn\u00e1latunkat&nbsp;<strong>teraszajt\u00f3 lehet\u0151s\u00e9gek<\/strong>&nbsp;\u00e9s&nbsp;<strong>n\u00e9zz\u00fck meg, hogyan seg\u00edthet\u00fcnk<\/strong>&nbsp;te&nbsp;<strong>megtal\u00e1lni a t\u00f6k\u00e9letes illeszked\u00e9st<\/strong>. A mi\u00e9nk&nbsp;<strong>ablakok \u00e9s teraszajt\u00f3k<\/strong>&nbsp;prec\u00edzen \u00e9s k\u00f6r\u00fcltekint\u00e9ssel k\u00e9sz\u00fcltek, biztos\u00edtva a tart\u00f3s sz\u00e9ps\u00e9get \u00e9s teljes\u00edtm\u00e9nyt. Hagyja, hogy a Boswindor seg\u00edtsen z\u00f6kken\u0151mentes \u00e1tmeneteket l\u00e9trehozni az \u00d6n k\u00f6z\u00f6tt&nbsp;<strong>belt\u00e9ri \u00e9s k\u00fclt\u00e9ri<\/strong>&nbsp;vil\u00e1gok, megh\u00edvva a&nbsp;<strong>szell\u0151<\/strong>&nbsp;\u00e9s a term\u00e9szetes f\u00e9nyt a saj\u00e1tj\u00e1ba&nbsp;<strong>\u00e9lett\u00e9r<\/strong>. A mi\u00e9nk&nbsp;<strong>ajt\u00f3k funkci\u00f3<\/strong>&nbsp;kiv\u00e1l\u00f3 kivitelez\u00e9s\u0171 \u00e9s vannak&nbsp;<strong>\u00fagy tervezt\u00e9k, hogy ellen\u00e1lljon<\/strong>&nbsp;az elemeket, biztos\u00edtva \u00d6nnek&nbsp;<strong>nyugalmat<\/strong>.<\/p>\n\n\n\n<p><strong>K\u00e9szen \u00e1ll arra, hogy \u00e1talak\u00edtsa ter\u00e9t gy\u00f6ny\u00f6r\u0171 \u00e9s funkcion\u00e1lis teraszajt\u00f3kkal? Forduljon hozz\u00e1nk m\u00e9g ma konzult\u00e1ci\u00f3\u00e9rt!<\/strong><\/p>\n\n\n\n<h2 class=\"wp-block-heading has-large-font-size\">GYIK a tol\u00f3ajt\u00f3kr\u00f3l<\/h2>\n\n\n<div id=\"rank-math-faq\" class=\"rank-math-block\">\n<div class=\"rank-math-list\">\n<div id=\"faq-question-1737011475102\" class=\"rank-math-list-item\">\n<h3 class=\"rank-math-question\">Melyek a v\u00e1laszt\u00e1s f\u0151 el\u0151nyei\u00a0<strong>cs\u00faszik<\/strong>\u00a0<strong>teraszajt\u00f3k<\/strong>?<\/h3>\n<div class=\"rank-math-answer\">\n\n<p><strong>Cs\u00faszik<\/strong>\u00a0<strong>teraszajt\u00f3k<\/strong>\u00a0megtakar\u00edt\u00e1s\u00a0<strong>t\u00e9r<\/strong>, kiterjedt kil\u00e1t\u00e1st k\u00edn\u00e1l, \u00e9s k\u00f6nny\u0171 hozz\u00e1f\u00e9r\u00e9st biztos\u00edt\u00a0<strong>k\u00fclt\u00e9ri terek<\/strong>. B\u0151s\u00e9ges term\u00e9szetes f\u00e9nyt engednek be, \u00e9s z\u00f6kken\u0151mentes \u00e1tmenetet teremtenek k\u00f6z\u00f6tt\u00fck\u00a0<strong>belt\u00e9ri \u00e9s k\u00fclt\u00e9ri<\/strong>\u00a0\u00e9l\u0151.<\/p>\n\n<\/div>\n<\/div>\n<div id=\"faq-question-1737011485345\" class=\"rank-math-list-item\">\n<h3 class=\"rank-math-question\">Vannak\u00a0<strong>\u00fcvegsz\u00e1las teraszajt\u00f3k<\/strong>\u00a0meg\u00e9ri a befektet\u00e9st?<\/h3>\n<div class=\"rank-math-answer\">\n\n<p>Igen,\u00a0<strong>\u00fcvegsz\u00e1las teraszajt\u00f3k<\/strong>\u00a0kiv\u00e1l\u00f3\u00a0<strong>tart\u00f3ss\u00e1g<\/strong>\u00a0\u00e9s ellen\u00e1ll a horpad\u00e1soknak, karcol\u00e1soknak \u00e9s fakul\u00e1soknak, \u00edgy hossz\u00fa \u00e9lettartam\u00fa \u00e9s megt\u00e9r\u00fcl\u0151 befektet\u00e9s, k\u00fcl\u00f6n\u00f6sen zord \u00e9ghajlaton.<\/p>\n\n<\/div>\n<\/div>\n<div id=\"faq-question-1737011490059\" class=\"rank-math-list-item\">\n<h3 class=\"rank-math-question\">Hogyan v\u00e1lasszam ki a megfelel\u0151t\u00a0<strong>tervez\u00e9si lehet\u0151s\u00e9gek<\/strong>\u00a0az eny\u00e9mnek\u00a0<strong>tol\u00f3 teraszajt\u00f3 kialak\u00edt\u00e1sa<\/strong>?<\/h3>\n<div class=\"rank-math-answer\">\n\n<p>Vegye figyelembe otthona \u00e9p\u00edt\u00e9szeti st\u00edlus\u00e1t, szem\u00e9lyes preferenci\u00e1it \u00e9s a mag\u00e1n\u00e9let k\u00edv\u00e1nt szintj\u00e9t. Fedezze fel a k\u00fcl\u00f6nb\u00f6z\u0151 keretsz\u00edneket, hardverst\u00edlusokat \u00e9s \u00fcvegbe\u00e1ll\u00edt\u00e1sokat, hogy megtal\u00e1lja a t\u00f6k\u00e9letes illeszked\u00e9st.<\/p>\n\n<\/div>\n<\/div>\n<div id=\"faq-question-1737011497689\" class=\"rank-math-list-item\">\n<h3 class=\"rank-math-question\">Profi\u00a0<strong>telep\u00edt\u00e9s<\/strong>\u00a0val\u00f3ban sz\u00fcks\u00e9ges\u00a0<strong>teraszajt\u00f3k cser\u00e9je<\/strong>?<\/h3>\n<div class=\"rank-math-answer\">\n\n<p>Igen, profi\u00a0<strong>telep\u00edt\u00e9s<\/strong>\u00a0biztos\u00edtja a megfelel\u0151 be\u00e1ll\u00edt\u00e1st, t\u00f6m\u00edt\u00e9st \u00e9s m\u0171k\u00f6d\u00e9s\u00e9t\u00a0<strong>teraszajt\u00f3k cser\u00e9je<\/strong>, megakad\u00e1lyozza az olyan probl\u00e9m\u00e1kat, mint a huzat \u00e9s a v\u00edzsziv\u00e1rg\u00e1s, \u00e9s maximaliz\u00e1lja\u00a0<strong>energiahat\u00e9konys\u00e1g<\/strong>.<\/p>\n\n<\/div>\n<\/div>\n<div id=\"faq-question-1737011506924\" class=\"rank-math-list-item\">\n<h3 class=\"rank-math-question\">Mit\u0151l a\u00a0<strong>teraszajt\u00f3<\/strong>\u00a0<strong>energiahat\u00e9kony<\/strong>?<\/h3>\n<div class=\"rank-math-answer\">\n\n<p>Az olyan tulajdons\u00e1gok, mint az alacsony energiatartalm\u00fa \u00fcveg, a szigetelt keretek \u00e9s a megfelel\u0151 t\u00f6m\u00edt\u00e9s hozz\u00e1j\u00e1rulnak a\u00a0<strong>teraszajt\u00f3k<\/strong>\u00a0<strong>energiahat\u00e9konys\u00e1g<\/strong>, seg\u00edt cs\u00f6kkenteni a h\u0151\u00e1tad\u00e1st \u00e9s az energiak\u00f6lts\u00e9geket.<\/p>\n\n<\/div>\n<\/div>\n<div id=\"faq-question-1737011516889\" class=\"rank-math-list-item\">\n<h3 class=\"rank-math-question\">K\u00fcl\u00f6nf\u00e9le t\u00edpusokat k\u00edn\u00e1l\u00a0<strong>teraszajt\u00f3k<\/strong>\u00a0k\u00edv\u00fcl\u00a0<strong>cs\u00faszik<\/strong>\u00a0modellek?<\/h3>\n<div class=\"rank-math-answer\">\n\n<p>Igen, a Boswindorn\u00e1l k\u00fcl\u00f6nf\u00e9le lehet\u0151s\u00e9geket k\u00edn\u00e1lunk\u00a0<strong>teraszajt\u00f3 lehet\u0151s\u00e9gek<\/strong>, bele\u00e9rtve\u00a0<strong>csukl\u00f3s teraszajt\u00f3k<\/strong>\u00a0(francia ajt\u00f3k) \u00e9s\u00a0<strong>t\u00f6bb dia<\/strong>\u00a0ajt\u00f3k, hogy megfeleljenek a k\u00fcl\u00f6nb\u00f6z\u0151 ig\u00e9nyeknek \u00e9s preferenci\u00e1knak. Megtekintheti teljes k\u00edn\u00e1latunkat\u00a0<a href=\"https:\/\/boswindor.com\/hu\/doors-types\/\" target=\"_blank\" rel=\"noreferrer noopener\">ajt\u00f3k t\u00edpusa<\/a>.<\/p>\n\n<\/div>\n<\/div>\n<\/div>\n<\/div>\n\n\n<h2 class=\"wp-block-heading has-large-font-size\">F\u0151bb tudnival\u00f3k a t\u00f6k\u00e9letes teraszajt\u00f3 kiv\u00e1laszt\u00e1s\u00e1hoz:<\/h2>\n\n\n\n<figure class=\"wp-block-image size-large\"><img loading=\"lazy\" decoding=\"async\" width=\"1024\" height=\"536\" src=\"https:\/\/boswindor.com\/wp-content\/uploads\/2024\/12\/Your-Top-3-Windows-Doors-Manufacturer-from-China-1024x536.jpg\" alt=\"\" class=\"wp-image-948\" srcset=\"https:\/\/boswindor.com\/wp-content\/uploads\/2024\/12\/Your-Top-3-Windows-Doors-Manufacturer-from-China-1024x536.jpg 1024w, https:\/\/boswindor.com\/wp-content\/uploads\/2024\/12\/Your-Top-3-Windows-Doors-Manufacturer-from-China-300x157.jpg 300w, https:\/\/boswindor.com\/wp-content\/uploads\/2024\/12\/Your-Top-3-Windows-Doors-Manufacturer-from-China-768x402.jpg 768w, https:\/\/boswindor.com\/wp-content\/uploads\/2024\/12\/Your-Top-3-Windows-Doors-Manufacturer-from-China-18x9.jpg 18w, https:\/\/boswindor.com\/wp-content\/uploads\/2024\/12\/Your-Top-3-Windows-Doors-Manufacturer-from-China.jpg 1200w\" sizes=\"(max-width: 1024px) 100vw, 1024px\" \/><figcaption class=\"wp-element-caption\">Boswindor A 3 legjobb egyedi ablak- \u00e9s ajt\u00f3gy\u00e1rt\u00f3 K\u00edn\u00e1b\u00f3l<\/figcaption><\/figure>\n\n\n\n<ul class=\"wp-block-list\">\n<li><strong>Cs\u00faszik<\/strong>&nbsp;<strong>teraszajt\u00f3k<\/strong>&nbsp;ide\u00e1lisak a megtakar\u00edt\u00e1shoz&nbsp;<strong>t\u00e9r<\/strong>&nbsp;\u00e9s a n\u00e9zetek maximaliz\u00e1l\u00e1sa.<\/li>\n\n\n\n<li><strong>\u00dcveggyapot<\/strong>&nbsp;kiv\u00e1l\u00f3 aj\u00e1nlatokat k\u00edn\u00e1l&nbsp;<strong>tart\u00f3ss\u00e1g<\/strong>, m\u00edg&nbsp;<strong>vinil<\/strong>&nbsp;p\u00e9nzt\u00e1rcabar\u00e1t lehet\u0151s\u00e9g.<\/li>\n\n\n\n<li>Szakmai&nbsp;<strong>telep\u00edt\u00e9s<\/strong>&nbsp;d\u00f6nt\u0151 fontoss\u00e1g\u00fa az optim\u00e1lis teljes\u00edtm\u00e9ny \u00e9s&nbsp;<strong>energiahat\u00e9konys\u00e1g<\/strong>.<\/li>\n\n\n\n<li>Tekintse meg a  c\u00edmet.&nbsp;<strong>energiahat\u00e9konys\u00e1g<\/strong>&nbsp;funkci\u00f3k a f\u0171t\u00e9si \u00e9s h\u0171t\u00e9si k\u00f6lts\u00e9gek megtakar\u00edt\u00e1s\u00e1hoz.<\/li>\n\n\n\n<li>Fedezze fel a k\u00fcl\u00f6nf\u00e9le&nbsp;<strong>tervez\u00e9si lehet\u0151s\u00e9gek<\/strong>&nbsp;hogy szem\u00e9lyre szabja az \u00d6n&nbsp;<strong>teraszajt\u00f3k<\/strong>.<\/li>\n\n\n\n<li>A Boswindor kiv\u00e1l\u00f3 min\u0151s\u00e9get k\u00edn\u00e1l&nbsp;<strong>ablakok \u00e9s teraszajt\u00f3k<\/strong>&nbsp;egyedi ig\u00e9nyeinek kiel\u00e9g\u00edt\u00e9s\u00e9re.<\/li>\n\n\n\n<li>Gondold \u00e1t, hogyan&nbsp;<strong>teraszajt\u00f3k<\/strong>&nbsp;jav\u00edtani fogja a&nbsp;<strong>belt\u00e9ri \u00e9s k\u00fclt\u00e9ri<\/strong>&nbsp;<strong>\u00e9lett\u00e9r<\/strong>.<\/li>\n<\/ul>\n\n\n\n<p>K\u00e9szen \u00e1ll a tov\u00e1bbi felfedez\u00e9sre\u00a0<strong>ablak<\/strong>\u00a0opci\u00f3k? Fedezze fel k\u00edn\u00e1latunkat\u00a0<a href=\"https:\/\/boswindor.com\/hu\/windows-types\/\" target=\"_blank\" rel=\"noreferrer noopener\">windows t\u00edpus\u00fa<\/a>. A vill\u00e1kkal kapcsolatos speci\u00e1lis ig\u00e9nyek\u00e9rt tekintse meg a mi\u00a0<a href=\"https:\/\/boswindor.com\/hu\/windows-doors-solutions\/villa-windows-and-doors-solution\/\" target=\"_blank\" rel=\"noreferrer noopener\">villa ablakok Ajt\u00f3k<\/a>. Napoz\u00f3szob\u00e1ra gondol? A mi\u00e9nk\u00a0<a href=\"https:\/\/boswindor.com\/hu\/windows-doors-solutions\/sunroom-window-door-solutions\/\" target=\"_blank\" rel=\"noreferrer noopener\">napoz\u00f3szoba ablakok ajt\u00f3k<\/a>\u00a0lehet a t\u00f6k\u00e9letes illeszked\u00e9s. Tekintse meg innovat\u00edv term\u00e9k\u00fcnket\u00a0<a href=\"https:\/\/boswindor.com\/hu\/innovative-aluminium-window-designs-for-modern-homes-window-design-ideas\/\" target=\"_blank\" rel=\"noreferrer noopener\">Alum\u00ednium ablak tervez\u00e9s<\/a>\u00a0modern projektekhez. Keres\u0151 lak\u00e1stulajdonosoknak\u00a0<strong>ablakcsere<\/strong>, <a href=\"https:\/\/boswindor.com\/hu\/contact-us\/\"><strong><mark style=\"background-color:rgba(0, 0, 0, 0);color:#ff4f01\" class=\"has-inline-color\">l\u00e1togassa meg a Vinyl Picture Windows oldalunkat<\/mark><\/strong><\/a>.<\/p>","protected":false},"excerpt":{"rendered":"<p>A tol\u00f3 teraszajt\u00f3k a funkcionalit\u00e1s \u00e9s az eszt\u00e9tikai vonzer\u0151 t\u00f6k\u00e9letes kever\u00e9k\u00e9t k\u00edn\u00e1lj\u00e1k az\u00e1ltal, hogy helyet takar\u00edtanak meg, b\u0151s\u00e9ges term\u00e9szetes f\u00e9nyt engednek be, \u00e9s z\u00f6kken\u0151mentes kapcsolatot teremtenek a belt\u00e9ri \u00e9s k\u00fclt\u00e9ri lak\u00f3terek k\u00f6z\u00f6tt, ez\u00e1ltal jav\u00edtva az \u00e1ltal\u00e1nos \u00e9let\u00e9lm\u00e9nyt.<\/p>\n<p>A megfelel\u0151 ajt\u00f3t\u00edpus \u00e9s -anyag kiv\u00e1laszt\u00e1sa, mint p\u00e9ld\u00e1ul a vinilb\u0151l vagy \u00fcvegsz\u00e1lb\u00f3l k\u00e9sz\u00fclt tol\u00f3-, csukl\u00f3s vagy t\u00f6bb tol\u00f3ajt\u00f3k, jelent\u0151sen jav\u00edthatja a tart\u00f3ss\u00e1got \u00e9s az energiahat\u00e9konys\u00e1got, mivel a Boswindor testreszabhat\u00f3 tervez\u00e9si lehet\u0151s\u00e9gek sz\u00e9les sk\u00e1l\u00e1j\u00e1t k\u00edn\u00e1lja a k\u00fcl\u00f6nf\u00e9le v\u00e1s\u00e1rl\u00f3i ig\u00e9nyek kiel\u00e9g\u00edt\u00e9s\u00e9re.<\/p>\n<p>A professzion\u00e1lis be\u00e9p\u00edt\u00e9s biztos\u00edtja a teraszajt\u00f3k optim\u00e1lis teljes\u00edtm\u00e9ny\u00e9t \u00e9s hossz\u00fa \u00e9lettartam\u00e1t, m\u00edg a Boswindor elk\u00f6telezett a kiv\u00e1l\u00f3 min\u0151s\u00e9g\u0171, energiahat\u00e9kony \u00e9s szem\u00e9lyre szabott teraszajt\u00f3 megold\u00e1sok k\u00edn\u00e1lat\u00e1ban, amelyek megfelelnek az \u00e9p\u00edt\u00e9szek, lak\u00e1stulajdonosok \u00e9s beszerz\u00e9si menedzserek speci\u00e1lis ig\u00e9nyeinek.<\/p>","protected":false},"author":3,"featured_media":1443,"comment_status":"open","ping_status":"open","sticky":false,"template":"","format":"standard","meta":{"footnotes":""},"categories":[10],"tags":[],"class_list":["post-1438","post","type-post","status-publish","format-standard","has-post-thumbnail","hentry","category-windows-doors"],"blocksy_meta":[],"_links":{"self":[{"href":"https:\/\/boswindor.com\/hu\/wp-json\/wp\/v2\/posts\/1438","targetHints":{"allow":["GET"]}}],"collection":[{"href":"https:\/\/boswindor.com\/hu\/wp-json\/wp\/v2\/posts"}],"about":[{"href":"https:\/\/boswindor.com\/hu\/wp-json\/wp\/v2\/types\/post"}],"author":[{"embeddable":true,"href":"https:\/\/boswindor.com\/hu\/wp-json\/wp\/v2\/users\/3"}],"replies":[{"embeddable":true,"href":"https:\/\/boswindor.com\/hu\/wp-json\/wp\/v2\/comments?post=1438"}],"version-history":[{"count":5,"href":"https:\/\/boswindor.com\/hu\/wp-json\/wp\/v2\/posts\/1438\/revisions"}],"predecessor-version":[{"id":1451,"href":"https:\/\/boswindor.com\/hu\/wp-json\/wp\/v2\/posts\/1438\/revisions\/1451"}],"wp:featuredmedia":[{"embeddable":true,"href":"https:\/\/boswindor.com\/hu\/wp-json\/wp\/v2\/media\/1443"}],"wp:attachment":[{"href":"https:\/\/boswindor.com\/hu\/wp-json\/wp\/v2\/media?parent=1438"}],"wp:term":[{"taxonomy":"category","embeddable":true,"href":"https:\/\/boswindor.com\/hu\/wp-json\/wp\/v2\/categories?post=1438"},{"taxonomy":"post_tag","embeddable":true,"href":"https:\/\/boswindor.com\/hu\/wp-json\/wp\/v2\/tags?post=1438"}],"curies":[{"name":"munkaf\u00fczet","href":"https:\/\/api.w.org\/{rel}","templated":true}]}}