{"id":1229,"date":"2025-01-06T00:21:14","date_gmt":"2025-01-06T08:21:14","guid":{"rendered":"https:\/\/boswindor.com\/?p=1229"},"modified":"2025-01-06T00:21:15","modified_gmt":"2025-01-06T08:21:15","slug":"large-custom-windows-discover-boswindors-premium-custom-window-solutions","status":"publish","type":"post","link":"https:\/\/boswindor.com\/hu\/large-custom-windows-discover-boswindors-premium-custom-window-solutions\/","title":{"rendered":"Nagy egy\u00e9ni ablakok: Fedezze fel a Boswindor pr\u00e9mium egyedi ablakmegold\u00e1sait"},"content":{"rendered":"<h2 class=\"wp-block-heading\">Mi\u00e9rt v\u00e1lasszon egyedi nagy ablakokat ingatlan\u00e1hoz?<\/h2>\n\n\n\n<figure class=\"wp-block-image size-full\"><img fetchpriority=\"high\" decoding=\"async\" width=\"1024\" height=\"559\" src=\"https:\/\/boswindor.com\/wp-content\/uploads\/2025\/01\/Custom-Large-Windows-for-bed-room.jpg\" alt=\"\" class=\"wp-image-1233\" srcset=\"https:\/\/boswindor.com\/wp-content\/uploads\/2025\/01\/Custom-Large-Windows-for-bed-room.jpg 1024w, https:\/\/boswindor.com\/wp-content\/uploads\/2025\/01\/Custom-Large-Windows-for-bed-room-300x164.jpg 300w, https:\/\/boswindor.com\/wp-content\/uploads\/2025\/01\/Custom-Large-Windows-for-bed-room-768x419.jpg 768w, https:\/\/boswindor.com\/wp-content\/uploads\/2025\/01\/Custom-Large-Windows-for-bed-room-18x10.jpg 18w\" sizes=\"(max-width: 1024px) 100vw, 1024px\" \/><\/figure>\n\n\n\n<p><strong>Egyedi nagy ablakok<\/strong>&nbsp;olyan p\u00e1ratlan el\u0151ny\u00f6ket k\u00edn\u00e1l, amelyekkel a szabv\u00e1nyos ablakok nem f\u00e9rnek hozz\u00e1. Ezek a design k\u00f6zponti elemei, lehet\u0151v\u00e9 t\u00e9ve a kiterjedt kil\u00e1t\u00e1st, a b\u0151s\u00e9ges term\u00e9szetes f\u00e9nyt \u00e9s a fokozott szell\u0151z\u00e9st. Mert&nbsp;<strong>\u00e9p\u00edt\u0151k<\/strong>&nbsp;\u00e9s&nbsp;<strong>\u00e9p\u00edt\u00e9szek<\/strong>, a nagy egyedi ablakok integr\u00e1l\u00e1sa jelent\u0151sen jav\u00edthatja az \u00e1ltal\u00e1nos kialak\u00edt\u00e1st, \u00edgy a terek nyitottabbak \u00e9s h\u00edvogat\u00f3bbak.&nbsp;<strong>Lak\u00e1stulajdonosok<\/strong>&nbsp;\u00e9s&nbsp;<strong>villatulajdonosok<\/strong>&nbsp;\u00e9rt\u00e9kelik az eszt\u00e9tikai vonzer\u0151t \u00e9s az ablakm\u00e9retek \u00e9s -form\u00e1k testreszab\u00e1s\u00e1nak lehet\u0151s\u00e9g\u00e9t, hogy t\u00f6k\u00e9letesen illeszkedjenek egyedi \u00e9p\u00edt\u00e9szeti st\u00edlusukhoz.<\/p>\n\n\n\n<h3 class=\"wp-block-heading\">Az egy\u00e9ni nagy ablakok el\u0151nyei<\/h3>\n\n\n\n<ul class=\"wp-block-list\">\n<li><strong>Term\u00e9szetes f\u00e9ny<\/strong>: El\u00e1rasztja a teret napf\u00e9nnyel, meleg \u00e9s h\u00edvogat\u00f3 l\u00e9gk\u00f6rt teremtve.<\/li>\n\n\n\n<li><strong>Tov\u00e1bbfejlesztett n\u00e9zetek<\/strong>: Akad\u00e1lytalan kil\u00e1t\u00e1st biztos\u00edt a szabadba, \u00f6sszek\u00f6tve bels\u0151 tereit a term\u00e9szettel.<\/li>\n\n\n\n<li><strong>Megn\u00f6vekedett ingatlan\u00e9rt\u00e9k<\/strong>: A kiv\u00e1l\u00f3 min\u0151s\u00e9g\u0171 egyedi ablakok \u00e9rt\u00e9kes kieg\u00e9sz\u00edt\u0151k, amelyek n\u00f6velhetik ingatlana piaci \u00e9rt\u00e9k\u00e9t.<\/li>\n\n\n\n<li><strong>Energiahat\u00e9konys\u00e1g<\/strong>: A modern egyedi ablakokat \u00fagy tervezt\u00e9k, hogy jav\u00edts\u00e1k a szigetel\u00e9st, cs\u00f6kkents\u00e9k az energiak\u00f6lts\u00e9geket.<\/li>\n<\/ul>\n\n\n\n<h2 class=\"wp-block-heading\">Mit\u0151l t\u0171nnek ki a Boswindor egyedi ablakai?<\/h2>\n\n\n\n<figure class=\"wp-block-image size-full\"><img decoding=\"async\" width=\"1024\" height=\"559\" src=\"https:\/\/boswindor.com\/wp-content\/uploads\/2025\/01\/Factory-manufacturing-custom-large-windows.jpg\" alt=\"\" class=\"wp-image-1235\" srcset=\"https:\/\/boswindor.com\/wp-content\/uploads\/2025\/01\/Factory-manufacturing-custom-large-windows.jpg 1024w, https:\/\/boswindor.com\/wp-content\/uploads\/2025\/01\/Factory-manufacturing-custom-large-windows-300x164.jpg 300w, https:\/\/boswindor.com\/wp-content\/uploads\/2025\/01\/Factory-manufacturing-custom-large-windows-768x419.jpg 768w, https:\/\/boswindor.com\/wp-content\/uploads\/2025\/01\/Factory-manufacturing-custom-large-windows-18x10.jpg 18w\" sizes=\"(max-width: 1024px) 100vw, 1024px\" \/><figcaption class=\"wp-element-caption\">Gy\u00e1ri gy\u00e1rt\u00e1s egyedi nagy ablakok<\/figcaption><\/figure>\n\n\n\n<p>A megfelel\u0151 gy\u00e1rt\u00f3 kiv\u00e1laszt\u00e1sa kulcsfontoss\u00e1g\u00fa, amikor arr\u00f3l van sz\u00f3&nbsp;<strong>egyedi ablakcsere<\/strong>.&nbsp;<strong>Boswindor<\/strong>&nbsp;a min\u0151s\u00e9gi kivitelez\u00e9s, az innovat\u00edv diz\u00e1jn \u00e9s a kiv\u00e9teles \u00fcgyf\u00e9lszolg\u00e1lat kombin\u00e1ci\u00f3j\u00e1val t\u0171nik ki. A mi\u00e9nk&nbsp;<strong>nagym\u00e9ret\u0171, egyedi ablakok<\/strong>&nbsp;apr\u00f3l\u00e9kosan megtervezve, hogy megfeleljenek a legmagasabb szint\u0171 tart\u00f3ss\u00e1g \u00e9s teljes\u00edtm\u00e9ny k\u00f6vetelm\u00e9nyeinek.<\/p>\n\n\n\n<h3 class=\"wp-block-heading\">Kiv\u00e1l\u00f3 min\u0151s\u00e9g \u00e9s kivitelez\u00e9s<\/h3>\n\n\n\n<p>A Boswindorn\u00e1l pr\u00e9mium anyagokat haszn\u00e1lunk, mint pl&nbsp;<strong>vinil<\/strong>,&nbsp;<strong>fa<\/strong>, \u00e9s&nbsp;<strong>\u00fcvegsz\u00e1las<\/strong>&nbsp;hogy ablakaink ne csak sz\u00e9pek, hanem tart\u00f3sak is legyenek. Minden ablak egyedileg k\u00e9sz\u00fcl, hogy megfeleljen az \u00d6n egyedi ig\u00e9nyeinek, \u00edgy biztos\u00edtva a t\u00f6k\u00e9letes illeszked\u00e9st \u00e9s kivitelt.<\/p>\n\n\n\n<h3 class=\"wp-block-heading\">Innovat\u00edv tervez\u00e9si lehet\u0151s\u00e9gek<\/h3>\n\n\n\n<p>Sz\u00e9les v\u00e1laszt\u00e9kot k\u00edn\u00e1lunk&nbsp;<strong>ablakform\u00e1k<\/strong>&nbsp;\u00e9s&nbsp;<strong>\u00fcveg opci\u00f3k<\/strong>, amely lehet\u0151v\u00e9 teszi, hogy egyedi megjelen\u00e9st hozzon l\u00e9tre, amely kieg\u00e9sz\u00edti ingatlana \u00e9p\u00edt\u00e9szet\u00e9t. Ak\u00e1r jobban tetszik&nbsp;<strong>bolt\u00edves ablakok<\/strong>,&nbsp;<strong>\u00f6bl\u00f6s ablakok<\/strong>, vagy&nbsp;<strong>ablakok fala<\/strong>, a Boswindor t\u00f6k\u00e9letes megold\u00e1st k\u00edn\u00e1l az \u00d6n sz\u00e1m\u00e1ra.<\/p>\n\n\n\n<h3 class=\"wp-block-heading\">Kiv\u00e9teles \u00fcgyf\u00e9lszolg\u00e1lat<\/h3>\n\n\n\n<p>A kezdeti konzult\u00e1ci\u00f3t\u00f3l a telep\u00edt\u00e9sig \u00e9s karbantart\u00e1sig csapatunk elk\u00f6telezett a z\u00f6kken\u0151mentes \u00e9lm\u00e9ny biztos\u00edt\u00e1sa mellett. Szorosan egy\u00fcttm\u0171k\u00f6d\u00fcnk&nbsp;<strong>\u00e9p\u00edt\u0151k<\/strong>,&nbsp;<strong>\u00e9p\u00edt\u00e9szek<\/strong>, \u00e9s&nbsp;<strong>beszerz\u00e9si menedzserek<\/strong>&nbsp;hogy minden r\u00e9szletet pontosan \u00e9s k\u00f6r\u00fcltekint\u0151en kezeljenek.<\/p>\n\n\n\n<h2 class=\"wp-block-heading\">Hogyan jav\u00edtja az egyedi Windows az energiahat\u00e9konys\u00e1got?<\/h2>\n\n\n\n<figure class=\"wp-block-image size-full\"><img decoding=\"async\" width=\"1024\" height=\"559\" src=\"https:\/\/boswindor.com\/wp-content\/uploads\/2025\/01\/Custom-Windows-Enhance-Energy-Efficiency.jpg\" alt=\"\" class=\"wp-image-1237\" srcset=\"https:\/\/boswindor.com\/wp-content\/uploads\/2025\/01\/Custom-Windows-Enhance-Energy-Efficiency.jpg 1024w, https:\/\/boswindor.com\/wp-content\/uploads\/2025\/01\/Custom-Windows-Enhance-Energy-Efficiency-300x164.jpg 300w, https:\/\/boswindor.com\/wp-content\/uploads\/2025\/01\/Custom-Windows-Enhance-Energy-Efficiency-768x419.jpg 768w, https:\/\/boswindor.com\/wp-content\/uploads\/2025\/01\/Custom-Windows-Enhance-Energy-Efficiency-18x10.jpg 18w\" sizes=\"(max-width: 1024px) 100vw, 1024px\" \/><\/figure>\n\n\n\n<p>Az energiahat\u00e9konys\u00e1g sz\u00e1mos lak\u00e1stulajdonos \u00e9s v\u00e1llalkoz\u00e1s sz\u00e1m\u00e1ra kiemelt fontoss\u00e1g\u00fa.&nbsp;<strong>Boswindor egyedi nagy ablakai<\/strong>&nbsp;\u00fagy tervezt\u00e9k, hogy maximaliz\u00e1lj\u00e1k az energiahat\u00e9konys\u00e1got, seg\u00edtve a f\u0171t\u00e9si \u00e9s h\u0171t\u00e9si k\u00f6lts\u00e9gek megtakar\u00edt\u00e1s\u00e1t, mik\u00f6zben cs\u00f6kkentik k\u00f6rnyezeti l\u00e1bnyom\u00e1t.<\/p>\n\n\n\n<h3 class=\"wp-block-heading\">Energiahat\u00e9konys\u00e1got n\u00f6vel\u0151 funkci\u00f3k<\/h3>\n\n\n\n<ul class=\"wp-block-list\">\n<li><strong>Dupla ablakt\u00e1bl\u00e1s ablakok<\/strong>: A mi\u00e9nk\u00a0<strong>dupla \u00fcvegez\u00e9s\u0171 ablakok<\/strong>\u00a0kiv\u00e1l\u00f3 szigetel\u00e9st biztos\u00edt az egyt\u00e1bl\u00e1s opci\u00f3khoz k\u00e9pest, \u00edgy t\u00e9len melegen, ny\u00e1ron h\u0171v\u00f6sen tartja a teret.<\/li>\n\n\n\n<li><strong>Low-E bevonatok<\/strong>: Ezek a bevonatok visszaverik az infrav\u00f6r\u00f6s f\u00e9nyt, cs\u00f6kkentik a h\u0151\u00e1tad\u00e1st \u00e9s minimaliz\u00e1lj\u00e1k az energiavesztes\u00e9get.<\/li>\n\n\n\n<li><strong>Meleg sz\u00e9l\u0171 t\u00e1vtart\u00f3k<\/strong>: Cs\u00f6kkentse az \u00fcvegt\u00e1bl\u00e1k k\u00f6z\u00f6tti h\u0151\u00e1tad\u00e1st, jav\u00edtva az \u00e1ltal\u00e1nos szigetel\u00e9si teljes\u00edtm\u00e9nyt.<\/li>\n<\/ul>\n\n\n\n<h3 class=\"wp-block-heading\">Az energiahat\u00e9kony Windows el\u0151nyei<\/h3>\n\n\n\n<ul class=\"wp-block-list\">\n<li><strong>Alacsonyabb energiasz\u00e1ml\u00e1k<\/strong>: A fokozott szigetel\u00e9s kevesebb f\u0171t\u00e9si \u00e9s h\u0171t\u00e9si rendszert jelent.<\/li>\n\n\n\n<li><strong>K\u00e9nyelem<\/strong>: Egyenletes belt\u00e9ri h\u0151m\u00e9rs\u00e9kletet tart fenn, kik\u00fcsz\u00f6b\u00f6lve a huzatot \u00e9s a hideg foltokat.<\/li>\n\n\n\n<li><strong>K\u00f6rnyezeti hat\u00e1s<\/strong>: Cs\u00f6kkenti sz\u00e9nl\u00e1bnyom\u00e1t az energiafogyaszt\u00e1s cs\u00f6kkent\u00e9s\u00e9vel.<\/li>\n<\/ul>\n\n\n\n<h2 class=\"wp-block-heading\">Milyen k\u00f6lts\u00e9gekkel j\u00e1r az egy\u00e9ni ablakcsere?<\/h2>\n\n\n\n<figure class=\"wp-block-image size-full\"><img loading=\"lazy\" decoding=\"async\" width=\"1024\" height=\"559\" src=\"https:\/\/boswindor.com\/wp-content\/uploads\/2025\/01\/Boswindor-Customer-feedback-picture.jpg\" alt=\"\" class=\"wp-image-1239\" srcset=\"https:\/\/boswindor.com\/wp-content\/uploads\/2025\/01\/Boswindor-Customer-feedback-picture.jpg 1024w, https:\/\/boswindor.com\/wp-content\/uploads\/2025\/01\/Boswindor-Customer-feedback-picture-300x164.jpg 300w, https:\/\/boswindor.com\/wp-content\/uploads\/2025\/01\/Boswindor-Customer-feedback-picture-768x419.jpg 768w, https:\/\/boswindor.com\/wp-content\/uploads\/2025\/01\/Boswindor-Customer-feedback-picture-18x10.jpg 18w\" sizes=\"(max-width: 1024px) 100vw, 1024px\" \/><figcaption class=\"wp-element-caption\">Boswindor v\u00e1s\u00e1rl\u00f3i visszajelz\u00e9s k\u00e9p<\/figcaption><\/figure>\n\n\n\n<p>Tervez\u00e9skor a&nbsp;<strong>egyedi ablakcsere<\/strong>&nbsp;projekt sor\u00e1n elengedhetetlen a felmer\u00fcl\u0151 k\u00f6lts\u00e9gek meg\u00e9rt\u00e9se. Az olyan t\u00e9nyez\u0151k, mint az ablak m\u00e9rete, az anyagok, az \u00fcvegez\u00e9si lehet\u0151s\u00e9gek \u00e9s a telep\u00edt\u00e9s bonyolults\u00e1ga, mind szerepet j\u00e1tszanak a teljes k\u00f6lts\u00e9g meghat\u00e1roz\u00e1s\u00e1ban.<\/p>\n\n\n\n<h3 class=\"wp-block-heading\">Az ablakk\u00f6lts\u00e9get befoly\u00e1sol\u00f3 t\u00e9nyez\u0151k<\/h3>\n\n\n\n<ul class=\"wp-block-list\">\n<li><strong>Ablak m\u00e9rete<\/strong>: A nagyobb ablakok \u00e1ltal\u00e1ban t\u00f6bbe ker\u00fclnek a megn\u00f6vekedett anyag- \u00e9s munkaig\u00e9ny miatt.<\/li>\n\n\n\n<li><strong>Anyagv\u00e1laszt\u00e1s<\/strong>:\u00a0<strong>Vinyl ablakok<\/strong>\u00a0\u00e1ltal\u00e1ban megfizethet\u0151bbek, m\u00edg\u00a0<strong>fa<\/strong>\u00a0\u00e9s\u00a0<strong>\u00fcvegsz\u00e1las<\/strong>\u00a0az opci\u00f3k magasabb \u00e1rat jelenthetnek.<\/li>\n\n\n\n<li><strong>\u00dcveg opci\u00f3k<\/strong>: Speci\u00e1lis \u00fcvegfunkci\u00f3k, mint pl\u00a0<strong>alacsony E bevonatok<\/strong>,\u00a0<strong>sz\u00ednezett \u00fcveg<\/strong>, \u00e9s\u00a0<strong>dupla t\u00e1bl\u00e1s<\/strong>\u00a0konfigur\u00e1ci\u00f3k n\u00f6velhetik a k\u00f6lts\u00e9geket.<\/li>\n\n\n\n<li><strong>A telep\u00edt\u00e9s bonyolults\u00e1ga<\/strong>: Az egyedi form\u00e1k \u00e9s m\u00e9retek bonyolultabb telep\u00edt\u00e9si folyamatokat ig\u00e9nyelhetnek, ami befoly\u00e1solja az \u00f6sszk\u00f6lts\u00e9get.<\/li>\n<\/ul>\n\n\n\n<h3 class=\"wp-block-heading\">K\u00f6lts\u00e9gvet\u00e9s a projekthez<\/h3>\n\n\n\n<p>Fontos, hogy r\u00e9szletes \u00e1raj\u00e1nlatokat k\u00e9rjen, \u00e9s m\u00e9rlegelje az energiahat\u00e9kony ablakok hossz\u00fa t\u00e1v\u00fa megtakar\u00edt\u00e1s\u00e1t, amikor k\u00f6lts\u00e9gvet\u00e9s\u00e9t tervezi&nbsp;<strong>ablakcsere<\/strong>&nbsp;projekt.&nbsp;<strong>Boswindor<\/strong>&nbsp;sz\u00e1mos lehet\u0151s\u00e9get k\u00edn\u00e1l a k\u00fcl\u00f6nf\u00e9le k\u00f6lts\u00e9gvet\u00e9sekhez a min\u0151s\u00e9g vagy a teljes\u00edtm\u00e9ny fel\u00e1ldoz\u00e1sa n\u00e9lk\u00fcl.<\/p>\n\n\n\n<h2 class=\"wp-block-heading\">Hogyan v\u00e1lasszuk ki a megfelel\u0151 ablakkezel\u00e9st egy\u00e9ni ablakaihoz?<\/h2>\n\n\n\n<figure class=\"wp-block-image size-full\"><img loading=\"lazy\" decoding=\"async\" width=\"1024\" height=\"559\" src=\"https:\/\/boswindor.com\/wp-content\/uploads\/2025\/01\/Large-Custom-Windows-for-Commerce.jpg\" alt=\"\" class=\"wp-image-1241\" srcset=\"https:\/\/boswindor.com\/wp-content\/uploads\/2025\/01\/Large-Custom-Windows-for-Commerce.jpg 1024w, https:\/\/boswindor.com\/wp-content\/uploads\/2025\/01\/Large-Custom-Windows-for-Commerce-300x164.jpg 300w, https:\/\/boswindor.com\/wp-content\/uploads\/2025\/01\/Large-Custom-Windows-for-Commerce-768x419.jpg 768w, https:\/\/boswindor.com\/wp-content\/uploads\/2025\/01\/Large-Custom-Windows-for-Commerce-18x10.jpg 18w\" sizes=\"(max-width: 1024px) 100vw, 1024px\" \/><figcaption class=\"wp-element-caption\">Nagy egyedi Windows kereskedelemhez<\/figcaption><\/figure>\n\n\n\n<p>A megfelel\u0151 kiv\u00e1laszt\u00e1sa&nbsp;<strong>ablakkezel\u00e9s<\/strong>&nbsp;jav\u00edthatja egy\u00e9ni ablakainak funkcionalit\u00e1s\u00e1t \u00e9s eszt\u00e9tik\u00e1j\u00e1t. A red\u0151ny\u00f6kt\u0151l a red\u0151ny\u00f6kt\u0151l a f\u00fcgg\u00f6ny\u00f6kig \u00e9s red\u0151ny\u00f6kig a megfelel\u0151 kezel\u00e9s mag\u00e1n\u00e9letet biztos\u00edt, szab\u00e1lyozhatja a f\u00e9nyt, \u00e9s kieg\u00e9sz\u00edtheti bels\u0151 kialak\u00edt\u00e1s\u00e1t.<\/p>\n\n\n\n<h3 class=\"wp-block-heading\">Az ablakkezel\u00e9s t\u00edpusai<\/h3>\n\n\n\n<ul class=\"wp-block-list\">\n<li><strong>Red\u0151ny\u00f6k \u00e9s \u00e1rny\u00e9kol\u00f3k<\/strong>: \u00c1ll\u00edthat\u00f3 f\u00e9nyszab\u00e1lyoz\u00e1st \u00e9s mag\u00e1n\u00e9letet biztos\u00edt, mik\u00f6zben meg\u0151rzi az eleg\u00e1ns, modern megjelen\u00e9st.<\/li>\n\n\n\n<li><strong>F\u00fcgg\u00f6ny\u00f6k \u00e9s f\u00fcgg\u00f6ny\u00f6k<\/strong>: Adjon puhas\u00e1got \u00e9s eleganci\u00e1t a ter\u00e9hez, amely t\u00f6bbf\u00e9le sz\u00f6vetben \u00e9s sz\u00ednben el\u00e9rhet\u0151.<\/li>\n\n\n\n<li><strong>Red\u0151ny\u00f6k<\/strong>: Klasszikus megjelen\u00e9st biztos\u00edt tart\u00f3s \u00e9s funkcion\u00e1lis f\u00e9nyszab\u00e1lyoz\u00e1si lehet\u0151s\u00e9gekkel.<\/li>\n<\/ul>\n\n\n\n<h3 class=\"wp-block-heading\">Kezel\u00e9sek \u00f6sszehangol\u00e1sa egy\u00e9ni Windows rendszerrel<\/h3>\n\n\n\n<p>Vegye figyelembe a st\u00edlus\u00e1t \u00e9s c\u00e9lj\u00e1t&nbsp;<strong>egyedi ablakok<\/strong>&nbsp;a kezel\u00e9sek kiv\u00e1laszt\u00e1sakor. P\u00e9ld\u00e1ul,&nbsp;<strong>nagy k\u00e9pablakok<\/strong>&nbsp;hasznosak lehetnek a minimalista kezel\u00e9sek, p\u00e9ld\u00e1ul a g\u00f6rg\u0151s \u00e1rnyalatok, hogy a hangs\u00faly a kiterjedt kil\u00e1t\u00e1son maradjon, mik\u00f6zben&nbsp;<strong>bolt\u00edves ablakok<\/strong>&nbsp;Kieg\u00e9sz\u00edthet\u0151 lefoly\u00f3 f\u00fcgg\u00f6ny\u00f6kkel a hagyom\u00e1nyosabb megjelen\u00e9s \u00e9rdek\u00e9ben.<\/p>\n\n\n\n<h2 class=\"wp-block-heading\">Milyen t\u00edpus\u00fa speci\u00e1lis form\u00e1j\u00fa ablakok \u00e1llnak rendelkez\u00e9sre?<\/h2>\n\n\n\n<figure class=\"wp-block-image size-full\"><img loading=\"lazy\" decoding=\"async\" width=\"1024\" height=\"559\" src=\"https:\/\/boswindor.com\/wp-content\/uploads\/2025\/01\/Special-Shape-Large-Custom-Windows.jpg\" alt=\"\" class=\"wp-image-1243\" srcset=\"https:\/\/boswindor.com\/wp-content\/uploads\/2025\/01\/Special-Shape-Large-Custom-Windows.jpg 1024w, https:\/\/boswindor.com\/wp-content\/uploads\/2025\/01\/Special-Shape-Large-Custom-Windows-300x164.jpg 300w, https:\/\/boswindor.com\/wp-content\/uploads\/2025\/01\/Special-Shape-Large-Custom-Windows-768x419.jpg 768w, https:\/\/boswindor.com\/wp-content\/uploads\/2025\/01\/Special-Shape-Large-Custom-Windows-18x10.jpg 18w\" sizes=\"(max-width: 1024px) 100vw, 1024px\" \/><figcaption class=\"wp-element-caption\">K\u00fcl\u00f6nleges form\u00e1j\u00fa nagy egyedi ablakok<\/figcaption><\/figure>\n\n\n\n<p>A k\u00fcl\u00f6nleges alak\u00fa ablakok egyedi karaktert adhatnak ingatlan\u00e1nak, fokozva annak eszt\u00e9tikai vonzerej\u00e9t \u00e9s funkcionalit\u00e1s\u00e1t.&nbsp;<strong>Boswindor<\/strong>&nbsp;sokf\u00e9les\u00e9get k\u00edn\u00e1l&nbsp;<strong>speci\u00e1lis ablakok<\/strong>&nbsp;v\u00e1ltozatos \u00e9p\u00edt\u00e9szeti ig\u00e9nyek kiel\u00e9g\u00edt\u00e9s\u00e9re tervezt\u00e9k.<\/p>\n\n\n\n<h3 class=\"wp-block-heading\">K\u00f6z\u00f6s speci\u00e1lis alak\u00fa ablakok<\/h3>\n\n\n\n<ul class=\"wp-block-list\">\n<li><strong>\u00cdves ablakok<\/strong>: Lekerek\u00edtett tetej\u0171, eleganci\u00e1t \u00e9s kifinomults\u00e1got k\u00f6lcs\u00f6n\u00f6z minden helyis\u00e9gnek.<\/li>\n\n\n\n<li><strong>\u00d6b\u00f6l \u00e9s orr ablakok<\/strong>: Ny\u00fajtsa ki az \u00e9p\u00fcletb\u0151l, \u00edgy tov\u00e1bbi teret hoz l\u00e9tre \u00e9s n\u00f6veli a term\u00e9szetes f\u00e9nyt.<\/li>\n\n\n\n<li><strong>Karik\u00e1zd be az ablakokat<\/strong>: T\u00f6k\u00e9letes, ha szesz\u00e9lyes vagy vintage von\u00e1st ad otthona k\u00fclsej\u00e9nek vagy belsej\u00e9nek.<\/li>\n<\/ul>\n\n\n\n<h3 class=\"wp-block-heading\">A k\u00fcl\u00f6nleges form\u00e1j\u00fa ablakok el\u0151nyei<\/h3>\n\n\n\n<ul class=\"wp-block-list\">\n<li><strong>Tov\u00e1bbfejlesztett eszt\u00e9tika<\/strong>: Az egyedi form\u00e1k f\u00f3kuszpontk\u00e9nt szolg\u00e1lhatnak, emelve ingatlana \u00e1ltal\u00e1nos megjelen\u00e9s\u00e9t.<\/li>\n\n\n\n<li><strong>Fokozott term\u00e9szetes f\u00e9ny<\/strong>: A k\u00fcl\u00f6nleges form\u00e1k gyakran t\u00f6bb f\u00e9nyt engednek be, \u00edgy vil\u00e1gosabb\u00e1 v\u00e1lik a t\u00e9r.<\/li>\n\n\n\n<li><strong>Tov\u00e1bbfejlesztett szell\u0151z\u00e9s<\/strong>: Bizonyos form\u00e1k, mint p\u00e9ld\u00e1ul a kiugr\u00f3 ablakok, jav\u00edthatj\u00e1k a l\u00e9g\u00e1raml\u00e1st \u00e9s a szell\u0151z\u00e9st a helyis\u00e9gben.<\/li>\n<\/ul>\n\n\n\n<h2 class=\"wp-block-heading\">Hogyan tervezz\u00fcnk egy\u00e9ni ablakot a maxim\u00e1lis term\u00e9szetes f\u00e9ny \u00e9rdek\u00e9ben?<\/h2>\n\n\n\n<figure class=\"wp-block-image size-full\"><img loading=\"lazy\" decoding=\"async\" width=\"1024\" height=\"559\" src=\"https:\/\/boswindor.com\/wp-content\/uploads\/2025\/01\/Design-Your-Custom-Window-for-Maximum-Natural-Light.jpg\" alt=\"\" class=\"wp-image-1245\" srcset=\"https:\/\/boswindor.com\/wp-content\/uploads\/2025\/01\/Design-Your-Custom-Window-for-Maximum-Natural-Light.jpg 1024w, https:\/\/boswindor.com\/wp-content\/uploads\/2025\/01\/Design-Your-Custom-Window-for-Maximum-Natural-Light-300x164.jpg 300w, https:\/\/boswindor.com\/wp-content\/uploads\/2025\/01\/Design-Your-Custom-Window-for-Maximum-Natural-Light-768x419.jpg 768w, https:\/\/boswindor.com\/wp-content\/uploads\/2025\/01\/Design-Your-Custom-Window-for-Maximum-Natural-Light-18x10.jpg 18w\" sizes=\"(max-width: 1024px) 100vw, 1024px\" \/><figcaption class=\"wp-element-caption\">Tervezze meg egy\u00e9ni ablak\u00e1t a maxim\u00e1lis term\u00e9szetes f\u00e9ny \u00e9rdek\u00e9ben<\/figcaption><\/figure>\n\n\n\n<p>Maximaliz\u00e1lja a term\u00e9szetes f\u00e9nyt&nbsp;<strong>egyedi nagy ablakok<\/strong>&nbsp;jelent\u0151sen jav\u00edthatja a helyis\u00e9g hangulat\u00e1t \u00e9s funkcionalit\u00e1s\u00e1t. A megfelel\u0151 tervez\u00e9si szempontok biztos\u00edtj\u00e1k, hogy ablakai ne csak leny\u0171g\u00f6z\u0151ek, hanem hat\u00e9konyan is m\u0171k\u00f6djenek.<\/p>\n\n\n\n<h3 class=\"wp-block-heading\">Tervez\u00e9si tippek a maxim\u00e1lis term\u00e9szetes f\u00e9ny el\u00e9r\u00e9s\u00e9hez<\/h3>\n\n\n\n<ul class=\"wp-block-list\">\n<li><strong>Elhelyez\u00e9s<\/strong>: Az ablakokat \u00fagy helyezze el, hogy a legt\u00f6bb napf\u00e9nyt befogja, figyelembe v\u00e9ve ingatlana t\u00e1jol\u00e1s\u00e1t.<\/li>\n\n\n\n<li><strong>M\u00e9ret \u00e9s forma<\/strong>: Nagyobb ablakok \u00e9s kiterjedt form\u00e1k, mint pl\u00a0<strong>k\u00e9pablakok<\/strong>\u00a0t\u00f6bb f\u00e9nyt engedjen be.<\/li>\n\n\n\n<li><strong>\u00dcveg opci\u00f3k<\/strong>: Haszn\u00e1ljon \u00e1tl\u00e1tsz\u00f3 vagy enyh\u00e9n sz\u00ednezett \u00fcveget a f\u00e9ny\u00e1tereszt\u00e9s maximaliz\u00e1l\u00e1sa \u00e9rdek\u00e9ben, mik\u00f6zben meg\u0151rzi a mag\u00e1n\u00e9letet.<\/li>\n<\/ul>\n\n\n\n<h3 class=\"wp-block-heading\">A b\u0151s\u00e9ges term\u00e9szetes f\u00e9ny el\u0151nyei<\/h3>\n\n\n\n<ul class=\"wp-block-list\">\n<li><strong>Fokozott hangulat<\/strong>: A term\u00e9szetes f\u00e9ny jav\u00edthatja az utasok \u00e1ltal\u00e1nos hangulat\u00e1t \u00e9s k\u00f6z\u00e9rzet\u00e9t.<\/li>\n\n\n\n<li><strong>Cs\u00f6kkentett energiafogyaszt\u00e1s<\/strong>: A mesters\u00e9ges vil\u00e1g\u00edt\u00e1sra val\u00f3 kev\u00e9sb\u00e9 t\u00e1maszkodva cs\u00f6kkentik az energiak\u00f6lts\u00e9geket.<\/li>\n\n\n\n<li><strong>Eszt\u00e9tikai vonzer\u0151<\/strong>: A vil\u00e1gos, naps\u00fct\u00f6tte terek h\u00edvogat\u00f3bbak \u00e9s l\u00e1tv\u00e1nyosabbak.<\/li>\n<\/ul>\n\n\n\n<h2 class=\"wp-block-heading\">Milyen el\u0151nyei vannak a Boswindor vinyl ablakainak?<\/h2>\n\n\n\n<figure class=\"wp-block-image size-full\"><img loading=\"lazy\" decoding=\"async\" width=\"1024\" height=\"559\" src=\"https:\/\/boswindor.com\/wp-content\/uploads\/2025\/01\/Benefits-of-Vinyl-Windows-from-Boswindor.jpg\" alt=\"\" class=\"wp-image-1247\" srcset=\"https:\/\/boswindor.com\/wp-content\/uploads\/2025\/01\/Benefits-of-Vinyl-Windows-from-Boswindor.jpg 1024w, https:\/\/boswindor.com\/wp-content\/uploads\/2025\/01\/Benefits-of-Vinyl-Windows-from-Boswindor-300x164.jpg 300w, https:\/\/boswindor.com\/wp-content\/uploads\/2025\/01\/Benefits-of-Vinyl-Windows-from-Boswindor-768x419.jpg 768w, https:\/\/boswindor.com\/wp-content\/uploads\/2025\/01\/Benefits-of-Vinyl-Windows-from-Boswindor-18x10.jpg 18w\" sizes=\"(max-width: 1024px) 100vw, 1024px\" \/><\/figure>\n\n\n\n<p><strong>Vinyl ablakok<\/strong>&nbsp;Tart\u00f3ss\u00e1guk, alacsony karbantart\u00e1si ig\u00e9ny\u00fck \u00e9s energiahat\u00e9konys\u00e1guk miatt n\u00e9pszer\u0171 v\u00e1laszt\u00e1s sok h\u00e1ztulajdonos \u00e9s \u00e9p\u00edt\u0151 sz\u00e1m\u00e1ra.&nbsp;<strong>Boswindor<\/strong>&nbsp;vinil ablak opci\u00f3k sz\u00e9les sk\u00e1l\u00e1j\u00e1t k\u00edn\u00e1lja, amelyeket a k\u00fcl\u00f6nf\u00e9le ig\u00e9nyek \u00e9s preferenci\u00e1k kiel\u00e9g\u00edt\u00e9s\u00e9re terveztek.<\/p>\n\n\n\n<h3 class=\"wp-block-heading\">A vinil ablakok el\u0151nyei<\/h3>\n\n\n\n<ul class=\"wp-block-list\">\n<li><strong>Alacsony karbantart\u00e1s<\/strong>: A vinil ablakok minim\u00e1lis karbantart\u00e1st ig\u00e9nyelnek a fa vagy alum\u00ednium keretekhez k\u00e9pest.<\/li>\n\n\n\n<li><strong>Tart\u00f3ss\u00e1g<\/strong>: Ellen\u00e1ll a nedvess\u00e9gnek, a rothad\u00e1snak \u00e9s a korr\u00f3zi\u00f3nak, \u00edgy ide\u00e1lis k\u00fcl\u00f6nf\u00e9le \u00e9ghajlati viszonyok k\u00f6z\u00f6tt.<\/li>\n\n\n\n<li><strong>Energiahat\u00e9konys\u00e1g<\/strong>: A kiv\u00e1l\u00f3 szigetel\u0151 tulajdons\u00e1gok cs\u00f6kkentik az energiak\u00f6lts\u00e9geket \u00e9s n\u00f6velik a k\u00e9nyelmet.<\/li>\n<\/ul>\n\n\n\n<h3 class=\"wp-block-heading\">Mi\u00e9rt v\u00e1lassza a Boswindor vinyl ablakait?<\/h3>\n\n\n\n<p>A Boswindor vinil ablakait prec\u00edzen \u00e9s a r\u00e9szletekre val\u00f3 odafigyel\u00e9ssel k\u00e9sz\u00edtett\u00e9k, \u00edgy biztos\u00edtva a kiv\u00e1l\u00f3 teljes\u00edtm\u00e9nyt \u00e9s a hossz\u00fa \u00e9lettartamot. A mi\u00e9nk&nbsp;<strong>vinil ablakok<\/strong>&nbsp;t\u00f6bbf\u00e9le st\u00edlusban \u00e9s kivitelben kaphat\u00f3, \u00edgy szem\u00e9lyre szabhatja azokat, hogy illeszkedjenek ingatlana diz\u00e1jnj\u00e1hoz, mik\u00f6zben kihaszn\u00e1lja a vinil rejl\u0151 el\u0151nyeit.<\/p>\n\n\n\n<h2 class=\"wp-block-heading\">Hogyan lehet karbantartani \u00e9s \u00e1polni egy\u00e9ni nagy ablakait?<\/h2>\n\n\n\n<figure class=\"wp-block-image size-full\"><img loading=\"lazy\" decoding=\"async\" width=\"1024\" height=\"559\" src=\"https:\/\/boswindor.com\/wp-content\/uploads\/2025\/01\/Maintain-and-Care-for-Your-Custom-Large-Windows.jpg\" alt=\"\" class=\"wp-image-1251\" srcset=\"https:\/\/boswindor.com\/wp-content\/uploads\/2025\/01\/Maintain-and-Care-for-Your-Custom-Large-Windows.jpg 1024w, https:\/\/boswindor.com\/wp-content\/uploads\/2025\/01\/Maintain-and-Care-for-Your-Custom-Large-Windows-300x164.jpg 300w, https:\/\/boswindor.com\/wp-content\/uploads\/2025\/01\/Maintain-and-Care-for-Your-Custom-Large-Windows-768x419.jpg 768w, https:\/\/boswindor.com\/wp-content\/uploads\/2025\/01\/Maintain-and-Care-for-Your-Custom-Large-Windows-18x10.jpg 18w\" sizes=\"(max-width: 1024px) 100vw, 1024px\" \/><\/figure>\n\n\n\n<p>A megfelel\u0151 karbantart\u00e1s elengedhetetlen a hossz\u00fa \u00e9lettartam \u00e9s a teljes\u00edtm\u00e9ny biztos\u00edt\u00e1sa \u00e9rdek\u00e9ben&nbsp;<strong>egyedi nagy ablakok<\/strong>. A rendszeres gondoz\u00e1s seg\u00edt megel\u0151zni az olyan probl\u00e9m\u00e1kat, mint a huzat, a nedvess\u00e9g okozta k\u00e1rok \u00e9s a kop\u00e1s, \u00edgy az ablakok kin\u00e9zet\u00e9t \u00e9s m\u0171k\u00f6d\u00e9s\u00e9t a lehet\u0151 legjobban meg\u0151rzik.<\/p>\n\n\n\n<h3 class=\"wp-block-heading\">Karbantart\u00e1si tippek<\/h3>\n\n\n\n<ul class=\"wp-block-list\">\n<li><strong>Rendszeres tiszt\u00edt\u00e1s<\/strong>: Rendszeresen tiszt\u00edtsa meg az \u00fcveget \u00e9s a kereteket a szennyez\u0151d\u00e9s, a por \u00e9s a t\u00f6rmel\u00e9k elt\u00e1vol\u00edt\u00e1sa \u00e9rdek\u00e9ben. A legjobb eredm\u00e9ny \u00e9rdek\u00e9ben haszn\u00e1ljon enyhe szappant \u00e9s vizet.<\/li>\n\n\n\n<li><strong>Vizsg\u00e1lja meg a t\u00f6m\u00edt\u00e9seket<\/strong>: Ellen\u0151rizze, hogy nincsenek-e h\u00e9zagok vagy reped\u00e9sek a t\u00f6m\u00edt\u00e9seken, \u00e9s sz\u00fcks\u00e9g szerint cser\u00e9lje ki azokat az energiahat\u00e9konys\u00e1g fenntart\u00e1sa \u00e9rdek\u00e9ben.<\/li>\n\n\n\n<li><strong>Kenje meg a mozg\u00f3 alkatr\u00e9szeket<\/strong>: Kenje be ken\u0151anyaggal a zsan\u00e9rokat, cs\u00faszk\u00e1kat \u00e9s m\u00e1s mozg\u00f3 alkatr\u00e9szeket a zavartalan m\u0171k\u00f6d\u00e9s \u00e9rdek\u00e9ben.<\/li>\n<\/ul>\n\n\n\n<h3 class=\"wp-block-heading\">Megel\u0151z\u0151 int\u00e9zked\u00e9sek<\/h3>\n\n\n\n<ul class=\"wp-block-list\">\n<li><strong>Ellen\u0151rizze a s\u00e9r\u00fcl\u00e9st<\/strong>: Rendszeresen ellen\u0151rizze ablakait s\u00e9r\u00fcl\u00e9s vagy kop\u00e1s jeleit keresve, \u00e9s halad\u00e9ktalanul orvosoljon minden probl\u00e9m\u00e1t.<\/li>\n\n\n\n<li><strong>Id\u0151j\u00e1r\u00e1s\u00e1ll\u00f3<\/strong>: Gy\u0151z\u0151dj\u00f6n meg arr\u00f3l, hogy ablakai megfelel\u0151en t\u00f6m\u00edtettek \u00e9s szigeteltek, hogy megv\u00e9dj\u00e9k a sz\u00e9ls\u0151s\u00e9ges id\u0151j\u00e1r\u00e1si k\u00f6r\u00fclm\u00e9nyekt\u0151l.<\/li>\n\n\n\n<li><strong>Szakmai ellen\u0151rz\u00e9sek<\/strong>: Id\u0151szakos ellen\u0151rz\u00e9seket \u00fctemezzen be egy szakemberrel a lehets\u00e9ges probl\u00e9m\u00e1k azonos\u00edt\u00e1sa \u00e9s megold\u00e1sa \u00e9rdek\u00e9ben, miel\u0151tt azok eszkal\u00e1l\u00f3dnak.<\/li>\n<\/ul>\n\n\n\n<h2 class=\"wp-block-heading\">Gyakran Ism\u00e9telt K\u00e9rd\u00e9sek<\/h2>\n\n\n<div id=\"rank-math-faq\" class=\"rank-math-block\">\n<div class=\"rank-math-list\">\n<div id=\"faq-question-1736151367692\" class=\"rank-math-list-item\">\n<h3 class=\"rank-math-question\"><strong>Mennyi ideig tart az egyedi nagym\u00e9ret\u0171 ablakok cser\u00e9je?<\/strong><\/h3>\n<div class=\"rank-math-answer\">\n\n<p>Az egyedi nagym\u00e9ret\u0171 ablakok cser\u00e9j\u00e9nek ideje az ablakok sz\u00e1m\u00e1t\u00f3l, m\u00e9ret\u00e9t\u0151l \u00e9s a telep\u00edt\u00e9s bonyolults\u00e1g\u00e1t\u00f3l f\u00fcgg\u0151en v\u00e1ltozik. \u00c1tlagosan ez n\u00e9h\u00e1ny napt\u00f3l n\u00e9h\u00e1ny h\u00e9tig tarthat.\u00a0<strong>Boswindor<\/strong>\u00a0biztos\u00edtja a hat\u00e9kony telep\u00edt\u00e9si folyamatokat, hogy minim\u00e1lisra cs\u00f6kkentse a napi rutin megzavar\u00e1s\u00e1t.<\/p>\n\n<\/div>\n<\/div>\n<div id=\"faq-question-1736151375761\" class=\"rank-math-list-item\">\n<h3 class=\"rank-math-question\"><strong>Az egyedi nagym\u00e9ret\u0171 ablakok energiahat\u00e9konyabbak, mint a hagyom\u00e1nyos ablakok?<\/strong><\/h3>\n<div class=\"rank-math-answer\">\n\n<p>Igen, a Boswindor egyedi nagy ablakait az energiahat\u00e9konys\u00e1g szem el\u0151tt tart\u00e1s\u00e1val tervezt\u00e9k. Az olyan tulajdons\u00e1gok, mint a k\u00e9tr\u00e9teg\u0171 \u00fcvegek, az alacsony energiaszint\u0171 bevonatok \u00e9s a szigetelt keretek seg\u00edtenek cs\u00f6kkenteni az energiavesztes\u00e9get, \u00edgy hat\u00e9konyabbak, mint sok szabv\u00e1nyos ablak.<\/p>\n\n<\/div>\n<\/div>\n<div id=\"faq-question-1736151383156\" class=\"rank-math-list-item\">\n<h3 class=\"rank-math-question\"><strong>Milyen anyagok \u00e1llnak rendelkez\u00e9sre egyedi ablakkeretekhez?<\/strong><\/h3>\n<div class=\"rank-math-answer\">\n\n<p>A Boswindor k\u00fcl\u00f6nf\u00e9le anyagokat k\u00edn\u00e1l egyedi ablakkeretekhez, bele\u00e9rtve\u00a0<strong>vinil<\/strong>,\u00a0<strong>fa<\/strong>,\u00a0<strong>\u00fcvegsz\u00e1las<\/strong>, \u00e9s\u00a0<strong>alum\u00ednium<\/strong>. Minden anyagnak megvannak a maga el\u0151nyei, \u00edgy kiv\u00e1laszthatja azt, amelyik legink\u00e1bb megfelel az \u00d6n ig\u00e9nyeinek \u00e9s eszt\u00e9tikai preferenci\u00e1inak.<\/p>\n\n<\/div>\n<\/div>\n<div id=\"faq-question-1736151392909\" class=\"rank-math-list-item\">\n<h3 class=\"rank-math-question\"><strong>Tervezhet\u0151k-e egyedi nagym\u00e9ret\u0171 ablakok egyedi \u00e9p\u00edt\u00e9szeti st\u00edlusokhoz?<\/strong><\/h3>\n<div class=\"rank-math-answer\">\n\n<p>Teljesen!\u00a0<strong>Boswindor<\/strong>\u00a0olyan egyedi ablakok k\u00e9sz\u00edt\u00e9s\u00e9re specializ\u00e1l\u00f3dott, amelyek b\u00e1rmilyen \u00e9p\u00edt\u00e9szeti st\u00edlust kieg\u00e9sz\u00edtenek \u00e9s kiemelnek. Ak\u00e1r kell\u00a0<strong>bolt\u00edves ablakok<\/strong>,\u00a0<strong>\u00f6bl\u00f6s ablakok<\/strong>, vagy\u00a0<strong>egyedi ablakform\u00e1k<\/strong>, tervez\u0151csapatunk szorosan egy\u00fcttm\u0171k\u00f6dik \u00d6nnel a t\u00f6k\u00e9letes illeszked\u00e9s \u00e9rdek\u00e9ben.<\/p>\n\n<\/div>\n<\/div>\n<div id=\"faq-question-1736151405488\" class=\"rank-math-list-item\">\n<h3 class=\"rank-math-question\"><strong>Mi a garancia a Boswindor egyedi ablakaira?<\/strong><\/h3>\n<div class=\"rank-math-answer\">\n\n<p>A Boswindor egyedi ablakaink min\u0151s\u00e9ge m\u00f6g\u00f6tt \u00e1ll, \u00e1tfog\u00f3 garanci\u00e1val, amely kiterjed a gy\u00e1rt\u00e1si hib\u00e1kra \u00e9s a teljes\u00edtm\u00e9nyprobl\u00e9m\u00e1kra. A konkr\u00e9t garanci\u00e1lis r\u00e9szletek a konzult\u00e1ci\u00f3 sor\u00e1n megbesz\u00e9lhet\u0151k a teljes nyugalom \u00e9rdek\u00e9ben.<\/p>\n\n<\/div>\n<\/div>\n<div id=\"faq-question-1736151411899\" class=\"rank-math-list-item\">\n<h3 class=\"rank-math-question\"><strong>Hogyan v\u00e1lasszam ki a megfelel\u0151 \u00fcvegez\u00e9si lehet\u0151s\u00e9get egyedi ablakaimhoz?<\/strong><\/h3>\n<div class=\"rank-math-answer\">\n\n<p>A megfelel\u0151 \u00fcvegopci\u00f3 kiv\u00e1laszt\u00e1sa az \u00d6n egyedi ig\u00e9nyeit\u0151l f\u00fcgg, p\u00e9ld\u00e1ul az energiahat\u00e9konys\u00e1gt\u00f3l, a mag\u00e1n\u00e9let v\u00e9delm\u00e9t\u0151l \u00e9s az eszt\u00e9tikai preferenci\u00e1kt\u00f3l.\u00a0<strong>Boswindor<\/strong>\u00a0\u00fcvegopci\u00f3k sz\u00e9les sk\u00e1l\u00e1j\u00e1t k\u00edn\u00e1lja, bele\u00e9rtve a dupla t\u00e1bl\u00e1s, az alacsony E-bevonatokat, a sz\u00ednezett \u00fcvegeket \u00e9s a speci\u00e1lis \u00fcvegeket, hogy seg\u00edtsenek a legjobb v\u00e1laszt\u00e1s megtal\u00e1l\u00e1s\u00e1ban.<\/p>\n\n<\/div>\n<\/div>\n<\/div>\n<\/div>\n\n\n<h2 class=\"wp-block-heading\">K\u00f6vetkeztet\u00e9s: A legfontosabb tudnival\u00f3k a Boswindor egyedi nagy ablakainak kiv\u00e1laszt\u00e1s\u00e1hoz<\/h2>\n\n\n\n<figure class=\"wp-block-image size-large\"><a href=\"https:\/\/boswindor.com\/hu\/\"><img loading=\"lazy\" decoding=\"async\" width=\"1024\" height=\"536\" src=\"https:\/\/boswindor.com\/wp-content\/uploads\/2024\/12\/Your-Top-3-Windows-Doors-Manufacturer-from-China-1024x536.jpg\" alt=\"\" class=\"wp-image-948\" srcset=\"https:\/\/boswindor.com\/wp-content\/uploads\/2024\/12\/Your-Top-3-Windows-Doors-Manufacturer-from-China-1024x536.jpg 1024w, https:\/\/boswindor.com\/wp-content\/uploads\/2024\/12\/Your-Top-3-Windows-Doors-Manufacturer-from-China-300x157.jpg 300w, https:\/\/boswindor.com\/wp-content\/uploads\/2024\/12\/Your-Top-3-Windows-Doors-Manufacturer-from-China-768x402.jpg 768w, https:\/\/boswindor.com\/wp-content\/uploads\/2024\/12\/Your-Top-3-Windows-Doors-Manufacturer-from-China-18x9.jpg 18w, https:\/\/boswindor.com\/wp-content\/uploads\/2024\/12\/Your-Top-3-Windows-Doors-Manufacturer-from-China.jpg 1200w\" sizes=\"(max-width: 1024px) 100vw, 1024px\" \/><\/a><\/figure>\n\n\n\n<ul class=\"wp-block-list\">\n<li><strong>Testreszab\u00e1s<\/strong>: Szabja ablakait egyedi \u00e9p\u00edt\u00e9szeti \u00e9s tervez\u00e9si ig\u00e9nyeihez.<\/li>\n\n\n\n<li><strong>Energiahat\u00e9konys\u00e1g<\/strong>: Haszn\u00e1lja ki az energiafogyaszt\u00e1st \u00e9s a k\u00f6lts\u00e9geket cs\u00f6kkent\u0151 fejlett funkci\u00f3k el\u0151nyeit.<\/li>\n\n\n\n<li><strong>Min\u0151s\u00e9gi anyagok<\/strong>: V\u00e1lasszon a k\u00fcl\u00f6nf\u00e9le tart\u00f3s anyagok k\u00f6z\u00fcl, bele\u00e9rtve a vinilt, a f\u00e1t \u00e9s az \u00fcvegsz\u00e1lat.<\/li>\n\n\n\n<li><strong>Eszt\u00e9tikai vonzer\u0151<\/strong>: Fokozza a t\u00e9r sz\u00e9ps\u00e9g\u00e9t \u00e9s funkcionalit\u00e1s\u00e1t speci\u00e1lisan kialak\u00edtott ablakform\u00e1kkal \u00e9s -m\u00e9retekkel.<\/li>\n\n\n\n<li><strong>Professzion\u00e1lis szolg\u00e1ltat\u00e1s<\/strong>: Tapasztalja meg a z\u00f6kken\u0151mentes telep\u00edt\u00e9st \u00e9s a Boswindor kiv\u00e9teles \u00fcgyf\u00e9lszolg\u00e1lat\u00e1t.<\/li>\n\n\n\n<li><strong>Megn\u00f6vekedett ingatlan\u00e9rt\u00e9k<\/strong>: Fektessen be kiv\u00e1l\u00f3 min\u0151s\u00e9g\u0171 egyedi ablakokba, amelyek n\u00f6velik ingatlana piaci \u00e9rt\u00e9k\u00e9t.<\/li>\n<\/ul>\n\n\n\n<p>Befektet\u00e9s a\u00a0<strong>Boswindor egyedi nagy ablakai<\/strong>\u00a0egy olyan d\u00f6nt\u00e9s, amely tart\u00f3s el\u0151ny\u00f6ket k\u00edn\u00e1l az eszt\u00e9tikai, funkcionalit\u00e1si \u00e9s energiahat\u00e9konys\u00e1gi szempontb\u00f3l. Ak\u00e1r a\u00a0<strong>\u00e9p\u00edt\u00e9sz<\/strong>,\u00a0<strong>\u00e9p\u00edt\u00e9szm\u00e9rn\u00f6k<\/strong>,\u00a0<strong>h\u00e1ztulajdonos<\/strong>, vagy a\u00a0<strong>beszerz\u00e9si menedzser<\/strong>\u00a0az \u00e9p\u00edt\u0151iparban vagy a vend\u00e9gl\u00e1t\u00f3iparban egyedi ablakaink a st\u00edlus \u00e9s a teljes\u00edtm\u00e9ny t\u00f6k\u00e9letes kever\u00e9k\u00e9t biztos\u00edtj\u00e1k. <a href=\"https:\/\/boswindor.com\/hu\/contact-us\/\"><strong><mark style=\"background-color:rgba(0, 0, 0, 0);color:#ff4f01\" class=\"has-inline-color\">L\u00e9pjen kapcsolatba a Boswindorral m\u00e9g ma<\/mark><\/strong><\/a> hogy felfedezz\u00fck sz\u00e9les k\u00edn\u00e1latunkat\u00a0<strong>egy\u00e9ni ablak<\/strong>\u00a0lehet\u0151s\u00e9geket, \u00e9s tegye meg az els\u0151 l\u00e9p\u00e9st a t\u00e9r \u00e1talak\u00edt\u00e1sa fel\u00e9.<\/p>\n\n\n\n<hr class=\"wp-block-separator has-text-color has-luminous-vivid-orange-color has-alpha-channel-opacity has-luminous-vivid-orange-background-color has-background is-style-wide\"\/>\n\n\n\n<p>Tov\u00e1bbi inform\u00e1ci\u00f3k\u00e9rt r\u00f3lunk<mark style=\"background-color:rgba(0, 0, 0, 0);color:#ff4f01\" class=\"has-inline-color\">\u00a0<a href=\"https:\/\/boswindor.com\/hu\/windows-types\/casement-window\/\" target=\"_blank\" rel=\"noreferrer noopener\"><strong>Ablakok<\/strong><\/a><\/mark>, fedezze fel mi\u00a0<a href=\"https:\/\/boswindor.com\/hu\/\" target=\"_blank\" rel=\"noreferrer noopener\"><strong><mark style=\"background-color:rgba(0, 0, 0, 0);color:#ff4f01\" class=\"has-inline-color\">Ablakok \u00e9s ajt\u00f3k gy\u00e1rt\u00f3ja<\/mark><\/strong><\/a>\u00a0oldalon, vagy vegye fel a kapcsolatot a\u00a0<a href=\"https:\/\/boswindor.com\/hu\/contact-us\/\" target=\"_blank\" rel=\"noreferrer noopener\"><strong><mark style=\"background-color:rgba(0, 0, 0, 0);color:#ff4f01\" class=\"has-inline-color\">ingyenes tan\u00e1csad\u00e1s \u00e9s becsl\u00e9s<\/mark><\/strong><\/a>. Fedezze fel a t\u00f6k\u00e9leteset\u00a0<a href=\"https:\/\/boswindor.com\/hu\/windows-types\/\" target=\"_blank\" rel=\"noreferrer noopener\"><strong><mark style=\"background-color:rgba(0, 0, 0, 0);color:#ff4f01\" class=\"has-inline-color\">egyedi ablakkialak\u00edt\u00e1s<\/mark><\/strong><\/a>\u00a0hogy m\u00e9g ma emelje fel otthon\u00e1t vagy \u00e9p\u00fclet\u00e9t!<\/p>","protected":false},"excerpt":{"rendered":"<p>A mai \u00e9p\u00edt\u00e9szeti k\u00f6rnyezetben az egyedi nagym\u00e9ret\u0171 ablakok nem csup\u00e1n funkcion\u00e1lis elemek; kulcsfontoss\u00e1g\u00faak b\u00e1rmely t\u00e9r eszt\u00e9tik\u00e1j\u00e1nak meghat\u00e1roz\u00e1s\u00e1ban \u00e9s funkcionalit\u00e1s\u00e1nak fokoz\u00e1s\u00e1ban. <\/p>\n<p>A Boswindorn\u00e1l pr\u00e9mium egyedi ablakok gy\u00e1rt\u00e1s\u00e1ra specializ\u00e1l\u00f3dtunk, amelyek kiel\u00e9g\u00edtik az \u00e9p\u00edt\u0151k, \u00e9p\u00edt\u00e9szek, villatulajdonosok, \u00e9p\u00edt\u0151m\u00e9rn\u00f6k\u00f6k, lak\u00e1stulajdonosok \u00e9s beszerz\u00e9si menedzserek egyedi ig\u00e9nyeit a vend\u00e9gl\u00e1t\u00e1sban \u00e9s az \u00e9p\u00edt\u0151iparban. <\/p>\n<p>Ez az \u00e1tfog\u00f3 \u00fatmutat\u00f3 felt\u00e1rja az egyedi nagy ablakok sz\u00e1mtalan el\u0151ny\u00e9t, a rendelkez\u00e9sre \u00e1ll\u00f3 k\u00fcl\u00f6nf\u00e9le t\u00edpusokat, \u00e9s azt, hogy a Boswindor v\u00e1laszt\u00e1sa mi\u00e9rt jelenthet v\u00e1ltoz\u00e1st a k\u00f6vetkez\u0151 projektben.<\/p>","protected":false},"author":3,"featured_media":1232,"comment_status":"open","ping_status":"open","sticky":false,"template":"","format":"standard","meta":{"footnotes":""},"categories":[10],"tags":[],"class_list":["post-1229","post","type-post","status-publish","format-standard","has-post-thumbnail","hentry","category-windows-doors"],"blocksy_meta":[],"_links":{"self":[{"href":"https:\/\/boswindor.com\/hu\/wp-json\/wp\/v2\/posts\/1229","targetHints":{"allow":["GET"]}}],"collection":[{"href":"https:\/\/boswindor.com\/hu\/wp-json\/wp\/v2\/posts"}],"about":[{"href":"https:\/\/boswindor.com\/hu\/wp-json\/wp\/v2\/types\/post"}],"author":[{"embeddable":true,"href":"https:\/\/boswindor.com\/hu\/wp-json\/wp\/v2\/users\/3"}],"replies":[{"embeddable":true,"href":"https:\/\/boswindor.com\/hu\/wp-json\/wp\/v2\/comments?post=1229"}],"version-history":[{"count":5,"href":"https:\/\/boswindor.com\/hu\/wp-json\/wp\/v2\/posts\/1229\/revisions"}],"predecessor-version":[{"id":1253,"href":"https:\/\/boswindor.com\/hu\/wp-json\/wp\/v2\/posts\/1229\/revisions\/1253"}],"wp:featuredmedia":[{"embeddable":true,"href":"https:\/\/boswindor.com\/hu\/wp-json\/wp\/v2\/media\/1232"}],"wp:attachment":[{"href":"https:\/\/boswindor.com\/hu\/wp-json\/wp\/v2\/media?parent=1229"}],"wp:term":[{"taxonomy":"category","embeddable":true,"href":"https:\/\/boswindor.com\/hu\/wp-json\/wp\/v2\/categories?post=1229"},{"taxonomy":"post_tag","embeddable":true,"href":"https:\/\/boswindor.com\/hu\/wp-json\/wp\/v2\/tags?post=1229"}],"curies":[{"name":"munkaf\u00fczet","href":"https:\/\/api.w.org\/{rel}","templated":true}]}}