{"id":1078,"date":"2024-12-29T23:52:44","date_gmt":"2024-12-30T07:52:44","guid":{"rendered":"https:\/\/boswindor.com\/?p=1078"},"modified":"2024-12-29T23:52:45","modified_gmt":"2024-12-30T07:52:45","slug":"everything-you-need-to-know-about-hurricane-impact-windows","status":"publish","type":"post","link":"https:\/\/boswindor.com\/hu\/everything-you-need-to-know-about-hurricane-impact-windows\/","title":{"rendered":"Minden, amit a hurrik\u00e1n hat\u00e1sair\u00f3l tudnod kell"},"content":{"rendered":"<h2 class=\"wp-block-heading\">Mik azok a Hurricane Impact Windowsok?<\/h2>\n\n\n\n<figure class=\"wp-block-image aligncenter size-full\"><img fetchpriority=\"high\" decoding=\"async\" width=\"1024\" height=\"559\" src=\"https:\/\/boswindor.com\/wp-content\/uploads\/2024\/12\/Aluminum-Hurricane-impact-windows-1.jpg\" alt=\"\" class=\"wp-image-1084\" srcset=\"https:\/\/boswindor.com\/wp-content\/uploads\/2024\/12\/Aluminum-Hurricane-impact-windows-1.jpg 1024w, https:\/\/boswindor.com\/wp-content\/uploads\/2024\/12\/Aluminum-Hurricane-impact-windows-1-300x164.jpg 300w, https:\/\/boswindor.com\/wp-content\/uploads\/2024\/12\/Aluminum-Hurricane-impact-windows-1-768x419.jpg 768w, https:\/\/boswindor.com\/wp-content\/uploads\/2024\/12\/Aluminum-Hurricane-impact-windows-1-18x10.jpg 18w\" sizes=\"(max-width: 1024px) 100vw, 1024px\" \/><figcaption class=\"wp-element-caption\">Alum\u00ednium Hurricane ablakok<\/figcaption><\/figure>\n\n\n\n<p><strong>A hurrik\u00e1n becsap\u00f3d\u00e1s\u00e1nak ablakai<\/strong>&nbsp;speci\u00e1lisan tervezett ablakok, amelyek ellen\u00e1llnak a hurrik\u00e1nokhoz kapcsol\u00f3d\u00f3 er\u0151s sz\u00e9lnek \u00e9s a rep\u00fcl\u0151 t\u00f6rmel\u00e9knek. A szabv\u00e1nyos ablakokkal ellent\u00e9tben&nbsp;<strong>\u00fct\u00e9s\u00e1ll\u00f3 ablakok<\/strong>&nbsp;meger\u0151s\u00edtett \u00fcveggel \u00e9s er\u0151s keretekkel k\u00e9sz\u00fcltek, hogy fokozott v\u00e9delmet ny\u00fajtsanak a vihar okozta k\u00e1rok ellen. Ezek az ablakok a hurrik\u00e1nnak kitett ter\u00fcleteken l\u00e9v\u0151 otthonok \u00e9s \u00e9p\u00fcletek elengedhetetlen elemei, biztons\u00e1got \u00e9s nyugalmat k\u00edn\u00e1lva.<\/p>\n\n\n\n<p><strong>Impact ablakok<\/strong>&nbsp;\u00dagy tervezt\u00e9k, hogy megfeleljenek a szigor\u00fa \u00e9p\u00edt\u00e9si el\u0151\u00edr\u00e1soknak \u00e9s szabv\u00e1nyoknak, biztos\u00edtva, hogy ellen\u00e1lljanak a sz\u00e9ls\u0151s\u00e9ges id\u0151j\u00e1r\u00e1si k\u00f6r\u00fclm\u00e9nyeknek. Jellemz\u0151en jellemz\u0151ek&nbsp;<strong>lamin\u00e1lt \u00fcveg<\/strong>, amely k\u00e9t r\u00e9teg \u00fcvegb\u0151l \u00e1ll, amelyek egy tart\u00f3s k\u00f6zbens\u0151 r\u00e9teggel vannak ragasztva. Ez a konstrukci\u00f3 megakad\u00e1lyozza, hogy az \u00fcveg becsap\u00f3d\u00e1skor \u00f6sszet\u00f6rj\u00f6n, meg\u0151rzi az ablak \u00e9ps\u00e9g\u00e9t, \u00e9s cs\u00f6kkenti a v\u00edz behatol\u00e1s\u00e1nak kock\u00e1zat\u00e1t hurrik\u00e1n idej\u00e9n.<\/p>\n\n\n\n<h2 class=\"wp-block-heading\">Hogyan m\u0171k\u00f6dik a hurrik\u00e1n hat\u00e1sa alatt \u00e1ll\u00f3 Windows?<\/h2>\n\n\n\n<figure class=\"wp-block-image aligncenter size-full\"><img decoding=\"async\" width=\"1024\" height=\"559\" src=\"https:\/\/boswindor.com\/wp-content\/uploads\/2024\/12\/How-Do-Hurricane-Impact-Windows-Work.jpg\" alt=\"\" class=\"wp-image-1085\" srcset=\"https:\/\/boswindor.com\/wp-content\/uploads\/2024\/12\/How-Do-Hurricane-Impact-Windows-Work.jpg 1024w, https:\/\/boswindor.com\/wp-content\/uploads\/2024\/12\/How-Do-Hurricane-Impact-Windows-Work-300x164.jpg 300w, https:\/\/boswindor.com\/wp-content\/uploads\/2024\/12\/How-Do-Hurricane-Impact-Windows-Work-768x419.jpg 768w, https:\/\/boswindor.com\/wp-content\/uploads\/2024\/12\/How-Do-Hurricane-Impact-Windows-Work-18x10.jpg 18w\" sizes=\"(max-width: 1024px) 100vw, 1024px\" \/><\/figure>\n\n\n\n<p><strong>A hurrik\u00e1n becsap\u00f3d\u00e1s\u00e1nak ablakai<\/strong>&nbsp;a robusztus anyagok \u00e9s a fejlett m\u00e9rn\u00f6ki munka kombin\u00e1l\u00e1s\u00e1val m\u0171k\u00f6dik, hogy ellen\u00e1lljon a hurrik\u00e1n er\u0151inek. A legfontosabb \u00f6sszetev\u0151k, amelyek ezeket az ablakokat hat\u00e9konys\u00e1 teszik, a k\u00f6vetkez\u0151k:<\/p>\n\n\n\n<ul class=\"wp-block-list\">\n<li><strong>Lamin\u00e1lt \u00fcveg<\/strong>: A lamin\u00e1lt \u00fcveg k\u00f6zbens\u0151 r\u00e9teg \u00f6sszetartja az \u00fcvegszil\u00e1nkokat, ha \u00f6sszet\u00f6rnek, \u00e9s megakad\u00e1lyozza, hogy behatoljanak otthon\u00e1ba.<\/li>\n\n\n\n<li><strong>Meger\u0151s\u00edtett keretek<\/strong>: Az olyan anyagokb\u00f3l k\u00e9sz\u00fclt keretek, mint az alum\u00ednium vagy a vinil, tov\u00e1bbi szil\u00e1rds\u00e1got \u00e9s stabilit\u00e1st biztos\u00edtanak, biztos\u00edtva, hogy az ablak biztons\u00e1gos maradjon er\u0151s sz\u00e9lben is.<\/li>\n\n\n\n<li><strong>\u00dct\u00e9s\u00e1ll\u00f3 bevonatok<\/strong>: Egyes \u00fctk\u00f6z\u0151ablakokat speci\u00e1lis bevonatokkal l\u00e1tt\u00e1k el, amelyek fokozz\u00e1k v\u00edztasz\u00edt\u00f3 k\u00e9pess\u00e9g\u00fcket \u00e9s ellen\u00e1llnak az UV sug\u00e1rz\u00e1snak, hozz\u00e1j\u00e1rulva az \u00e1ltal\u00e1nos energiahat\u00e9konys\u00e1ghoz.<\/li>\n<\/ul>\n\n\n\n<p>Amikor hurrik\u00e1n t\u00e1mad,&nbsp;<strong>\u00fctk\u00f6z\u0151 ablakok<\/strong>&nbsp;elnyeli \u00e9s eloszlatja a rep\u00fcl\u0151 t\u00f6rmel\u00e9kb\u0151l \u00e9s az er\u0151s sz\u00e9lb\u0151l sz\u00e1rmaz\u00f3 energi\u00e1t, minimaliz\u00e1lva a t\u00f6r\u00e9s kock\u00e1zat\u00e1t. Ez a v\u00e9d\u0151korl\u00e1t nemcsak otthona belsej\u00e9t v\u00e9di, hanem seg\u00edt meg\u0151rizni a szerkezeti integrit\u00e1st is, cs\u00f6kkentve a kiterjedt k\u00e1rok val\u00f3sz\u00edn\u0171s\u00e9g\u00e9t.<\/p>\n\n\n\n<h2 class=\"wp-block-heading\">A Hurricane Impact Windows telep\u00edt\u00e9s\u00e9nek el\u0151nyei<\/h2>\n\n\n\n<figure class=\"wp-block-image size-full\"><img decoding=\"async\" width=\"1024\" height=\"559\" src=\"https:\/\/boswindor.com\/wp-content\/uploads\/2024\/12\/Benefits-of-Installing-Hurricane-Impact-Windows.jpg\" alt=\"\" class=\"wp-image-1086\" srcset=\"https:\/\/boswindor.com\/wp-content\/uploads\/2024\/12\/Benefits-of-Installing-Hurricane-Impact-Windows.jpg 1024w, https:\/\/boswindor.com\/wp-content\/uploads\/2024\/12\/Benefits-of-Installing-Hurricane-Impact-Windows-300x164.jpg 300w, https:\/\/boswindor.com\/wp-content\/uploads\/2024\/12\/Benefits-of-Installing-Hurricane-Impact-Windows-768x419.jpg 768w, https:\/\/boswindor.com\/wp-content\/uploads\/2024\/12\/Benefits-of-Installing-Hurricane-Impact-Windows-18x10.jpg 18w\" sizes=\"(max-width: 1024px) 100vw, 1024px\" \/><\/figure>\n\n\n\n<p>Telep\u00edt\u00e9s&nbsp;<strong>hurrik\u00e1n becsap\u00f3d\u00e1si ablakok<\/strong>&nbsp;a viharv\u00e9delemen t\u00fal sz\u00e1mos el\u0151nyt k\u00edn\u00e1l. A legfontosabb el\u0151ny\u00f6k k\u00f6z\u00fcl n\u00e9h\u00e1ny:<\/p>\n\n\n\n<h3 class=\"wp-block-heading\">Fokozott biztons\u00e1g<\/h3>\n\n\n\n<p><strong>Impact ablakok<\/strong>&nbsp;kulcsfontoss\u00e1g\u00fa v\u00e9delmi vonalat biztos\u00edtanak a hurrik\u00e1nok ellen, megakad\u00e1lyozva, hogy a t\u00f6rmel\u00e9k \u00e1tt\u00f6rj\u00f6n, \u00e9s s\u00e9r\u00fcl\u00e9st vagy anyagi k\u00e1rt okozzon. Az\u00e1ltal, hogy vihar k\u00f6zben is meg\u0151rzik s\u00e9rtetlens\u00e9g\u00fcket, ezek az ablakok megv\u00e9dik csal\u00e1dj\u00e1t \u00e9s t\u00e1rgyait az id\u0151j\u00e1r\u00e1s viszontags\u00e1gait\u00f3l.<\/p>\n\n\n\n<h3 class=\"wp-block-heading\">Energiahat\u00e9konys\u00e1g<\/h3>\n\n\n\n<p>Sok&nbsp;<strong>hurrik\u00e1n becsap\u00f3d\u00e1si ablakok<\/strong>&nbsp;energiahat\u00e9kony funkci\u00f3kkal, p\u00e9ld\u00e1ul Low-E \u00fcvegbevonatokkal \u00e9s szigetelt keretekkel \u00e9rkezik. Ezek az elemek seg\u00edtenek szab\u00e1lyozni a belt\u00e9ri h\u0151m\u00e9rs\u00e9kletet, cs\u00f6kkentik a f\u0171t\u00e9si \u00e9s h\u0171t\u00e9si ig\u00e9nyt, valamint cs\u00f6kkentik az energiasz\u00e1ml\u00e1kat.<\/p>\n\n\n\n<h3 class=\"wp-block-heading\">Megn\u00f6vekedett ingatlan\u00e9rt\u00e9k<\/h3>\n\n\n\n<p>Az otthonok felszerelts\u00e9ge&nbsp;<strong>\u00fct\u00e9s\u00e1ll\u00f3 ablakok<\/strong>&nbsp;vonz\u00f3bbak a potenci\u00e1lis v\u00e1s\u00e1rl\u00f3k sz\u00e1m\u00e1ra, k\u00fcl\u00f6n\u00f6sen a hurrik\u00e1noknak kitett r\u00e9gi\u00f3kban. Ez a hozz\u00e1adott funkci\u00f3 jelent\u0151sen n\u00f6velheti ingatlana piaci \u00e9rt\u00e9k\u00e9t \u00e9s vonzerej\u00e9t.<\/p>\n\n\n\n<h3 class=\"wp-block-heading\">Zajcs\u00f6kkent\u00e9s<\/h3>\n\n\n\n<p>A haszn\u00e1lt vastag, lamin\u00e1lt \u00fcveg&nbsp;<strong>\u00fctk\u00f6z\u0151 ablakok<\/strong>&nbsp;hangfalk\u00e9nt is m\u0171k\u00f6dik, minimaliz\u00e1lja a k\u00fcls\u0151 zajt \u00e9s b\u00e9k\u00e9sebb belt\u00e9ri k\u00f6rnyezetet teremt.<\/p>\n\n\n\n<h3 class=\"wp-block-heading\">Tov\u00e1bbfejlesztett eszt\u00e9tika<\/h3>\n\n\n\n<p>Modern&nbsp;<strong>\u00fctk\u00f6z\u0151 ablakok<\/strong>&nbsp;t\u00f6bbf\u00e9le st\u00edlusban \u00e9s kivitelben kaphat\u00f3, lehet\u0151v\u00e9 t\u00e9ve, hogy feljav\u00edtsa otthona megjelen\u00e9s\u00e9t, mik\u00f6zben \u00e9lvezi a viharv\u00e9delem gyakorlati el\u0151nyeit.<\/p>\n\n\n\n<h2 class=\"wp-block-heading\">A hurrik\u00e1n \u00e1ltal okozott ablakok t\u00edpusai<\/h2>\n\n\n\n<figure class=\"wp-block-image size-full\"><img loading=\"lazy\" decoding=\"async\" width=\"1024\" height=\"559\" src=\"https:\/\/boswindor.com\/wp-content\/uploads\/2024\/12\/Types-of-Hurricane-Impact-Windows.jpg\" alt=\"\" class=\"wp-image-1087\" srcset=\"https:\/\/boswindor.com\/wp-content\/uploads\/2024\/12\/Types-of-Hurricane-Impact-Windows.jpg 1024w, https:\/\/boswindor.com\/wp-content\/uploads\/2024\/12\/Types-of-Hurricane-Impact-Windows-300x164.jpg 300w, https:\/\/boswindor.com\/wp-content\/uploads\/2024\/12\/Types-of-Hurricane-Impact-Windows-768x419.jpg 768w, https:\/\/boswindor.com\/wp-content\/uploads\/2024\/12\/Types-of-Hurricane-Impact-Windows-18x10.jpg 18w\" sizes=\"(max-width: 1024px) 100vw, 1024px\" \/><\/figure>\n\n\n\n<p>T\u00f6bb fajt\u00e1ja l\u00e9tezik&nbsp;<strong>hurrik\u00e1n becsap\u00f3d\u00e1si ablakok<\/strong>, mindegyiket \u00fagy tervezt\u00e9k, hogy megfeleljen a k\u00fcl\u00f6nb\u00f6z\u0151 ig\u00e9nyeknek \u00e9s preferenci\u00e1knak. A k\u00fcl\u00f6nf\u00e9le lehet\u0151s\u00e9gek meg\u00e9rt\u00e9se seg\u00edthet kiv\u00e1lasztani a legjobb megold\u00e1st otthona vagy projektje sz\u00e1m\u00e1ra.<\/p>\n\n\n\n<h3 class=\"wp-block-heading\">Jav\u00edtott hat\u00e1s\u00fa Windows<\/h3>\n\n\n\n<p><strong>R\u00f6gz\u00edtett \u00fctk\u00f6z\u0151ablak<\/strong>&nbsp;\u00e1ll\u00f3 helyzetben vannak \u00e9s nem ny\u00edlnak ki. Ide\u00e1lisak olyan helyeken, ahol a szell\u0151z\u00e9s nem els\u0151dleges, p\u00e9ld\u00e1ul nappali vagy iroda. Ezek az ablakok akad\u00e1lytalan kil\u00e1t\u00e1st ny\u00fajtanak, \u00e9s rendk\u00edv\u00fcl hat\u00e9konyan v\u00e9dik a viharokat.<\/p>\n\n\n\n<h3 class=\"wp-block-heading\">M\u0171k\u00f6d\u0151k\u00e9pes Impact Windows<\/h3>\n\n\n\n<p><strong>M\u0171k\u00f6dtethet\u0151 \u00fctk\u00f6z\u0151ablak<\/strong>&nbsp;el\u0151nyeit kombin\u00e1lni&nbsp;<strong>\u00fct\u00e9s\u00e1ll\u00f3s\u00e1g<\/strong>&nbsp;a hagyom\u00e1nyos ablakok funkcionalit\u00e1s\u00e1val. Kinyithat\u00f3k \u00e9s z\u00e1rhat\u00f3k a szell\u0151z\u00e9s \u00e9rdek\u00e9ben, \u00edgy alkalmasak h\u00e1l\u00f3szob\u00e1kba, konyh\u00e1kba \u00e9s m\u00e1s olyan helyis\u00e9gekbe, ahol leveg\u0151\u00e1raml\u00e1sra van sz\u00fcks\u00e9g.<\/p>\n\n\n\n<h3 class=\"wp-block-heading\">Cs\u00fasz\u00f3 hat\u00e1s\u00fa ablakok<\/h3>\n\n\n\n<p><strong>Becsap\u00f3d\u00f3 cs\u00fasz\u00f3 ablakok<\/strong>&nbsp;v\u00edzszintesen cs\u00fasztathat\u00f3 sz\u00e1rnyak k\u00f6nny\u0171 hozz\u00e1f\u00e9r\u00e9st \u00e9s k\u00e9nyelmes kezel\u00e9st biztos\u00edtanak. N\u00e9pszer\u0171 v\u00e1laszt\u00e1s az \u00fct\u00e9s\u00e1ll\u00f3s\u00e1got \u00e9s a funkcionalit\u00e1st egyar\u00e1nt ig\u00e9nyl\u0151 ter\u00fcleteken.<\/p>\n\n\n\n<h3 class=\"wp-block-heading\">Casement Impact Windows<\/h3>\n\n\n\n<p><strong>\u00dctk\u00f6z\u0151 ablakok<\/strong>&nbsp;Az egyik oldalon csukl\u00f3p\u00e1ntosak \u00e9s kifel\u00e9 ny\u00edlnak, ami maxim\u00e1lis szell\u0151z\u00e9st \u00e9s egyszer\u0171 tiszt\u00edt\u00e1st tesz lehet\u0151v\u00e9. Kialak\u00edt\u00e1suk kiv\u00e1l\u00f3 v\u00e9delmet ny\u00fajt, mik\u00f6zben meg\u0151rzi otthona eszt\u00e9tikus megjelen\u00e9s\u00e9t.<\/p>\n\n\n\n<h2 class=\"wp-block-heading\">A Windows \u00e9s a norm\u00e1l Windows hat\u00e1sa: legfontosabb k\u00fcl\u00f6nbs\u00e9gek<\/h2>\n\n\n\n<figure class=\"wp-block-image size-full\"><img loading=\"lazy\" decoding=\"async\" width=\"1024\" height=\"559\" src=\"https:\/\/boswindor.com\/wp-content\/uploads\/2024\/12\/Impact-Windows-vs.-Regular-Windows-Key-Differences.jpg\" alt=\"\" class=\"wp-image-1095\" srcset=\"https:\/\/boswindor.com\/wp-content\/uploads\/2024\/12\/Impact-Windows-vs.-Regular-Windows-Key-Differences.jpg 1024w, https:\/\/boswindor.com\/wp-content\/uploads\/2024\/12\/Impact-Windows-vs.-Regular-Windows-Key-Differences-300x164.jpg 300w, https:\/\/boswindor.com\/wp-content\/uploads\/2024\/12\/Impact-Windows-vs.-Regular-Windows-Key-Differences-768x419.jpg 768w, https:\/\/boswindor.com\/wp-content\/uploads\/2024\/12\/Impact-Windows-vs.-Regular-Windows-Key-Differences-18x10.jpg 18w\" sizes=\"(max-width: 1024px) 100vw, 1024px\" \/><\/figure>\n\n\n\n<p>A k\u00f6z\u00f6tti k\u00fcl\u00f6nbs\u00e9gek meg\u00e9rt\u00e9se&nbsp;<strong>\u00fctk\u00f6z\u0151 ablakok<\/strong>&nbsp;\u00e9s a rendszeres Windows kulcsfontoss\u00e1g\u00fa a friss\u00edt\u00e9s m\u00e9rlegel\u00e9sekor. \u00cdme az els\u0151dleges megk\u00fcl\u00f6nb\u00f6ztet\u00e9sek:<\/p>\n\n\n\n<h3 class=\"wp-block-heading\">\u00c9p\u00edt\u00e9s<\/h3>\n\n\n\n<p><strong>Impact ablakok<\/strong>&nbsp;-val \u00e9p\u00fclnek&nbsp;<strong>lamin\u00e1lt \u00fcveg<\/strong>&nbsp;\u00e9s meger\u0151s\u00edtett keretek, \u00edgy l\u00e9nyegesen er\u0151sebbek, mint a hagyom\u00e1nyos ablakokn\u00e1l, amelyek jellemz\u0151en egy- vagy k\u00e9tr\u00e9teg\u0171 \u00fcvegeket haszn\u00e1lnak speci\u00e1lis meger\u0151s\u00edt\u00e9s n\u00e9lk\u00fcl.<\/p>\n\n\n\n<h3 class=\"wp-block-heading\">Tart\u00f3ss\u00e1g<\/h3>\n\n\n\n<p>M\u00edg hurrik\u00e1nok sor\u00e1n a szok\u00e1sos ablakok bet\u00f6rhetnek vagy \u00f6sszet\u00f6rhetnek,&nbsp;<strong>\u00fct\u00e9s\u00e1ll\u00f3 ablakok<\/strong>&nbsp;\u00dagy tervezt\u00e9k, hogy ellen\u00e1lljanak a nagy sz\u00e9lnek \u00e9s a rep\u00fcl\u0151 t\u00f6rmel\u00e9knek, meg\u0151rizz\u00e9k \u00e9ps\u00e9g\u00fcket \u00e9s folyamatos v\u00e9delmet ny\u00fajtsanak.<\/p>\n\n\n\n<h3 class=\"wp-block-heading\">Energiahat\u00e9konys\u00e1g<\/h3>\n\n\n\n<p><strong>Impact ablakok<\/strong>&nbsp;gyakran olyan energiahat\u00e9kony technol\u00f3gi\u00e1kat tartalmaznak, mint p\u00e9ld\u00e1ul a Low-E bevonatok \u00e9s a szigetelt keretek, amelyek \u00e1ltal\u00e1ban nem tal\u00e1lhat\u00f3k meg a norm\u00e1l ablakokban. Ez jobb h\u0151m\u00e9rs\u00e9kletszab\u00e1lyoz\u00e1st \u00e9s alacsonyabb energiak\u00f6lts\u00e9get eredm\u00e9nyez.<\/p>\n\n\n\n<h3 class=\"wp-block-heading\">Biztons\u00e1g<\/h3>\n\n\n\n<p>hurrik\u00e1n eset\u00e9n&nbsp;<strong>\u00fctk\u00f6z\u0151 ablakok<\/strong>&nbsp;megakad\u00e1lyozza az \u00fcveg \u00f6sszet\u00f6r\u00e9s\u00e9t \u00e9s sz\u00e9tt\u00f6r\u00e9s\u00e9t, ezzel cs\u00f6kkentve a s\u00e9r\u00fcl\u00e9sek kock\u00e1zat\u00e1t \u00e9s minimaliz\u00e1lva az otthon\u00e1ban keletkez\u0151 k\u00e1rokat. A norm\u00e1l ablakokb\u00f3l hi\u00e1nyzik ez a biztons\u00e1gi funkci\u00f3, \u00edgy vihar idej\u00e9n sebezhet\u0151bbek.<\/p>\n\n\n\n<h3 class=\"wp-block-heading\">K\u00f6lts\u00e9g<\/h3>\n\n\n\n<p>B\u00e1r\u00a0<strong>\u00fctk\u00f6z\u0151 ablakok<\/strong>\u00a0A hagyom\u00e1nyos ablakokhoz k\u00e9pest el\u0151re dr\u00e1g\u00e1bbak, hossz\u00fa t\u00e1v\u00fa el\u0151nyeik, bele\u00e9rtve az energiamegtakar\u00edt\u00e1st, a megn\u00f6vekedett ingatlan\u00e9rt\u00e9ket \u00e9s a fokozott biztons\u00e1got, megt\u00e9r\u00fcl\u0151 befektet\u00e9st jelentenek. A hurrik\u00e1n hat\u00e1s\u00fa ablakok \u00e1ra sz\u00e1mos t\u00e9nyez\u0151t\u0151l f\u00fcgg\u0151en v\u00e1ltozhat, p\u00e9ld\u00e1ul a m\u00e1rka, az anyagok, a telep\u00edt\u00e9si d\u00edjak \u00e9s a f\u00f6ldrajzi elhelyezked\u00e9s alapj\u00e1n. \u00c1tlagosan $40 \u00e9s $100 k\u00f6z\u00f6tti n\u00e9gyzetl\u00e1b fizetend\u0151 hurrik\u00e1n hat\u00e1s\u00fa ablakok\u00e9rt, bele\u00e9rtve a telep\u00edt\u00e9st is.<\/p>\n\n\n\n<h2 class=\"wp-block-heading\">A Hurricane Impact Windows kiv\u00e1laszt\u00e1sakor figyelembe veend\u0151 t\u00e9nyez\u0151k<\/h2>\n\n\n\n<figure class=\"wp-block-image size-full\"><img loading=\"lazy\" decoding=\"async\" width=\"1024\" height=\"559\" src=\"https:\/\/boswindor.com\/wp-content\/uploads\/2024\/12\/Factors-to-Consider-When-Choosing-Hurricane-Impact-Windows.jpg\" alt=\"\" class=\"wp-image-1094\" srcset=\"https:\/\/boswindor.com\/wp-content\/uploads\/2024\/12\/Factors-to-Consider-When-Choosing-Hurricane-Impact-Windows.jpg 1024w, https:\/\/boswindor.com\/wp-content\/uploads\/2024\/12\/Factors-to-Consider-When-Choosing-Hurricane-Impact-Windows-300x164.jpg 300w, https:\/\/boswindor.com\/wp-content\/uploads\/2024\/12\/Factors-to-Consider-When-Choosing-Hurricane-Impact-Windows-768x419.jpg 768w, https:\/\/boswindor.com\/wp-content\/uploads\/2024\/12\/Factors-to-Consider-When-Choosing-Hurricane-Impact-Windows-18x10.jpg 18w\" sizes=\"(max-width: 1024px) 100vw, 1024px\" \/><\/figure>\n\n\n\n<p>A megfelel\u0151 kiv\u00e1laszt\u00e1sa&nbsp;<strong>hurrik\u00e1n becsap\u00f3d\u00e1si ablakok<\/strong>&nbsp;sz\u00e1mos fontos t\u00e9nyez\u0151 \u00e9rt\u00e9kel\u00e9s\u00e9t foglalja mag\u00e1ban, hogy biztos\u00edtsa az ig\u00e9nyeinek \u00e9s k\u00f6lts\u00e9gvet\u00e9s\u00e9nek megfelel\u0151 legjobb v\u00e1laszt\u00e1st.<\/p>\n\n\n\n<h3 class=\"wp-block-heading\">\u00c9p\u00edt\u00e9si Szab\u00e1lyzatok \u00e9s Szab\u00e1lyzatok<\/h3>\n\n\n\n<p>V\u00e1s\u00e1rl\u00e1s el\u0151tt&nbsp;<strong>\u00fctk\u00f6z\u0151 ablakok<\/strong>, ellen\u0151rizze a helyi \u00e9p\u00edt\u00e9si szab\u00e1lyzatokat \u00e9s el\u0151\u00edr\u00e1sokat. K\u00fcl\u00f6nb\u00f6z\u0151 r\u00e9gi\u00f3knak saj\u00e1tos k\u00f6vetelm\u00e9nyei lehetnek&nbsp;<strong>hurrik\u00e1n\u00e1ll\u00f3 ablakok<\/strong>, bele\u00e9rtve a minim\u00e1lis sz\u00e9lmin\u0151s\u00edt\u00e9seket \u00e9s \u00fctk\u00f6z\u00e9si szabv\u00e1nyokat.<\/p>\n\n\n\n<h3 class=\"wp-block-heading\">Sz\u00e9l \u00e9rt\u00e9kel\u00e9se<\/h3>\n\n\n\n<p>Az \u00fct\u0151ablakok besorol\u00e1sa az alapj\u00e1n t\u00f6rt\u00e9nik, hogy mennyire ellen\u00e1llnak bizonyos sz\u00e9lsebess\u00e9geknek. Gy\u0151z\u0151dj\u00f6n meg arr\u00f3l, hogy az \u00d6n \u00e1ltal v\u00e1lasztott ablakok megfelelnek vagy meghaladj\u00e1k a ter\u00fclet\u00e9re vonatkoz\u00f3 sz\u00e9ler\u0151ss\u00e9get, megfelel\u0151 v\u00e9delmet ny\u00fajtva a hurrik\u00e1nok ellen.<\/p>\n\n\n\n<h3 class=\"wp-block-heading\">Anyag \u00e9s keret opci\u00f3k<\/h3>\n\n\n\n<p><strong>Impact ablakok<\/strong>&nbsp;k\u00fcl\u00f6nf\u00e9le anyagokb\u00f3l k\u00e9sz\u00fclnek, bele\u00e9rtve az alum\u00edniumot, a vinilt \u00e9s a f\u00e1t. Mindegyik anyag k\u00fcl\u00f6nb\u00f6z\u0151 el\u0151ny\u00f6ket k\u00edn\u00e1l a tart\u00f3ss\u00e1g, a karbantart\u00e1s \u00e9s az energiahat\u00e9konys\u00e1g tekintet\u00e9ben. Fontolja meg, hogy melyik anyag felel meg legjobban otthona ig\u00e9nyeinek \u00e9s eszt\u00e9tikai preferenci\u00e1inak.<\/p>\n\n\n\n<h3 class=\"wp-block-heading\">\u00dcveg t\u00edpus<\/h3>\n\n\n\n<p>A haszn\u00e1lt \u00fcveg t\u00edpusa&nbsp;<strong>\u00fctk\u00f6z\u0151 ablakok<\/strong>&nbsp;befoly\u00e1solhatja teljes\u00edtm\u00e9ny\u00fcket \u00e9s energiahat\u00e9konys\u00e1gukat. Az opci\u00f3k k\u00f6z\u00e9 tartozik az edzett \u00fcveg, a lamin\u00e1lt \u00fcveg \u00e9s a Low-E \u00fcveg, amelyek mindegyike k\u00fcl\u00f6nb\u00f6z\u0151 szint\u0171 v\u00e9delmet \u00e9s szigetel\u00e9st k\u00edn\u00e1l.<\/p>\n\n\n\n<h3 class=\"wp-block-heading\">Telep\u00edt\u00e9s \u00e9s garancia<\/h3>\n\n\n\n<p>A megfelel\u0151 telep\u00edt\u00e9s kulcsfontoss\u00e1g\u00fa a hat\u00e9konys\u00e1g szempontj\u00e1b\u00f3l&nbsp;<strong>\u00fctk\u00f6z\u0151 ablakok<\/strong>. V\u00e1lasszon egy j\u00f3 h\u00edr\u0171 telep\u00edt\u0151t, aki tapasztalt&nbsp;<strong>hurrik\u00e1n\u00e1ll\u00f3 ablak<\/strong>&nbsp;install\u00e1ci\u00f3k. Ezenk\u00edv\u00fcl keressen olyan gy\u00e1rt\u00f3kat, amelyek \u00e1tfog\u00f3 garanci\u00e1t k\u00edn\u00e1lnak befektet\u00e9s\u00e9nek v\u00e9delme \u00e9rdek\u00e9ben.<\/p>\n\n\n\n<h2 class=\"wp-block-heading\">A Hurricane Impact Windows telep\u00edt\u00e9si folyamata<\/h2>\n\n\n\n<figure class=\"wp-block-image size-full\"><img loading=\"lazy\" decoding=\"async\" width=\"1024\" height=\"559\" src=\"https:\/\/boswindor.com\/wp-content\/uploads\/2024\/12\/The-Installation-Process-for-Hurricane-Impact-Windows.jpg\" alt=\"\" class=\"wp-image-1088\" srcset=\"https:\/\/boswindor.com\/wp-content\/uploads\/2024\/12\/The-Installation-Process-for-Hurricane-Impact-Windows.jpg 1024w, https:\/\/boswindor.com\/wp-content\/uploads\/2024\/12\/The-Installation-Process-for-Hurricane-Impact-Windows-300x164.jpg 300w, https:\/\/boswindor.com\/wp-content\/uploads\/2024\/12\/The-Installation-Process-for-Hurricane-Impact-Windows-768x419.jpg 768w, https:\/\/boswindor.com\/wp-content\/uploads\/2024\/12\/The-Installation-Process-for-Hurricane-Impact-Windows-18x10.jpg 18w\" sizes=\"(max-width: 1024px) 100vw, 1024px\" \/><\/figure>\n\n\n\n<p>A megfelel\u0151 telep\u00edt\u00e9s&nbsp;<strong>hurrik\u00e1n becsap\u00f3d\u00e1si ablakok<\/strong>&nbsp;elengedhetetlen hat\u00e9konys\u00e1guk \u00e9s hossz\u00fa \u00e9lettartamuk biztos\u00edt\u00e1s\u00e1hoz. \u00cdme egy \u00e1ttekint\u00e9s a tipikus telep\u00edt\u00e9si folyamatr\u00f3l:<\/p>\n\n\n\n<h3 class=\"wp-block-heading\">\u00c9rt\u00e9kel\u00e9s \u00e9s m\u00e9r\u00e9s<\/h3>\n\n\n\n<p>Egy professzion\u00e1lis szerel\u0151 el\u0151sz\u00f6r felm\u00e9ri otthona jelenlegi ablakbe\u00e1ll\u00edt\u00e1s\u00e1t, \u00e9s pontos m\u00e9r\u00e9seket v\u00e9gez, hogy t\u00f6k\u00e9letes illeszked\u00e9st biztos\u00edtson az \u00faj ablakokhoz.&nbsp;<strong>\u00fctk\u00f6z\u0151 ablakok<\/strong>.<\/p>\n\n\n\n<h3 class=\"wp-block-heading\">Megl\u00e9v\u0151 Windows elt\u00e1vol\u00edt\u00e1sa<\/h3>\n\n\n\n<p>A r\u00e9gi ablakokat \u00f3vatosan elt\u00e1vol\u00edtj\u00e1k, \u00fcgyelve arra, hogy a k\u00f6rnyez\u0151 szerkezet ne s\u00e9r\u00fclj\u00f6n meg. Ez a l\u00e9p\u00e9s kulcsfontoss\u00e1g\u00fa a telep\u00edt\u00e9si hely integrit\u00e1s\u00e1nak meg\u0151rz\u00e9s\u00e9hez.<\/p>\n\n\n\n<h3 class=\"wp-block-heading\">Keret el\u0151k\u00e9sz\u00edt\u00e9s<\/h3>\n\n\n\n<p>Az ablakkeretek fel vannak k\u00e9sz\u00edtve az \u00faj elhelyez\u00e9s\u00e9re&nbsp;<strong>\u00fct\u00e9s\u00e1ll\u00f3 ablakok<\/strong>. Ez mag\u00e1ban foglalhatja a megl\u00e9v\u0151 keretek meger\u0151s\u00edt\u00e9s\u00e9t vagy \u00fajak felszerel\u00e9s\u00e9t, hogy biztos\u00edts\u00e1k, hogy elb\u00edrj\u00e1k a hurrik\u00e1n sor\u00e1n fell\u00e9p\u0151 t\u00f6bblets\u00falyt \u00e9s fesz\u00fclts\u00e9get.<\/p>\n\n\n\n<h3 class=\"wp-block-heading\">Impact Windows telep\u00edt\u00e9se<\/h3>\n\n\n\n<p>A&nbsp;<strong>\u00fctk\u00f6z\u0151 ablakok<\/strong>&nbsp;biztons\u00e1gosan r\u00f6gz\u00edtve vannak az el\u0151k\u00e9sz\u00edtett keretekbe. A megfelel\u0151 t\u00f6m\u00edt\u00e9s \u00e9s r\u00f6gz\u00edt\u00e9s elengedhetetlen a leveg\u0151- \u00e9s v\u00edzsziv\u00e1rg\u00e1s megel\u0151z\u00e9s\u00e9hez, biztos\u00edtva a maxim\u00e1lis v\u00e9delmet \u00e9s az energiahat\u00e9konys\u00e1got.<\/p>\n\n\n\n<h3 class=\"wp-block-heading\">Ellen\u0151rz\u00e9s \u00e9s tesztel\u00e9s<\/h3>\n\n\n\n<p>A beszerel\u00e9s ut\u00e1n az ablakokat alaposan megvizsg\u00e1lj\u00e1k \u00e9s tesztelik, hogy megbizonyosodjanak arr\u00f3l, hogy megfelelnek minden biztons\u00e1gi \u00e9s teljes\u00edtm\u00e9nyszabv\u00e1nynak. Ez mag\u00e1ban foglalja a megfelel\u0151 m\u0171k\u00f6d\u00e9s, a t\u00f6m\u00edt\u00e9s \u00e9s a helyi \u00e9p\u00edt\u00e9si el\u0151\u00edr\u00e1sok betart\u00e1s\u00e1nak ellen\u0151rz\u00e9s\u00e9t.<\/p>\n\n\n\n<h2 class=\"wp-block-heading\">A hurrik\u00e1n \u00e1ltal okozott ablakok k\u00f6lts\u00e9ge: meg\u00e9ri a befektet\u00e9st?<\/h2>\n\n\n\n<figure class=\"wp-block-image size-full\"><img loading=\"lazy\" decoding=\"async\" width=\"1024\" height=\"559\" src=\"https:\/\/boswindor.com\/wp-content\/uploads\/2024\/12\/Cost-of-Hurricane-Impact-Windows-Is-It-Worth-the-Investment.jpg\" alt=\"\" class=\"wp-image-1089\" srcset=\"https:\/\/boswindor.com\/wp-content\/uploads\/2024\/12\/Cost-of-Hurricane-Impact-Windows-Is-It-Worth-the-Investment.jpg 1024w, https:\/\/boswindor.com\/wp-content\/uploads\/2024\/12\/Cost-of-Hurricane-Impact-Windows-Is-It-Worth-the-Investment-300x164.jpg 300w, https:\/\/boswindor.com\/wp-content\/uploads\/2024\/12\/Cost-of-Hurricane-Impact-Windows-Is-It-Worth-the-Investment-768x419.jpg 768w, https:\/\/boswindor.com\/wp-content\/uploads\/2024\/12\/Cost-of-Hurricane-Impact-Windows-Is-It-Worth-the-Investment-18x10.jpg 18w\" sizes=\"(max-width: 1024px) 100vw, 1024px\" \/><\/figure>\n\n\n\n<p>M\u00edg&nbsp;<strong>hurrik\u00e1n becsap\u00f3d\u00e1si ablakok<\/strong>&nbsp;A hagyom\u00e1nyos ablakokhoz k\u00e9pest magasabb kezdeti k\u00f6lts\u00e9ggel j\u00e1rnak, sz\u00e1mos el\u0151ny\u00fck hossz\u00fa t\u00e1von \u00e9rt\u00e9kes befektet\u00e9ss\u00e9 teszi \u0151ket.<\/p>\n\n\n\n<h3 class=\"wp-block-heading\">El\u0151zetes k\u00f6lts\u00e9gek<\/h3>\n\n\n\n<p>A k\u00f6lts\u00e9ge&nbsp;<strong>\u00fctk\u00f6z\u0151 ablakok<\/strong>&nbsp;olyan t\u00e9nyez\u0151k f\u00fcggv\u00e9ny\u00e9ben v\u00e1ltozik, mint a m\u00e9ret, az anyag, az \u00fcveg t\u00edpusa \u00e9s a telep\u00edt\u00e9s bonyolults\u00e1ga. A lak\u00e1stulajdonosok \u00e1tlagosan $300 \u00e9s $1000 k\u00f6z\u00f6tt fizethetnek ablakonk\u00e9nt, bele\u00e9rtve a beszerel\u00e9st is.<\/p>\n\n\n\n<h3 class=\"wp-block-heading\">Hossz\u00fa t\u00e1v\u00fa megtakar\u00edt\u00e1s<\/h3>\n\n\n\n<p>Befektet\u00e9s a&nbsp;<strong>hurrik\u00e1n\u00e1ll\u00f3 ablakok<\/strong>&nbsp;jelent\u0151s hossz\u00fa t\u00e1v\u00fa megtakar\u00edt\u00e1sokat eredm\u00e9nyezhet az alacsonyabb energiasz\u00e1ml\u00e1k r\u00e9v\u00e9n, mivel ezek az ablakok jav\u00edtj\u00e1k otthona szigetel\u00e9s\u00e9t. Emellett a megn\u00f6vekedett ingatlan\u00e9rt\u00e9k \u00e9s az esetleges biztos\u00edt\u00e1si kedvezm\u00e9nyek ellens\u00falyozhatj\u00e1k a kezdeti k\u00f6lts\u00e9geket.<\/p>\n\n\n\n<h3 class=\"wp-block-heading\">V\u00e9delem \u00e9s lelki nyugalom<\/h3>\n\n\n\n<p>Az els\u0151dleges el\u0151nye a&nbsp;<strong>\u00fctk\u00f6z\u0151 ablakok<\/strong>&nbsp;az \u00e1ltaluk k\u00edn\u00e1lt v\u00e9delem hurrik\u00e1nok idej\u00e9n, meg\u00f3vva otthon\u00e1t \u00e9s csal\u00e1dj\u00e1t a vihark\u00e1rokt\u00f3l. Ez a nyugalom felbecs\u00fclhetetlen, k\u00fcl\u00f6n\u00f6sen a hurrik\u00e1nok \u00e1ltal gyakran s\u00fajtott r\u00e9gi\u00f3kban.<\/p>\n\n\n\n<h3 class=\"wp-block-heading\">Karbantart\u00e1si k\u00f6lts\u00e9gek<\/h3>\n\n\n\n<p><strong>Impact ablakok<\/strong>&nbsp;minim\u00e1lis karbantart\u00e1st ig\u00e9nyel a hagyom\u00e1nyos ablakokhoz k\u00e9pest, ami id\u0151vel p\u00e9nzt takar\u00edthat meg a jav\u00edt\u00e1sokon \u00e9s karbantart\u00e1sokon.<\/p>\n\n\n\n<h2 class=\"wp-block-heading\">Karbantart\u00e1si tippek hurrik\u00e1n \u00e1ltal kiv\u00e1ltott ablakokhoz<\/h2>\n\n\n\n<p>Hogy biztos\u00edtsa az \u00d6n&nbsp;<strong>hurrik\u00e1n becsap\u00f3d\u00e1si ablakok<\/strong>&nbsp;hat\u00e9konyak \u00e9s tart\u00f3sak maradnak, a rendszeres karbantart\u00e1s elengedhetetlen. \u00cdme n\u00e9h\u00e1ny tipp az ablakok kiv\u00e1l\u00f3 \u00e1llapot\u00e1nak meg\u0151rz\u00e9s\u00e9hez:<\/p>\n\n\n\n<h3 class=\"wp-block-heading\">Rendszeres tiszt\u00edt\u00e1s<\/h3>\n\n\n\n<p>Tiszt\u00edtsa meg&nbsp;<strong>\u00fctk\u00f6z\u0151 ablakok<\/strong>&nbsp;rendszeresen t\u00e1vol\u00edtsa el a szennyez\u0151d\u00e9st, t\u00f6rmel\u00e9ket \u00e9s az esetleges akad\u00e1lyokat. Haszn\u00e1ljon enyhe szappant \u00e9s vizet, ker\u00fclje a kem\u00e9ny vegyszereket, amelyek k\u00e1ros\u00edthatj\u00e1k az \u00fcveget vagy a kereteket.<\/p>\n\n\n\n<h3 class=\"wp-block-heading\">Vizsg\u00e1lja meg a t\u00f6m\u00edt\u00e9seket \u00e9s a kereteket<\/h3>\n\n\n\n<p>Rendszeresen ellen\u0151rizze a t\u00f6m\u00edt\u00e9seket \u00e9s a kereteket, hogy nincs-e rajta kop\u00e1s vagy s\u00e9r\u00fcl\u00e9s. A kisebb probl\u00e9m\u00e1k azonnali megold\u00e1sa megel\u0151zheti a jelent\u0151sebb probl\u00e9m\u00e1kat \u00e9s meg\u0151rizheti az ablak integrit\u00e1s\u00e1t.<\/p>\n\n\n\n<h3 class=\"wp-block-heading\">Kenje meg a mozg\u00f3 alkatr\u00e9szeket<\/h3>\n\n\n\n<p>Mert&nbsp;<strong>m\u0171k\u00f6dtethet\u0151 \u00fctk\u00f6z\u0151ablak<\/strong>, kenje meg a zsan\u00e9rokat, z\u00e1rakat \u00e9s egy\u00e9b mozg\u00f3 alkatr\u00e9szeket, hogy biztos\u00edtsa a z\u00f6kken\u0151mentes m\u0171k\u00f6d\u00e9st, \u00e9s megakad\u00e1lyozza a beragad\u00e1st vagy elakad\u00e1st.<\/p>\n\n\n\n<h3 class=\"wp-block-heading\">Ellen\u0151rizze, hogy nincsenek-e reped\u00e9sek vagy forg\u00e1csok<\/h3>\n\n\n\n<p>Vizsg\u00e1lja meg az \u00fcveget, hogy nincsenek-e reped\u00e9sek vagy reped\u00e9sek, amelyek vesz\u00e9lyeztethetik az ablakot&nbsp;<strong>\u00fct\u00e9s\u00e1ll\u00f3s\u00e1g<\/strong>. Ha b\u00e1rmilyen s\u00e9r\u00fcl\u00e9st \u00e9szlel, azonnal forduljon szakemberhez jav\u00edt\u00e1s vagy csere \u00e9rdek\u00e9ben.<\/p>\n\n\n\n<h3 class=\"wp-block-heading\">Szakmai ellen\u0151rz\u00e9sek<\/h3>\n\n\n\n<p>Id\u0151z\u00edtsen rendszeres ellen\u0151rz\u00e9seket egy professzion\u00e1lis telep\u00edt\u0151vel, hogy megbizonyosodjon arr\u00f3l&nbsp;<strong>hurrik\u00e1n ablakok<\/strong>&nbsp;megfelel\u0151en m\u0171k\u00f6dnek \u00e9s megfelelnek a biztons\u00e1gi el\u0151\u00edr\u00e1soknak.<\/p>\n\n\n\n<h2 class=\"wp-block-heading\">Gyakran ism\u00e9telt k\u00e9rd\u00e9sek a hurrik\u00e1n \u00e1ltal okozott ablakokkal kapcsolatban<\/h2>\n\n\n<div id=\"rank-math-faq\" class=\"rank-math-block\">\n<div class=\"rank-math-list\">\n<div id=\"faq-question-1735544708225\" class=\"rank-math-list-item\">\n<h3 class=\"rank-math-question\"><strong>Miben k\u00fcl\u00f6nb\u00f6zik a hurrik\u00e1n becsap\u00f3d\u00e1s\u00fa ablakok a hagyom\u00e1nyos ablakokt\u00f3l?<\/strong><\/h3>\n<div class=\"rank-math-answer\">\n\n<p>A hurrik\u00e1n becsap\u00f3d\u00e1si ablakai a\u00a0<strong>lamin\u00e1lt \u00fcveg<\/strong>\u00a0\u00e9s meger\u0151s\u00edtett keretek, \u00edgy a hagyom\u00e1nyos ablakokhoz k\u00e9pest sokkal er\u0151sebbek \u00e9s ellen\u00e1ll\u00f3bbak a nagy sz\u00e9llel \u00e9s a rep\u00fcl\u0151 t\u00f6rmel\u00e9kkel szemben. \u00dagy tervezt\u00e9k, hogy vihar alatt s\u00e9rtetlenek maradjanak, fokozott biztons\u00e1got \u00e9s v\u00e9delmet ny\u00fajtva.<\/p>\n\n<\/div>\n<\/div>\n<div id=\"faq-question-1735544715905\" class=\"rank-math-list-item\">\n<h3 class=\"rank-math-question\"><strong>Ki lehet nyitni a hurrik\u00e1n becsap\u00f3d\u00e1s\u00e1nak ablakait a szell\u0151z\u00e9shez?<\/strong><\/h3>\n<div class=\"rank-math-answer\">\n\n<p>Igen, n\u00e9h\u00e1ny\u00a0<strong>\u00fct\u00e9s\u00e1ll\u00f3 ablakok<\/strong>\u00a0m\u0171k\u00f6d\u0151k\u00e9pesek \u00e9s szell\u0151z\u00e9s c\u00e9lj\u00e1b\u00f3l kinyithat\u00f3k. Ide tartoznak a cs\u00fasz\u00f3, tokos \u00e9s napellenz\u0151 st\u00edlusok, amelyek meg\u0151rzik \u00fct\u00e9s\u00e1ll\u00f3s\u00e1gukat, mik\u00f6zben lehet\u0151v\u00e9 teszik a l\u00e9g\u00e1raml\u00e1st.<\/p>\n\n<\/div>\n<\/div>\n<div id=\"faq-question-1735544726020\" class=\"rank-math-list-item\">\n<h3 class=\"rank-math-question\"><strong>Energiahat\u00e9konyak a hurrik\u00e1n ablakok?<\/strong><\/h3>\n<div class=\"rank-math-answer\">\n\n<p>Teljesen. Sok\u00a0<strong>\u00fctk\u00f6z\u0151 ablakok<\/strong>\u00a0energiahat\u00e9kony technol\u00f3gi\u00e1kat, p\u00e9ld\u00e1ul Low-E \u00fcvegbevonatokat \u00e9s szigetelt kereteket tartalmaznak, amelyek seg\u00edtik a belt\u00e9ri h\u0151m\u00e9rs\u00e9klet szab\u00e1lyoz\u00e1s\u00e1t \u00e9s az energiafogyaszt\u00e1s cs\u00f6kkent\u00e9s\u00e9t.<\/p>\n\n<\/div>\n<\/div>\n<div id=\"faq-question-1735544734627\" class=\"rank-math-list-item\">\n<h3 class=\"rank-math-question\"><strong>A hurrik\u00e1n ablakai megfelelnek az \u00e9p\u00edt\u00e9si el\u0151\u00edr\u00e1soknak?<\/strong><\/h3>\n<div class=\"rank-math-answer\">\n\n<p>Igen,\u00a0<strong>hurrik\u00e1n\u00e1ll\u00f3 ablakok<\/strong>\u00a0\u00fagy tervezt\u00e9k, hogy megfeleljenek a helyi \u00e9p\u00edt\u00e9si el\u0151\u00edr\u00e1soknak \u00e9s szabv\u00e1nyoknak, biztos\u00edtva, hogy a sz\u00fcks\u00e9ges v\u00e9delmet biztos\u00edts\u00e1k az \u00d6n ter\u00fclet\u00e9n. Elengedhetetlen annak ellen\u0151rz\u00e9se, hogy a v\u00e1lasztott ablakok megfelelnek-e vagy meghaladj\u00e1k ezeket a k\u00f6vetelm\u00e9nyeket.<\/p>\n\n<\/div>\n<\/div>\n<div id=\"faq-question-1735544740703\" class=\"rank-math-list-item\">\n<h3 class=\"rank-math-question\"><strong>Mennyi ideig tartanak a hurrik\u00e1n becsap\u00f3d\u00e1s\u00e1nak ablakai?<\/strong><\/h3>\n<div class=\"rank-math-answer\">\n\n<p>Megfelel\u0151 karbantart\u00e1s mellett,\u00a0<strong>hurrik\u00e1n becsap\u00f3d\u00e1si ablakok<\/strong>\u00a0\u00e9vtizedekig tarthat. Tart\u00f3s fel\u00e9p\u00edt\u00e9s\u00fck biztos\u00edtja, hogy hossz\u00fa \u00e9veken \u00e1t hat\u00e9konyak \u00e9s m\u0171k\u00f6d\u0151k\u00e9pesek maradjanak, folyamatos v\u00e9delmet \u00e9s energiahat\u00e9konys\u00e1got biztos\u00edtva.<\/p>\n\n<\/div>\n<\/div>\n<\/div>\n<\/div>\n\n\n<hr class=\"wp-block-separator has-text-color has-luminous-vivid-orange-color has-alpha-channel-opacity has-luminous-vivid-orange-background-color has-background is-style-wide\"\/>\n\n\n\n<h2 class=\"wp-block-heading\">F\u0151bb tanuls\u00e1gok<\/h2>\n\n\n\n<figure class=\"wp-block-image aligncenter size-large\"><img loading=\"lazy\" decoding=\"async\" width=\"1024\" height=\"468\" src=\"https:\/\/boswindor.com\/wp-content\/uploads\/2024\/12\/Boswindor-Your-Top-3-Windows-Doors-Manufacturer-from-China-1024x468.jpg\" alt=\"\" class=\"wp-image-554\" srcset=\"https:\/\/boswindor.com\/wp-content\/uploads\/2024\/12\/Boswindor-Your-Top-3-Windows-Doors-Manufacturer-from-China-1024x468.jpg 1024w, https:\/\/boswindor.com\/wp-content\/uploads\/2024\/12\/Boswindor-Your-Top-3-Windows-Doors-Manufacturer-from-China-300x137.jpg 300w, https:\/\/boswindor.com\/wp-content\/uploads\/2024\/12\/Boswindor-Your-Top-3-Windows-Doors-Manufacturer-from-China-768x351.jpg 768w, https:\/\/boswindor.com\/wp-content\/uploads\/2024\/12\/Boswindor-Your-Top-3-Windows-Doors-Manufacturer-from-China-18x8.jpg 18w, https:\/\/boswindor.com\/wp-content\/uploads\/2024\/12\/Boswindor-Your-Top-3-Windows-Doors-Manufacturer-from-China.jpg 1200w\" sizes=\"(max-width: 1024px) 100vw, 1024px\" \/><figcaption class=\"wp-element-caption\">A 3 legjobb k\u00ednai ablak- \u00e9s ajt\u00f3gy\u00e1rt\u00f3<\/figcaption><\/figure>\n\n\n\n<ul class=\"wp-block-list\">\n<li><strong>A hurrik\u00e1n becsap\u00f3d\u00e1s\u00e1nak ablakai<\/strong>\u00a0robusztus v\u00e9delmet ny\u00fajt a nagy sz\u00e9l \u00e9s a rep\u00fcl\u0151 t\u00f6rmel\u00e9k ellen, fokozva otthona biztons\u00e1g\u00e1t vihar idej\u00e9n.<\/li>\n\n\n\n<li>Ezek az ablakok \u00fagy vannak kialak\u00edtva\u00a0<strong>lamin\u00e1lt \u00fcveg<\/strong>\u00a0\u00e9s meger\u0151s\u00edtett keretek, \u00edgy l\u00e9nyegesen tart\u00f3sabbak, mint a hagyom\u00e1nyos ablakok.<\/li>\n\n\n\n<li><strong>\u00dct\u00e9s\u00e1ll\u00f3 ablakok<\/strong>\u00a0hozz\u00e1j\u00e1rul az energiahat\u00e9konys\u00e1ghoz, cs\u00f6kkenti a f\u0171t\u00e9si \u00e9s h\u0171t\u00e9si k\u00f6lts\u00e9geket, mik\u00f6zben jav\u00edtja a belt\u00e9ri komfort\u00e9rzetet.<\/li>\n\n\n\n<li>Telep\u00edt\u00e9s\u00a0<strong>hurrik\u00e1n ablakok<\/strong>\u00a0n\u00f6velheti ingatlana \u00e9rt\u00e9k\u00e9t \u00e9s vonzerej\u00e9t, \u00edgy okos befektet\u00e9ss\u00e9 v\u00e1lik a lak\u00e1stulajdonosok sz\u00e1m\u00e1ra.<\/li>\n\n\n\n<li>A megfelel\u0151 telep\u00edt\u00e9s \u00e9s rendszeres karbantart\u00e1s d\u00f6nt\u0151 fontoss\u00e1g\u00fa a hat\u00e9konys\u00e1g \u00e9s a hossz\u00fa \u00e9lettartam \u00e9rdek\u00e9ben\u00a0<strong>\u00fctk\u00f6z\u0151 ablakok<\/strong>.<\/li>\n<\/ul>\n\n\n\n<p><a href=\"https:\/\/boswindor.com\/hu\/\"><mark style=\"background-color:rgba(0, 0, 0, 0);color:#ff4f01\" class=\"has-inline-color\">Boswindor<\/mark><\/a>, K\u00edna vezet\u0151 ablakgy\u00e1rt\u00f3ja, innov\u00e1ci\u00f3j\u00e1r\u00f3l, min\u0151s\u00e9g\u00e9r\u0151l \u00e9s megb\u00edzhat\u00f3s\u00e1g\u00e1r\u00f3l h\u00edres. Az energiahat\u00e9kony \u00e9s eszt\u00e9tikus ablakmegold\u00e1sokra specializ\u00e1l\u00f3dva sokr\u00e9t\u0171 \u00e9p\u00edt\u00e9szeti ig\u00e9nyt el\u00e9g\u00edtenek ki. Fejlett technol\u00f3gi\u00e1j\u00e1val \u00e9s fenntarthat\u00f3 gyakorlataival a Boswindor er\u0151s glob\u00e1lis jelenl\u00e9tet hozott l\u00e9tre, olyan term\u00e9keket k\u00edn\u00e1lva, amelyek \u00f6tv\u00f6zik a funkcionalit\u00e1st \u00e9s a st\u00edlust, megfelelnek a nemzetk\u00f6zi szabv\u00e1nyoknak, \u00e9s vil\u00e1gszerte teljes\u00edtik az \u00fcgyfelek elv\u00e1r\u00e1sait.<\/p>\n\n\n\n<p>Tov\u00e1bbi inform\u00e1ci\u00f3\u00e9rt\u00a0<strong>hurrik\u00e1n becsap\u00f3d\u00e1si ablakok<\/strong>\u00a0\u00e9s ha szeretn\u00e9 felfedezni a k\u00f6vetkez\u0151 ablakprojektje lehet\u0151s\u00e9geit, nyugodtan\u00a0<a href=\"#\" target=\"_blank\" rel=\"noreferrer noopener\"><strong><mark style=\"background-color:rgba(0, 0, 0, 0);color:#ff4f01\" class=\"has-inline-color\">Kapcsolat<\/mark><\/strong><\/a>. Az\u00e9rt vagyunk itt, hogy seg\u00edts\u00fcnk megtal\u00e1lni a t\u00f6k\u00e9letes ablak- \u00e9s ajt\u00f3megold\u00e1sokat, amelyek megv\u00e9dik otthon\u00e1t \u00e9s fokozz\u00e1k annak sz\u00e9ps\u00e9g\u00e9t!<\/p>","protected":false},"excerpt":{"rendered":"<p>A hurrik\u00e1noknak kitett ter\u00fcleteken \u00e1tgondolt otthonv\u00e9delmi int\u00e9zked\u00e9sekre van sz\u00fcks\u00e9g. Az egyik leghat\u00e9konyabb megold\u00e1s a hurrik\u00e1n becsap\u00f3d\u00e1s\u00fa ablakok felszerel\u00e9se. Ezek a speci\u00e1lis ablakok nemcsak meg\u00f3vj\u00e1k otthon\u00e1t az er\u0151s viharokt\u00f3l, hanem fokozz\u00e1k annak energiahat\u00e9konys\u00e1g\u00e1t \u00e9s eszt\u00e9tikai megjelen\u00e9s\u00e9t is. Ak\u00e1r h\u00e1ztulajdonos, ak\u00e1r \u00e9p\u00edt\u0151, ak\u00e1r bels\u0151\u00e9p\u00edt\u00e9sz, a hurrik\u00e1n becsap\u00f3d\u00e1s\u00fa ablakok el\u0151nyeinek \u00e9s jellemz\u0151inek megismer\u00e9se seg\u00edthet megalapozott d\u00f6nt\u00e9seket hozni befektet\u00e9se \u00e9s szerettei biztons\u00e1ga \u00e9rdek\u00e9ben.<\/p>\n<p>Ez az \u00e1tfog\u00f3 \u00fatmutat\u00f3 mindent megtud, amit a hurrik\u00e1n becsap\u00f3d\u00e1s\u00fa ablakokr\u00f3l tudnia kell, a fel\u00e9p\u00edt\u00e9s\u00fckt\u0151l \u00e9s el\u0151nyeit\u0151l a telep\u00edt\u00e9sig \u00e9s karbantart\u00e1sig. Megtudhatja, hogyan m\u0171k\u00f6dnek ezek az ablakok, milyen k\u00fcl\u00f6nb\u00f6z\u0151 t\u00edpusok \u00e1llnak rendelkez\u00e9sre, \u00e9s hogy mi\u00e9rt \u00e9rdemes befektet\u00e9st jelenteni a hurrik\u00e1nvesz\u00e9lyes r\u00e9gi\u00f3kban l\u00e9v\u0151 ingatlanok sz\u00e1m\u00e1ra. A cikk v\u00e9g\u00e9re birtok\u00e1ban lesz annak a tud\u00e1snak, amellyel kiv\u00e1laszthatja otthona vagy projektje sz\u00e1m\u00e1ra a megfelel\u0151 \u00fct\u0151ablakokat \u00e9s ajt\u00f3kat.<\/p>","protected":false},"author":3,"featured_media":1081,"comment_status":"open","ping_status":"open","sticky":false,"template":"","format":"standard","meta":{"footnotes":""},"categories":[10],"tags":[],"class_list":["post-1078","post","type-post","status-publish","format-standard","has-post-thumbnail","hentry","category-windows-doors"],"blocksy_meta":[],"_links":{"self":[{"href":"https:\/\/boswindor.com\/hu\/wp-json\/wp\/v2\/posts\/1078","targetHints":{"allow":["GET"]}}],"collection":[{"href":"https:\/\/boswindor.com\/hu\/wp-json\/wp\/v2\/posts"}],"about":[{"href":"https:\/\/boswindor.com\/hu\/wp-json\/wp\/v2\/types\/post"}],"author":[{"embeddable":true,"href":"https:\/\/boswindor.com\/hu\/wp-json\/wp\/v2\/users\/3"}],"replies":[{"embeddable":true,"href":"https:\/\/boswindor.com\/hu\/wp-json\/wp\/v2\/comments?post=1078"}],"version-history":[{"count":5,"href":"https:\/\/boswindor.com\/hu\/wp-json\/wp\/v2\/posts\/1078\/revisions"}],"predecessor-version":[{"id":1099,"href":"https:\/\/boswindor.com\/hu\/wp-json\/wp\/v2\/posts\/1078\/revisions\/1099"}],"wp:featuredmedia":[{"embeddable":true,"href":"https:\/\/boswindor.com\/hu\/wp-json\/wp\/v2\/media\/1081"}],"wp:attachment":[{"href":"https:\/\/boswindor.com\/hu\/wp-json\/wp\/v2\/media?parent=1078"}],"wp:term":[{"taxonomy":"category","embeddable":true,"href":"https:\/\/boswindor.com\/hu\/wp-json\/wp\/v2\/categories?post=1078"},{"taxonomy":"post_tag","embeddable":true,"href":"https:\/\/boswindor.com\/hu\/wp-json\/wp\/v2\/tags?post=1078"}],"curies":[{"name":"munkaf\u00fczet","href":"https:\/\/api.w.org\/{rel}","templated":true}]}}