{"id":1014,"date":"2024-12-27T00:56:13","date_gmt":"2024-12-27T08:56:13","guid":{"rendered":"https:\/\/boswindor.com\/?p=1014"},"modified":"2024-12-28T20:03:15","modified_gmt":"2024-12-29T04:03:15","slug":"modern-windows-and-doors-elevate-your-home-with-boswindor-windows","status":"publish","type":"post","link":"https:\/\/boswindor.com\/hu\/modern-windows-and-doors-elevate-your-home-with-boswindor-windows\/","title":{"rendered":"Modern ablakok \u00e9s ajt\u00f3k: Emelje fel otthon\u00e1t a Boswindor ablakokkal"},"content":{"rendered":"<h2 class=\"wp-block-heading\">Melyek a legjobb modern ablakst\u00edlusok otthon\u00e1ban?<\/h2>\n\n\n\n<p>A&nbsp;<strong>legjobb modern ablakst\u00edlusok<\/strong>&nbsp;otthona sz\u00e1mos t\u00e9nyez\u0151t\u0151l f\u00fcgg, bele\u00e9rtve az \u00d6n\u00e9t is&nbsp;<strong>lakberendez\u00e9s<\/strong>, k\u00edv\u00e1nt&nbsp;<strong>term\u00e9szetes f\u00e9ny<\/strong>, \u00e9s&nbsp;<strong>energiahat\u00e9konys\u00e1g<\/strong>&nbsp;ig\u00e9nyek. A n\u00e9pszer\u0171 st\u00edlusok k\u00f6z\u00e9 tartozik&nbsp;<strong>napellenz\u0151s ablakok<\/strong>,&nbsp;<strong>tokos ablakok<\/strong>,&nbsp;<strong>k\u00e9pablakok<\/strong>,&nbsp;<strong>dupla f\u00fcgg\u0151 ablakok<\/strong>, \u00e9s&nbsp;<strong>tol\u00f3ablakok<\/strong>. Mindegyik st\u00edlus egyedi el\u0151ny\u00f6ket k\u00edn\u00e1l, amelyek jav\u00edthatj\u00e1k otthona eszt\u00e9tik\u00e1j\u00e1t \u00e9s funkcionalit\u00e1s\u00e1t.<\/p>\n\n\n\n<h3 class=\"wp-block-heading\">N\u00e9pszer\u0171 modern ablakst\u00edlusok<\/h3>\n\n\n\n<ul class=\"wp-block-list\">\n<li><strong>Napellenz\u0151 ablakok<\/strong>: Fel\u00fcl csukl\u00f3s \u00e9s kifel\u00e9 ny\u00edl\u00f3, kiv\u00e1l\u00f3 szell\u0151z\u00e9st biztos\u00edt enyhe es\u0151ben is.<\/li>\n\n\n\n<li><strong>Ablakok<\/strong>: Oldal\u00e1n csukl\u00f3s, akad\u00e1lytalan kil\u00e1t\u00e1st \u00e9s kiv\u00e1l\u00f3 energiahat\u00e9konys\u00e1got k\u00edn\u00e1l.<\/li>\n\n\n\n<li><strong>K\u00e9p ablakok<\/strong>: Nagy, r\u00f6gz\u00edtett ablakok, amelyek maximaliz\u00e1lj\u00e1k a term\u00e9szetes f\u00e9nyt \u00e9s hatalmas kil\u00e1t\u00e1st ny\u00fajtanak.<\/li>\n\n\n\n<li><strong>K\u00e9tsz\u00e1rny\u00fa ablakok<\/strong>: K\u00e9t m\u0171k\u00f6dtethet\u0151 sz\u00e1rny, amelyek sokoldal\u00fa szell\u0151z\u00e9st \u00e9s egyszer\u0171 tiszt\u00edt\u00e1st tesznek lehet\u0151v\u00e9.<\/li>\n\n\n\n<li><strong>Tol\u00f3ablakok<\/strong>: V\u00edzszintesen nyithat\u00f3, ide\u00e1lis olyan helyekre, ahol korl\u00e1tozott a k\u00fcls\u0151 t\u00e1vols\u00e1g.<\/li>\n<\/ul>\n\n\n\n<hr class=\"wp-block-separator has-text-color has-luminous-vivid-orange-color has-alpha-channel-opacity has-luminous-vivid-orange-background-color has-background is-style-wide\"\/>\n\n\n\n<h2 class=\"wp-block-heading\">Hogyan jav\u00edtja a napellenz\u0151 ablakok otthona megjelen\u00e9s\u00e9t?<\/h2>\n\n\n\n<figure class=\"wp-block-image size-full\"><img fetchpriority=\"high\" decoding=\"async\" width=\"1024\" height=\"559\" src=\"https:\/\/boswindor.com\/wp-content\/uploads\/2024\/12\/Awning-Windows-for-morden-home.jpg\" alt=\"\" class=\"wp-image-1021\" srcset=\"https:\/\/boswindor.com\/wp-content\/uploads\/2024\/12\/Awning-Windows-for-morden-home.jpg 1024w, https:\/\/boswindor.com\/wp-content\/uploads\/2024\/12\/Awning-Windows-for-morden-home-300x164.jpg 300w, https:\/\/boswindor.com\/wp-content\/uploads\/2024\/12\/Awning-Windows-for-morden-home-768x419.jpg 768w, https:\/\/boswindor.com\/wp-content\/uploads\/2024\/12\/Awning-Windows-for-morden-home-18x10.jpg 18w\" sizes=\"(max-width: 1024px) 100vw, 1024px\" \/><\/figure>\n\n\n\n<p><strong><a href=\"https:\/\/boswindor.com\/hu\/windows-types\/awning\/\"><mark style=\"background-color:rgba(0, 0, 0, 0);color:#ff4f01\" class=\"has-inline-color\">Napellenz\u0151 ablakok<\/mark><\/a><\/strong>\u00a0alapelemek\u00a0<strong>modern ablakst\u00edlusok<\/strong>, amelyek karcs\u00fa kialak\u00edt\u00e1sukr\u00f3l \u00e9s praktikumukr\u00f3l ismertek. Ezek az ablakok fel\u00fcl csukl\u00f3san vannak felszerelve, \u00e9s kifel\u00e9 ny\u00edlnak, \u00edgy v\u00e9d\u0151r\u00e9teget k\u00e9peznek\u00a0<strong>napellenz\u0151szer\u0171<\/strong>\u00a0burkolat, amely lehet\u0151v\u00e9 teszi a szell\u0151z\u00e9st an\u00e9lk\u00fcl, hogy t\u00fal sok es\u0151t engedne be.<\/p>\n\n\n\n<h3 class=\"wp-block-heading\">A napellenz\u0151 ablakok el\u0151nyei<\/h3>\n\n\n\n<ul class=\"wp-block-list\">\n<li><strong>Sokoldal\u00fa szell\u0151ztet\u00e9s<\/strong>: M\u00e9g enyhe es\u0151ben is,\u00a0<strong>napellenz\u0151s ablakok<\/strong>\u00a0nyitva maradhat, friss leveg\u0151t biztos\u00edtva, mik\u00f6zben t\u00e1vol tartja a nedvess\u00e9get.<\/li>\n\n\n\n<li><strong>Eleg\u00e1ns megjelen\u00e9s<\/strong>: Minimalista diz\u00e1jnjuk kieg\u00e9sz\u00edti a sokf\u00e9les\u00e9get\u00a0<strong>modern otthon<\/strong>\u00a0eszt\u00e9tika, egy csipetnyi eleganci\u00e1t adva an\u00e9lk\u00fcl, hogy t\u00falnyomn\u00e1 az \u00e1ltal\u00e1nos diz\u00e1jnt.<\/li>\n\n\n\n<li><strong>Energiahat\u00e9konys\u00e1g<\/strong>: z\u00e1rva,\u00a0<strong>napellenz\u0151s ablakok<\/strong>\u00a0szoros t\u00f6m\u00edt\u00e9st biztos\u00edt, cs\u00f6kkenti a huzatot \u00e9s jav\u00edtja a\u00a0<strong>energiahat\u00e9konys\u00e1g<\/strong>\u00a0az otthonodr\u00f3l.<\/li>\n<\/ul>\n\n\n\n<p><strong>Esettanulm\u00e1ny<\/strong>: Villatulajdonos telep\u00edtette&nbsp;<strong>napellenz\u0151s ablakok<\/strong>&nbsp;a konyh\u00e1ban \u00e9s a f\u00fcrd\u0151szob\u00e1ban, ami jobb l\u00e9g\u00e1raml\u00e1st \u00e9s modern megjelen\u00e9st eredm\u00e9nyez, amely t\u00f6k\u00e9letesen illeszkedik az \u00e1ltal\u00e1noshoz&nbsp;<strong>lakberendez\u00e9s<\/strong>.<\/p>\n\n\n\n<h2 class=\"wp-block-heading\">Mi teszi a tokos ablakokat n\u00e9pszer\u0171 v\u00e1laszt\u00e1ss\u00e1?<\/h2>\n\n\n\n<figure class=\"wp-block-image size-full\"><img decoding=\"async\" width=\"1024\" height=\"559\" src=\"https:\/\/boswindor.com\/wp-content\/uploads\/2024\/12\/Casement-Windows-for-Morden-Home.jpg\" alt=\"\" class=\"wp-image-1022\" srcset=\"https:\/\/boswindor.com\/wp-content\/uploads\/2024\/12\/Casement-Windows-for-Morden-Home.jpg 1024w, https:\/\/boswindor.com\/wp-content\/uploads\/2024\/12\/Casement-Windows-for-Morden-Home-300x164.jpg 300w, https:\/\/boswindor.com\/wp-content\/uploads\/2024\/12\/Casement-Windows-for-Morden-Home-768x419.jpg 768w, https:\/\/boswindor.com\/wp-content\/uploads\/2024\/12\/Casement-Windows-for-Morden-Home-18x10.jpg 18w\" sizes=\"(max-width: 1024px) 100vw, 1024px\" \/><\/figure>\n\n\n\n<p><strong><a href=\"https:\/\/boswindor.com\/hu\/windows-types\/casement-window\/\"><mark style=\"background-color:rgba(0, 0, 0, 0);color:#ff4f01\" class=\"has-inline-color\">Tokos ablakok<\/mark><\/a><\/strong>\u00a0nagyon kedveltek benne\u00a0<strong>modern lakberendez\u00e9s<\/strong>\u00a0funkcionalit\u00e1suk \u00e9s eszt\u00e9tikai vonzerej\u00fck miatt. Ezek az ablakok oldalt zsan\u00e9rosak \u00e9s kifel\u00e9 ny\u00edlnak, \u00edgy akad\u00e1lytalan kil\u00e1t\u00e1st \u00e9s kiv\u00e1l\u00f3 szell\u0151z\u00e9st biztos\u00edtanak.<\/p>\n\n\n\n<h3 class=\"wp-block-heading\">A tokos ablakok el\u0151nyei<\/h3>\n\n\n\n<ul class=\"wp-block-list\">\n<li><strong>Akad\u00e1lymentes kil\u00e1t\u00e1s<\/strong>: A muntinok (r\u00e1csvonalak) hi\u00e1nya tiszta \u00e9s kiterjedt r\u00e1l\u00e1t\u00e1st tesz lehet\u0151v\u00e9 a szabadban, jav\u00edtva a\u00a0<strong>term\u00e9szetes f\u00e9ny<\/strong>\u00a0bevitel.<\/li>\n\n\n\n<li><strong>Fokozott biztons\u00e1g<\/strong>:\u00a0<strong>Tokos ablakok<\/strong>\u00a0gyakran t\u00f6bbpontos z\u00e1rrendszerrel k\u00e9sz\u00fclnek, amely kiv\u00e1l\u00f3 biztons\u00e1got ny\u00fajt a t\u00f6bbi ablakt\u00edpushoz k\u00e9pest.<\/li>\n\n\n\n<li><strong>Energiahat\u00e9konys\u00e1g<\/strong>: A szoros t\u00f6m\u00edt\u00e9s \u00e1ltal l\u00e9trehozott\u00a0<strong>tokos ablakok<\/strong>\u00a0minimaliz\u00e1lja a leveg\u0151 sziv\u00e1rg\u00e1s\u00e1t, hozz\u00e1j\u00e1rulva az energiasz\u00e1ml\u00e1k cs\u00f6kken\u00e9s\u00e9hez \u00e9s jobb\u00a0<strong>szigetel\u00e9s<\/strong>.<\/li>\n<\/ul>\n\n\n\n<p><strong>Id\u00e9zet<\/strong>: \u201eA sz\u00e1rnyas ablakok nemcsak otthona megjelen\u00e9s\u00e9t emelik ki, hanem gyakorlati el\u0151ny\u00f6ket is k\u00edn\u00e1lnak, amelyek a modern lak\u00e1stulajdonosok legjobb v\u00e1laszt\u00e1s\u00e1v\u00e1 teszik \u0151ket.\u201d \u2013 Ablakok \u00e9s ajt\u00f3k gy\u00e1rt\u00f3ja<\/p>\n\n\n\n<h2 class=\"wp-block-heading\">Hogyan hoznak term\u00e9szetes f\u00e9nyt otthon\u00e1ba a k\u00e9pablakok?<\/h2>\n\n\n\n<figure class=\"wp-block-image size-full\"><img decoding=\"async\" width=\"1024\" height=\"559\" src=\"https:\/\/boswindor.com\/wp-content\/uploads\/2024\/12\/Picture-Windows.jpg\" alt=\"\" class=\"wp-image-1024\" srcset=\"https:\/\/boswindor.com\/wp-content\/uploads\/2024\/12\/Picture-Windows.jpg 1024w, https:\/\/boswindor.com\/wp-content\/uploads\/2024\/12\/Picture-Windows-300x164.jpg 300w, https:\/\/boswindor.com\/wp-content\/uploads\/2024\/12\/Picture-Windows-768x419.jpg 768w, https:\/\/boswindor.com\/wp-content\/uploads\/2024\/12\/Picture-Windows-18x10.jpg 18w\" sizes=\"(max-width: 1024px) 100vw, 1024px\" \/><\/figure>\n\n\n\n<p><strong>K\u00e9p ablakok<\/strong>&nbsp;nagym\u00e9ret\u0171, r\u00f6gz\u00edtett ablakok, amelyek gy\u00f6ny\u00f6r\u0171 kil\u00e1t\u00e1st biztos\u00edtanak. Kiv\u00e1l\u00f3 v\u00e1laszt\u00e1s azokra a ter\u00fcletekre, ahol maximaliz\u00e1lni szeretn\u00e9&nbsp;<strong>term\u00e9szetes f\u00e9ny<\/strong>&nbsp;\u00e9s \u00e9lvezze a fest\u0151i kil\u00e1t\u00e1st szell\u0151ztet\u00e9s n\u00e9lk\u00fcl.<\/p>\n\n\n\n<h3 class=\"wp-block-heading\">A Picture Windows f\u0151bb jellemz\u0151i<\/h3>\n\n\n\n<ul class=\"wp-block-list\">\n<li><strong>Maxim\u00e1lis f\u00e9nybevitel<\/strong>: Kiterjedt m\u00e9ret\u00fck b\u0151s\u00e9ggel tesz lehet\u0151v\u00e9\u00a0<strong>term\u00e9szetes f\u00e9ny<\/strong>, \u00edgy a terek vil\u00e1gosabbnak \u00e9s bar\u00e1ts\u00e1gosabbnak t\u0171nnek.<\/li>\n\n\n\n<li><strong>Akad\u00e1lymentes kil\u00e1t\u00e1s<\/strong>:\u00a0<strong>K\u00e9p ablakok<\/strong>\u00a0panor\u00e1m\u00e1s kil\u00e1t\u00e1st ny\u00fajtanak, t\u00f6k\u00e9letesek nappaliba, \u00e9tkez\u0151be vagy b\u00e1rmilyen olyan helyre, ahol a szabadba szeretn\u00e9nek kapcsol\u00f3dni.<\/li>\n\n\n\n<li><strong>Energiahat\u00e9konys\u00e1g<\/strong>: Kiv\u00e1l\u00f3 min\u0151s\u00e9g\u0171\u00a0<strong>k\u00e9pablakok<\/strong>\u00a0az alacsony emisszi\u00f3s (alacsony e) \u00fcveggel a h\u0151\u00e1tad\u00e1s cs\u00f6kkent\u00e9s\u00e9vel seg\u00edthet fenntartani a bels\u0151 h\u0151m\u00e9rs\u00e9kletet.<\/li>\n<\/ul>\n\n\n\n<p><strong>t\u00e1bl\u00e1zat: Ablakst\u00edlusok \u00f6sszehasonl\u00edt\u00e1sa<\/strong><\/p>\n\n\n\n<figure class=\"wp-block-table\"><table class=\"has-fixed-layout\"><thead><tr><th><strong>Ablak st\u00edlus<\/strong><\/th><th><strong>Szell\u0151z\u00e9s<\/strong><\/th><th><strong>Term\u00e9szetes f\u00e9ny<\/strong><\/th><th><strong>Energiahat\u00e9konys\u00e1g<\/strong><\/th><th><strong>Biztons\u00e1g<\/strong><\/th><\/tr><\/thead><tbody><tr><td>Napellenz\u0151<\/td><td>J\u00f3<\/td><td>M\u00e9rs\u00e9kelt<\/td><td>Magas<\/td><td>J\u00f3<\/td><\/tr><tr><td>Ablaksz\u00e1rny<\/td><td>Kiv\u00e1l\u00f3<\/td><td>Magas<\/td><td>Nagyon magas<\/td><td>Kiv\u00e1l\u00f3<\/td><\/tr><tr><td>K\u00e9p<\/td><td>Egyik sem<\/td><td>Nagyon magas<\/td><td>Magas<\/td><td>J\u00f3<\/td><\/tr><tr><td>Dupla akaszt\u00e1s\u00fa<\/td><td>Sokoldal\u00fa<\/td><td>M\u00e9rs\u00e9kelt<\/td><td>J\u00f3<\/td><td>J\u00f3<\/td><\/tr><tr><td>Cs\u00fasz\u00f3<\/td><td>M\u00e9rs\u00e9kelt<\/td><td>M\u00e9rs\u00e9kelt<\/td><td>J\u00f3<\/td><td>M\u00e9rs\u00e9kelt<\/td><\/tr><\/tbody><\/table><\/figure>\n\n\n\n<h2 class=\"wp-block-heading\">Mi\u00e9rt v\u00e1lasszon dupla f\u00fcgg\u0151 ablakokat lak\u00f3ter\u00e9hez?<\/h2>\n\n\n\n\n\n<p><strong>K\u00e9tsz\u00e1rny\u00fa ablakok<\/strong>&nbsp;klasszikus v\u00e1laszt\u00e1s&nbsp;<strong>modern otthoni ablakok<\/strong>st\u00edlust \u00e9s funkcionalit\u00e1st egyar\u00e1nt k\u00edn\u00e1l. Ezek az ablakok k\u00e9t m\u0171k\u00f6dtethet\u0151 sz\u00e1rnyat tartalmaznak, amelyek egym\u00e1st\u00f3l f\u00fcggetlen\u00fcl mozoghatnak fel \u00e9s le, rugalmas szell\u0151z\u00e9si lehet\u0151s\u00e9geket biztos\u00edtva.<\/p>\n\n\n\n<h3 class=\"wp-block-heading\">A dupla felf\u00fcggeszt\u00e9s\u0171 ablakok el\u0151nyei<\/h3>\n\n\n\n<ul class=\"wp-block-list\">\n<li><strong>Sokoldal\u00fa szell\u0151ztet\u00e9s<\/strong>: Kinyithatja a fels\u0151 vagy az als\u00f3 sz\u00e1rnyat, ami lehet\u0151v\u00e9 teszi az \u00d6n ig\u00e9nyeinek megfelel\u0151 hat\u00e9kony l\u00e9g\u00e1raml\u00e1s szab\u00e1lyoz\u00e1st.<\/li>\n\n\n\n<li><strong>K\u00f6nny\u0171 Tiszt\u00edt\u00e1s<\/strong>: Sokan\u00a0<strong>dupla f\u00fcgg\u0151 ablakok<\/strong>\u00a0billenthet\u0151 sz\u00e1rnyakkal vannak kialak\u00edtva, \u00edgy bel\u00fclr\u0151l k\u00f6nnyen tiszt\u00edthat\u00f3k, k\u00fcls\u0151 hozz\u00e1f\u00e9r\u00e9s n\u00e9lk\u00fcl.<\/li>\n\n\n\n<li><strong>Eszt\u00e9tikai vonzer\u0151<\/strong>: A hagyom\u00e1nyos kialak\u00edt\u00e1s\u00a0<strong>dupla f\u00fcgg\u0151 ablakok<\/strong>\u00a0id\u0151tlen var\u00e1zst k\u00f6lcs\u00f6n\u00f6z a modern otthonoknak, kieg\u00e9sz\u00edtve k\u00fcl\u00f6nf\u00e9le\u00a0<strong>lakberendez\u00e9s<\/strong>\u00a0st\u00edlusok.<\/li>\n<\/ul>\n\n\n\n<p><strong>T\u00e9ny<\/strong>: A Lak\u00e1s\u00e9p\u00edt\u0151k Orsz\u00e1gos Sz\u00f6vets\u00e9g\u00e9nek tanulm\u00e1nya szerint&nbsp;<strong>dupla f\u00fcgg\u0151 ablakok<\/strong>&nbsp;Sokoldal\u00fas\u00e1guk \u00e9s egyszer\u0171 karbantart\u00e1suk miatt a h\u00e1rom legkeresettebb ablakt\u00edpus k\u00f6z\u00e9 tartoznak.<\/p>\n\n\n\n<h2 class=\"wp-block-heading\">Milyen el\u0151nyei vannak a cs\u00fasz\u00f3 ablakoknak a modern otthonokban?<\/h2>\n\n\n\n<figure class=\"wp-block-image size-full\"><img loading=\"lazy\" decoding=\"async\" width=\"1024\" height=\"559\" src=\"https:\/\/boswindor.com\/wp-content\/uploads\/2024\/12\/Sliding-Windows-for-Morden-Home.jpg\" alt=\"\" class=\"wp-image-1023\" srcset=\"https:\/\/boswindor.com\/wp-content\/uploads\/2024\/12\/Sliding-Windows-for-Morden-Home.jpg 1024w, https:\/\/boswindor.com\/wp-content\/uploads\/2024\/12\/Sliding-Windows-for-Morden-Home-300x164.jpg 300w, https:\/\/boswindor.com\/wp-content\/uploads\/2024\/12\/Sliding-Windows-for-Morden-Home-768x419.jpg 768w, https:\/\/boswindor.com\/wp-content\/uploads\/2024\/12\/Sliding-Windows-for-Morden-Home-18x10.jpg 18w\" sizes=\"(max-width: 1024px) 100vw, 1024px\" \/><\/figure>\n\n\n\n<p><strong><a href=\"https:\/\/boswindor.com\/hu\/windows-types\/aluminum-sliding-window\/\"><mark style=\"background-color:rgba(0, 0, 0, 0);color:#ff4f01\" class=\"has-inline-color\">Tol\u00f3ablakok<\/mark><\/a><\/strong>\u00a0sz\u00e1m\u00e1ra n\u00e9pszer\u0171 v\u00e1laszt\u00e1s\u00a0<strong>modern otthontervek<\/strong>\u00a0egyszer\u0171s\u00e9g\u00fck \u00e9s funkcionalit\u00e1suk miatt. Ezek az ablakok v\u00edzszintesen ny\u00edlnak, \u00edgy ide\u00e1lis megold\u00e1st jelentenek a korl\u00e1tozott k\u00fcls\u0151 t\u00e9rrel rendelkez\u0151 ter\u00fcleteken.<\/p>\n\n\n\n<h3 class=\"wp-block-heading\">A tol\u00f3ablakok el\u0151nyei<\/h3>\n\n\n\n<ul class=\"wp-block-list\">\n<li><strong>Helytakar\u00e9kos kialak\u00edt\u00e1s<\/strong>: A tokos vagy napellenz\u0151 ablakokkal ellent\u00e9tben,\u00a0<strong>tol\u00f3ablakok<\/strong>\u00a0nem ig\u00e9nyel extra helyet a nyit\u00e1shoz, \u00edgy t\u00f6k\u00e9letesek korl\u00e1tozott k\u00fcls\u0151 t\u00e1vols\u00e1g\u00fa helyis\u00e9gekben.<\/li>\n\n\n\n<li><strong>Z\u00f6kken\u0151mentes m\u0171k\u00f6d\u00e9s<\/strong>: Kiv\u00e1l\u00f3 min\u0151s\u00e9g\u0171\u00a0<strong>fi\u00f3k cs\u00faszd\u00e1k<\/strong>,\u00a0<strong>tol\u00f3ablakok<\/strong>\u00a0aj\u00e1nlat\u00a0<strong>sima cs\u00fasztat\u00e1s<\/strong>\u00a0egyszer\u0171 \u00e9s csendes m\u0171k\u00f6d\u00e9st biztos\u00edt\u00f3 mechanizmusok.<\/li>\n\n\n\n<li><strong>Nagy \u00fcvegt\u00e1bl\u00e1k<\/strong>: A kiterjedt \u00fcvegfel\u00fcletek kiemelkednek\u00a0<strong>term\u00e9szetes f\u00e9ny<\/strong>\u00a0besz\u00edvja \u00e9s akad\u00e1lytalan kil\u00e1t\u00e1st biztos\u00edt, hozz\u00e1j\u00e1rulva a vil\u00e1gos \u00e9s szell\u0151s lak\u00f3k\u00f6rnyezethez.<\/li>\n<\/ul>\n\n\n\n<p><strong>\u00c1bra: Az ablakst\u00edlusok energiahat\u00e9konys\u00e1gi besorol\u00e1sai<\/strong><\/p>\n\n\n\n<figure class=\"wp-block-table\"><table class=\"has-fixed-layout\"><thead><tr><th><strong>Ablak st\u00edlus<\/strong><\/th><th><strong>Energiahat\u00e9konys\u00e1gi besorol\u00e1s<\/strong><\/th><\/tr><\/thead><tbody><tr><td>Napellenz\u0151<\/td><td>8\/10<\/td><\/tr><tr><td>Ablaksz\u00e1rny<\/td><td>9\/10<\/td><\/tr><tr><td>K\u00e9p<\/td><td>7\/10<\/td><\/tr><tr><td>Dupla akaszt\u00e1s\u00fa<\/td><td>7\/10<\/td><\/tr><tr><td>Cs\u00fasz\u00f3<\/td><td>6\/10<\/td><\/tr><\/tbody><\/table><\/figure>\n\n\n\n<h2 class=\"wp-block-heading\">Hogyan v\u00e1lasszuk ki a megfelel\u0151 ablakst\u00edlust otthoni kialak\u00edt\u00e1s\u00e1hoz?<\/h2>\n\n\n\n<figure class=\"wp-block-image size-full\"><img loading=\"lazy\" decoding=\"async\" width=\"1024\" height=\"559\" src=\"https:\/\/boswindor.com\/wp-content\/uploads\/2024\/12\/How-to-Select-the-Right-Window-Style-for-Your-Home-Design.jpg\" alt=\"\" class=\"wp-image-1029\" srcset=\"https:\/\/boswindor.com\/wp-content\/uploads\/2024\/12\/How-to-Select-the-Right-Window-Style-for-Your-Home-Design.jpg 1024w, https:\/\/boswindor.com\/wp-content\/uploads\/2024\/12\/How-to-Select-the-Right-Window-Style-for-Your-Home-Design-300x164.jpg 300w, https:\/\/boswindor.com\/wp-content\/uploads\/2024\/12\/How-to-Select-the-Right-Window-Style-for-Your-Home-Design-768x419.jpg 768w, https:\/\/boswindor.com\/wp-content\/uploads\/2024\/12\/How-to-Select-the-Right-Window-Style-for-Your-Home-Design-18x10.jpg 18w\" sizes=\"(max-width: 1024px) 100vw, 1024px\" \/><\/figure>\n\n\n\n<p>A megfelel\u0151 kiv\u00e1laszt\u00e1sa&nbsp;<strong>ablak st\u00edlus<\/strong>&nbsp;d\u00f6nt\u0151 fontoss\u00e1g\u00fa mind eszt\u00e9tikai, mind funkcion\u00e1lis szempontb\u00f3l&nbsp;<strong>modern otthon<\/strong>. \u00cdme a legfontosabb szempontok, amelyek seg\u00edtenek a helyes v\u00e1laszt\u00e1sban:<\/p>\n\n\n\n<h3 class=\"wp-block-heading\">M\u00e9rje fel otthona ig\u00e9nyeit<\/h3>\n\n\n\n<ul class=\"wp-block-list\">\n<li><strong>Szell\u0151ztet\u00e9si k\u00f6vetelm\u00e9nyek<\/strong>: Hat\u00e1rozza meg, mennyi szell\u0151z\u00e9sre van sz\u00fcks\u00e9ge az egyes helyis\u00e9gekben. P\u00e9ld\u00e1ul,\u00a0<strong>napellenz\u0151s ablakok<\/strong>\u00a0f\u00fcrd\u0151szob\u00e1kba kiv\u00e1l\u00f3an alkalmasak, m\u00edg\u00a0<strong>tokos ablakok<\/strong>\u00a0ide\u00e1lisak lak\u00f3helyis\u00e9gekbe.<\/li>\n\n\n\n<li><strong>Term\u00e9szetes f\u00e9ny<\/strong>: Vegye figyelembe az \u00f6sszeget\u00a0<strong>term\u00e9szetes f\u00e9ny<\/strong>\u00a0minden t\u00e9rbe be szeretn\u00e9 hozni.\u00a0<strong>K\u00e9p ablakok<\/strong>\u00a0t\u00f6k\u00e9letesek a k\u00f6z\u00f6s helyis\u00e9gek f\u00e9ny\u00e9nek maximaliz\u00e1l\u00e1s\u00e1ra.<\/li>\n\n\n\n<li><strong>Energiahat\u00e9konys\u00e1g<\/strong>: \u00c9rt\u00e9kelje a\u00a0<strong>energiahat\u00e9konys\u00e1g<\/strong>\u00a0K\u00fcl\u00f6nb\u00f6z\u0151 ablakst\u00edlusok, hogy hozz\u00e1j\u00e1ruljanak az alacsonyabb energiasz\u00e1ml\u00e1khoz \u00e9s a jobb belt\u00e9ri komforthoz.<\/li>\n<\/ul>\n\n\n\n<h3 class=\"wp-block-heading\">P\u00e1ros\u00edtsa az ablakst\u00edlust az otthoni \u00e9p\u00edt\u00e9szettel<\/h3>\n\n\n\n<ul class=\"wp-block-list\">\n<li><strong>Modern \u00e9p\u00edt\u00e9szet<\/strong>: V\u00e1lassza az eleg\u00e1ns, minimalista ablakkialak\u00edt\u00e1st, mint pl\u00a0<strong>tokos ablakok<\/strong>\u00a0vagy\u00a0<strong>tol\u00f3ablakok<\/strong>\u00a0amelyek kieg\u00e9sz\u00edtik a tiszta vonalakat \u00e9s a nyitott tereket.<\/li>\n\n\n\n<li><strong>Paraszth\u00e1z st\u00edlus<\/strong>: V\u00e1lasszon\u00a0<strong>dupla f\u00fcgg\u0151 ablakok<\/strong>\u00a0vagy\u00a0<strong>b\u00f3lint\u00f3s ablakok<\/strong>\u00a0hogy egy csipetnyi hagyom\u00e1nyos b\u00e1jt adjon a<\/li>\n<\/ul>\n\n\n\n<h2 class=\"wp-block-heading\">Melyek a modern ablakst\u00edlusok legjobb tervez\u00e9si elemei?<\/h2>\n\n\n\n<figure class=\"wp-block-image size-full\"><img loading=\"lazy\" decoding=\"async\" width=\"1024\" height=\"559\" src=\"https:\/\/boswindor.com\/wp-content\/uploads\/2024\/12\/What-Are-the-Top-Design-Elements-in-Modern-Window-Styles.jpg\" alt=\"\" class=\"wp-image-1027\" srcset=\"https:\/\/boswindor.com\/wp-content\/uploads\/2024\/12\/What-Are-the-Top-Design-Elements-in-Modern-Window-Styles.jpg 1024w, https:\/\/boswindor.com\/wp-content\/uploads\/2024\/12\/What-Are-the-Top-Design-Elements-in-Modern-Window-Styles-300x164.jpg 300w, https:\/\/boswindor.com\/wp-content\/uploads\/2024\/12\/What-Are-the-Top-Design-Elements-in-Modern-Window-Styles-768x419.jpg 768w, https:\/\/boswindor.com\/wp-content\/uploads\/2024\/12\/What-Are-the-Top-Design-Elements-in-Modern-Window-Styles-18x10.jpg 18w\" sizes=\"(max-width: 1024px) 100vw, 1024px\" \/><\/figure>\n\n\n\n<p>A jog be\u00e9p\u00edt\u00e9se&nbsp;<strong>design elemek<\/strong>&nbsp;a ti\u00e9dbe&nbsp;<strong>modern ablakst\u00edlusok<\/strong>&nbsp;jelent\u0151sen jav\u00edthatja otthona \u00e1ltal\u00e1nos megjelen\u00e9s\u00e9t \u00e9s hangulat\u00e1t. \u00cdme n\u00e9h\u00e1ny fontos tervez\u00e9si elem, amelyet figyelembe kell venni:<\/p>\n\n\n\n<h3 class=\"wp-block-heading\">Tiszta vonalak \u00e9s minimalizmus<\/h3>\n\n\n\n<p><strong>Modern ablakkialak\u00edt\u00e1sok<\/strong>&nbsp;hangs\u00falyozz\u00e1k a tiszta vonalakat \u00e9s a minimalista eszt\u00e9tik\u00e1t. Ez a megk\u00f6zel\u00edt\u00e9s cs\u00f6kkenti a vizu\u00e1lis z\u0171rzavart, \u00e9s a l\u00e9nyeges elemekre \u00f6sszpontos\u00edt, eleg\u00e1ns \u00e9s kifinomult megjelen\u00e9st teremtve.<\/p>\n\n\n\n<ul class=\"wp-block-list\">\n<li><strong>V\u00e9kony keretek<\/strong>: A keskeny ablakkeretek maximaliz\u00e1lj\u00e1k\u00a0<strong>term\u00e9szetes f\u00e9ny<\/strong>\u00a0\u00e9s akad\u00e1lytalan kil\u00e1t\u00e1st teremt, hozz\u00e1j\u00e1rulva egy nyitottabb \u00e9s t\u00e1gasabb bels\u0151 t\u00e9rhez.<\/li>\n\n\n\n<li><strong>Egyszer\u0171 form\u00e1k<\/strong>: V\u00e1lasszon t\u00e9glalap vagy n\u00e9gyzet alak\u00fa ablakokat, hogy meg\u0151rizze \u00e1ramvonalas megjelen\u00e9s\u00e9t, amely kieg\u00e9sz\u00edti a kort\u00e1rsat\u00a0<strong>lakberendez\u00e9s<\/strong>.<\/li>\n<\/ul>\n\n\n\n<h3 class=\"wp-block-heading\">Nagy \u00fcvegt\u00e1bl\u00e1k<\/h3>\n\n\n\n<p>Az egyik meghat\u00e1roz\u00f3 jellemz\u0151je&nbsp;<strong>modern ablakst\u00edlusok<\/strong>&nbsp;nagy \u00fcvegt\u00e1bl\u00e1k haszn\u00e1lata. Ezek az \u00fcvegfel\u00fcletek nem csak fokozz\u00e1k&nbsp;<strong>term\u00e9szetes f\u00e9ny<\/strong>&nbsp;besz\u00edv\u00e1sa, hanem leny\u0171g\u00f6z\u0151 kil\u00e1t\u00e1s ny\u00edlik a k\u00f6rnyez\u0151 t\u00e1jra.<\/p>\n\n\n\n<ul class=\"wp-block-list\">\n<li><strong>Padl\u00f3t\u00f3l mennyezetig \u00e9r\u0151 ablakok<\/strong>: T\u00f6k\u00e9letes a maximaliz\u00e1l\u00e1shoz\u00a0<strong>term\u00e9szetes f\u00e9ny<\/strong>\u00a0\u00e9s z\u00f6kken\u0151mentes kapcsolat kialak\u00edt\u00e1sa a belt\u00e9ri \u00e9s a k\u00fclt\u00e9ri terek k\u00f6z\u00f6tt.<\/li>\n\n\n\n<li><strong>Panor\u00e1m\u00e1s kil\u00e1t\u00e1s<\/strong>: A nagy \u00fcvegt\u00e1bl\u00e1k panor\u00e1m\u00e1s kil\u00e1t\u00e1st ny\u00fajtanak, \u00edgy a terek nagyobbnak t\u0171nnek, \u00e9s jobban kapcsol\u00f3dnak a term\u00e9szethez.<\/li>\n<\/ul>\n\n\n\n<h3 class=\"wp-block-heading\">Innovat\u00edv anyagok<\/h3>\n\n\n\n<p>Az anyagok megv\u00e1laszt\u00e1sa d\u00f6nt\u0151 szerepet j\u00e1tszik a modern ablakok funkcionalit\u00e1s\u00e1ban \u00e9s eszt\u00e9tik\u00e1j\u00e1ban.<\/p>\n\n\n\n<ul class=\"wp-block-list\">\n<li><strong>\u00dcvegsz\u00e1las keretek<\/strong>: Tart\u00f3ss\u00e1gukr\u00f3l \u00e9s alacsony karbantart\u00e1si ig\u00e9ny\u00fckr\u0151l ismertek,\u00a0<strong>\u00fcvegsz\u00e1las keretek<\/strong>\u00a0kiv\u00e1l\u00f3 szigetel\u00e9st biztos\u00edtanak \u00e9s ellen\u00e1llnak a vetemed\u00e9snek, \u00edgy ide\u00e1lisak\u00a0<strong>modern otthoni ablakok<\/strong>.<\/li>\n\n\n\n<li><strong>Low-E \u00fcveg<\/strong>: Be\u00e9p\u00edt\u00e9s\u00a0<strong>low-e \u00fcveg<\/strong>\u00a0seg\u00edt jav\u00edtani\u00a0<strong>energiahat\u00e9konys\u00e1g<\/strong>\u00a0cs\u00f6kkenti a h\u0151\u00e1tad\u00e1st \u00e9s minimaliz\u00e1lja az UV-sugarakat, \u00edgy otthona eg\u00e9sz \u00e9vben k\u00e9nyelmes.<\/li>\n<\/ul>\n\n\n\n<p><strong>Id\u00e9zet<\/strong>: &quot;A nagy \u00fcvegt\u00e1bl\u00e1k \u00e9s a v\u00e9kony keretek modern ablakokba val\u00f3 integr\u00e1l\u00e1sa nemcsak az otthon eszt\u00e9tik\u00e1j\u00e1t emeli ki, hanem jav\u00edtja az energiahat\u00e9konys\u00e1got \u00e9s a term\u00e9szetes megvil\u00e1g\u00edt\u00e1st is.&quot; \u2013\u00a0<a href=\"https:\/\/boswindor.com\/hu\/\" target=\"_blank\" rel=\"noreferrer noopener\"><strong><mark style=\"background-color:rgba(0, 0, 0, 0);color:#ff4f01\" class=\"has-inline-color\">Ablakok \u00e9s ajt\u00f3k gy\u00e1rt\u00f3ja<\/mark><\/strong><\/a><\/p>\n\n\n\n<h2 class=\"wp-block-heading\">Hogyan jav\u00edtj\u00e1k a modern ablakok \u00e9s ajt\u00f3k az energiahat\u00e9konys\u00e1got?<\/h2>\n\n\n\n<figure class=\"wp-block-image size-full\"><img loading=\"lazy\" decoding=\"async\" width=\"1024\" height=\"559\" src=\"https:\/\/boswindor.com\/wp-content\/uploads\/2024\/12\/How-Do-Modern-Windows-and-Doors-Improve-Energy-Efficiency.jpg\" alt=\"\" class=\"wp-image-1025\" srcset=\"https:\/\/boswindor.com\/wp-content\/uploads\/2024\/12\/How-Do-Modern-Windows-and-Doors-Improve-Energy-Efficiency.jpg 1024w, https:\/\/boswindor.com\/wp-content\/uploads\/2024\/12\/How-Do-Modern-Windows-and-Doors-Improve-Energy-Efficiency-300x164.jpg 300w, https:\/\/boswindor.com\/wp-content\/uploads\/2024\/12\/How-Do-Modern-Windows-and-Doors-Improve-Energy-Efficiency-768x419.jpg 768w, https:\/\/boswindor.com\/wp-content\/uploads\/2024\/12\/How-Do-Modern-Windows-and-Doors-Improve-Energy-Efficiency-18x10.jpg 18w\" sizes=\"(max-width: 1024px) 100vw, 1024px\" \/><\/figure>\n\n\n\n<p>Az energiahat\u00e9konys\u00e1g kritikus t\u00e9nyez\u0151 a modern lakberendez\u00e9sben, \u00e9s&nbsp;<strong>modern ablakok \u00e9s ajt\u00f3k<\/strong>&nbsp;jelent\u0151s szerepet j\u00e1tszanak a k\u00e9nyelmes \u00e9s fenntarthat\u00f3 lak\u00f3k\u00f6rnyezet kialak\u00edt\u00e1s\u00e1ban.<\/p>\n\n\n\n<h3 class=\"wp-block-heading\">Fejlett szigetel\u00e9si technol\u00f3gi\u00e1k<\/h3>\n\n\n\n<p><strong>Modern ny\u00edl\u00e1sz\u00e1r\u00f3k<\/strong>&nbsp;fejlett szigetel\u00e9si technol\u00f3gi\u00e1kkal vannak felszerelve, amelyek seg\u00edtenek fenntartani a belt\u00e9ri h\u0151m\u00e9rs\u00e9kletet \u00e9s cs\u00f6kkentik az energiafogyaszt\u00e1st.<\/p>\n\n\n\n<ul class=\"wp-block-list\">\n<li><strong>Dupla vagy h\u00e1romr\u00e9teg\u0171 \u00fcvegez\u00e9s<\/strong>: T\u00f6bb r\u00e9teg\u0171 \u00fcveg, k\u00f6zt\u00fck szigetel\u0151 g\u00e1zzal, kiv\u00e1l\u00f3 h\u0151teljes\u00edtm\u00e9nyt biztos\u00edt, cs\u00f6kkentve a t\u00e9li h\u0151vesztes\u00e9get \u00e9s a ny\u00e1ri h\u0151nyeres\u00e9get.<\/li>\n\n\n\n<li><strong>Low-E bevonatok<\/strong>:\u00a0<strong>Low-E \u00fcveg<\/strong>\u00a0A bevonatok visszaverik az infrav\u00f6r\u00f6s f\u00e9nyt, \u00edgy a hidegebb h\u00f3napokban bent tartj\u00e1k a h\u0151t, a melegebb h\u00f3napokban pedig kint, ez\u00e1ltal fokozva\u00a0<strong>energiahat\u00e9konys\u00e1g<\/strong>.<\/li>\n<\/ul>\n\n\n\n<h3 class=\"wp-block-heading\">Lez\u00e1rt keretek \u00e9s Weatherstripping<\/h3>\n\n\n\n<p>Kiv\u00e1l\u00f3 min\u0151s\u00e9g\u0171&nbsp;<strong>ablakkeretek<\/strong>&nbsp;\u00e9s&nbsp;<strong>ajt\u00f3k<\/strong>&nbsp;t\u00f6m\u00edtett \u00e9lekkel \u00e9s sz\u00e9lv\u00e9d\u0151vel van ell\u00e1tva, hogy megakad\u00e1lyozz\u00e1k a leveg\u0151 sziv\u00e1rg\u00e1s\u00e1t, biztos\u00edtva, hogy otthona energiahat\u00e9kony maradjon.<\/p>\n\n\n\n<ul class=\"wp-block-list\">\n<li><strong>\u00dcvegsz\u00e1las keretek<\/strong>: Ezek a keretek kiv\u00e1l\u00f3 szigetel\u00e9st biztos\u00edtanak, \u00e9s kev\u00e9sb\u00e9 val\u00f3sz\u00edn\u0171, hogy r\u00e9seket alak\u00edtanak ki, amelyek energiavesztes\u00e9ghez vezethetnek.<\/li>\n\n\n\n<li><strong>Megfelel\u0151 t\u00f6m\u00edt\u00e9s<\/strong>: Hat\u00e9kony t\u00f6m\u00edt\u00e9s \u00e9s id\u0151j\u00e1r\u00e1s elleni v\u00e9delem\u00a0<strong>ablakok \u00e9s ajt\u00f3k<\/strong>\u00a0megakad\u00e1lyozza a huzatot \u00e9s minimaliz\u00e1lja a t\u00falzott f\u0171t\u00e9s vagy h\u0171t\u00e9s sz\u00fcks\u00e9gess\u00e9g\u00e9t.<\/li>\n<\/ul>\n\n\n\n<h3 class=\"wp-block-heading\">Intelligens ablaktechnol\u00f3gi\u00e1k<\/h3>\n\n\n\n<p>Az intelligens technol\u00f3gi\u00e1k be\u00e9p\u00edt\u00e9se&nbsp;<strong>modern ablak \u00e9s ajt\u00f3<\/strong>&nbsp;a tervek tov\u00e1bb n\u00f6velhetik&nbsp;<strong>energiahat\u00e9konys\u00e1g<\/strong>&nbsp;\u00e9s a k\u00e9nyelem.<\/p>\n\n\n\n<ul class=\"wp-block-list\">\n<li><strong>Smart Glass<\/strong>: Ez a technol\u00f3gia lehet\u0151v\u00e9 teszi az ablakok \u00e1tl\u00e1tsz\u00f3s\u00e1g\u00e1nak megv\u00e1ltoztat\u00e1s\u00e1t a napf\u00e9ny \u00e9s a h\u0151m\u00e9rs\u00e9klet alapj\u00e1n, optimaliz\u00e1lva az energiafelhaszn\u00e1l\u00e1st a nap folyam\u00e1n.<\/li>\n\n\n\n<li><strong>Automatiz\u00e1lt \u00e1rny\u00e9kol\u00f3 rendszerek<\/strong>: A motoros red\u0151ny\u00f6k vagy \u00e1rny\u00e9kol\u00f3k automatikusan be\u00e1ll\u00edthat\u00f3k, hogy megakad\u00e1lyozz\u00e1k a t\u00falzott napf\u00e9nyt, cs\u00f6kkentve ezzel a HVAC-rendszer terhel\u00e9s\u00e9t.<\/li>\n<\/ul>\n\n\n\n<p><strong>Statisztika<\/strong>:<\/p>\n\n\n\n<ul class=\"wp-block-list\">\n<li>Otthonok\u00a0<strong>energiahat\u00e9kony ablakok<\/strong>\u00a0ig sp\u00f3rolhat\u00a0<strong>15%<\/strong>\u00a0\u00e9vi f\u0171t\u00e9si \u00e9s h\u0171t\u00e9si k\u00f6lts\u00e9gekr\u0151l.<\/li>\n\n\n\n<li>Telep\u00edt\u00e9s\u00a0<strong>dupla \u00fcvegez\u00e9s\u0171 ablakok<\/strong>\u00a0ak\u00e1r a lak\u00e1s energiahat\u00e9konys\u00e1g\u00e1t is n\u00f6velheti\u00a0<strong>30%<\/strong>.<\/li>\n<\/ul>\n\n\n\n<h2 class=\"wp-block-heading\">Mi\u00e9rt \u00e9rdemes befektetni egy megb\u00edzhat\u00f3 gy\u00e1rt\u00f3 kiv\u00e1l\u00f3 min\u0151s\u00e9g\u0171 modern Windows-rendszer\u00e9be?<\/h2>\n\n\n\n<figure class=\"wp-block-image size-full\"><a href=\"https:\/\/boswindor.com\/hu\/contact-us\/\"><img loading=\"lazy\" decoding=\"async\" width=\"920\" height=\"400\" src=\"https:\/\/boswindor.com\/wp-content\/uploads\/2024\/11\/Your-Top-3-Windows-Doors-Manufacturer-from-China.jpg\" alt=\"\" class=\"wp-image-490\" srcset=\"https:\/\/boswindor.com\/wp-content\/uploads\/2024\/11\/Your-Top-3-Windows-Doors-Manufacturer-from-China.jpg 920w, https:\/\/boswindor.com\/wp-content\/uploads\/2024\/11\/Your-Top-3-Windows-Doors-Manufacturer-from-China-300x130.jpg 300w, https:\/\/boswindor.com\/wp-content\/uploads\/2024\/11\/Your-Top-3-Windows-Doors-Manufacturer-from-China-768x334.jpg 768w\" sizes=\"(max-width: 920px) 100vw, 920px\" \/><\/a><\/figure>\n\n\n\n<p>Befektet\u00e9s a kiv\u00e1l\u00f3 min\u0151s\u00e9gbe\u00a0<strong>modern ablakok<\/strong>\u00a0megb\u00edzhat\u00f3 gy\u00e1rt\u00f3t\u00f3l, mint pl\u00a0<a href=\"https:\/\/boswindor.com\/hu\/\" target=\"_blank\" rel=\"noreferrer noopener\"><mark style=\"background-color:rgba(0, 0, 0, 0);color:#ff4f01\" class=\"has-inline-color\"><strong>Ablakok \u00e9s ajt\u00f3k gy\u00e1rt\u00f3ja<\/strong><\/mark><\/a>\u00a0sz\u00e1mos el\u0151nyt k\u00edn\u00e1l, amelyek t\u00falmutatnak az eszt\u00e9tikumon. <\/p>\n\n\n\n<p>A Boswindor, a h\u00e1rom vezet\u0151 k\u00ednai ablakgy\u00e1rt\u00f3 kiv\u00e1l\u00f3 min\u0151s\u00e9get, innovat\u00edv diz\u00e1jnt \u00e9s tart\u00f3s tart\u00f3ss\u00e1got k\u00edn\u00e1l. A Boswindor v\u00e1laszt\u00e1sa megb\u00edzhat\u00f3 teljes\u00edtm\u00e9nyt, energiahat\u00e9konys\u00e1got \u00e9s eleg\u00e1ns eszt\u00e9tik\u00e1t biztos\u00edt, \u00edgy kiv\u00e1l\u00f3 v\u00e1laszt\u00e1s otthoni vagy \u00fczleti projektjeihez. V\u00e1lassza a Boswindort a st\u00edlust, a hat\u00e9konys\u00e1got \u00e9s a tart\u00f3ss\u00e1got \u00f6tv\u00f6z\u0151 ablakokhoz. Emelje fel otthon\u00e1t K\u00edna 3 legjobb gy\u00e1rt\u00f3j\u00e1val. <a href=\"https:\/\/boswindor.com\/hu\/contact-us\/\"><strong><mark style=\"background-color:rgba(0, 0, 0, 0);color:#ff4f01\" class=\"has-inline-color\">L\u00e9pjen kapcsolatba vel\u00fcnk m\u00e9g ma, hogy \u00e1talak\u00edtsuk \u00e9letter\u00e9t!<\/mark><\/strong><\/a><\/p>\n\n\n\n<h3 class=\"wp-block-heading\">Tart\u00f3ss\u00e1g \u00e9s hossz\u00fa \u00e9lettartam<\/h3>\n\n\n\n<p>Kiv\u00e1l\u00f3 min\u0151s\u00e9g\u0171&nbsp;<strong>modern ablakok<\/strong>&nbsp;tart\u00f3sra k\u00e9sz\u00fcltek, olyan anyagok felhaszn\u00e1l\u00e1s\u00e1val, amelyek ellen\u00e1llnak a zord id\u0151j\u00e1r\u00e1si viszonyoknak \u00e9s a napi kop\u00e1snak.<\/p>\n\n\n\n<ul class=\"wp-block-list\">\n<li><strong>Rozsdamentes ac\u00e9l keretek<\/strong>: Ezek a keretek ellen\u00e1llnak a rozsd\u00e1nak \u00e9s a korr\u00f3zi\u00f3nak, \u00edgy biztos\u00edtva, hogy az \u00d6n\u00a0<strong>ablakok \u00e9s ajt\u00f3k<\/strong>\u00a0\u00e9vekig funkcion\u00e1lis \u00e9s l\u00e1tv\u00e1nyos marad.<\/li>\n\n\n\n<li><strong>\u00dcvegsz\u00e1las \u00e9p\u00edt\u00e9s<\/strong>:\u00a0<strong>\u00dcvegsz\u00e1las keretek<\/strong>\u00a0kiv\u00e1l\u00f3 tart\u00f3ss\u00e1got biztos\u00edtanak, \u00e9s nem deform\u00e1l\u00f3dnak vagy t\u00e1gulnak ki a h\u0151m\u00e9rs\u00e9klet-v\u00e1ltoz\u00e1sok hat\u00e1s\u00e1ra, meg\u0151rizve s\u00e9rtetlens\u00e9g\u00fcket az id\u0151 m\u00fal\u00e1s\u00e1val.<\/li>\n<\/ul>\n\n\n\n<h3 class=\"wp-block-heading\">Tov\u00e1bbfejlesztett biztons\u00e1gi funkci\u00f3k<\/h3>\n\n\n\n<p>A modern ablakok \u00e9s ajt\u00f3k fejlett biztons\u00e1gi funkci\u00f3kkal rendelkeznek, amelyek nyugalmat biztos\u00edtanak.<\/p>\n\n\n\n<ul class=\"wp-block-list\">\n<li><strong>T\u00f6bbpontos z\u00e1rrendszerek<\/strong>: Ezek a rendszerek t\u00f6bb ponton biztos\u00edtj\u00e1k az ablakot, megnehez\u00edtve a behatol\u00f3k hozz\u00e1f\u00e9r\u00e9s\u00e9t.<\/li>\n\n\n\n<li><strong>Meger\u0151s\u00edtett \u00fcveg<\/strong>: Az \u00fct\u00e9s\u00e1ll\u00f3 \u00fcveg extra biztons\u00e1gi r\u00e9teget ad, megv\u00e9di otthon\u00e1t a bet\u00f6r\u00e9sekt\u0151l \u00e9s a term\u00e9szeti katasztr\u00f3f\u00e1kt\u00f3l.<\/li>\n<\/ul>\n\n\n\n<h3 class=\"wp-block-heading\">Megn\u00f6vekedett ingatlan\u00e9rt\u00e9k<\/h3>\n\n\n\n<p>Friss\u00edt\u00e9s kiv\u00e1l\u00f3 min\u0151s\u00e9gre&nbsp;<strong>modern ablakok \u00e9s ajt\u00f3k<\/strong>&nbsp;jelent\u0151sen n\u00f6velheti ingatlana \u00e9rt\u00e9k\u00e9t.<\/p>\n\n\n\n<ul class=\"wp-block-list\">\n<li><strong>Curb Appeal<\/strong>: A karcs\u00fa \u00e9s st\u00edlusos ablakkialak\u00edt\u00e1sok jav\u00edtj\u00e1k otthona k\u00fcls\u0151 megjelen\u00e9s\u00e9t, vonz\u00f3bb\u00e1 t\u00e9ve azt a potenci\u00e1lis v\u00e1s\u00e1rl\u00f3k sz\u00e1m\u00e1ra.<\/li>\n\n\n\n<li><strong>Energiahat\u00e9konys\u00e1g<\/strong>: Az energiatakar\u00e9kos ablakok k\u00edv\u00e1natosak a lak\u00e1sv\u00e1s\u00e1rl\u00f3k sz\u00e1m\u00e1ra, mivel cs\u00f6kkentik az energiak\u00f6lts\u00e9geket \u00e9s hozz\u00e1j\u00e1rulnak a k\u00e9nyelmes lak\u00f3k\u00f6rnyezet kialak\u00edt\u00e1s\u00e1hoz.<\/li>\n<\/ul>\n\n\n\n<p><strong>Esettanulm\u00e1ny<\/strong>: Egy ingatlanc\u00e9g beszerz\u00e9si menedzsere t\u00f6bb ingatlan ny\u00edl\u00e1sz\u00e1r\u00f3it korszer\u0171s\u00edtette\u00a0<a href=\"https:\/\/boswindor.com\/hu\/windows-types\/casement-window\/\" target=\"_blank\" rel=\"noreferrer noopener\"><strong><mark style=\"background-color:rgba(0, 0, 0, 0);color:#ff4f01\" class=\"has-inline-color\">Ablakok<\/mark><\/strong><\/a>. Ez a beruh\u00e1z\u00e1s nem csak jav\u00edtotta a\u00a0<strong>energiahat\u00e9konys\u00e1g<\/strong>\u00a0\u00e9s az otthonok biztons\u00e1g\u00e1t, hanem \u00e1tlagosan n\u00f6velte piaci \u00e9rt\u00e9k\u00fcket is\u00a0<strong>10%<\/strong>.<\/p>\n\n\n\n<h2 class=\"wp-block-heading\">GYIK a Morden Home Windows rendszerhez<\/h2>\n\n\n<div id=\"rank-math-faq\" class=\"rank-math-block\">\n<div class=\"rank-math-list\">\n<div id=\"faq-question-1735285088238\" class=\"rank-math-list-item\">\n<h3 class=\"rank-math-question\"><strong>Melyek a legenergiatakar\u00e9kosabb ablakok egy modern otthonban?<\/strong><\/h3>\n<div class=\"rank-math-answer\">\n\n<p>A sz\u00e1rnyas ablakok \u00e9s a dupla- vagy h\u00e1romr\u00e9teg\u0171 \u00fcvegez\u00e9s\u0171 \u00e9s alacsony E-bevonat\u00fa dupla f\u00fcggeszt\u00e9s\u0171 ablakok a legenergiahat\u00e9konyabb st\u00edlusok k\u00f6z\u00e9 tartoznak. Ezek a kialak\u00edt\u00e1sok kiv\u00e1l\u00f3 szigetel\u00e9st biztos\u00edtanak \u00e9s minimaliz\u00e1lj\u00e1k a h\u0151\u00e1tad\u00e1st, seg\u00edtik a belt\u00e9ri h\u0151m\u00e9rs\u00e9klet fenntart\u00e1s\u00e1t \u00e9s az energiafogyaszt\u00e1s cs\u00f6kkent\u00e9s\u00e9t.<\/p>\n\n<\/div>\n<\/div>\n<div id=\"faq-question-1735285107901\" class=\"rank-math-list-item\">\n<h3 class=\"rank-math-question\"><strong>Miben k\u00fcl\u00f6nb\u00f6znek a tol\u00f3ablak a t\u00f6bbi ablakst\u00edlust\u00f3l?<\/strong><\/h3>\n<div class=\"rank-math-answer\">\n\n<p>A tol\u00f3ablakok v\u00edzszintesen ny\u00edlnak, \u00edgy ide\u00e1lisak a korl\u00e1tozott k\u00fcls\u0151 t\u00e1vols\u00e1g\u00fa helyekre. Z\u00f6kken\u0151mentes m\u0171k\u00f6d\u00e9st biztos\u00edtanak, \u00e9s k\u00f6nnyen tiszt\u00edthat\u00f3k, de \u00e1ltal\u00e1ban kevesebb szell\u0151z\u00e9st biztos\u00edtanak a tokos vagy napellenz\u0151 ablakokhoz k\u00e9pest. A tol\u00f3ablakok t\u00f6k\u00e9letesek olyan ter\u00fcleteken, mint a nappali \u00e9s a terasz, ahol nagy kil\u00e1t\u00e1s ny\u00edlik\u00a0<strong>term\u00e9szetes f\u00e9ny<\/strong>\u00a0k\u00edv\u00e1natosak.<\/p>\n\n<\/div>\n<\/div>\n<div id=\"faq-question-1735285114228\" class=\"rank-math-list-item\">\n<h3 class=\"rank-math-question\"><strong>A modern ablakst\u00edlusok n\u00f6velhetik otthonom biztons\u00e1g\u00e1t?<\/strong><\/h3>\n<div class=\"rank-math-answer\">\n\n<p>Igen, a modern ablakst\u00edlusok, p\u00e9ld\u00e1ul a tokos ablakok \u00e9s napellenz\u0151 ablakok gyakran fejlett biztons\u00e1gi funkci\u00f3kkal, p\u00e9ld\u00e1ul t\u00f6bbpontos z\u00e1rrendszerrel \u00e9s meger\u0151s\u00edtett \u00fcveggel rendelkeznek. Ezek a fejleszt\u00e9sek megnehez\u00edtik a behatol\u00f3k behatol\u00e1s\u00e1t, \u00edgy nagyobb biztons\u00e1got ny\u00fajtanak otthon\u00e1nak.<\/p>\n\n<\/div>\n<\/div>\n<div id=\"faq-question-1735285140138\" class=\"rank-math-list-item\">\n<h3 class=\"rank-math-question\"><strong>Milyen karbantart\u00e1st ig\u00e9nyel a modern ny\u00edl\u00e1sz\u00e1r\u00f3k?<\/strong><\/h3>\n<div class=\"rank-math-answer\">\n\n<p>A modern ablakok \u00e9s ajt\u00f3k \u00e1ltal\u00e1ban minim\u00e1lis karbantart\u00e1st ig\u00e9nyelnek. \u00c1ltal\u00e1ban elegend\u0151 az \u00fcveg \u00e9s a keret rendszeres tiszt\u00edt\u00e1sa, a vasalat ellen\u0151rz\u00e9se \u00e9s megh\u00faz\u00e1sa, valamint a t\u00f6m\u00edt\u00e9sek s\u00e9rtetlens\u00e9g\u00e9nek biztos\u00edt\u00e1sa. Az olyan anyagok, mint az \u00fcvegsz\u00e1l \u00e9s a rozsdamentes ac\u00e9l keretek ellen\u00e1llnak a vetemed\u00e9snek \u00e9s a korr\u00f3zi\u00f3nak, ami cs\u00f6kkenti az \u00e1tfog\u00f3 karbantart\u00e1s sz\u00fcks\u00e9gess\u00e9g\u00e9t.<\/p>\n\n<\/div>\n<\/div>\n<div id=\"faq-question-1735285150136\" class=\"rank-math-list-item\">\n<h3 class=\"rank-math-question\"><strong>Az ablakok alkalmasak egy modern otthon minden szob\u00e1j\u00e1ba?<\/strong><\/h3>\n<div class=\"rank-math-answer\">\n\n<p>A k\u00e9pablakok a legalkalmasabbak olyan helyis\u00e9gekben, ahol a szell\u0151z\u00e9s nem els\u0151dleges, p\u00e9ld\u00e1ul nappali, \u00e9tkez\u0151 vagy napoz\u00f3. Maximaliz\u00e1lj\u00e1k\u00a0<strong>term\u00e9szetes f\u00e9ny<\/strong>\u00a0\u00e9s kiterjedt kil\u00e1t\u00e1st ny\u00fajtanak, fokozva e terek eszt\u00e9tikai vonzerej\u00e9t. A l\u00e9g\u00e1raml\u00e1st ig\u00e9nyl\u0151 ter\u00fcleteken javasolt a k\u00e9pablakok kombin\u00e1l\u00e1sa m\u00e1s t\u00edpus\u00fa ablakokkal, p\u00e9ld\u00e1ul tokos vagy dupla f\u00fcggeszt\u00e9s\u0171 ablakokkal.<\/p>\n\n<\/div>\n<\/div>\n<\/div>\n<\/div>\n\n\n<h2 class=\"wp-block-heading\">F\u0151bb tanuls\u00e1gok<\/h2>\n\n\n\n<ul class=\"wp-block-list\">\n<li><strong>Modern ablakst\u00edlusok<\/strong>\u00a0mint\u00a0<strong>napellenz\u0151<\/strong>,\u00a0<strong>ablaksz\u00e1rny<\/strong>,\u00a0<strong>k\u00e9p<\/strong>,\u00a0<strong>dupla akaszt\u00f3s<\/strong>, \u00e9s\u00a0<strong>tol\u00f3ablakok<\/strong>\u00a0v\u00e1ltozatos el\u0151ny\u00f6ket k\u00edn\u00e1l otthona diz\u00e1jnj\u00e1nak \u00e9s funkcionalit\u00e1s\u00e1nak jav\u00edt\u00e1s\u00e1hoz.<\/li>\n\n\n\n<li><strong>Napellenz\u0151 ablakok<\/strong>\u00a0sokoldal\u00fa szell\u0151z\u00e9st \u00e9s eleg\u00e1ns megjelen\u00e9st biztos\u00edtanak, mik\u00f6zben\u00a0<strong>tokos ablakok<\/strong>\u00a0zavartalan kil\u00e1t\u00e1st \u00e9s kiv\u00e1l\u00f3 energiahat\u00e9konys\u00e1got k\u00edn\u00e1lnak.<\/li>\n\n\n\n<li><strong>K\u00e9p ablakok<\/strong>\u00a0maximaliz\u00e1lja a term\u00e9szetes f\u00e9nyt, \u00e9s kiterjedt kil\u00e1t\u00e1st k\u00edn\u00e1l, \u00edgy ide\u00e1lisak a k\u00f6z\u00f6s helyis\u00e9gekhez, m\u00edg\u00a0<strong>dupla f\u00fcgg\u0151 ablakok<\/strong>\u00a0sokoldal\u00fa szell\u0151z\u00e9st \u00e9s egyszer\u0171 karbantart\u00e1st k\u00edn\u00e1l.<\/li>\n\n\n\n<li><strong>Tol\u00f3ablakok<\/strong>\u00a0t\u00f6k\u00e9letesek korl\u00e1tozott k\u00fcls\u0151 t\u00e9rrel rendelkez\u0151 helyekre, z\u00f6kken\u0151mentes m\u0171k\u00f6d\u00e9st \u00e9s b\u0151s\u00e9ges term\u00e9szetes f\u00e9nyt biztos\u00edtva.<\/li>\n\n\n\n<li>Be\u00e9p\u00edt\u00e9se\u00a0<strong>tiszta vonalak<\/strong>,\u00a0<strong>nagy \u00fcvegt\u00e1bl\u00e1k<\/strong>, \u00e9s\u00a0<strong>innovat\u00edv anyagok<\/strong>\u00a0mint az \u00fcvegsz\u00e1l \u00e9s az alacsony E \u00e9rt\u00e9k\u0171 \u00fcveg fokozza a\u00a0<strong>modern eszt\u00e9tika<\/strong>\u00a0\u00e9s\u00a0<strong>energiahat\u00e9konys\u00e1g<\/strong>\u00a0az otthonodr\u00f3l.<\/li>\n\n\n\n<li>A megb\u00edzhat\u00f3 gy\u00e1rt\u00f3k, p\u00e9ld\u00e1ul a Windows &amp; Doors Manufacturer kiv\u00e1l\u00f3 min\u0151s\u00e9g\u0171 ablakaiba val\u00f3 befektet\u00e9s biztos\u00edtja a tart\u00f3ss\u00e1got, a fokozott biztons\u00e1got \u00e9s az ingatlan \u00e9rt\u00e9k\u00e9nek n\u00f6veked\u00e9s\u00e9t.<\/li>\n<\/ul>","protected":false},"excerpt":{"rendered":"<p>A modern lakberendez\u00e9s ter\u00fclet\u00e9n az ablakok \u00e9s ajt\u00f3k kiv\u00e1laszt\u00e1sa kulcsfontoss\u00e1g\u00fa szerepet j\u00e1tszik a lak\u00f3terek eszt\u00e9tik\u00e1j\u00e1nak \u00e9s funkcionalit\u00e1s\u00e1nak meghat\u00e1roz\u00e1s\u00e1ban. <\/p>\n<p>A term\u00e9szetes f\u00e9ny fokoz\u00e1s\u00e1t\u00f3l az energiahat\u00e9konys\u00e1g jav\u00edt\u00e1s\u00e1ig a megfelel\u0151 ablakst\u00edlusok eleg\u00e1ns, k\u00e9nyelmes \u00e9s st\u00edlusos szent\u00e9lyr\u00e9 var\u00e1zsolhatj\u00e1k otthon\u00e1t. <\/p>\n<p>Ez a cikk bemutatja a k\u00fcl\u00f6nf\u00e9le modern ablakst\u00edlusokat, azok el\u0151nyeit, \u00e9s azt, hogy ezek hogyan emelhetik ki otthona \u00e1ltal\u00e1nos kialak\u00edt\u00e1s\u00e1t, \u00edgy elengedhetetlen olvasm\u00e1ny a lak\u00e1stulajdonosok, \u00e9p\u00edt\u0151k, bels\u0151\u00e9p\u00edt\u00e9szek \u00e9s mindenki sz\u00e1m\u00e1ra, aki a modern lak\u00f3k\u00f6rnyezet kialak\u00edt\u00e1sa ir\u00e1nt \u00e9rdekl\u0151dik.<\/p>","protected":false},"author":3,"featured_media":1018,"comment_status":"open","ping_status":"open","sticky":false,"template":"","format":"standard","meta":{"footnotes":""},"categories":[10],"tags":[],"class_list":["post-1014","post","type-post","status-publish","format-standard","has-post-thumbnail","hentry","category-windows-doors"],"blocksy_meta":[],"_links":{"self":[{"href":"https:\/\/boswindor.com\/hu\/wp-json\/wp\/v2\/posts\/1014","targetHints":{"allow":["GET"]}}],"collection":[{"href":"https:\/\/boswindor.com\/hu\/wp-json\/wp\/v2\/posts"}],"about":[{"href":"https:\/\/boswindor.com\/hu\/wp-json\/wp\/v2\/types\/post"}],"author":[{"embeddable":true,"href":"https:\/\/boswindor.com\/hu\/wp-json\/wp\/v2\/users\/3"}],"replies":[{"embeddable":true,"href":"https:\/\/boswindor.com\/hu\/wp-json\/wp\/v2\/comments?post=1014"}],"version-history":[{"count":5,"href":"https:\/\/boswindor.com\/hu\/wp-json\/wp\/v2\/posts\/1014\/revisions"}],"predecessor-version":[{"id":1032,"href":"https:\/\/boswindor.com\/hu\/wp-json\/wp\/v2\/posts\/1014\/revisions\/1032"}],"wp:featuredmedia":[{"embeddable":true,"href":"https:\/\/boswindor.com\/hu\/wp-json\/wp\/v2\/media\/1018"}],"wp:attachment":[{"href":"https:\/\/boswindor.com\/hu\/wp-json\/wp\/v2\/media?parent=1014"}],"wp:term":[{"taxonomy":"category","embeddable":true,"href":"https:\/\/boswindor.com\/hu\/wp-json\/wp\/v2\/categories?post=1014"},{"taxonomy":"post_tag","embeddable":true,"href":"https:\/\/boswindor.com\/hu\/wp-json\/wp\/v2\/tags?post=1014"}],"curies":[{"name":"munkaf\u00fczet","href":"https:\/\/api.w.org\/{rel}","templated":true}]}}